{"id":4153,"date":"2026-09-04T12:00:13","date_gmt":"2026-09-04T10:00:13","guid":{"rendered":"https:\/\/www.thierry-groensteen.fr\/?p=4153"},"modified":"2026-09-04T10:43:57","modified_gmt":"2026-09-04T08:43:57","slug":"du-bon-usage-des-heritages","status":"publish","type":"post","link":"https:\/\/www.thierry-groensteen.fr\/index.php\/2026\/09\/04\/du-bon-usage-des-heritages\/","title":{"rendered":"Du bon usage des h\u00e9ritages"},"content":{"rendered":"<p style=\"font-weight: 400;\"><em>Le Monde<\/em> a publi\u00e9 durant l\u2019\u00e9t\u00e9, une semaine durant (du 20 au 26 juillet), une s\u00e9rie de portraits sur six \u00ab h\u00e9riti\u00e8res de la BD \u00bb, entendez des veuves (Catherine Sin\u00e9, Isabelle Giraud, V\u00e9ronique Cabut et V\u00e9ronique Culliford) ou filles (Ariane Gotlieb, Anne Goscinny) de cr\u00e9ateurs de bande dessin\u00e9e \u2013 quoique Sin\u00e9 et Cabu aient davantage appartenu \u00e0 la corporation des dessinateurs de presse. Sans doute trop de lecteurs alors en vacances ont-ils manqu\u00e9 cette remarquable galerie sign\u00e9e Fr\u00e9d\u00e9ric Potet, fond\u00e9e sur des rencontres avec les int\u00e9ress\u00e9es et de substantielles enqu\u00eates.<\/p>\n<p style=\"font-weight: 400;\">J\u2019\u00e9tais moi-m\u00eame, au d\u00e9but des ann\u00e9es 1990, entr\u00e9 en contact avec un certain nombre de veuves de dessinateurs fran\u00e7ais, celles, notamment, de Mat, Trubert et Bastard, ainsi que la fille de Calvo ou encore la petite-fille de Rabier, pour n\u00e9gocier la pr\u00e9sence dans les collections du mus\u00e9e de la BD des artistes dont elles \u00e9taient les h\u00e9riti\u00e8res. Mais un effet trompeur de la s\u00e9rie de Potet serait de laisser croire que ce sont toujours et n\u00e9cessairement des femmes qui se trouver gardiennes du temple, investies de la charge de faire rayonner l\u2019\u0153uvre des disparus et de veiller sur leur droit moral. (S\u2019agissant de F\u2019Murr, ce sont deux de ses amies qui s\u2019en sont auto-investies\u00a0: Elisabeth Walter et Barbara Pascarel.) Citons quelques contre-exemples\u00a0: pour Claire Bret\u00e9cher, c\u2019est son fils Martin qui tient ce r\u00f4le\u00a0; pour Fred, son fils \u00c9ric\u00a0; Philippe Graton est le continuateur de l\u2019\u0153uvre de son p\u00e8re Jean, le cr\u00e9ateur de <em>Michel Vaillant<\/em>\u00a0; et Fran\u00e7ois Schuiten, qui, fort heureusement, est encore bien vivant, n\u2019a confi\u00e9 \u00e0 nul autre que son fils Adrian le soin de diriger la soci\u00e9t\u00e9 Atlantic12, qui commercialise ses estampes et tirages d\u2019art, se pr\u00e9parant ainsi \u00e0 son r\u00f4le d\u2019ayant-droit.<\/p>\n<p style=\"font-weight: 400;\">Giraud\/Moebius, Goscinny, Gotlib et Peyo \u00e9taient d\u00e9j\u00e0 consid\u00e9r\u00e9s comme des \u00ab g\u00e9ants \u00bb de la bande dessin\u00e9e franco-belge de leur vivant. Leurs \u0153uvres, promues au rang de classiques, continuent de circuler, d\u2019\u00eatre r\u00e9\u00e9dit\u00e9es, adapt\u00e9es, traduites, quelquefois prolong\u00e9es par des repreneurs. S\u2019occuper de toutes ces initiatives, qu\u2019il s\u2019agisse de les initier ou de les accompagner, r\u00e9pondre aux innombrables sollicitations, c\u2019est, en pareil cas, un v\u00e9ritable travail \u00e0 temps plein, qui quelquefois n\u00e9cessite la cr\u00e9ation d\u2019une structure ad\u00e9quate : Institut Goscinny, Studio Peyo ou soci\u00e9t\u00e9 Moebius Production (on pourrait naturellement citer ici les fondations \u2013 telles celles qui portent les noms de Jacobs et d\u2019Herg\u00e9).<\/p>\n<p style=\"font-weight: 400;\">Quel qu\u2019il soit, l\u2019ayant-droit a des pouvoirs et des pr\u00e9rogatives consid\u00e9rables, d\u2019autant que la loi prot\u00e8ge l\u2019\u0153uvre bien au-del\u00e0 de la mort du cr\u00e9ateur, puisqu\u2019il faut attendre 70 ans pour qu\u2019elle tombe dans le domaine public. Durant ce laps, il revient aux h\u00e9ritiers \u2013 apr\u00e8s avoir franchi l\u2019obstacle quelquefois p\u00e9rilleux des droits de succession \u2013 de d\u00e9cider si l\u2019\u0153uvre peut ou non \u00eatre poursuivie, de d\u00e9finir le p\u00e9rim\u00e8tre de ses exploitations commerciales d\u00e9riv\u00e9es, d\u2019accepter les hommages, pastiches, parodies et autres formes de r\u00e9appropriation ou au contraire de les combattre, de trouver les meilleurs moyens de conserver \u00e0 l\u2019\u0153uvre une visibilit\u00e9 et une actualit\u00e9 \u2013 et aussi, quelquefois, de s\u2019engager dans des batailles judiciaires, pour demander r\u00e9paration en cas de vol d\u2019originaux, d\u2019apparition de faux, de contrats abusifs ou non honor\u00e9s.<\/p>\n<p style=\"font-weight: 400;\">Toutes ces missions sont exerc\u00e9es avec plus ou moins de respect, de diplomatie, de sens des affaires et de sens artistique par les h\u00e9ritiers, qui occupent une fonction o\u00f9 ils sont arriv\u00e9s non en raison de leurs comp\u00e9tences, ni par passion (m\u00eame si certain.e.s peuvent en \u00eatre anim\u00e9.e.s), mais en raison de leur filiation et de leurs droits testamentaires. En l\u2019absence d\u2019autre l\u00e9gitimit\u00e9, le talent le plus utile, pour les int\u00e9ress\u00e9.e.s, est de savoir s\u2019entourer de collaborateurs avis\u00e9s. Potet cite V\u00e9ronique Culliford, la veuve de Peyo, qui reconna\u00eet \u00ab Je n\u2019ai pas la fibre artistique \u00bb, et il ne se prive pas de souligner (apr\u00e8s le journaliste belge Hugues Dayez) l\u2019absence regrettable d\u2019une direction artistique \u00e0 ses c\u00f4t\u00e9s. Tout un chacun peut constater que le destin des Schtroumpfs est depuis longtemps enti\u00e8rement gouvern\u00e9\u00a0par une logique mercantile, mais il est juste de reconna\u00eetre que cette d\u00e9rive avait commenc\u00e9 du vivant du cr\u00e9ateur, qui n\u2019avait pas su ou voulu maintenir l\u2019exigence qui avait donn\u00e9 naissance \u00e0 des chefs-d\u2019\u0153uvre comme <em>La Fl\u00fbte \u00e0 6 Schtroumpfs<\/em> ou <em>Le Schtroumpfissime<\/em>.<\/p>\n<p style=\"font-weight: 400;\">D\u2019autres, telles Isabelle Giraud, ont fait le choix de privil\u00e9gier le clan, s\u2019entourant de ses enfants, de sa s\u0153ur et de sa belle-fille.<\/p>\n<p style=\"font-weight: 400;\">Les h\u00e9ritiers sont d\u00e9sormais des acteurs \u00e0 part enti\u00e8re de l\u2019\u00e9cosyst\u00e8me de la bande dessin\u00e9e. Je peux t\u00e9moigner qu\u2019il est agr\u00e9able et facile de travailler avec certains d\u2019entre eux, consid\u00e9rablement plus compliqu\u00e9 avec d\u2019autres.<\/p>\n","protected":false},"excerpt":{"rendered":"<p>Le Monde a publi\u00e9 durant l\u2019\u00e9t\u00e9, une semaine durant (du 20 au 26 juillet), une s\u00e9rie de portraits sur six \u00ab h\u00e9riti\u00e8res de la BD \u00bb, entendez des veuves (Catherine Sin\u00e9, Isabelle Giraud, V\u00e9ronique Cabut et V\u00e9ronique Culliford) ou filles (Ariane Gotlieb, Anne Goscinny) de cr\u00e9ateurs de bande dessin\u00e9e \u2013 quoique Sin\u00e9 et Cabu [&hellip;]<\/p>\n","protected":false},"author":1,"featured_media":4157,"comment_status":"closed","ping_status":"closed","sticky":false,"template":"","format":"standard","meta":{"footnotes":""},"categories":[70],"tags":[],"class_list":["post-4153","post","type-post","status-publish","format-standard","has-post-thumbnail","hentry","category-mon-blog"],"acf":[],"yoast_head":"<!-- This site is optimized with the Yoast SEO plugin v28.4 - https:\/\/yoast.com\/product\/yoast-seo-wordpress\/ -->\n<title>Du bon usage des h\u00e9ritages - le site de Thierry Groensteen<\/title>\n<meta name=\"robots\" content=\"index, follow, max-snippet:-1, max-image-preview:large, max-video-preview:-1\" \/>\n<link rel=\"canonical\" href=\"https:\/\/www.thierry-groensteen.fr\/index.php\/2026\/09\/04\/du-bon-usage-des-heritages\/\" \/>\n<meta property=\"og:locale\" content=\"fr_FR\" \/>\n<meta property=\"og:type\" content=\"article\" \/>\n<meta property=\"og:title\" content=\"Du bon usage des h\u00e9ritages - le site de Thierry Groensteen\" \/>\n<meta property=\"og:description\" content=\"Le Monde a publi\u00e9 durant l\u2019\u00e9t\u00e9, une semaine durant (du 20 au 26 juillet), une s\u00e9rie de portraits sur six \u00ab h\u00e9riti\u00e8res de la BD \u00bb, entendez des veuves (Catherine Sin\u00e9, Isabelle Giraud, V\u00e9ronique Cabut et V\u00e9ronique Culliford) ou filles (Ariane Gotlieb, Anne Goscinny) de cr\u00e9ateurs de bande dessin\u00e9e \u2013 quoique Sin\u00e9 et Cabu [&hellip;]\" \/>\n<meta property=\"og:url\" content=\"https:\/\/www.thierry-groensteen.fr\/index.php\/2026\/09\/04\/du-bon-usage-des-heritages\/\" \/>\n<meta property=\"og:site_name\" content=\"le site de Thierry Groensteen\" \/>\n<meta property=\"article:published_time\" content=\"2026-09-04T10:00:13+00:00\" \/>\n<meta property=\"og:image\" content=\"https:\/\/www.thierry-groensteen.fr\/wp-content\/uploads\/2026\/09\/Veronique-Culliford-jpg-e1788511378586.jpg\" \/>\n\t<meta property=\"og:image:width\" content=\"892\" \/>\n\t<meta property=\"og:image:height\" content=\"408\" \/>\n\t<meta property=\"og:image:type\" content=\"image\/jpeg\" \/>\n<meta name=\"author\" content=\"TG\" \/>\n<meta name=\"twitter:card\" content=\"summary_large_image\" \/>\n<meta name=\"twitter:label1\" content=\"\u00c9crit par\" \/>\n\t<meta name=\"twitter:data1\" content=\"TG\" \/>\n\t<meta name=\"twitter:label2\" content=\"Dur\u00e9e de lecture estim\u00e9e\" \/>\n\t<meta name=\"twitter:data2\" content=\"4 minutes\" \/>\n<script type=\"application\/ld+json\" class=\"yoast-schema-graph\">{\"@context\":\"https:\\\/\\\/schema.org\",\"@graph\":[{\"@type\":\"Article\",\"@id\":\"https:\\\/\\\/www.thierry-groensteen.fr\\\/index.php\\\/2026\\\/09\\\/04\\\/du-bon-usage-des-heritages\\\/#article\",\"isPartOf\":{\"@id\":\"https:\\\/\\\/www.thierry-groensteen.fr\\\/index.php\\\/2026\\\/09\\\/04\\\/du-bon-usage-des-heritages\\\/\"},\"author\":{\"name\":\"TG\",\"@id\":\"https:\\\/\\\/www.thierry-groensteen.fr\\\/#\\\/schema\\\/person\\\/3695d4890604be69f280ebbb549210b5\"},\"headline\":\"Du bon usage des h\u00e9ritages\",\"datePublished\":\"2026-09-04T10:00:13+00:00\",\"mainEntityOfPage\":{\"@id\":\"https:\\\/\\\/www.thierry-groensteen.fr\\\/index.php\\\/2026\\\/09\\\/04\\\/du-bon-usage-des-heritages\\\/\"},\"wordCount\":876,\"publisher\":{\"@id\":\"https:\\\/\\\/www.thierry-groensteen.fr\\\/#\\\/schema\\\/person\\\/3695d4890604be69f280ebbb549210b5\"},\"image\":{\"@id\":\"https:\\\/\\\/www.thierry-groensteen.fr\\\/index.php\\\/2026\\\/09\\\/04\\\/du-bon-usage-des-heritages\\\/#primaryimage\"},\"thumbnailUrl\":\"https:\\\/\\\/www.thierry-groensteen.fr\\\/wp-content\\\/uploads\\\/2026\\\/09\\\/Veronique-Culliford-jpg-e1788511378586.jpg\",\"articleSection\":[\"mon Blog\"],\"inLanguage\":\"fr-FR\"},{\"@type\":\"WebPage\",\"@id\":\"https:\\\/\\\/www.thierry-groensteen.fr\\\/index.php\\\/2026\\\/09\\\/04\\\/du-bon-usage-des-heritages\\\/\",\"url\":\"https:\\\/\\\/www.thierry-groensteen.fr\\\/index.php\\\/2026\\\/09\\\/04\\\/du-bon-usage-des-heritages\\\/\",\"name\":\"Du bon usage des h\u00e9ritages - le site de Thierry Groensteen\",\"isPartOf\":{\"@id\":\"https:\\\/\\\/www.thierry-groensteen.fr\\\/#website\"},\"primaryImageOfPage\":{\"@id\":\"https:\\\/\\\/www.thierry-groensteen.fr\\\/index.php\\\/2026\\\/09\\\/04\\\/du-bon-usage-des-heritages\\\/#primaryimage\"},\"image\":{\"@id\":\"https:\\\/\\\/www.thierry-groensteen.fr\\\/index.php\\\/2026\\\/09\\\/04\\\/du-bon-usage-des-heritages\\\/#primaryimage\"},\"thumbnailUrl\":\"https:\\\/\\\/www.thierry-groensteen.fr\\\/wp-content\\\/uploads\\\/2026\\\/09\\\/Veronique-Culliford-jpg-e1788511378586.jpg\",\"datePublished\":\"2026-09-04T10:00:13+00:00\",\"breadcrumb\":{\"@id\":\"https:\\\/\\\/www.thierry-groensteen.fr\\\/index.php\\\/2026\\\/09\\\/04\\\/du-bon-usage-des-heritages\\\/#breadcrumb\"},\"inLanguage\":\"fr-FR\",\"potentialAction\":[{\"@type\":\"ReadAction\",\"target\":[\"https:\\\/\\\/www.thierry-groensteen.fr\\\/index.php\\\/2026\\\/09\\\/04\\\/du-bon-usage-des-heritages\\\/\"]}]},{\"@type\":\"ImageObject\",\"inLanguage\":\"fr-FR\",\"@id\":\"https:\\\/\\\/www.thierry-groensteen.fr\\\/index.php\\\/2026\\\/09\\\/04\\\/du-bon-usage-des-heritages\\\/#primaryimage\",\"url\":\"https:\\\/\\\/www.thierry-groensteen.fr\\\/wp-content\\\/uploads\\\/2026\\\/09\\\/Veronique-Culliford-jpg-e1788511378586.jpg\",\"contentUrl\":\"https:\\\/\\\/www.thierry-groensteen.fr\\\/wp-content\\\/uploads\\\/2026\\\/09\\\/Veronique-Culliford-jpg-e1788511378586.jpg\",\"width\":892,\"height\":408},{\"@type\":\"BreadcrumbList\",\"@id\":\"https:\\\/\\\/www.thierry-groensteen.fr\\\/index.php\\\/2026\\\/09\\\/04\\\/du-bon-usage-des-heritages\\\/#breadcrumb\",\"itemListElement\":[{\"@type\":\"ListItem\",\"position\":1,\"name\":\"Accueil\",\"item\":\"https:\\\/\\\/www.thierry-groensteen.fr\\\/\"},{\"@type\":\"ListItem\",\"position\":2,\"name\":\"Du bon usage des h\u00e9ritages\"}]},{\"@type\":\"WebSite\",\"@id\":\"https:\\\/\\\/www.thierry-groensteen.fr\\\/#website\",\"url\":\"https:\\\/\\\/www.thierry-groensteen.fr\\\/\",\"name\":\"le site de Thierry Groensteen\",\"description\":\"site officiel\",\"publisher\":{\"@id\":\"https:\\\/\\\/www.thierry-groensteen.fr\\\/#\\\/schema\\\/person\\\/3695d4890604be69f280ebbb549210b5\"},\"potentialAction\":[{\"@type\":\"SearchAction\",\"target\":{\"@type\":\"EntryPoint\",\"urlTemplate\":\"https:\\\/\\\/www.thierry-groensteen.fr\\\/?s={search_term_string}\"},\"query-input\":{\"@type\":\"PropertyValueSpecification\",\"valueRequired\":true,\"valueName\":\"search_term_string\"}}],\"inLanguage\":\"fr-FR\"},{\"@type\":[\"Person\",\"Organization\"],\"@id\":\"https:\\\/\\\/www.thierry-groensteen.fr\\\/#\\\/schema\\\/person\\\/3695d4890604be69f280ebbb549210b5\",\"name\":\"TG\",\"image\":{\"@type\":\"ImageObject\",\"inLanguage\":\"fr-FR\",\"@id\":\"https:\\\/\\\/www.thierry-groensteen.fr\\\/wp-content\\\/uploads\\\/2023\\\/09\\\/logo_ThierryGroensteen_header.png\",\"url\":\"https:\\\/\\\/www.thierry-groensteen.fr\\\/wp-content\\\/uploads\\\/2023\\\/09\\\/logo_ThierryGroensteen_header.png\",\"contentUrl\":\"https:\\\/\\\/www.thierry-groensteen.fr\\\/wp-content\\\/uploads\\\/2023\\\/09\\\/logo_ThierryGroensteen_header.png\",\"width\":620,\"height\":240,\"caption\":\"TG\"},\"logo\":{\"@id\":\"https:\\\/\\\/www.thierry-groensteen.fr\\\/wp-content\\\/uploads\\\/2023\\\/09\\\/logo_ThierryGroensteen_header.png\"},\"sameAs\":[\"https:\\\/\\\/www.thierry-groensteen.fr\"],\"url\":\"https:\\\/\\\/www.thierry-groensteen.fr\\\/index.php\\\/author\\\/admin5797\\\/\"}]}<\/script>\n<!-- \/ Yoast SEO plugin. -->","yoast_head_json":{"title":"Du bon usage des h\u00e9ritages - le site de Thierry Groensteen","robots":{"index":"index","follow":"follow","max-snippet":"max-snippet:-1","max-image-preview":"max-image-preview:large","max-video-preview":"max-video-preview:-1"},"canonical":"https:\/\/www.thierry-groensteen.fr\/index.php\/2026\/09\/04\/du-bon-usage-des-heritages\/","og_locale":"fr_FR","og_type":"article","og_title":"Du bon usage des h\u00e9ritages - le site de Thierry Groensteen","og_description":"Le Monde a publi\u00e9 durant l\u2019\u00e9t\u00e9, une semaine durant (du 20 au 26 juillet), une s\u00e9rie de portraits sur six \u00ab h\u00e9riti\u00e8res de la BD \u00bb, entendez des veuves (Catherine Sin\u00e9, Isabelle Giraud, V\u00e9ronique Cabut et V\u00e9ronique Culliford) ou filles (Ariane Gotlieb, Anne Goscinny) de cr\u00e9ateurs de bande dessin\u00e9e \u2013 quoique Sin\u00e9 et Cabu [&hellip;]","og_url":"https:\/\/www.thierry-groensteen.fr\/index.php\/2026\/09\/04\/du-bon-usage-des-heritages\/","og_site_name":"le site de Thierry Groensteen","article_published_time":"2026-09-04T10:00:13+00:00","og_image":[{"width":892,"height":408,"url":"https:\/\/www.thierry-groensteen.fr\/wp-content\/uploads\/2026\/09\/Veronique-Culliford-jpg-e1788511378586.jpg","type":"image\/jpeg"}],"author":"TG","twitter_card":"summary_large_image","twitter_misc":{"\u00c9crit par":"TG","Dur\u00e9e de lecture estim\u00e9e":"4 minutes"},"schema":{"@context":"https:\/\/schema.org","@graph":[{"@type":"Article","@id":"https:\/\/www.thierry-groensteen.fr\/index.php\/2026\/09\/04\/du-bon-usage-des-heritages\/#article","isPartOf":{"@id":"https:\/\/www.thierry-groensteen.fr\/index.php\/2026\/09\/04\/du-bon-usage-des-heritages\/"},"author":{"name":"TG","@id":"https:\/\/www.thierry-groensteen.fr\/#\/schema\/person\/3695d4890604be69f280ebbb549210b5"},"headline":"Du bon usage des h\u00e9ritages","datePublished":"2026-09-04T10:00:13+00:00","mainEntityOfPage":{"@id":"https:\/\/www.thierry-groensteen.fr\/index.php\/2026\/09\/04\/du-bon-usage-des-heritages\/"},"wordCount":876,"publisher":{"@id":"https:\/\/www.thierry-groensteen.fr\/#\/schema\/person\/3695d4890604be69f280ebbb549210b5"},"image":{"@id":"https:\/\/www.thierry-groensteen.fr\/index.php\/2026\/09\/04\/du-bon-usage-des-heritages\/#primaryimage"},"thumbnailUrl":"https:\/\/www.thierry-groensteen.fr\/wp-content\/uploads\/2026\/09\/Veronique-Culliford-jpg-e1788511378586.jpg","articleSection":["mon Blog"],"inLanguage":"fr-FR"},{"@type":"WebPage","@id":"https:\/\/www.thierry-groensteen.fr\/index.php\/2026\/09\/04\/du-bon-usage-des-heritages\/","url":"https:\/\/www.thierry-groensteen.fr\/index.php\/2026\/09\/04\/du-bon-usage-des-heritages\/","name":"Du bon usage des h\u00e9ritages - le site de Thierry Groensteen","isPartOf":{"@id":"https:\/\/www.thierry-groensteen.fr\/#website"},"primaryImageOfPage":{"@id":"https:\/\/www.thierry-groensteen.fr\/index.php\/2026\/09\/04\/du-bon-usage-des-heritages\/#primaryimage"},"image":{"@id":"https:\/\/www.thierry-groensteen.fr\/index.php\/2026\/09\/04\/du-bon-usage-des-heritages\/#primaryimage"},"thumbnailUrl":"https:\/\/www.thierry-groensteen.fr\/wp-content\/uploads\/2026\/09\/Veronique-Culliford-jpg-e1788511378586.jpg","datePublished":"2026-09-04T10:00:13+00:00","breadcrumb":{"@id":"https:\/\/www.thierry-groensteen.fr\/index.php\/2026\/09\/04\/du-bon-usage-des-heritages\/#breadcrumb"},"inLanguage":"fr-FR","potentialAction":[{"@type":"ReadAction","target":["https:\/\/www.thierry-groensteen.fr\/index.php\/2026\/09\/04\/du-bon-usage-des-heritages\/"]}]},{"@type":"ImageObject","inLanguage":"fr-FR","@id":"https:\/\/www.thierry-groensteen.fr\/index.php\/2026\/09\/04\/du-bon-usage-des-heritages\/#primaryimage","url":"https:\/\/www.thierry-groensteen.fr\/wp-content\/uploads\/2026\/09\/Veronique-Culliford-jpg-e1788511378586.jpg","contentUrl":"https:\/\/www.thierry-groensteen.fr\/wp-content\/uploads\/2026\/09\/Veronique-Culliford-jpg-e1788511378586.jpg","width":892,"height":408},{"@type":"BreadcrumbList","@id":"https:\/\/www.thierry-groensteen.fr\/index.php\/2026\/09\/04\/du-bon-usage-des-heritages\/#breadcrumb","itemListElement":[{"@type":"ListItem","position":1,"name":"Accueil","item":"https:\/\/www.thierry-groensteen.fr\/"},{"@type":"ListItem","position":2,"name":"Du bon usage des h\u00e9ritages"}]},{"@type":"WebSite","@id":"https:\/\/www.thierry-groensteen.fr\/#website","url":"https:\/\/www.thierry-groensteen.fr\/","name":"le site de Thierry Groensteen","description":"site officiel","publisher":{"@id":"https:\/\/www.thierry-groensteen.fr\/#\/schema\/person\/3695d4890604be69f280ebbb549210b5"},"potentialAction":[{"@type":"SearchAction","target":{"@type":"EntryPoint","urlTemplate":"https:\/\/www.thierry-groensteen.fr\/?s={search_term_string}"},"query-input":{"@type":"PropertyValueSpecification","valueRequired":true,"valueName":"search_term_string"}}],"inLanguage":"fr-FR"},{"@type":["Person","Organization"],"@id":"https:\/\/www.thierry-groensteen.fr\/#\/schema\/person\/3695d4890604be69f280ebbb549210b5","name":"TG","image":{"@type":"ImageObject","inLanguage":"fr-FR","@id":"https:\/\/www.thierry-groensteen.fr\/wp-content\/uploads\/2023\/09\/logo_ThierryGroensteen_header.png","url":"https:\/\/www.thierry-groensteen.fr\/wp-content\/uploads\/2023\/09\/logo_ThierryGroensteen_header.png","contentUrl":"https:\/\/www.thierry-groensteen.fr\/wp-content\/uploads\/2023\/09\/logo_ThierryGroensteen_header.png","width":620,"height":240,"caption":"TG"},"logo":{"@id":"https:\/\/www.thierry-groensteen.fr\/wp-content\/uploads\/2023\/09\/logo_ThierryGroensteen_header.png"},"sameAs":["https:\/\/www.thierry-groensteen.fr"],"url":"https:\/\/www.thierry-groensteen.fr\/index.php\/author\/admin5797\/"}]}},"_links":{"self":[{"href":"https:\/\/www.thierry-groensteen.fr\/index.php\/wp-json\/wp\/v2\/posts\/4153","targetHints":{"allow":["GET"]}}],"collection":[{"href":"https:\/\/www.thierry-groensteen.fr\/index.php\/wp-json\/wp\/v2\/posts"}],"about":[{"href":"https:\/\/www.thierry-groensteen.fr\/index.php\/wp-json\/wp\/v2\/types\/post"}],"author":[{"embeddable":true,"href":"https:\/\/www.thierry-groensteen.fr\/index.php\/wp-json\/wp\/v2\/users\/1"}],"replies":[{"embeddable":true,"href":"https:\/\/www.thierry-groensteen.fr\/index.php\/wp-json\/wp\/v2\/comments?post=4153"}],"version-history":[{"count":2,"href":"https:\/\/www.thierry-groensteen.fr\/index.php\/wp-json\/wp\/v2\/posts\/4153\/revisions"}],"predecessor-version":[{"id":4159,"href":"https:\/\/www.thierry-groensteen.fr\/index.php\/wp-json\/wp\/v2\/posts\/4153\/revisions\/4159"}],"wp:featuredmedia":[{"embeddable":true,"href":"https:\/\/www.thierry-groensteen.fr\/index.php\/wp-json\/wp\/v2\/media\/4157"}],"wp:attachment":[{"href":"https:\/\/www.thierry-groensteen.fr\/index.php\/wp-json\/wp\/v2\/media?parent=4153"}],"wp:term":[{"taxonomy":"category","embeddable":true,"href":"https:\/\/www.thierry-groensteen.fr\/index.php\/wp-json\/wp\/v2\/categories?post=4153"},{"taxonomy":"post_tag","embeddable":true,"href":"https:\/\/www.thierry-groensteen.fr\/index.php\/wp-json\/wp\/v2\/tags?post=4153"}],"curies":[{"name":"wp","href":"https:\/\/api.w.org\/{rel}","templated":true}]}}