{"id":4084,"date":"2026-04-30T17:30:50","date_gmt":"2026-04-30T15:30:50","guid":{"rendered":"https:\/\/www.thierry-groensteen.fr\/?p=4084"},"modified":"2026-04-30T17:09:21","modified_gmt":"2026-04-30T15:09:21","slug":"tsuge-lhomme-de-talent","status":"publish","type":"post","link":"https:\/\/www.thierry-groensteen.fr\/index.php\/2026\/04\/30\/tsuge-lhomme-de-talent\/","title":{"rendered":"Tsuge, l\u2019homme de talent"},"content":{"rendered":"<p style=\"font-weight: 400;\">Yoshiharu Tsuge nous a quitt\u00e9s le 3 mars. Tout comme Jir\u00f4 Taniguchi, il avait su trouver sous nos latitudes un public de curieux et de lettr\u00e9s qui d\u00e9bordait celui des lecteurs ordinateurs de mangas.<\/p>\n<p style=\"font-weight: 400;\">Quand la petite maison d\u2019\u00e9dition angoumoisine Ego comme x avait publi\u00e9 <em>L\u2019Homme sans talent <\/em>en 2003 (adapt\u00e9 et traduit par Kaoru Sekizumi et Fr\u00e9d\u00e9ric Boilet), Tsuge \u00e9tait, en France, un parfait inconnu. Pourtant, avec le flair qu\u2019on leur conna\u00eet, Art Spiegelman et Fran\u00e7oise Mouly l\u2019avaient accueilli dans <em>RAW <\/em>d\u00e8s les ann\u00e9es 1980. Pour sa part, c\u2019est par Boilet, alors install\u00e9 au Japon, que Lo\u00efc Nehou \u2013 qui pr\u00e9sidait aux destin\u00e9es d\u2019Ego comme x, avait eu l\u2019attention attir\u00e9e sur Tsuge, et sur sa recommandation qu\u2019il l\u2019avait publi\u00e9. On comprend qu\u2019un mangaka qui avait pass\u00e9, lors de sa participation \u00e0 la revue <em>Garo<\/em>, pour l\u2019un des pionniers du <em>watakushi manga<\/em> (la \u00ab\u00a0bande dessin\u00e9e du moi\u00a0\u00bb) ne pouvait qu\u2019int\u00e9resser un \u00e9diteur dont le catalogue \u00e9tait sp\u00e9cialis\u00e9 dans les r\u00e9cits intimes et l\u2019autorepr\u00e9sentation.<\/p>\n<div id=\"attachment_4088\" style=\"width: 410px\" class=\"wp-caption aligncenter\"><img decoding=\"async\" aria-describedby=\"caption-attachment-4088\" class=\"lazyload wp-image-4088 size-fusion-400\" src=\"https:\/\/www.thierry-groensteen.fr\/wp-content\/uploads\/2026\/04\/Tchiko_Le_marais_-400x606.jpg\" data-orig-src=\"https:\/\/www.thierry-groensteen.fr\/wp-content\/uploads\/2026\/04\/Tchiko_Le_marais_-400x606.jpg\" alt=\"\" width=\"400\" height=\"606\" srcset=\"data:image\/svg+xml,%3Csvg%20xmlns%3D%27http%3A%2F%2Fwww.w3.org%2F2000%2Fsvg%27%20width%3D%27400%27%20height%3D%27606%27%20viewBox%3D%270%200%20400%20606%27%3E%3Crect%20width%3D%27400%27%20height%3D%27606%27%20fill-opacity%3D%220%22%2F%3E%3C%2Fsvg%3E\" data-srcset=\"https:\/\/www.thierry-groensteen.fr\/wp-content\/uploads\/2026\/04\/Tchiko_Le_marais_-198x300.jpg 198w, https:\/\/www.thierry-groensteen.fr\/wp-content\/uploads\/2026\/04\/Tchiko_Le_marais_-200x303.jpg 200w, https:\/\/www.thierry-groensteen.fr\/wp-content\/uploads\/2026\/04\/Tchiko_Le_marais_-400x606.jpg 400w, https:\/\/www.thierry-groensteen.fr\/wp-content\/uploads\/2026\/04\/Tchiko_Le_marais_.jpg 503w\" data-sizes=\"auto\" data-orig-sizes=\"(max-width: 400px) 100vw, 400px\" \/><p id=\"caption-attachment-4088\" class=\"wp-caption-text\">Page extraite de \u00ab\u00a0Tchiko\u00a0\u00bb (Le Marais). &#8211; \u00a9 Corn\u00e9lius<\/p><\/div>\n<p style=\"font-weight: 400;\">Cependant l\u2019\u0153uvre de Tsuge ne saurait \u00eatre r\u00e9duite \u00e0 ce seul genre. Ainsi que nous l\u2019\u00e9crivions sur les cimaises du Centre Pompidou en 2024, il \u00e9tait devenu \u00ab le porte-\u00e9tendard d\u2019une authentique bande dessin\u00e9e d\u2019auteur, aux accents tour \u00e0 tour philosophiques, soci\u00e9taux, oniriques ou introspectifs. \u00bb On peut d\u00e9sormais appr\u00e9cier tous les registres dans lesquels il s\u2019est exprim\u00e9 gr\u00e2ce aux 6 tomes de ses <em>\u0152uvres <\/em>parus chez Corn\u00e9lius (<em>Les Fleurs rouges<\/em>, <em>La Vis<\/em>, <em>Le Marais<\/em>, <em>La Jeunesse de Yoshio<\/em>, <em>Saisi par la nuit <\/em>et <em>D\u00e9sir sous la pluie<\/em>), qui totalisent plus de 1400 pages et forment l\u2019un des ensembles \u00e9ditoriaux \u00e0 caract\u00e8re patrimonial les plus importants de ce premier quart de si\u00e8cle \u2013 tandis que <em>L\u2019Homme sans talent<\/em> a connu une nouvelle \u00e9dition chez Atrabile en 2018. Rappelons aussi la tr\u00e8s belle exposition \u00ab Yoshiharu Tsuge, \u00eatre sans exister \u00bb, pr\u00e9sent\u00e9e \u00e0 Angoul\u00eame en 2020, dont il nous reste le catalogue.<\/p>\n<p style=\"font-weight: 400;\">\u00ab Profondeur des sentiments \u00bb, \u00ab implicite \u00bb, \u00ab \u00e9tranget\u00e9 des sentiments\u00a0\u00bb, \u00ab inconscient \u00bb, \u00ab authenticit\u00e9 in\u00e9dite \u00bb\u00a0: tels sont quelques-uns des termes employ\u00e9s sur le site de Corn\u00e9lius pour tenter de cerner la singularit\u00e9 de l\u2019artiste. Pour ma part, j\u2019emploierais volontiers celui d\u2019<em>inconfort<\/em>. Inconfort assum\u00e9 par Tsuge dans sa vie personnelle et professionnelle, car il a tout fait pour ne pas se laisser enfermer dans une carri\u00e8re de mangaka classique, au risque de la pr\u00e9carit\u00e9. Inconfort \u00e9prouv\u00e9 par le lecteur aussi bien, qui se trouve confront\u00e9 \u00e0 des histoires (quelquefois des non-histoires) semblant ne tenir aucun compte des r\u00e8gles de la narration classique, et \u00e0 un auteur qui n\u2019a de cesse de se r\u00e9inventer pour ne pas scl\u00e9roser son propre langage, le figer en syst\u00e8me. Dans certains r\u00e9cits, le d\u00e9cor prend une place consid\u00e9rable, trait\u00e9 avec un grand luxe de d\u00e9tails, de fa\u00e7on v\u00e9riste\u00a0; l\u2019homme para\u00eet alors presque une pi\u00e8ce rapport\u00e9e, tout juste tol\u00e9r\u00e9e. Dans d\u2019autres, les fonds sont vides, et comme m\u00e9taphoriques du sentiment d\u2019abandon, de solitude. Quant aux personnages, ils peuvent affecter un r\u00e9alisme que viennent renforcer des \u00e9clairages dramatiques (certainement travaill\u00e9s \u00e0 partir d\u2019une base photographique), ou \u00eatre trac\u00e9s selon les lois du sch\u00e9matisme de mise dans les litt\u00e9ratures dessin\u00e9es. Tsuge oscille sans cesse entre le dessin signe et de dessin v\u00e9rit\u00e9. La mani\u00e8re dont il use des trames grises et des silhouettes trait\u00e9es en ombres chinoises m\u00e9riterait une \u00e9tude en soi.<\/p>\n<div id=\"attachment_4087\" style=\"width: 610px\" class=\"wp-caption aligncenter\"><img decoding=\"async\" aria-describedby=\"caption-attachment-4087\" class=\"lazyload wp-image-4087 size-fusion-600\" src=\"https:\/\/www.thierry-groensteen.fr\/wp-content\/uploads\/2026\/04\/Tsuge-H-ss-talent-600x848.jpeg\" data-orig-src=\"https:\/\/www.thierry-groensteen.fr\/wp-content\/uploads\/2026\/04\/Tsuge-H-ss-talent-600x848.jpeg\" alt=\"\" width=\"600\" height=\"848\" srcset=\"data:image\/svg+xml,%3Csvg%20xmlns%3D%27http%3A%2F%2Fwww.w3.org%2F2000%2Fsvg%27%20width%3D%27600%27%20height%3D%27848%27%20viewBox%3D%270%200%20600%20848%27%3E%3Crect%20width%3D%27600%27%20height%3D%27848%27%20fill-opacity%3D%220%22%2F%3E%3C%2Fsvg%3E\" data-srcset=\"https:\/\/www.thierry-groensteen.fr\/wp-content\/uploads\/2026\/04\/Tsuge-H-ss-talent-200x283.jpeg 200w, https:\/\/www.thierry-groensteen.fr\/wp-content\/uploads\/2026\/04\/Tsuge-H-ss-talent-212x300.jpeg 212w, https:\/\/www.thierry-groensteen.fr\/wp-content\/uploads\/2026\/04\/Tsuge-H-ss-talent-400x565.jpeg 400w, https:\/\/www.thierry-groensteen.fr\/wp-content\/uploads\/2026\/04\/Tsuge-H-ss-talent-600x848.jpeg 600w, https:\/\/www.thierry-groensteen.fr\/wp-content\/uploads\/2026\/04\/Tsuge-H-ss-talent-725x1024.jpeg 725w, https:\/\/www.thierry-groensteen.fr\/wp-content\/uploads\/2026\/04\/Tsuge-H-ss-talent-768x1085.jpeg 768w, https:\/\/www.thierry-groensteen.fr\/wp-content\/uploads\/2026\/04\/Tsuge-H-ss-talent-800x1130.jpeg 800w, https:\/\/www.thierry-groensteen.fr\/wp-content\/uploads\/2026\/04\/Tsuge-H-ss-talent.jpeg 1020w\" data-sizes=\"auto\" data-orig-sizes=\"(max-width: 600px) 100vw, 600px\" \/><p id=\"caption-attachment-4087\" class=\"wp-caption-text\">\u00ab\u00a0L&rsquo;Homme sans talent\u00a0\u00bb.<\/p><\/div>\n<p style=\"font-weight: 400;\">Dans <em>L&rsquo;Homme sans talent<\/em>, le sentiment de d\u00e9tresse, d\u2019abandon, de ratage, est amplifi\u00e9 par des images d\u00e9pourvues de paroles et d\u2019actions. Ces silences du r\u00e9cit (proc\u00e9d\u00e9 massif dans la BD moderne dont Tsuge est aussi un pr\u00e9curseur) sont en quelque sorte la caisse de r\u00e9sonance du tragique, comme s\u2019il n\u2019y avait plus rien \u00e0 dire ni \u00e0 faire parce que tout est d\u00e9j\u00e0 jou\u00e9 et qu\u2019il n\u2019y a plus de r\u00e9demption possible.<\/p>\n<p style=\"font-weight: 400;\">En d\u00e9pit de sa marginalit\u00e9, Tsuge a connu la reconnaissance et le succ\u00e8s. Il est admir\u00e9 par ses pairs et son influence sur l\u2019\u00e9volution du neuvi\u00e8me art vers le statut de litt\u00e9rature \u00e0 part enti\u00e8re ne saurait \u00eatre surestim\u00e9e.<\/p>\n<p>&nbsp;<\/p>\n<p style=\"font-weight: 400;\">Pour en savoir plus\u00a0: je renvoie \u00e0 ces quelques \u00e9tudes en ligne\u00a0:<\/p>\n<p style=\"font-weight: 400;\"><a href=\"https:\/\/www.manga-news.com\/index.php\/report\/Yoshiharu-Tsuge\">https:\/\/www.manga-news.com\/index.php\/report\/Yoshiharu-Tsuge<\/a><\/p>\n<p style=\"font-weight: 400;\"><a href=\"https:\/\/www.citebd.org\/neuvieme-art\/yoshiharu-tsuge-un-homme-et-son-oeuvre\">https:\/\/www.citebd.org\/neuvieme-art\/yoshiharu-tsuge-un-homme-et-son-oeuvre<\/a><\/p>\n<p style=\"font-weight: 400;\"><a href=\"https:\/\/www.liberation.fr\/images\/2019\/03\/01\/yoshiharu-tsuge-la-fugue-enchantee_1712440\/\">https:\/\/www.liberation.fr\/images\/2019\/03\/01\/yoshiharu-tsuge-la-fugue-enchantee_1712440\/<\/a><\/p>\n<p style=\"font-weight: 400;\">\n","protected":false},"excerpt":{"rendered":"<p>Yoshiharu Tsuge nous a quitt\u00e9s le 3 mars. Tout comme Jir\u00f4 Taniguchi, il avait su trouver sous nos latitudes un public de curieux et de lettr\u00e9s qui d\u00e9bordait celui des lecteurs ordinateurs de mangas. Quand la petite maison d\u2019\u00e9dition angoumoisine Ego comme x avait publi\u00e9 L\u2019Homme sans talent en 2003 (adapt\u00e9 et traduit par [&hellip;]<\/p>\n","protected":false},"author":1,"featured_media":4086,"comment_status":"closed","ping_status":"closed","sticky":false,"template":"","format":"standard","meta":{"footnotes":""},"categories":[70],"tags":[],"class_list":["post-4084","post","type-post","status-publish","format-standard","has-post-thumbnail","hentry","category-mon-blog"],"acf":[],"yoast_head":"<!-- This site is optimized with the Yoast SEO plugin v27.5 - https:\/\/yoast.com\/product\/yoast-seo-wordpress\/ -->\n<title>Tsuge, l\u2019homme de talent - le site de Thierry Groensteen<\/title>\n<meta name=\"robots\" content=\"index, follow, max-snippet:-1, max-image-preview:large, max-video-preview:-1\" \/>\n<link rel=\"canonical\" href=\"https:\/\/www.thierry-groensteen.fr\/index.php\/2026\/04\/30\/tsuge-lhomme-de-talent\/\" \/>\n<meta property=\"og:locale\" content=\"fr_FR\" \/>\n<meta property=\"og:type\" content=\"article\" \/>\n<meta property=\"og:title\" content=\"Tsuge, l\u2019homme de talent - le site de Thierry Groensteen\" \/>\n<meta property=\"og:description\" content=\"Yoshiharu Tsuge nous a quitt\u00e9s le 3 mars. Tout comme Jir\u00f4 Taniguchi, il avait su trouver sous nos latitudes un public de curieux et de lettr\u00e9s qui d\u00e9bordait celui des lecteurs ordinateurs de mangas. Quand la petite maison d\u2019\u00e9dition angoumoisine Ego comme x avait publi\u00e9 L\u2019Homme sans talent en 2003 (adapt\u00e9 et traduit par [&hellip;]\" \/>\n<meta property=\"og:url\" content=\"https:\/\/www.thierry-groensteen.fr\/index.php\/2026\/04\/30\/tsuge-lhomme-de-talent\/\" \/>\n<meta property=\"og:site_name\" content=\"le site de Thierry Groensteen\" \/>\n<meta property=\"article:published_time\" content=\"2026-04-30T15:30:50+00:00\" \/>\n<meta property=\"og:image\" content=\"https:\/\/www.thierry-groensteen.fr\/wp-content\/uploads\/2026\/04\/bandeau-tsuge-e1777561571941.jpg\" \/>\n\t<meta property=\"og:image:width\" content=\"1410\" \/>\n\t<meta property=\"og:image:height\" content=\"646\" \/>\n\t<meta property=\"og:image:type\" content=\"image\/jpeg\" \/>\n<meta name=\"author\" content=\"TG\" \/>\n<meta name=\"twitter:card\" content=\"summary_large_image\" \/>\n<meta name=\"twitter:label1\" content=\"\u00c9crit par\" \/>\n\t<meta name=\"twitter:data1\" content=\"TG\" \/>\n\t<meta name=\"twitter:label2\" content=\"Dur\u00e9e de lecture estim\u00e9e\" \/>\n\t<meta name=\"twitter:data2\" content=\"4 minutes\" \/>\n<script type=\"application\/ld+json\" class=\"yoast-schema-graph\">{\"@context\":\"https:\\\/\\\/schema.org\",\"@graph\":[{\"@type\":\"Article\",\"@id\":\"https:\\\/\\\/www.thierry-groensteen.fr\\\/index.php\\\/2026\\\/04\\\/30\\\/tsuge-lhomme-de-talent\\\/#article\",\"isPartOf\":{\"@id\":\"https:\\\/\\\/www.thierry-groensteen.fr\\\/index.php\\\/2026\\\/04\\\/30\\\/tsuge-lhomme-de-talent\\\/\"},\"author\":{\"name\":\"TG\",\"@id\":\"https:\\\/\\\/www.thierry-groensteen.fr\\\/#\\\/schema\\\/person\\\/3695d4890604be69f280ebbb549210b5\"},\"headline\":\"Tsuge, l\u2019homme de talent\",\"datePublished\":\"2026-04-30T15:30:50+00:00\",\"mainEntityOfPage\":{\"@id\":\"https:\\\/\\\/www.thierry-groensteen.fr\\\/index.php\\\/2026\\\/04\\\/30\\\/tsuge-lhomme-de-talent\\\/\"},\"wordCount\":804,\"publisher\":{\"@id\":\"https:\\\/\\\/www.thierry-groensteen.fr\\\/#\\\/schema\\\/person\\\/3695d4890604be69f280ebbb549210b5\"},\"image\":{\"@id\":\"https:\\\/\\\/www.thierry-groensteen.fr\\\/index.php\\\/2026\\\/04\\\/30\\\/tsuge-lhomme-de-talent\\\/#primaryimage\"},\"thumbnailUrl\":\"https:\\\/\\\/www.thierry-groensteen.fr\\\/wp-content\\\/uploads\\\/2026\\\/04\\\/bandeau-tsuge-e1777561571941.jpg\",\"articleSection\":[\"mon Blog\"],\"inLanguage\":\"fr-FR\"},{\"@type\":\"WebPage\",\"@id\":\"https:\\\/\\\/www.thierry-groensteen.fr\\\/index.php\\\/2026\\\/04\\\/30\\\/tsuge-lhomme-de-talent\\\/\",\"url\":\"https:\\\/\\\/www.thierry-groensteen.fr\\\/index.php\\\/2026\\\/04\\\/30\\\/tsuge-lhomme-de-talent\\\/\",\"name\":\"Tsuge, l\u2019homme de talent - le site de Thierry Groensteen\",\"isPartOf\":{\"@id\":\"https:\\\/\\\/www.thierry-groensteen.fr\\\/#website\"},\"primaryImageOfPage\":{\"@id\":\"https:\\\/\\\/www.thierry-groensteen.fr\\\/index.php\\\/2026\\\/04\\\/30\\\/tsuge-lhomme-de-talent\\\/#primaryimage\"},\"image\":{\"@id\":\"https:\\\/\\\/www.thierry-groensteen.fr\\\/index.php\\\/2026\\\/04\\\/30\\\/tsuge-lhomme-de-talent\\\/#primaryimage\"},\"thumbnailUrl\":\"https:\\\/\\\/www.thierry-groensteen.fr\\\/wp-content\\\/uploads\\\/2026\\\/04\\\/bandeau-tsuge-e1777561571941.jpg\",\"datePublished\":\"2026-04-30T15:30:50+00:00\",\"breadcrumb\":{\"@id\":\"https:\\\/\\\/www.thierry-groensteen.fr\\\/index.php\\\/2026\\\/04\\\/30\\\/tsuge-lhomme-de-talent\\\/#breadcrumb\"},\"inLanguage\":\"fr-FR\",\"potentialAction\":[{\"@type\":\"ReadAction\",\"target\":[\"https:\\\/\\\/www.thierry-groensteen.fr\\\/index.php\\\/2026\\\/04\\\/30\\\/tsuge-lhomme-de-talent\\\/\"]}]},{\"@type\":\"ImageObject\",\"inLanguage\":\"fr-FR\",\"@id\":\"https:\\\/\\\/www.thierry-groensteen.fr\\\/index.php\\\/2026\\\/04\\\/30\\\/tsuge-lhomme-de-talent\\\/#primaryimage\",\"url\":\"https:\\\/\\\/www.thierry-groensteen.fr\\\/wp-content\\\/uploads\\\/2026\\\/04\\\/bandeau-tsuge-e1777561571941.jpg\",\"contentUrl\":\"https:\\\/\\\/www.thierry-groensteen.fr\\\/wp-content\\\/uploads\\\/2026\\\/04\\\/bandeau-tsuge-e1777561571941.jpg\",\"width\":1410,\"height\":646},{\"@type\":\"BreadcrumbList\",\"@id\":\"https:\\\/\\\/www.thierry-groensteen.fr\\\/index.php\\\/2026\\\/04\\\/30\\\/tsuge-lhomme-de-talent\\\/#breadcrumb\",\"itemListElement\":[{\"@type\":\"ListItem\",\"position\":1,\"name\":\"Accueil\",\"item\":\"https:\\\/\\\/www.thierry-groensteen.fr\\\/\"},{\"@type\":\"ListItem\",\"position\":2,\"name\":\"Tsuge, l\u2019homme de talent\"}]},{\"@type\":\"WebSite\",\"@id\":\"https:\\\/\\\/www.thierry-groensteen.fr\\\/#website\",\"url\":\"https:\\\/\\\/www.thierry-groensteen.fr\\\/\",\"name\":\"le site de Thierry Groensteen\",\"description\":\"site officiel\",\"publisher\":{\"@id\":\"https:\\\/\\\/www.thierry-groensteen.fr\\\/#\\\/schema\\\/person\\\/3695d4890604be69f280ebbb549210b5\"},\"potentialAction\":[{\"@type\":\"SearchAction\",\"target\":{\"@type\":\"EntryPoint\",\"urlTemplate\":\"https:\\\/\\\/www.thierry-groensteen.fr\\\/?s={search_term_string}\"},\"query-input\":{\"@type\":\"PropertyValueSpecification\",\"valueRequired\":true,\"valueName\":\"search_term_string\"}}],\"inLanguage\":\"fr-FR\"},{\"@type\":[\"Person\",\"Organization\"],\"@id\":\"https:\\\/\\\/www.thierry-groensteen.fr\\\/#\\\/schema\\\/person\\\/3695d4890604be69f280ebbb549210b5\",\"name\":\"TG\",\"image\":{\"@type\":\"ImageObject\",\"inLanguage\":\"fr-FR\",\"@id\":\"https:\\\/\\\/www.thierry-groensteen.fr\\\/wp-content\\\/uploads\\\/2023\\\/09\\\/logo_ThierryGroensteen_header.png\",\"url\":\"https:\\\/\\\/www.thierry-groensteen.fr\\\/wp-content\\\/uploads\\\/2023\\\/09\\\/logo_ThierryGroensteen_header.png\",\"contentUrl\":\"https:\\\/\\\/www.thierry-groensteen.fr\\\/wp-content\\\/uploads\\\/2023\\\/09\\\/logo_ThierryGroensteen_header.png\",\"width\":620,\"height\":240,\"caption\":\"TG\"},\"logo\":{\"@id\":\"https:\\\/\\\/www.thierry-groensteen.fr\\\/wp-content\\\/uploads\\\/2023\\\/09\\\/logo_ThierryGroensteen_header.png\"},\"sameAs\":[\"https:\\\/\\\/www.thierry-groensteen.fr\"],\"url\":\"https:\\\/\\\/www.thierry-groensteen.fr\\\/index.php\\\/author\\\/admin5797\\\/\"}]}<\/script>\n<!-- \/ Yoast SEO plugin. -->","yoast_head_json":{"title":"Tsuge, l\u2019homme de talent - le site de Thierry Groensteen","robots":{"index":"index","follow":"follow","max-snippet":"max-snippet:-1","max-image-preview":"max-image-preview:large","max-video-preview":"max-video-preview:-1"},"canonical":"https:\/\/www.thierry-groensteen.fr\/index.php\/2026\/04\/30\/tsuge-lhomme-de-talent\/","og_locale":"fr_FR","og_type":"article","og_title":"Tsuge, l\u2019homme de talent - le site de Thierry Groensteen","og_description":"Yoshiharu Tsuge nous a quitt\u00e9s le 3 mars. Tout comme Jir\u00f4 Taniguchi, il avait su trouver sous nos latitudes un public de curieux et de lettr\u00e9s qui d\u00e9bordait celui des lecteurs ordinateurs de mangas. Quand la petite maison d\u2019\u00e9dition angoumoisine Ego comme x avait publi\u00e9 L\u2019Homme sans talent en 2003 (adapt\u00e9 et traduit par [&hellip;]","og_url":"https:\/\/www.thierry-groensteen.fr\/index.php\/2026\/04\/30\/tsuge-lhomme-de-talent\/","og_site_name":"le site de Thierry Groensteen","article_published_time":"2026-04-30T15:30:50+00:00","og_image":[{"width":1410,"height":646,"url":"https:\/\/www.thierry-groensteen.fr\/wp-content\/uploads\/2026\/04\/bandeau-tsuge-e1777561571941.jpg","type":"image\/jpeg"}],"author":"TG","twitter_card":"summary_large_image","twitter_misc":{"\u00c9crit par":"TG","Dur\u00e9e de lecture estim\u00e9e":"4 minutes"},"schema":{"@context":"https:\/\/schema.org","@graph":[{"@type":"Article","@id":"https:\/\/www.thierry-groensteen.fr\/index.php\/2026\/04\/30\/tsuge-lhomme-de-talent\/#article","isPartOf":{"@id":"https:\/\/www.thierry-groensteen.fr\/index.php\/2026\/04\/30\/tsuge-lhomme-de-talent\/"},"author":{"name":"TG","@id":"https:\/\/www.thierry-groensteen.fr\/#\/schema\/person\/3695d4890604be69f280ebbb549210b5"},"headline":"Tsuge, l\u2019homme de talent","datePublished":"2026-04-30T15:30:50+00:00","mainEntityOfPage":{"@id":"https:\/\/www.thierry-groensteen.fr\/index.php\/2026\/04\/30\/tsuge-lhomme-de-talent\/"},"wordCount":804,"publisher":{"@id":"https:\/\/www.thierry-groensteen.fr\/#\/schema\/person\/3695d4890604be69f280ebbb549210b5"},"image":{"@id":"https:\/\/www.thierry-groensteen.fr\/index.php\/2026\/04\/30\/tsuge-lhomme-de-talent\/#primaryimage"},"thumbnailUrl":"https:\/\/www.thierry-groensteen.fr\/wp-content\/uploads\/2026\/04\/bandeau-tsuge-e1777561571941.jpg","articleSection":["mon Blog"],"inLanguage":"fr-FR"},{"@type":"WebPage","@id":"https:\/\/www.thierry-groensteen.fr\/index.php\/2026\/04\/30\/tsuge-lhomme-de-talent\/","url":"https:\/\/www.thierry-groensteen.fr\/index.php\/2026\/04\/30\/tsuge-lhomme-de-talent\/","name":"Tsuge, l\u2019homme de talent - le site de Thierry Groensteen","isPartOf":{"@id":"https:\/\/www.thierry-groensteen.fr\/#website"},"primaryImageOfPage":{"@id":"https:\/\/www.thierry-groensteen.fr\/index.php\/2026\/04\/30\/tsuge-lhomme-de-talent\/#primaryimage"},"image":{"@id":"https:\/\/www.thierry-groensteen.fr\/index.php\/2026\/04\/30\/tsuge-lhomme-de-talent\/#primaryimage"},"thumbnailUrl":"https:\/\/www.thierry-groensteen.fr\/wp-content\/uploads\/2026\/04\/bandeau-tsuge-e1777561571941.jpg","datePublished":"2026-04-30T15:30:50+00:00","breadcrumb":{"@id":"https:\/\/www.thierry-groensteen.fr\/index.php\/2026\/04\/30\/tsuge-lhomme-de-talent\/#breadcrumb"},"inLanguage":"fr-FR","potentialAction":[{"@type":"ReadAction","target":["https:\/\/www.thierry-groensteen.fr\/index.php\/2026\/04\/30\/tsuge-lhomme-de-talent\/"]}]},{"@type":"ImageObject","inLanguage":"fr-FR","@id":"https:\/\/www.thierry-groensteen.fr\/index.php\/2026\/04\/30\/tsuge-lhomme-de-talent\/#primaryimage","url":"https:\/\/www.thierry-groensteen.fr\/wp-content\/uploads\/2026\/04\/bandeau-tsuge-e1777561571941.jpg","contentUrl":"https:\/\/www.thierry-groensteen.fr\/wp-content\/uploads\/2026\/04\/bandeau-tsuge-e1777561571941.jpg","width":1410,"height":646},{"@type":"BreadcrumbList","@id":"https:\/\/www.thierry-groensteen.fr\/index.php\/2026\/04\/30\/tsuge-lhomme-de-talent\/#breadcrumb","itemListElement":[{"@type":"ListItem","position":1,"name":"Accueil","item":"https:\/\/www.thierry-groensteen.fr\/"},{"@type":"ListItem","position":2,"name":"Tsuge, l\u2019homme de talent"}]},{"@type":"WebSite","@id":"https:\/\/www.thierry-groensteen.fr\/#website","url":"https:\/\/www.thierry-groensteen.fr\/","name":"le site de Thierry Groensteen","description":"site officiel","publisher":{"@id":"https:\/\/www.thierry-groensteen.fr\/#\/schema\/person\/3695d4890604be69f280ebbb549210b5"},"potentialAction":[{"@type":"SearchAction","target":{"@type":"EntryPoint","urlTemplate":"https:\/\/www.thierry-groensteen.fr\/?s={search_term_string}"},"query-input":{"@type":"PropertyValueSpecification","valueRequired":true,"valueName":"search_term_string"}}],"inLanguage":"fr-FR"},{"@type":["Person","Organization"],"@id":"https:\/\/www.thierry-groensteen.fr\/#\/schema\/person\/3695d4890604be69f280ebbb549210b5","name":"TG","image":{"@type":"ImageObject","inLanguage":"fr-FR","@id":"https:\/\/www.thierry-groensteen.fr\/wp-content\/uploads\/2023\/09\/logo_ThierryGroensteen_header.png","url":"https:\/\/www.thierry-groensteen.fr\/wp-content\/uploads\/2023\/09\/logo_ThierryGroensteen_header.png","contentUrl":"https:\/\/www.thierry-groensteen.fr\/wp-content\/uploads\/2023\/09\/logo_ThierryGroensteen_header.png","width":620,"height":240,"caption":"TG"},"logo":{"@id":"https:\/\/www.thierry-groensteen.fr\/wp-content\/uploads\/2023\/09\/logo_ThierryGroensteen_header.png"},"sameAs":["https:\/\/www.thierry-groensteen.fr"],"url":"https:\/\/www.thierry-groensteen.fr\/index.php\/author\/admin5797\/"}]}},"_links":{"self":[{"href":"https:\/\/www.thierry-groensteen.fr\/index.php\/wp-json\/wp\/v2\/posts\/4084","targetHints":{"allow":["GET"]}}],"collection":[{"href":"https:\/\/www.thierry-groensteen.fr\/index.php\/wp-json\/wp\/v2\/posts"}],"about":[{"href":"https:\/\/www.thierry-groensteen.fr\/index.php\/wp-json\/wp\/v2\/types\/post"}],"author":[{"embeddable":true,"href":"https:\/\/www.thierry-groensteen.fr\/index.php\/wp-json\/wp\/v2\/users\/1"}],"replies":[{"embeddable":true,"href":"https:\/\/www.thierry-groensteen.fr\/index.php\/wp-json\/wp\/v2\/comments?post=4084"}],"version-history":[{"count":3,"href":"https:\/\/www.thierry-groensteen.fr\/index.php\/wp-json\/wp\/v2\/posts\/4084\/revisions"}],"predecessor-version":[{"id":4090,"href":"https:\/\/www.thierry-groensteen.fr\/index.php\/wp-json\/wp\/v2\/posts\/4084\/revisions\/4090"}],"wp:featuredmedia":[{"embeddable":true,"href":"https:\/\/www.thierry-groensteen.fr\/index.php\/wp-json\/wp\/v2\/media\/4086"}],"wp:attachment":[{"href":"https:\/\/www.thierry-groensteen.fr\/index.php\/wp-json\/wp\/v2\/media?parent=4084"}],"wp:term":[{"taxonomy":"category","embeddable":true,"href":"https:\/\/www.thierry-groensteen.fr\/index.php\/wp-json\/wp\/v2\/categories?post=4084"},{"taxonomy":"post_tag","embeddable":true,"href":"https:\/\/www.thierry-groensteen.fr\/index.php\/wp-json\/wp\/v2\/tags?post=4084"}],"curies":[{"name":"wp","href":"https:\/\/api.w.org\/{rel}","templated":true}]}}