{"id":4032,"date":"2026-03-17T00:05:01","date_gmt":"2026-03-16T23:05:01","guid":{"rendered":"https:\/\/www.thierry-groensteen.fr\/?p=4032"},"modified":"2026-03-16T15:38:13","modified_gmt":"2026-03-16T14:38:13","slug":"toute-la-bd-dans-une-expo","status":"publish","type":"post","link":"https:\/\/www.thierry-groensteen.fr\/index.php\/2026\/03\/17\/toute-la-bd-dans-une-expo\/","title":{"rendered":"Toute la BD dans une expo ?"},"content":{"rendered":"<p style=\"font-weight: 400;\">On pensait que, les expositions de bande dessin\u00e9e \u00e9tant toujours plus nombreuses, l\u2019ambition, assur\u00e9ment d\u00e9raisonnable, de pr\u00e9senter \u00ab toute la bande dessin\u00e9e \u00bb en un m\u00eame lieu n\u2019aurait plus cours. C\u2019est pourtant ce que semblent se proposer, chacune \u00e0 leur mani\u00e8re, deux expositions encore en cours \u00e0 l\u2019heure o\u00f9 j\u2019\u00e9cris.<\/p>\n<p style=\"font-weight: 400;\">Certes, celle qu\u2019abrite, depuis d\u00e9but f\u00e9vrier, la Cit\u00e9 internationale de la bande dessin\u00e9e et de l\u2019image, \u00e0 Angoul\u00eame, est consacr\u00e9e \u00e0 un seul \u00e9diteur, Guy Delcourt, dont elle c\u00e9l\u00e8bre les quarante ans d\u2019existence. Mais Delcourt est l\u2019\u00e9diteur le plus prolifique, plus de 5 000 auteurs sont repr\u00e9sent\u00e9s dans son catalogue (leurs noms sont \u00e9num\u00e9r\u00e9s sur un mur dans le hall qui sert d\u2019antichambre \u00e0 l\u2019exposition), et tous les genres y sont repr\u00e9sent\u00e9s, des comics aux mangas, de <em>Little Nemo<\/em> \u00e0 Jean Dytar, des <em>Blagues de Toto<\/em> aux ouvrages de Chris Ware en passant par un nombre ahurissant de s\u00e9ries de <em>fantasy <\/em>et de SF ou par les <em>Petits Riens<\/em>\u00a0de Lewis Trondheim.<\/p>\n<p><img decoding=\"async\" class=\"lazyload aligncenter wp-image-4034 size-fusion-800\" src=\"https:\/\/www.thierry-groensteen.fr\/wp-content\/uploads\/2026\/03\/Delcourt-1-800x600.jpeg\" data-orig-src=\"https:\/\/www.thierry-groensteen.fr\/wp-content\/uploads\/2026\/03\/Delcourt-1-800x600.jpeg\" alt=\"\" width=\"800\" height=\"600\" srcset=\"data:image\/svg+xml,%3Csvg%20xmlns%3D%27http%3A%2F%2Fwww.w3.org%2F2000%2Fsvg%27%20width%3D%27800%27%20height%3D%27600%27%20viewBox%3D%270%200%20800%20600%27%3E%3Crect%20width%3D%27800%27%20height%3D%27600%27%20fill-opacity%3D%220%22%2F%3E%3C%2Fsvg%3E\" data-srcset=\"https:\/\/www.thierry-groensteen.fr\/wp-content\/uploads\/2026\/03\/Delcourt-1-200x150.jpeg 200w, https:\/\/www.thierry-groensteen.fr\/wp-content\/uploads\/2026\/03\/Delcourt-1-300x225.jpeg 300w, https:\/\/www.thierry-groensteen.fr\/wp-content\/uploads\/2026\/03\/Delcourt-1-400x300.jpeg 400w, https:\/\/www.thierry-groensteen.fr\/wp-content\/uploads\/2026\/03\/Delcourt-1-600x450.jpeg 600w, https:\/\/www.thierry-groensteen.fr\/wp-content\/uploads\/2026\/03\/Delcourt-1-768x576.jpeg 768w, https:\/\/www.thierry-groensteen.fr\/wp-content\/uploads\/2026\/03\/Delcourt-1-800x600.jpeg 800w, https:\/\/www.thierry-groensteen.fr\/wp-content\/uploads\/2026\/03\/Delcourt-1-1024x768.jpeg 1024w, https:\/\/www.thierry-groensteen.fr\/wp-content\/uploads\/2026\/03\/Delcourt-1-1200x900.jpeg 1200w, https:\/\/www.thierry-groensteen.fr\/wp-content\/uploads\/2026\/03\/Delcourt-1-1536x1152.jpeg 1536w\" data-sizes=\"auto\" data-orig-sizes=\"(max-width: 800px) 100vw, 800px\" \/><\/p>\n<p style=\"font-weight: 400;\">Je n\u2019aurais pas aim\u00e9 \u00eatre \u00e0 la place des commissaires, car on ne voit pas comment une exposition dont le cahier des charges consiste \u00e0 montrer tous les tours et d\u00e9tours de cette aventure \u00e9ditoriale peut \u00e9chapper \u00e0 l\u2019effet zapping (on passe contin\u00fbment d\u2019un artiste \u00e0 un autre, qui ne sont souvent repr\u00e9sent\u00e9s que par une ou deux planches peu ou pas contextualis\u00e9es) et \u00e9viter de ressembler \u00e0 un grand fourre-tout \u2013 sans compter le risque de se f\u00e2cher avec les artistes qui n\u2019auront pas \u00e9t\u00e9 retenus. Malgr\u00e9 l\u2019intelligence de Cathia Engelbach, la qualit\u00e9 de ses textes et l\u2019inventivit\u00e9 de la sc\u00e9nographie imagin\u00e9e par l\u2019agence Lucie Lom (et singuli\u00e8rement par Marc-Antoine Mathieu, lui-m\u00eame auteur \u00e9dit\u00e9 chez Delcourt, mais qui a choisi de ne montrer de son propre travail que les deux planches miniaturis\u00e9es de son dernier opus), l\u2019exposition n\u2019\u00e9chappe pas \u00e0 ces \u00e9cueils.<\/p>\n<p style=\"font-weight: 400;\">Au mus\u00e9e de Grenoble, <em>\u00c9pop\u00e9es graphiques<\/em> annonce \u00ab plus de 400 planches majeures \u00bb et se pr\u00e9sente par\u00e9e d\u2019un sous-titre (\u00ab bande dessin\u00e9e, comics, manga \u00bb) qui indique assez clairement une ambition totalisatrice. En fait, l\u2019exposition tait ses v\u00e9ritables nature et raison d\u2019\u00eatre, qui sont de pr\u00e9senter au public la plus grande collection priv\u00e9e de France, celle de Michel-Edouard Leclerc. Autant que l\u2019art de la bande dessin\u00e9e, en synchronie et en diachronie, l\u2019exposition refl\u00e8te donc les go\u00fbts et les pr\u00e9f\u00e9rences de ce dernier \u2013 et de Lucas Hureau, l\u2019un des deux commissaires, qui le conseille dans ses achats.\u00a0Mais cette subjectivit\u00e9 n\u2019est pas annonc\u00e9e, pas revendiqu\u00e9e, ce qui, \u00e0 mon sens, n\u2019est pas loin de constituer une tromperie par omission.<\/p>\n<p style=\"font-weight: 400;\">Or, les pr\u00e9f\u00e9rences apparaissent vite au grand jour, tant le parcours appara\u00eet d\u00e9s\u00e9quilibr\u00e9. Une salle Druillet et une salle Bilal encadrent quatre autres salles collectives consacr\u00e9es \u00e0 la science-fiction et ses sous-genres (<em>space opera<\/em>, robots, etc.). Soit six salles en tout, que pr\u00e9c\u00e8de une salle <em>fantasy <\/em>et auxquelles en succ\u00e8dent deux autres consacr\u00e9es \u00e0 l\u2019horreur et \u00e0 l\u2019\u00e9trange. \u00c0 titre de comparaison, le western n\u2019a qu\u2019une salle, l\u2019humour est sous-repr\u00e9sent\u00e9, et d\u2019autres genres comme le r\u00e9cit historique ou la BD du r\u00e9el, pour ne citer que ceux-l\u00e0, sont compl\u00e8tement absents. La BD animali\u00e8re, elle, est trait\u00e9e comme telle, ce qui conduit \u00e0 d\u2019\u00e9tranges rapprochements, comme celui de Fritz the Cat, de Crumb, avec le Chat de Geluck. Les mangas ne sont \u00e0 aucun moment pr\u00e9sent\u00e9s dans leur sp\u00e9cificit\u00e9, mais comme partie int\u00e9grante de la production internationale.<\/p>\n<p><img decoding=\"async\" class=\"lazyload aligncenter wp-image-4036 size-fusion-800\" src=\"https:\/\/www.thierry-groensteen.fr\/wp-content\/uploads\/2026\/03\/Grenoble-1-800x600.jpg\" data-orig-src=\"https:\/\/www.thierry-groensteen.fr\/wp-content\/uploads\/2026\/03\/Grenoble-1-800x600.jpg\" alt=\"\" width=\"800\" height=\"600\" srcset=\"data:image\/svg+xml,%3Csvg%20xmlns%3D%27http%3A%2F%2Fwww.w3.org%2F2000%2Fsvg%27%20width%3D%27800%27%20height%3D%27600%27%20viewBox%3D%270%200%20800%20600%27%3E%3Crect%20width%3D%27800%27%20height%3D%27600%27%20fill-opacity%3D%220%22%2F%3E%3C%2Fsvg%3E\" data-srcset=\"https:\/\/www.thierry-groensteen.fr\/wp-content\/uploads\/2026\/03\/Grenoble-1-200x150.jpg 200w, https:\/\/www.thierry-groensteen.fr\/wp-content\/uploads\/2026\/03\/Grenoble-1-300x225.jpg 300w, https:\/\/www.thierry-groensteen.fr\/wp-content\/uploads\/2026\/03\/Grenoble-1-400x300.jpg 400w, https:\/\/www.thierry-groensteen.fr\/wp-content\/uploads\/2026\/03\/Grenoble-1-600x450.jpg 600w, https:\/\/www.thierry-groensteen.fr\/wp-content\/uploads\/2026\/03\/Grenoble-1-768x576.jpg 768w, https:\/\/www.thierry-groensteen.fr\/wp-content\/uploads\/2026\/03\/Grenoble-1-800x600.jpg 800w, https:\/\/www.thierry-groensteen.fr\/wp-content\/uploads\/2026\/03\/Grenoble-1-1024x768.jpg 1024w, https:\/\/www.thierry-groensteen.fr\/wp-content\/uploads\/2026\/03\/Grenoble-1-1200x900.jpg 1200w, https:\/\/www.thierry-groensteen.fr\/wp-content\/uploads\/2026\/03\/Grenoble-1-1536x1152.jpg 1536w\" data-sizes=\"auto\" data-orig-sizes=\"(max-width: 800px) 100vw, 800px\" \/><\/p>\n<p style=\"font-weight: 400;\">La derni\u00e8re salle pr\u00e9sente notamment le travail de Chris Ware, apog\u00e9e du \u00ab r\u00e9cit intimiste \u00bb, et conclut le parcours sur cette phrase\u00a0: \u00ab De nos jours, la bande dessin\u00e9e europ\u00e9enne est domin\u00e9e par la cr\u00e9ation de r\u00e9cits de ce genre \u00bb, des mots qui laissent assez clairement transpara\u00eetre la d\u00e9sapprobation des commissaires, qui pr\u00e9f\u00e8rent la BD de genre cultivant le divertissement. Pour avoir travaill\u00e9 aux c\u00f4t\u00e9s de Lucas Hureau en 2024 \u00e0 la conception de l\u2019exposition du Centre Pompidou \u00ab Bande dessin\u00e9e, 1964-2024 \u00bb (dont l\u2019amplitude \u00e9tait limit\u00e9e par ce bornage temporel explicite), il est du reste assez clair que beaucoup des \u0153uvres que nous (Anne Lemonnier, Emmanu\u00e8le Payen et moi) avions \u00e9cart\u00e9es au motif que nous les jugions \u00ab kitsch et testost\u00e9ron\u00e9es \u00bb ont \u00e9t\u00e9 rep\u00each\u00e9es ici, comme par un effet, sinon de revanche, en tout cas de compensation, au nom d\u2019une autre conception de la BD. L\u2019exposition de Grenoble est, de toute \u00e9vidence, une r\u00e9ponse \u00e0 celle de Paris.<\/p>\n<p style=\"font-weight: 400;\">Il y aurait beaucoup \u00e0 dire sur les textes (o\u00f9 les pages de <em>Little Nemo in Slumberland <\/em>sont par exemple tax\u00e9es de \u00ab gags en une planche \u00bb ?!?) mais je m\u2019en voudrais de ne pas souligner que ce qui sauve les deux expositions dont je viens de parler est \u00e9videmment que l\u2019on peut y admirer certaines planches d\u2019une tr\u00e8s grande force. Par exemple, s\u2019agissant d\u2019<em>\u00c9pop\u00e9es graphiques<\/em>, la suite pr\u00e9sentant c\u00f4te \u00e0 c\u00f4te les grands moments de la carri\u00e8re d\u2019Uderzo (<em>Belloy<\/em>, <em>Jehan Pistolet<\/em>, <em>Luc Junior<\/em>, <em>Oumpah-Pah<\/em> et <em>Ast\u00e9rix<\/em>), le face \u00e0 face entre <em>L\u2019\u00c9ternaute<\/em> de Breccia et le <em>Transperceneige<\/em> de Rochette, une double planche spectaculaire de Jean-Claude Gal ou le triptyque de Killoffer inspir\u00e9 du <em>Jardin des d\u00e9lices<\/em>, entre cent autres tr\u00e9sors.<\/p>\n<p style=\"font-weight: 400;\"><strong><em>L\u2019Aventure \u00e9ditoriale. Delcourt, 40 ans au rythme du 9<sup>e<\/sup> Art<\/em><\/strong>, CIBDI, Angoul\u00eame, jusqu\u2019au 15 novembre 2026.<\/p>\n<p style=\"font-weight: 400;\"><strong><em>\u00c9pop\u00e9es graphiques. Bande dessin\u00e9e, comics, manga<\/em><\/strong>, mus\u00e9e de Grenoble, jusqu\u2019au 9 avril 2026.<\/p>\n<p>(Photos Thierry Groensteen)<\/p>\n","protected":false},"excerpt":{"rendered":"<p>On pensait que, les expositions de bande dessin\u00e9e \u00e9tant toujours plus nombreuses, l\u2019ambition, assur\u00e9ment d\u00e9raisonnable, de pr\u00e9senter \u00ab toute la bande dessin\u00e9e \u00bb en un m\u00eame lieu n\u2019aurait plus cours. C\u2019est pourtant ce que semblent se proposer, chacune \u00e0 leur mani\u00e8re, deux expositions encore en cours \u00e0 l\u2019heure o\u00f9 j\u2019\u00e9cris. Certes, celle qu\u2019abrite, depuis [&hellip;]<\/p>\n","protected":false},"author":1,"featured_media":4037,"comment_status":"closed","ping_status":"closed","sticky":false,"template":"","format":"standard","meta":{"footnotes":""},"categories":[70],"tags":[],"class_list":["post-4032","post","type-post","status-publish","format-standard","has-post-thumbnail","hentry","category-mon-blog"],"acf":[],"yoast_head":"<!-- This site is optimized with the Yoast SEO plugin v27.5 - https:\/\/yoast.com\/product\/yoast-seo-wordpress\/ -->\n<title>Toute la BD dans une expo ? - le site de Thierry Groensteen<\/title>\n<meta name=\"robots\" content=\"index, follow, max-snippet:-1, max-image-preview:large, max-video-preview:-1\" \/>\n<link rel=\"canonical\" href=\"https:\/\/www.thierry-groensteen.fr\/index.php\/2026\/03\/17\/toute-la-bd-dans-une-expo\/\" \/>\n<meta property=\"og:locale\" content=\"fr_FR\" \/>\n<meta property=\"og:type\" content=\"article\" \/>\n<meta property=\"og:title\" content=\"Toute la BD dans une expo ? - le site de Thierry Groensteen\" \/>\n<meta property=\"og:description\" content=\"On pensait que, les expositions de bande dessin\u00e9e \u00e9tant toujours plus nombreuses, l\u2019ambition, assur\u00e9ment d\u00e9raisonnable, de pr\u00e9senter \u00ab toute la bande dessin\u00e9e \u00bb en un m\u00eame lieu n\u2019aurait plus cours. C\u2019est pourtant ce que semblent se proposer, chacune \u00e0 leur mani\u00e8re, deux expositions encore en cours \u00e0 l\u2019heure o\u00f9 j\u2019\u00e9cris. Certes, celle qu\u2019abrite, depuis [&hellip;]\" \/>\n<meta property=\"og:url\" content=\"https:\/\/www.thierry-groensteen.fr\/index.php\/2026\/03\/17\/toute-la-bd-dans-une-expo\/\" \/>\n<meta property=\"og:site_name\" content=\"le site de Thierry Groensteen\" \/>\n<meta property=\"article:published_time\" content=\"2026-03-16T23:05:01+00:00\" \/>\n<meta property=\"og:image\" content=\"https:\/\/www.thierry-groensteen.fr\/wp-content\/uploads\/2026\/03\/Grenoble-2-scaled-e1773671775198.jpeg\" \/>\n\t<meta property=\"og:image:width\" content=\"2560\" \/>\n\t<meta property=\"og:image:height\" content=\"1173\" \/>\n\t<meta property=\"og:image:type\" content=\"image\/jpeg\" \/>\n<meta name=\"author\" content=\"TG\" \/>\n<meta name=\"twitter:card\" content=\"summary_large_image\" \/>\n<meta name=\"twitter:label1\" content=\"\u00c9crit par\" \/>\n\t<meta name=\"twitter:data1\" content=\"TG\" \/>\n\t<meta name=\"twitter:label2\" content=\"Dur\u00e9e de lecture estim\u00e9e\" \/>\n\t<meta name=\"twitter:data2\" content=\"5 minutes\" \/>\n<script type=\"application\/ld+json\" class=\"yoast-schema-graph\">{\"@context\":\"https:\\\/\\\/schema.org\",\"@graph\":[{\"@type\":\"Article\",\"@id\":\"https:\\\/\\\/www.thierry-groensteen.fr\\\/index.php\\\/2026\\\/03\\\/17\\\/toute-la-bd-dans-une-expo\\\/#article\",\"isPartOf\":{\"@id\":\"https:\\\/\\\/www.thierry-groensteen.fr\\\/index.php\\\/2026\\\/03\\\/17\\\/toute-la-bd-dans-une-expo\\\/\"},\"author\":{\"name\":\"TG\",\"@id\":\"https:\\\/\\\/www.thierry-groensteen.fr\\\/#\\\/schema\\\/person\\\/3695d4890604be69f280ebbb549210b5\"},\"headline\":\"Toute la BD dans une expo ?\",\"datePublished\":\"2026-03-16T23:05:01+00:00\",\"mainEntityOfPage\":{\"@id\":\"https:\\\/\\\/www.thierry-groensteen.fr\\\/index.php\\\/2026\\\/03\\\/17\\\/toute-la-bd-dans-une-expo\\\/\"},\"wordCount\":985,\"publisher\":{\"@id\":\"https:\\\/\\\/www.thierry-groensteen.fr\\\/#\\\/schema\\\/person\\\/3695d4890604be69f280ebbb549210b5\"},\"image\":{\"@id\":\"https:\\\/\\\/www.thierry-groensteen.fr\\\/index.php\\\/2026\\\/03\\\/17\\\/toute-la-bd-dans-une-expo\\\/#primaryimage\"},\"thumbnailUrl\":\"https:\\\/\\\/www.thierry-groensteen.fr\\\/wp-content\\\/uploads\\\/2026\\\/03\\\/Grenoble-2-scaled-e1773671775198.jpeg\",\"articleSection\":[\"mon Blog\"],\"inLanguage\":\"fr-FR\"},{\"@type\":\"WebPage\",\"@id\":\"https:\\\/\\\/www.thierry-groensteen.fr\\\/index.php\\\/2026\\\/03\\\/17\\\/toute-la-bd-dans-une-expo\\\/\",\"url\":\"https:\\\/\\\/www.thierry-groensteen.fr\\\/index.php\\\/2026\\\/03\\\/17\\\/toute-la-bd-dans-une-expo\\\/\",\"name\":\"Toute la BD dans une expo ? - le site de Thierry Groensteen\",\"isPartOf\":{\"@id\":\"https:\\\/\\\/www.thierry-groensteen.fr\\\/#website\"},\"primaryImageOfPage\":{\"@id\":\"https:\\\/\\\/www.thierry-groensteen.fr\\\/index.php\\\/2026\\\/03\\\/17\\\/toute-la-bd-dans-une-expo\\\/#primaryimage\"},\"image\":{\"@id\":\"https:\\\/\\\/www.thierry-groensteen.fr\\\/index.php\\\/2026\\\/03\\\/17\\\/toute-la-bd-dans-une-expo\\\/#primaryimage\"},\"thumbnailUrl\":\"https:\\\/\\\/www.thierry-groensteen.fr\\\/wp-content\\\/uploads\\\/2026\\\/03\\\/Grenoble-2-scaled-e1773671775198.jpeg\",\"datePublished\":\"2026-03-16T23:05:01+00:00\",\"breadcrumb\":{\"@id\":\"https:\\\/\\\/www.thierry-groensteen.fr\\\/index.php\\\/2026\\\/03\\\/17\\\/toute-la-bd-dans-une-expo\\\/#breadcrumb\"},\"inLanguage\":\"fr-FR\",\"potentialAction\":[{\"@type\":\"ReadAction\",\"target\":[\"https:\\\/\\\/www.thierry-groensteen.fr\\\/index.php\\\/2026\\\/03\\\/17\\\/toute-la-bd-dans-une-expo\\\/\"]}]},{\"@type\":\"ImageObject\",\"inLanguage\":\"fr-FR\",\"@id\":\"https:\\\/\\\/www.thierry-groensteen.fr\\\/index.php\\\/2026\\\/03\\\/17\\\/toute-la-bd-dans-une-expo\\\/#primaryimage\",\"url\":\"https:\\\/\\\/www.thierry-groensteen.fr\\\/wp-content\\\/uploads\\\/2026\\\/03\\\/Grenoble-2-scaled-e1773671775198.jpeg\",\"contentUrl\":\"https:\\\/\\\/www.thierry-groensteen.fr\\\/wp-content\\\/uploads\\\/2026\\\/03\\\/Grenoble-2-scaled-e1773671775198.jpeg\",\"width\":2560,\"height\":1173},{\"@type\":\"BreadcrumbList\",\"@id\":\"https:\\\/\\\/www.thierry-groensteen.fr\\\/index.php\\\/2026\\\/03\\\/17\\\/toute-la-bd-dans-une-expo\\\/#breadcrumb\",\"itemListElement\":[{\"@type\":\"ListItem\",\"position\":1,\"name\":\"Accueil\",\"item\":\"https:\\\/\\\/www.thierry-groensteen.fr\\\/\"},{\"@type\":\"ListItem\",\"position\":2,\"name\":\"Toute la BD dans une expo ?\"}]},{\"@type\":\"WebSite\",\"@id\":\"https:\\\/\\\/www.thierry-groensteen.fr\\\/#website\",\"url\":\"https:\\\/\\\/www.thierry-groensteen.fr\\\/\",\"name\":\"le site de Thierry Groensteen\",\"description\":\"site officiel\",\"publisher\":{\"@id\":\"https:\\\/\\\/www.thierry-groensteen.fr\\\/#\\\/schema\\\/person\\\/3695d4890604be69f280ebbb549210b5\"},\"potentialAction\":[{\"@type\":\"SearchAction\",\"target\":{\"@type\":\"EntryPoint\",\"urlTemplate\":\"https:\\\/\\\/www.thierry-groensteen.fr\\\/?s={search_term_string}\"},\"query-input\":{\"@type\":\"PropertyValueSpecification\",\"valueRequired\":true,\"valueName\":\"search_term_string\"}}],\"inLanguage\":\"fr-FR\"},{\"@type\":[\"Person\",\"Organization\"],\"@id\":\"https:\\\/\\\/www.thierry-groensteen.fr\\\/#\\\/schema\\\/person\\\/3695d4890604be69f280ebbb549210b5\",\"name\":\"TG\",\"image\":{\"@type\":\"ImageObject\",\"inLanguage\":\"fr-FR\",\"@id\":\"https:\\\/\\\/www.thierry-groensteen.fr\\\/wp-content\\\/uploads\\\/2023\\\/09\\\/logo_ThierryGroensteen_header.png\",\"url\":\"https:\\\/\\\/www.thierry-groensteen.fr\\\/wp-content\\\/uploads\\\/2023\\\/09\\\/logo_ThierryGroensteen_header.png\",\"contentUrl\":\"https:\\\/\\\/www.thierry-groensteen.fr\\\/wp-content\\\/uploads\\\/2023\\\/09\\\/logo_ThierryGroensteen_header.png\",\"width\":620,\"height\":240,\"caption\":\"TG\"},\"logo\":{\"@id\":\"https:\\\/\\\/www.thierry-groensteen.fr\\\/wp-content\\\/uploads\\\/2023\\\/09\\\/logo_ThierryGroensteen_header.png\"},\"sameAs\":[\"https:\\\/\\\/www.thierry-groensteen.fr\"],\"url\":\"https:\\\/\\\/www.thierry-groensteen.fr\\\/index.php\\\/author\\\/admin5797\\\/\"}]}<\/script>\n<!-- \/ Yoast SEO plugin. -->","yoast_head_json":{"title":"Toute la BD dans une expo ? - le site de Thierry Groensteen","robots":{"index":"index","follow":"follow","max-snippet":"max-snippet:-1","max-image-preview":"max-image-preview:large","max-video-preview":"max-video-preview:-1"},"canonical":"https:\/\/www.thierry-groensteen.fr\/index.php\/2026\/03\/17\/toute-la-bd-dans-une-expo\/","og_locale":"fr_FR","og_type":"article","og_title":"Toute la BD dans une expo ? - le site de Thierry Groensteen","og_description":"On pensait que, les expositions de bande dessin\u00e9e \u00e9tant toujours plus nombreuses, l\u2019ambition, assur\u00e9ment d\u00e9raisonnable, de pr\u00e9senter \u00ab toute la bande dessin\u00e9e \u00bb en un m\u00eame lieu n\u2019aurait plus cours. C\u2019est pourtant ce que semblent se proposer, chacune \u00e0 leur mani\u00e8re, deux expositions encore en cours \u00e0 l\u2019heure o\u00f9 j\u2019\u00e9cris. Certes, celle qu\u2019abrite, depuis [&hellip;]","og_url":"https:\/\/www.thierry-groensteen.fr\/index.php\/2026\/03\/17\/toute-la-bd-dans-une-expo\/","og_site_name":"le site de Thierry Groensteen","article_published_time":"2026-03-16T23:05:01+00:00","og_image":[{"width":2560,"height":1173,"url":"https:\/\/www.thierry-groensteen.fr\/wp-content\/uploads\/2026\/03\/Grenoble-2-scaled-e1773671775198.jpeg","type":"image\/jpeg"}],"author":"TG","twitter_card":"summary_large_image","twitter_misc":{"\u00c9crit par":"TG","Dur\u00e9e de lecture estim\u00e9e":"5 minutes"},"schema":{"@context":"https:\/\/schema.org","@graph":[{"@type":"Article","@id":"https:\/\/www.thierry-groensteen.fr\/index.php\/2026\/03\/17\/toute-la-bd-dans-une-expo\/#article","isPartOf":{"@id":"https:\/\/www.thierry-groensteen.fr\/index.php\/2026\/03\/17\/toute-la-bd-dans-une-expo\/"},"author":{"name":"TG","@id":"https:\/\/www.thierry-groensteen.fr\/#\/schema\/person\/3695d4890604be69f280ebbb549210b5"},"headline":"Toute la BD dans une expo ?","datePublished":"2026-03-16T23:05:01+00:00","mainEntityOfPage":{"@id":"https:\/\/www.thierry-groensteen.fr\/index.php\/2026\/03\/17\/toute-la-bd-dans-une-expo\/"},"wordCount":985,"publisher":{"@id":"https:\/\/www.thierry-groensteen.fr\/#\/schema\/person\/3695d4890604be69f280ebbb549210b5"},"image":{"@id":"https:\/\/www.thierry-groensteen.fr\/index.php\/2026\/03\/17\/toute-la-bd-dans-une-expo\/#primaryimage"},"thumbnailUrl":"https:\/\/www.thierry-groensteen.fr\/wp-content\/uploads\/2026\/03\/Grenoble-2-scaled-e1773671775198.jpeg","articleSection":["mon Blog"],"inLanguage":"fr-FR"},{"@type":"WebPage","@id":"https:\/\/www.thierry-groensteen.fr\/index.php\/2026\/03\/17\/toute-la-bd-dans-une-expo\/","url":"https:\/\/www.thierry-groensteen.fr\/index.php\/2026\/03\/17\/toute-la-bd-dans-une-expo\/","name":"Toute la BD dans une expo ? - le site de Thierry Groensteen","isPartOf":{"@id":"https:\/\/www.thierry-groensteen.fr\/#website"},"primaryImageOfPage":{"@id":"https:\/\/www.thierry-groensteen.fr\/index.php\/2026\/03\/17\/toute-la-bd-dans-une-expo\/#primaryimage"},"image":{"@id":"https:\/\/www.thierry-groensteen.fr\/index.php\/2026\/03\/17\/toute-la-bd-dans-une-expo\/#primaryimage"},"thumbnailUrl":"https:\/\/www.thierry-groensteen.fr\/wp-content\/uploads\/2026\/03\/Grenoble-2-scaled-e1773671775198.jpeg","datePublished":"2026-03-16T23:05:01+00:00","breadcrumb":{"@id":"https:\/\/www.thierry-groensteen.fr\/index.php\/2026\/03\/17\/toute-la-bd-dans-une-expo\/#breadcrumb"},"inLanguage":"fr-FR","potentialAction":[{"@type":"ReadAction","target":["https:\/\/www.thierry-groensteen.fr\/index.php\/2026\/03\/17\/toute-la-bd-dans-une-expo\/"]}]},{"@type":"ImageObject","inLanguage":"fr-FR","@id":"https:\/\/www.thierry-groensteen.fr\/index.php\/2026\/03\/17\/toute-la-bd-dans-une-expo\/#primaryimage","url":"https:\/\/www.thierry-groensteen.fr\/wp-content\/uploads\/2026\/03\/Grenoble-2-scaled-e1773671775198.jpeg","contentUrl":"https:\/\/www.thierry-groensteen.fr\/wp-content\/uploads\/2026\/03\/Grenoble-2-scaled-e1773671775198.jpeg","width":2560,"height":1173},{"@type":"BreadcrumbList","@id":"https:\/\/www.thierry-groensteen.fr\/index.php\/2026\/03\/17\/toute-la-bd-dans-une-expo\/#breadcrumb","itemListElement":[{"@type":"ListItem","position":1,"name":"Accueil","item":"https:\/\/www.thierry-groensteen.fr\/"},{"@type":"ListItem","position":2,"name":"Toute la BD dans une expo ?"}]},{"@type":"WebSite","@id":"https:\/\/www.thierry-groensteen.fr\/#website","url":"https:\/\/www.thierry-groensteen.fr\/","name":"le site de Thierry Groensteen","description":"site officiel","publisher":{"@id":"https:\/\/www.thierry-groensteen.fr\/#\/schema\/person\/3695d4890604be69f280ebbb549210b5"},"potentialAction":[{"@type":"SearchAction","target":{"@type":"EntryPoint","urlTemplate":"https:\/\/www.thierry-groensteen.fr\/?s={search_term_string}"},"query-input":{"@type":"PropertyValueSpecification","valueRequired":true,"valueName":"search_term_string"}}],"inLanguage":"fr-FR"},{"@type":["Person","Organization"],"@id":"https:\/\/www.thierry-groensteen.fr\/#\/schema\/person\/3695d4890604be69f280ebbb549210b5","name":"TG","image":{"@type":"ImageObject","inLanguage":"fr-FR","@id":"https:\/\/www.thierry-groensteen.fr\/wp-content\/uploads\/2023\/09\/logo_ThierryGroensteen_header.png","url":"https:\/\/www.thierry-groensteen.fr\/wp-content\/uploads\/2023\/09\/logo_ThierryGroensteen_header.png","contentUrl":"https:\/\/www.thierry-groensteen.fr\/wp-content\/uploads\/2023\/09\/logo_ThierryGroensteen_header.png","width":620,"height":240,"caption":"TG"},"logo":{"@id":"https:\/\/www.thierry-groensteen.fr\/wp-content\/uploads\/2023\/09\/logo_ThierryGroensteen_header.png"},"sameAs":["https:\/\/www.thierry-groensteen.fr"],"url":"https:\/\/www.thierry-groensteen.fr\/index.php\/author\/admin5797\/"}]}},"_links":{"self":[{"href":"https:\/\/www.thierry-groensteen.fr\/index.php\/wp-json\/wp\/v2\/posts\/4032","targetHints":{"allow":["GET"]}}],"collection":[{"href":"https:\/\/www.thierry-groensteen.fr\/index.php\/wp-json\/wp\/v2\/posts"}],"about":[{"href":"https:\/\/www.thierry-groensteen.fr\/index.php\/wp-json\/wp\/v2\/types\/post"}],"author":[{"embeddable":true,"href":"https:\/\/www.thierry-groensteen.fr\/index.php\/wp-json\/wp\/v2\/users\/1"}],"replies":[{"embeddable":true,"href":"https:\/\/www.thierry-groensteen.fr\/index.php\/wp-json\/wp\/v2\/comments?post=4032"}],"version-history":[{"count":2,"href":"https:\/\/www.thierry-groensteen.fr\/index.php\/wp-json\/wp\/v2\/posts\/4032\/revisions"}],"predecessor-version":[{"id":4039,"href":"https:\/\/www.thierry-groensteen.fr\/index.php\/wp-json\/wp\/v2\/posts\/4032\/revisions\/4039"}],"wp:featuredmedia":[{"embeddable":true,"href":"https:\/\/www.thierry-groensteen.fr\/index.php\/wp-json\/wp\/v2\/media\/4037"}],"wp:attachment":[{"href":"https:\/\/www.thierry-groensteen.fr\/index.php\/wp-json\/wp\/v2\/media?parent=4032"}],"wp:term":[{"taxonomy":"category","embeddable":true,"href":"https:\/\/www.thierry-groensteen.fr\/index.php\/wp-json\/wp\/v2\/categories?post=4032"},{"taxonomy":"post_tag","embeddable":true,"href":"https:\/\/www.thierry-groensteen.fr\/index.php\/wp-json\/wp\/v2\/tags?post=4032"}],"curies":[{"name":"wp","href":"https:\/\/api.w.org\/{rel}","templated":true}]}}