{"id":3869,"date":"2025-12-02T00:05:03","date_gmt":"2025-12-01T23:05:03","guid":{"rendered":"https:\/\/www.thierry-groensteen.fr\/?p=3869"},"modified":"2025-11-24T09:16:04","modified_gmt":"2025-11-24T08:16:04","slug":"chantal-montellier-en-verite","status":"publish","type":"post","link":"https:\/\/www.thierry-groensteen.fr\/index.php\/2025\/12\/02\/chantal-montellier-en-verite\/","title":{"rendered":"Chantal Montellier, en v\u00e9rit\u00e9"},"content":{"rendered":"<p style=\"font-weight: 400;\">Faisant suite \u00e0 la r\u00e9\u00e9dition de plusieurs de ses livres et \u00e0 la grande exposition r\u00e9trospective que lui a consacr\u00e9e la Villa Arson, \u00e0 Nice, en 2023\/2024 (\u00ab\u00a0Qui a peur de Chantal Montellier\u00a0?\u00a0\u00bb), voici que para\u00eet une copieuse monographie collective sur l\u2019\u0153uvre de la cr\u00e9atrice d\u2019Andy Gang et de Julie Bristol. Dirig\u00e9 par Vanina G\u00e9r\u00e9, Camille de Brabant et Camille de Singly, <em>Chantal Montellier Irr\u00e9ductible<\/em> est un fort volume de 376 pages qui b\u00e9n\u00e9ficie du concours de divers contributeurs au nombre desquels je me compte. Il fait le bilan d\u2019une carri\u00e8re et le fait bien. On appr\u00e9ciera, en particulier, la reprise de plusieurs textes \u00e9crits sur elle entre 1978 et 2004, ainsi que l\u2019exhumation de plusieurs r\u00e9cits peu connus et difficiles \u00e0 trouver, qui sont ici republi\u00e9s dans leur int\u00e9gralit\u00e9. Je suis \u00e9galement tr\u00e8s heureux de voir que des albums tels que <em>Les R\u00eaves du fou<\/em> et <em>Blues<\/em> se voient ici r\u00e9habilit\u00e9s. Ils avaient \u00e9t\u00e9 plus ou moins d\u00e9savou\u00e9s par Montellier elle-m\u00eame au motif que leur morbidit\u00e9 aurait port\u00e9 pr\u00e9judice \u00e0 leur autrice\u00a0; or il me semble peu contestable qu\u2019ils comptent parmi les sommets de son \u0153uvre et doivent au contraire \u00eatre revendiqu\u00e9s comme de grandes r\u00e9ussites.<\/p>\n<div id=\"attachment_3873\" style=\"width: 610px\" class=\"wp-caption aligncenter\"><img decoding=\"async\" aria-describedby=\"caption-attachment-3873\" class=\"lazyload wp-image-3873 size-fusion-600\" src=\"https:\/\/www.thierry-groensteen.fr\/wp-content\/uploads\/2025\/11\/Blues-600x819.jpg\" data-orig-src=\"https:\/\/www.thierry-groensteen.fr\/wp-content\/uploads\/2025\/11\/Blues-600x819.jpg\" alt=\"Blues par Chantal Montellier\" width=\"600\" height=\"819\" srcset=\"data:image\/svg+xml,%3Csvg%20xmlns%3D%27http%3A%2F%2Fwww.w3.org%2F2000%2Fsvg%27%20width%3D%27600%27%20height%3D%27819%27%20viewBox%3D%270%200%20600%20819%27%3E%3Crect%20width%3D%27600%27%20height%3D%27819%27%20fill-opacity%3D%220%22%2F%3E%3C%2Fsvg%3E\" data-srcset=\"https:\/\/www.thierry-groensteen.fr\/wp-content\/uploads\/2025\/11\/Blues-200x273.jpg 200w, https:\/\/www.thierry-groensteen.fr\/wp-content\/uploads\/2025\/11\/Blues-220x300.jpg 220w, https:\/\/www.thierry-groensteen.fr\/wp-content\/uploads\/2025\/11\/Blues-400x546.jpg 400w, https:\/\/www.thierry-groensteen.fr\/wp-content\/uploads\/2025\/11\/Blues-600x819.jpg 600w, https:\/\/www.thierry-groensteen.fr\/wp-content\/uploads\/2025\/11\/Blues-750x1024.jpg 750w, https:\/\/www.thierry-groensteen.fr\/wp-content\/uploads\/2025\/11\/Blues-768x1048.jpg 768w, https:\/\/www.thierry-groensteen.fr\/wp-content\/uploads\/2025\/11\/Blues-800x1092.jpg 800w, https:\/\/www.thierry-groensteen.fr\/wp-content\/uploads\/2025\/11\/Blues.jpg 1038w\" data-sizes=\"auto\" data-orig-sizes=\"(max-width: 600px) 100vw, 600px\" \/><p id=\"caption-attachment-3873\" class=\"wp-caption-text\">\u00ab Nora \u00bb, Blues, \u00e9ditions Kesselring, 1979<\/p><\/div>\n<p style=\"font-weight: 400;\">Le ton g\u00e9n\u00e9ral est hagiographique et f\u00e9ministe, Montellier est c\u00e9l\u00e9br\u00e9e comme une artiste \u00ab incontournable \u00bb, embl\u00e9matique des \u00ab guerres culturelles en cours et \u00e0 venir \u00bb. Sera-t-il jug\u00e9 malvenu de rappeler que, bien avant que les milieux f\u00e9ministes ne d\u00e9couvrent Montellier et ne s\u2019en fassent un totem, ce sont des hommes, presque exclusivement (la qu\u00e9b\u00e9coise Mira Falardeau except\u00e9e) qui se sont pench\u00e9s sur son travail et en ont vant\u00e9 la puissance, la pertinence\u00a0? En l\u2019occurrence et pour ne citer que les principaux, Yves Lacroix, Philippe Sohet, Bruno Lecigne, Jean-Pierre Tamine, Philippe Marion et moi-m\u00eame.<\/p>\n<p style=\"font-weight: 400;\"><img decoding=\"async\" class=\"lazyload alignleft wp-image-3872 size-medium\" src=\"https:\/\/www.thierry-groensteen.fr\/wp-content\/uploads\/2025\/11\/Montellier-irreductible-couve-214x300.jpg\" data-orig-src=\"https:\/\/www.thierry-groensteen.fr\/wp-content\/uploads\/2025\/11\/Montellier-irreductible-couve-214x300.jpg\" alt=\"\" width=\"214\" height=\"300\" srcset=\"data:image\/svg+xml,%3Csvg%20xmlns%3D%27http%3A%2F%2Fwww.w3.org%2F2000%2Fsvg%27%20width%3D%27214%27%20height%3D%27300%27%20viewBox%3D%270%200%20214%20300%27%3E%3Crect%20width%3D%27214%27%20height%3D%27300%27%20fill-opacity%3D%220%22%2F%3E%3C%2Fsvg%3E\" data-srcset=\"https:\/\/www.thierry-groensteen.fr\/wp-content\/uploads\/2025\/11\/Montellier-irreductible-couve-200x281.jpg 200w, https:\/\/www.thierry-groensteen.fr\/wp-content\/uploads\/2025\/11\/Montellier-irreductible-couve-214x300.jpg 214w, https:\/\/www.thierry-groensteen.fr\/wp-content\/uploads\/2025\/11\/Montellier-irreductible-couve-400x562.jpg 400w, https:\/\/www.thierry-groensteen.fr\/wp-content\/uploads\/2025\/11\/Montellier-irreductible-couve-600x843.jpg 600w, https:\/\/www.thierry-groensteen.fr\/wp-content\/uploads\/2025\/11\/Montellier-irreductible-couve-729x1024.jpg 729w, https:\/\/www.thierry-groensteen.fr\/wp-content\/uploads\/2025\/11\/Montellier-irreductible-couve-768x1078.jpg 768w, https:\/\/www.thierry-groensteen.fr\/wp-content\/uploads\/2025\/11\/Montellier-irreductible-couve-800x1123.jpg 800w, https:\/\/www.thierry-groensteen.fr\/wp-content\/uploads\/2025\/11\/Montellier-irreductible-couve-1094x1536.jpg 1094w, https:\/\/www.thierry-groensteen.fr\/wp-content\/uploads\/2025\/11\/Montellier-irreductible-couve-1200x1685.jpg 1200w, https:\/\/www.thierry-groensteen.fr\/wp-content\/uploads\/2025\/11\/Montellier-irreductible-couve.jpg 1341w\" data-sizes=\"auto\" data-orig-sizes=\"(max-width: 214px) 100vw, 214px\" \/>Je suis un peu surpris, je l\u2019admets, en feuilletant l\u2019index, de constater que mon nom en est absent, ce qui signifie qu\u2019il n\u2019est mentionn\u00e9 dans aucune des \u00e9tudes qui reviennent en d\u00e9tail sur les faits d\u2019armes de Chantal Montellier. Puis-je me permettre, l\u00e0 encore, quelques rappels\u00a0? J\u2019\u00e9tais signataire du manifeste \u00ab Navrant \u00bb publi\u00e9 dans <em>Le Monde<\/em> le 28 janvier 1985, en soutien de Montellier et ses cons\u0153urs\u00a0; comme r\u00e9dacteur en chef des <em>Cahiers de la bande dessin\u00e9e<\/em>, j\u2019avais publi\u00e9 un dossier sur elle dans le n\u00b0 65 (sept.-oct. 1985), riche de huit contributions, ainsi que, dans d\u2019autres num\u00e9ros, des comptes-rendus de plusieurs de ses livres\u00a0; en 1994, j\u2019ai collabor\u00e9 au premier ouvrage critique qui lui a \u00e9t\u00e9 consacr\u00e9, <em>I am a camera\u00a0: Chantal Montellier auteur de bande dessin\u00e9e<\/em>, en accompagnement d\u2019une exposition \u00e0 l\u2019espace Delphine Seyrig\u00a0; en octobre 1995, j\u2019ai prononc\u00e9 une conf\u00e9rence sur son travail \u00e0 Washington, \u00e0 l\u2019universit\u00e9 de Georgetown\u00a0; j\u2019ai \u00e9t\u00e9 membre du jury du prix Art\u00e9misia fond\u00e9 par Chantal pendant plusieurs ann\u00e9es\u00a0; comme \u00e9diteur, je lui ai d\u2019abord command\u00e9 un r\u00e9cit de 19 pages (\u00ab Sa majest\u00e9 la mouche \u00bb) pour l\u2019ouvrage collectif <em>Noire est la Terre<\/em> (Autrement, 1996) puis, \u00e0 l\u2019An 2 et chez Actes Sud, j\u2019ai proc\u00e9d\u00e9 \u00e0 une r\u00e9\u00e9dition d\u2019<em>Odile et les crocodiles<\/em> avant d\u2019accueillir deux nouvelles cr\u00e9ations\u00a0: <em>L\u2019Insoumise<\/em> (avec \/Marie-Jos\u00e9 Jaubert, 2013) et <em>La Reconstitution<\/em> (2015). C\u2019est, il me semble, ce qui peut s\u2019appeler un compagnonnage au long cours\u00a0\u2013 lequel se poursuit avec le texte que j\u2019ai livr\u00e9 pour le volume dont je parle ici ; sans compter que j\u2019ai r\u00e9cemment bataill\u00e9 avec mes coll\u00e8gues cocurateurs pour qu\u2019elle ne soit pas absente de l\u2019exposition \u00ab Bande dessin\u00e9e, 1964-2024 \u00bb au Centre Pompidou.<\/p>\n<p style=\"font-weight: 400;\">Tout cela semble compl\u00e8tement effac\u00e9, pass\u00e9 sous silence (alors que des noms comme ceux d\u2019Etienne Robial ou de Jean-Pierre Dionnet, qui furent aussi ses \u00e9diteurs, sont mentionn\u00e9s d\u2019abondance). Il y a de quoi se demander si c\u2019est le fruit d\u2019une d\u00e9cision concert\u00e9e.<\/p>\n<p style=\"font-weight: 400;\">Mon cas personnel n\u2019est certes pas tr\u00e8s important. Mais que dire des erreurs que l\u2019on trouve dans cette monographie, s\u2019agissant d\u2019un \u00e9tablissement que je connais bien, la Cit\u00e9 internationale de la bande dessin\u00e9e et de l\u2019image\u00a0? Page 9, les trois directrices d\u2019ouvrage se demandent, pour s\u2019en indigner, pourquoi Montellier \u00ab n\u2019a pas \u00e9t\u00e9 invit\u00e9e \u00e0 la fameuse \u201ccarte blanche\u201d de la CIBDI \u00bb\u00a0? Et page 293, Vanina G\u00e9r\u00e9 assure qu\u2019\u00ab il y a assez peu de planches de Montellier dans les collections publiques\u00a0; il y en a une \u00e0 Angoul\u00eame [au mus\u00e9e de la Bande dessin\u00e9e, s\u2019entend, partie int\u00e9grante de la CIBDI], une autre \u00e0 la BnF\u2026 \u00bb Faisons d\u2019abord justice de cette derni\u00e8re affirmation\u00a0: le mus\u00e9e de la BD poss\u00e8de en r\u00e9alit\u00e9 9 planches de Montellier. Quant \u00e0 la soi-disant \u00ab\u00a0carte blanche\u00a0\u00bb, elle est si \u00ab fameuse \u00bb qu\u2019en v\u00e9rit\u00e9\u2026 elle n\u2019existe pas, n\u2019a jamais exist\u00e9. Aucune manifestation organis\u00e9e par l\u2019institution angoumoisine n\u2019a port\u00e9 ce nom. Il y a confusion, probablement, avec le concept de \u00ab Belle Saison \u00bb qui n\u2019a connu en tout et pour tout que deux \u00e9ditions, l\u2019une d\u00e9di\u00e9e \u00e0 Alfred, l\u2019autre \u00e0 Edmond Baudoin, et n\u2019a pas eu le temps de devenir fameuse.<\/p>\n<p style=\"font-weight: 400;\">Chantal Montellier \u00e9prouve du ressentiment \u00e0 l\u2019endroit de la CIBDI, estimant qu\u2019elle n\u2019y a pas \u00e9t\u00e9 c\u00e9l\u00e9br\u00e9e comme elle le m\u00e9rite (que dirait-elle du festival, qui n\u2019est curieusement pas incrimin\u00e9\u00a0?). C\u2019est son droit. Mais elle propage des informations erron\u00e9es qui sont ici prises pour argent comptant et r\u00e9p\u00e9t\u00e9es sans v\u00e9rification. Cela n\u2019est pas tr\u00e8s s\u00e9rieux et m\u00e9ritait d\u2019\u00eatre rectifi\u00e9, car les <em>fake news<\/em>, quand elles sont imprim\u00e9es, passent facilement pour des v\u00e9rit\u00e9s.<\/p>\n<p style=\"font-weight: 400;\">[ Vanina G\u00e9r\u00e9, Camille de Brabant et Camille de Singly, <em>Chantal Montellier Irr\u00e9ductible, <\/em>Les Presses du R\u00e9el, 376 pages, 28 \u20ac. ISBN\u00a0: 978-2-37896-591-4 ]<\/p>\n<div id=\"attachment_3874\" style=\"width: 610px\" class=\"wp-caption aligncenter\"><img decoding=\"async\" aria-describedby=\"caption-attachment-3874\" class=\"lazyload wp-image-3874 size-fusion-600\" src=\"https:\/\/www.thierry-groensteen.fr\/wp-content\/uploads\/2025\/11\/expo-Montellier-Villa-Arson-600x450.jpg\" data-orig-src=\"https:\/\/www.thierry-groensteen.fr\/wp-content\/uploads\/2025\/11\/expo-Montellier-Villa-Arson-600x450.jpg\" alt=\"\" width=\"600\" height=\"450\" srcset=\"data:image\/svg+xml,%3Csvg%20xmlns%3D%27http%3A%2F%2Fwww.w3.org%2F2000%2Fsvg%27%20width%3D%27600%27%20height%3D%27450%27%20viewBox%3D%270%200%20600%20450%27%3E%3Crect%20width%3D%27600%27%20height%3D%27450%27%20fill-opacity%3D%220%22%2F%3E%3C%2Fsvg%3E\" data-srcset=\"https:\/\/www.thierry-groensteen.fr\/wp-content\/uploads\/2025\/11\/expo-Montellier-Villa-Arson-200x150.jpg 200w, https:\/\/www.thierry-groensteen.fr\/wp-content\/uploads\/2025\/11\/expo-Montellier-Villa-Arson-300x225.jpg 300w, https:\/\/www.thierry-groensteen.fr\/wp-content\/uploads\/2025\/11\/expo-Montellier-Villa-Arson-400x300.jpg 400w, https:\/\/www.thierry-groensteen.fr\/wp-content\/uploads\/2025\/11\/expo-Montellier-Villa-Arson-600x450.jpg 600w, https:\/\/www.thierry-groensteen.fr\/wp-content\/uploads\/2025\/11\/expo-Montellier-Villa-Arson-768x576.jpg 768w, https:\/\/www.thierry-groensteen.fr\/wp-content\/uploads\/2025\/11\/expo-Montellier-Villa-Arson-800x600.jpg 800w, https:\/\/www.thierry-groensteen.fr\/wp-content\/uploads\/2025\/11\/expo-Montellier-Villa-Arson-1024x768.jpg 1024w, https:\/\/www.thierry-groensteen.fr\/wp-content\/uploads\/2025\/11\/expo-Montellier-Villa-Arson-1200x900.jpg 1200w, https:\/\/www.thierry-groensteen.fr\/wp-content\/uploads\/2025\/11\/expo-Montellier-Villa-Arson.jpg 1536w\" data-sizes=\"auto\" data-orig-sizes=\"(max-width: 600px) 100vw, 600px\" \/><p id=\"caption-attachment-3874\" class=\"wp-caption-text\">D\u00e9tail de l&rsquo;exposition \u00e0 la Villa Arson.<\/p><\/div>\n","protected":false},"excerpt":{"rendered":"<p>Faisant suite \u00e0 la r\u00e9\u00e9dition de plusieurs de ses livres et \u00e0 la grande exposition r\u00e9trospective que lui a consacr\u00e9e la Villa Arson, \u00e0 Nice, en 2023\/2024 (\u00ab\u00a0Qui a peur de Chantal Montellier\u00a0?\u00a0\u00bb), voici que para\u00eet une copieuse monographie collective sur l\u2019\u0153uvre de la cr\u00e9atrice d\u2019Andy Gang et de Julie Bristol. Dirig\u00e9 par Vanina [&hellip;]<\/p>\n","protected":false},"author":1,"featured_media":3875,"comment_status":"closed","ping_status":"closed","sticky":false,"template":"","format":"standard","meta":{"footnotes":""},"categories":[70],"tags":[],"class_list":["post-3869","post","type-post","status-publish","format-standard","has-post-thumbnail","hentry","category-mon-blog"],"acf":[],"yoast_head":"<!-- This site is optimized with the Yoast SEO plugin v27.4 - https:\/\/yoast.com\/product\/yoast-seo-wordpress\/ -->\n<title>Chantal Montellier, en v\u00e9rit\u00e9 - le site de Thierry Groensteen<\/title>\n<meta name=\"robots\" content=\"index, follow, max-snippet:-1, max-image-preview:large, max-video-preview:-1\" \/>\n<link rel=\"canonical\" href=\"https:\/\/www.thierry-groensteen.fr\/index.php\/2025\/12\/02\/chantal-montellier-en-verite\/\" \/>\n<meta property=\"og:locale\" content=\"fr_FR\" \/>\n<meta property=\"og:type\" content=\"article\" \/>\n<meta property=\"og:title\" content=\"Chantal Montellier, en v\u00e9rit\u00e9 - le site de Thierry Groensteen\" \/>\n<meta property=\"og:description\" content=\"Faisant suite \u00e0 la r\u00e9\u00e9dition de plusieurs de ses livres et \u00e0 la grande exposition r\u00e9trospective que lui a consacr\u00e9e la Villa Arson, \u00e0 Nice, en 2023\/2024 (\u00ab\u00a0Qui a peur de Chantal Montellier\u00a0?\u00a0\u00bb), voici que para\u00eet une copieuse monographie collective sur l\u2019\u0153uvre de la cr\u00e9atrice d\u2019Andy Gang et de Julie Bristol. Dirig\u00e9 par Vanina [&hellip;]\" \/>\n<meta property=\"og:url\" content=\"https:\/\/www.thierry-groensteen.fr\/index.php\/2025\/12\/02\/chantal-montellier-en-verite\/\" \/>\n<meta property=\"og:site_name\" content=\"le site de Thierry Groensteen\" \/>\n<meta property=\"article:published_time\" content=\"2025-12-01T23:05:03+00:00\" \/>\n<meta property=\"og:image\" content=\"https:\/\/www.thierry-groensteen.fr\/wp-content\/uploads\/2025\/11\/Montellier-irreductible-couve-1-e1763971926138.jpg\" \/>\n\t<meta property=\"og:image:width\" content=\"1340\" \/>\n\t<meta property=\"og:image:height\" content=\"615\" \/>\n\t<meta property=\"og:image:type\" content=\"image\/jpeg\" \/>\n<meta name=\"author\" content=\"TG\" \/>\n<meta name=\"twitter:card\" content=\"summary_large_image\" \/>\n<meta name=\"twitter:label1\" content=\"\u00c9crit par\" \/>\n\t<meta name=\"twitter:data1\" content=\"TG\" \/>\n\t<meta name=\"twitter:label2\" content=\"Dur\u00e9e de lecture estim\u00e9e\" \/>\n\t<meta name=\"twitter:data2\" content=\"5 minutes\" \/>\n<script type=\"application\/ld+json\" class=\"yoast-schema-graph\">{\"@context\":\"https:\\\/\\\/schema.org\",\"@graph\":[{\"@type\":\"Article\",\"@id\":\"https:\\\/\\\/www.thierry-groensteen.fr\\\/index.php\\\/2025\\\/12\\\/02\\\/chantal-montellier-en-verite\\\/#article\",\"isPartOf\":{\"@id\":\"https:\\\/\\\/www.thierry-groensteen.fr\\\/index.php\\\/2025\\\/12\\\/02\\\/chantal-montellier-en-verite\\\/\"},\"author\":{\"name\":\"TG\",\"@id\":\"https:\\\/\\\/www.thierry-groensteen.fr\\\/#\\\/schema\\\/person\\\/3695d4890604be69f280ebbb549210b5\"},\"headline\":\"Chantal Montellier, en v\u00e9rit\u00e9\",\"datePublished\":\"2025-12-01T23:05:03+00:00\",\"mainEntityOfPage\":{\"@id\":\"https:\\\/\\\/www.thierry-groensteen.fr\\\/index.php\\\/2025\\\/12\\\/02\\\/chantal-montellier-en-verite\\\/\"},\"wordCount\":1040,\"publisher\":{\"@id\":\"https:\\\/\\\/www.thierry-groensteen.fr\\\/#\\\/schema\\\/person\\\/3695d4890604be69f280ebbb549210b5\"},\"image\":{\"@id\":\"https:\\\/\\\/www.thierry-groensteen.fr\\\/index.php\\\/2025\\\/12\\\/02\\\/chantal-montellier-en-verite\\\/#primaryimage\"},\"thumbnailUrl\":\"https:\\\/\\\/www.thierry-groensteen.fr\\\/wp-content\\\/uploads\\\/2025\\\/11\\\/Montellier-irreductible-couve-1-e1763971926138.jpg\",\"articleSection\":[\"mon Blog\"],\"inLanguage\":\"fr-FR\"},{\"@type\":\"WebPage\",\"@id\":\"https:\\\/\\\/www.thierry-groensteen.fr\\\/index.php\\\/2025\\\/12\\\/02\\\/chantal-montellier-en-verite\\\/\",\"url\":\"https:\\\/\\\/www.thierry-groensteen.fr\\\/index.php\\\/2025\\\/12\\\/02\\\/chantal-montellier-en-verite\\\/\",\"name\":\"Chantal Montellier, en v\u00e9rit\u00e9 - le site de Thierry Groensteen\",\"isPartOf\":{\"@id\":\"https:\\\/\\\/www.thierry-groensteen.fr\\\/#website\"},\"primaryImageOfPage\":{\"@id\":\"https:\\\/\\\/www.thierry-groensteen.fr\\\/index.php\\\/2025\\\/12\\\/02\\\/chantal-montellier-en-verite\\\/#primaryimage\"},\"image\":{\"@id\":\"https:\\\/\\\/www.thierry-groensteen.fr\\\/index.php\\\/2025\\\/12\\\/02\\\/chantal-montellier-en-verite\\\/#primaryimage\"},\"thumbnailUrl\":\"https:\\\/\\\/www.thierry-groensteen.fr\\\/wp-content\\\/uploads\\\/2025\\\/11\\\/Montellier-irreductible-couve-1-e1763971926138.jpg\",\"datePublished\":\"2025-12-01T23:05:03+00:00\",\"breadcrumb\":{\"@id\":\"https:\\\/\\\/www.thierry-groensteen.fr\\\/index.php\\\/2025\\\/12\\\/02\\\/chantal-montellier-en-verite\\\/#breadcrumb\"},\"inLanguage\":\"fr-FR\",\"potentialAction\":[{\"@type\":\"ReadAction\",\"target\":[\"https:\\\/\\\/www.thierry-groensteen.fr\\\/index.php\\\/2025\\\/12\\\/02\\\/chantal-montellier-en-verite\\\/\"]}]},{\"@type\":\"ImageObject\",\"inLanguage\":\"fr-FR\",\"@id\":\"https:\\\/\\\/www.thierry-groensteen.fr\\\/index.php\\\/2025\\\/12\\\/02\\\/chantal-montellier-en-verite\\\/#primaryimage\",\"url\":\"https:\\\/\\\/www.thierry-groensteen.fr\\\/wp-content\\\/uploads\\\/2025\\\/11\\\/Montellier-irreductible-couve-1-e1763971926138.jpg\",\"contentUrl\":\"https:\\\/\\\/www.thierry-groensteen.fr\\\/wp-content\\\/uploads\\\/2025\\\/11\\\/Montellier-irreductible-couve-1-e1763971926138.jpg\",\"width\":1340,\"height\":615},{\"@type\":\"BreadcrumbList\",\"@id\":\"https:\\\/\\\/www.thierry-groensteen.fr\\\/index.php\\\/2025\\\/12\\\/02\\\/chantal-montellier-en-verite\\\/#breadcrumb\",\"itemListElement\":[{\"@type\":\"ListItem\",\"position\":1,\"name\":\"Accueil\",\"item\":\"https:\\\/\\\/www.thierry-groensteen.fr\\\/\"},{\"@type\":\"ListItem\",\"position\":2,\"name\":\"Chantal Montellier, en v\u00e9rit\u00e9\"}]},{\"@type\":\"WebSite\",\"@id\":\"https:\\\/\\\/www.thierry-groensteen.fr\\\/#website\",\"url\":\"https:\\\/\\\/www.thierry-groensteen.fr\\\/\",\"name\":\"le site de Thierry Groensteen\",\"description\":\"site officiel\",\"publisher\":{\"@id\":\"https:\\\/\\\/www.thierry-groensteen.fr\\\/#\\\/schema\\\/person\\\/3695d4890604be69f280ebbb549210b5\"},\"potentialAction\":[{\"@type\":\"SearchAction\",\"target\":{\"@type\":\"EntryPoint\",\"urlTemplate\":\"https:\\\/\\\/www.thierry-groensteen.fr\\\/?s={search_term_string}\"},\"query-input\":{\"@type\":\"PropertyValueSpecification\",\"valueRequired\":true,\"valueName\":\"search_term_string\"}}],\"inLanguage\":\"fr-FR\"},{\"@type\":[\"Person\",\"Organization\"],\"@id\":\"https:\\\/\\\/www.thierry-groensteen.fr\\\/#\\\/schema\\\/person\\\/3695d4890604be69f280ebbb549210b5\",\"name\":\"TG\",\"image\":{\"@type\":\"ImageObject\",\"inLanguage\":\"fr-FR\",\"@id\":\"https:\\\/\\\/www.thierry-groensteen.fr\\\/wp-content\\\/uploads\\\/2023\\\/09\\\/logo_ThierryGroensteen_header.png\",\"url\":\"https:\\\/\\\/www.thierry-groensteen.fr\\\/wp-content\\\/uploads\\\/2023\\\/09\\\/logo_ThierryGroensteen_header.png\",\"contentUrl\":\"https:\\\/\\\/www.thierry-groensteen.fr\\\/wp-content\\\/uploads\\\/2023\\\/09\\\/logo_ThierryGroensteen_header.png\",\"width\":620,\"height\":240,\"caption\":\"TG\"},\"logo\":{\"@id\":\"https:\\\/\\\/www.thierry-groensteen.fr\\\/wp-content\\\/uploads\\\/2023\\\/09\\\/logo_ThierryGroensteen_header.png\"},\"sameAs\":[\"https:\\\/\\\/www.thierry-groensteen.fr\"],\"url\":\"https:\\\/\\\/www.thierry-groensteen.fr\\\/index.php\\\/author\\\/admin5797\\\/\"}]}<\/script>\n<!-- \/ Yoast SEO plugin. -->","yoast_head_json":{"title":"Chantal Montellier, en v\u00e9rit\u00e9 - le site de Thierry Groensteen","robots":{"index":"index","follow":"follow","max-snippet":"max-snippet:-1","max-image-preview":"max-image-preview:large","max-video-preview":"max-video-preview:-1"},"canonical":"https:\/\/www.thierry-groensteen.fr\/index.php\/2025\/12\/02\/chantal-montellier-en-verite\/","og_locale":"fr_FR","og_type":"article","og_title":"Chantal Montellier, en v\u00e9rit\u00e9 - le site de Thierry Groensteen","og_description":"Faisant suite \u00e0 la r\u00e9\u00e9dition de plusieurs de ses livres et \u00e0 la grande exposition r\u00e9trospective que lui a consacr\u00e9e la Villa Arson, \u00e0 Nice, en 2023\/2024 (\u00ab\u00a0Qui a peur de Chantal Montellier\u00a0?\u00a0\u00bb), voici que para\u00eet une copieuse monographie collective sur l\u2019\u0153uvre de la cr\u00e9atrice d\u2019Andy Gang et de Julie Bristol. Dirig\u00e9 par Vanina [&hellip;]","og_url":"https:\/\/www.thierry-groensteen.fr\/index.php\/2025\/12\/02\/chantal-montellier-en-verite\/","og_site_name":"le site de Thierry Groensteen","article_published_time":"2025-12-01T23:05:03+00:00","og_image":[{"width":1340,"height":615,"url":"https:\/\/www.thierry-groensteen.fr\/wp-content\/uploads\/2025\/11\/Montellier-irreductible-couve-1-e1763971926138.jpg","type":"image\/jpeg"}],"author":"TG","twitter_card":"summary_large_image","twitter_misc":{"\u00c9crit par":"TG","Dur\u00e9e de lecture estim\u00e9e":"5 minutes"},"schema":{"@context":"https:\/\/schema.org","@graph":[{"@type":"Article","@id":"https:\/\/www.thierry-groensteen.fr\/index.php\/2025\/12\/02\/chantal-montellier-en-verite\/#article","isPartOf":{"@id":"https:\/\/www.thierry-groensteen.fr\/index.php\/2025\/12\/02\/chantal-montellier-en-verite\/"},"author":{"name":"TG","@id":"https:\/\/www.thierry-groensteen.fr\/#\/schema\/person\/3695d4890604be69f280ebbb549210b5"},"headline":"Chantal Montellier, en v\u00e9rit\u00e9","datePublished":"2025-12-01T23:05:03+00:00","mainEntityOfPage":{"@id":"https:\/\/www.thierry-groensteen.fr\/index.php\/2025\/12\/02\/chantal-montellier-en-verite\/"},"wordCount":1040,"publisher":{"@id":"https:\/\/www.thierry-groensteen.fr\/#\/schema\/person\/3695d4890604be69f280ebbb549210b5"},"image":{"@id":"https:\/\/www.thierry-groensteen.fr\/index.php\/2025\/12\/02\/chantal-montellier-en-verite\/#primaryimage"},"thumbnailUrl":"https:\/\/www.thierry-groensteen.fr\/wp-content\/uploads\/2025\/11\/Montellier-irreductible-couve-1-e1763971926138.jpg","articleSection":["mon Blog"],"inLanguage":"fr-FR"},{"@type":"WebPage","@id":"https:\/\/www.thierry-groensteen.fr\/index.php\/2025\/12\/02\/chantal-montellier-en-verite\/","url":"https:\/\/www.thierry-groensteen.fr\/index.php\/2025\/12\/02\/chantal-montellier-en-verite\/","name":"Chantal Montellier, en v\u00e9rit\u00e9 - le site de Thierry Groensteen","isPartOf":{"@id":"https:\/\/www.thierry-groensteen.fr\/#website"},"primaryImageOfPage":{"@id":"https:\/\/www.thierry-groensteen.fr\/index.php\/2025\/12\/02\/chantal-montellier-en-verite\/#primaryimage"},"image":{"@id":"https:\/\/www.thierry-groensteen.fr\/index.php\/2025\/12\/02\/chantal-montellier-en-verite\/#primaryimage"},"thumbnailUrl":"https:\/\/www.thierry-groensteen.fr\/wp-content\/uploads\/2025\/11\/Montellier-irreductible-couve-1-e1763971926138.jpg","datePublished":"2025-12-01T23:05:03+00:00","breadcrumb":{"@id":"https:\/\/www.thierry-groensteen.fr\/index.php\/2025\/12\/02\/chantal-montellier-en-verite\/#breadcrumb"},"inLanguage":"fr-FR","potentialAction":[{"@type":"ReadAction","target":["https:\/\/www.thierry-groensteen.fr\/index.php\/2025\/12\/02\/chantal-montellier-en-verite\/"]}]},{"@type":"ImageObject","inLanguage":"fr-FR","@id":"https:\/\/www.thierry-groensteen.fr\/index.php\/2025\/12\/02\/chantal-montellier-en-verite\/#primaryimage","url":"https:\/\/www.thierry-groensteen.fr\/wp-content\/uploads\/2025\/11\/Montellier-irreductible-couve-1-e1763971926138.jpg","contentUrl":"https:\/\/www.thierry-groensteen.fr\/wp-content\/uploads\/2025\/11\/Montellier-irreductible-couve-1-e1763971926138.jpg","width":1340,"height":615},{"@type":"BreadcrumbList","@id":"https:\/\/www.thierry-groensteen.fr\/index.php\/2025\/12\/02\/chantal-montellier-en-verite\/#breadcrumb","itemListElement":[{"@type":"ListItem","position":1,"name":"Accueil","item":"https:\/\/www.thierry-groensteen.fr\/"},{"@type":"ListItem","position":2,"name":"Chantal Montellier, en v\u00e9rit\u00e9"}]},{"@type":"WebSite","@id":"https:\/\/www.thierry-groensteen.fr\/#website","url":"https:\/\/www.thierry-groensteen.fr\/","name":"le site de Thierry Groensteen","description":"site officiel","publisher":{"@id":"https:\/\/www.thierry-groensteen.fr\/#\/schema\/person\/3695d4890604be69f280ebbb549210b5"},"potentialAction":[{"@type":"SearchAction","target":{"@type":"EntryPoint","urlTemplate":"https:\/\/www.thierry-groensteen.fr\/?s={search_term_string}"},"query-input":{"@type":"PropertyValueSpecification","valueRequired":true,"valueName":"search_term_string"}}],"inLanguage":"fr-FR"},{"@type":["Person","Organization"],"@id":"https:\/\/www.thierry-groensteen.fr\/#\/schema\/person\/3695d4890604be69f280ebbb549210b5","name":"TG","image":{"@type":"ImageObject","inLanguage":"fr-FR","@id":"https:\/\/www.thierry-groensteen.fr\/wp-content\/uploads\/2023\/09\/logo_ThierryGroensteen_header.png","url":"https:\/\/www.thierry-groensteen.fr\/wp-content\/uploads\/2023\/09\/logo_ThierryGroensteen_header.png","contentUrl":"https:\/\/www.thierry-groensteen.fr\/wp-content\/uploads\/2023\/09\/logo_ThierryGroensteen_header.png","width":620,"height":240,"caption":"TG"},"logo":{"@id":"https:\/\/www.thierry-groensteen.fr\/wp-content\/uploads\/2023\/09\/logo_ThierryGroensteen_header.png"},"sameAs":["https:\/\/www.thierry-groensteen.fr"],"url":"https:\/\/www.thierry-groensteen.fr\/index.php\/author\/admin5797\/"}]}},"_links":{"self":[{"href":"https:\/\/www.thierry-groensteen.fr\/index.php\/wp-json\/wp\/v2\/posts\/3869","targetHints":{"allow":["GET"]}}],"collection":[{"href":"https:\/\/www.thierry-groensteen.fr\/index.php\/wp-json\/wp\/v2\/posts"}],"about":[{"href":"https:\/\/www.thierry-groensteen.fr\/index.php\/wp-json\/wp\/v2\/types\/post"}],"author":[{"embeddable":true,"href":"https:\/\/www.thierry-groensteen.fr\/index.php\/wp-json\/wp\/v2\/users\/1"}],"replies":[{"embeddable":true,"href":"https:\/\/www.thierry-groensteen.fr\/index.php\/wp-json\/wp\/v2\/comments?post=3869"}],"version-history":[{"count":4,"href":"https:\/\/www.thierry-groensteen.fr\/index.php\/wp-json\/wp\/v2\/posts\/3869\/revisions"}],"predecessor-version":[{"id":3877,"href":"https:\/\/www.thierry-groensteen.fr\/index.php\/wp-json\/wp\/v2\/posts\/3869\/revisions\/3877"}],"wp:featuredmedia":[{"embeddable":true,"href":"https:\/\/www.thierry-groensteen.fr\/index.php\/wp-json\/wp\/v2\/media\/3875"}],"wp:attachment":[{"href":"https:\/\/www.thierry-groensteen.fr\/index.php\/wp-json\/wp\/v2\/media?parent=3869"}],"wp:term":[{"taxonomy":"category","embeddable":true,"href":"https:\/\/www.thierry-groensteen.fr\/index.php\/wp-json\/wp\/v2\/categories?post=3869"},{"taxonomy":"post_tag","embeddable":true,"href":"https:\/\/www.thierry-groensteen.fr\/index.php\/wp-json\/wp\/v2\/tags?post=3869"}],"curies":[{"name":"wp","href":"https:\/\/api.w.org\/{rel}","templated":true}]}}