{"id":3779,"date":"2025-10-19T00:05:56","date_gmt":"2025-10-18T22:05:56","guid":{"rendered":"https:\/\/www.thierry-groensteen.fr\/?p=3779"},"modified":"2025-10-14T09:24:19","modified_gmt":"2025-10-14T07:24:19","slug":"songes-darchitecte","status":"publish","type":"post","link":"https:\/\/www.thierry-groensteen.fr\/index.php\/2025\/10\/19\/songes-darchitecte\/","title":{"rendered":"Songes d\u2019architecte"},"content":{"rendered":"<p style=\"font-weight: 400;\"><em>Le Sentier<\/em>, de Sammy Stein, est \u00e0 coup s\u00fbr l\u2019un des albums les plus d\u00e9concertants qui me soit jamais tomb\u00e9 entre les mains. Non par son format\u00a0\u2013 un 48 CC \u2013 mais par son contenu, ses parti-pris narratifs et formels. Imaginez plut\u00f4t\u00a0: au fil de pages aux couleurs acides, imprim\u00e9es sur un papier brillant, nous d\u00e9ambulons dans une sorte de labyrinthe architectural dont la nature exacte nous \u00e9chappe, en compagnie de deux personnages qui en cherchent l\u2019issue. On les voit peu, mais on suit leur dialogue. Ce n\u2019est qu\u2019\u00e0 la toute fin du parcours qu\u2019ils rencontrent un troisi\u00e8me individu qui se pr\u00e9tend l\u2019architecte des lieux et leur indique une sortie\u2026 bien incertaine.<\/p>\n<p style=\"font-weight: 400;\"><img decoding=\"async\" class=\"lazyload size-medium wp-image-3781 alignright\" src=\"https:\/\/www.thierry-groensteen.fr\/wp-content\/uploads\/2025\/10\/Couve-Sammy-Stein-213x300.jpg\" data-orig-src=\"https:\/\/www.thierry-groensteen.fr\/wp-content\/uploads\/2025\/10\/Couve-Sammy-Stein-213x300.jpg\" alt=\"\" width=\"213\" height=\"300\" srcset=\"data:image\/svg+xml,%3Csvg%20xmlns%3D%27http%3A%2F%2Fwww.w3.org%2F2000%2Fsvg%27%20width%3D%27213%27%20height%3D%27300%27%20viewBox%3D%270%200%20213%20300%27%3E%3Crect%20width%3D%27213%27%20height%3D%27300%27%20fill-opacity%3D%220%22%2F%3E%3C%2Fsvg%3E\" data-srcset=\"https:\/\/www.thierry-groensteen.fr\/wp-content\/uploads\/2025\/10\/Couve-Sammy-Stein-200x281.jpg 200w, https:\/\/www.thierry-groensteen.fr\/wp-content\/uploads\/2025\/10\/Couve-Sammy-Stein-213x300.jpg 213w, https:\/\/www.thierry-groensteen.fr\/wp-content\/uploads\/2025\/10\/Couve-Sammy-Stein-400x562.jpg 400w, https:\/\/www.thierry-groensteen.fr\/wp-content\/uploads\/2025\/10\/Couve-Sammy-Stein-600x843.jpg 600w, https:\/\/www.thierry-groensteen.fr\/wp-content\/uploads\/2025\/10\/Couve-Sammy-Stein-728x1024.jpg 728w, https:\/\/www.thierry-groensteen.fr\/wp-content\/uploads\/2025\/10\/Couve-Sammy-Stein-768x1080.jpg 768w, https:\/\/www.thierry-groensteen.fr\/wp-content\/uploads\/2025\/10\/Couve-Sammy-Stein-800x1125.jpg 800w, https:\/\/www.thierry-groensteen.fr\/wp-content\/uploads\/2025\/10\/Couve-Sammy-Stein-1093x1536.jpg 1093w, https:\/\/www.thierry-groensteen.fr\/wp-content\/uploads\/2025\/10\/Couve-Sammy-Stein-1200x1687.jpg 1200w, https:\/\/www.thierry-groensteen.fr\/wp-content\/uploads\/2025\/10\/Couve-Sammy-Stein-1457x2048.jpg 1457w, https:\/\/www.thierry-groensteen.fr\/wp-content\/uploads\/2025\/10\/Couve-Sammy-Stein.jpg 1713w\" data-sizes=\"auto\" data-orig-sizes=\"(max-width: 213px) 100vw, 213px\" \/>Sur la foi de ce \u00ab pitch \u00bb, on pensera peut-\u00eatre qu\u2019il s\u2019agit, somme toute, d\u2019un r\u00e9cit assez lin\u00e9aire, sans beaucoup de p\u00e9rip\u00e9ties, tout entier tendu vers un enjeu unique. Rien de bien extraordinaire, en somme. Voire. En r\u00e9alit\u00e9, cinq param\u00e8tres se conjuguent pour fabriquer, \u00e0 partir de cette trame, un livre qui ne ressemble \u00e0 rien de connu.<\/p>\n<p style=\"font-weight: 400;\">Premi\u00e8rement, nos deux cicerones se r\u00e9v\u00e8lent \u00eatre un ventriloque et sa marionnette. Leur identit\u00e9 n\u2019est pas pos\u00e9e d\u2019embl\u00e9e. On se demande tout d\u2019abord pourquoi l\u2019un des deux est dessin\u00e9 dans un style plut\u00f4t r\u00e9aliste et l\u2019autre de fa\u00e7on plus grotesque \u2013 il pourrait s\u2019agir d\u2019un choix visant simplement \u00e0 les mettre en opposition, fa\u00e7on clown blanc <em>vs<\/em> auguste \u2013 mais deux vignettes, distantes de huit pages, montrent la nature de leur relation. Cependant leur identit\u00e9 particuli\u00e8re ne contribue pas \u00e0 \u00e9lucider la situation dans laquelle ils se trouvent, elle \u00e9paissit plut\u00f4t le myst\u00e8re.<\/p>\n<p style=\"font-weight: 400;\">Deuxi\u00e8mement, le dessinateur a pris le parti de ne jamais montrer les personnages et les d\u00e9cors dans les m\u00eames images. Il propose beaucoup de vues sur des lieux vides, et de temps \u00e0 autre un portrait de l\u2019un ou de l\u2019autre des interlocuteurs, sur fond neutre. Il n\u2019y a pas de solidarit\u00e9 ni d\u2019interaction visible entre figures et lieux. Seule la teneur des propos \u00e9chang\u00e9s fait le lien entre ces deux s\u00e9ries d\u2019images dissoci\u00e9es.<\/p>\n<p style=\"font-weight: 400;\">Troisi\u00e8mement, bien que publi\u00e9 par un \u00e9diteur de Leipzig, l\u2019album est bilingue fran\u00e7ais\/anglais, le texte fran\u00e7ais \u00e9tant syst\u00e9matiquement plac\u00e9 au-dessus des vignettes, le texte anglais dessous. Ce dispositif ne va pas sans brouiller un peu le parcours de lecture. Celui-ci doit s\u2019accommoder d\u2019images qui ne sont pas de hauteur \u00e9gale et rang\u00e9es dans les alignements conventionnels d\u2019une BD ordinaire\u00a0; il arrive d\u00e8s lors, fr\u00e9quemment, que l\u2019\u0153il s\u2019arr\u00eate sur une phrase en anglais qui vient en quelque sorte s\u2019interpoler dans un parcours quelque peu erratique, le parasiter, et n\u00e9cessiter d\u2019\u00eatre \u00e9cart\u00e9e.<\/p>\n<p style=\"font-weight: 400;\">Quatri\u00e8mement, alors que la grande majorit\u00e9 des images consistent en vues d\u2019escaliers, de murs, de colonnes, de tuyaux \u00e9nigmatiques, la composition des pages int\u00e8gre elle-m\u00eame des \u00e9l\u00e9ments architecturaux, qui construisent des ponts entre les cadres ou creusent l\u2019espace de la page. Comme si la nature de ce qui est montr\u00e9 avait contamin\u00e9 le mode d\u2019\u00e9nonciation.<\/p>\n<p><img decoding=\"async\" class=\"lazyload aligncenter wp-image-3782 size-fusion-600\" src=\"https:\/\/www.thierry-groensteen.fr\/wp-content\/uploads\/2025\/10\/Sammy-Stein-1-600x843.jpg\" data-orig-src=\"https:\/\/www.thierry-groensteen.fr\/wp-content\/uploads\/2025\/10\/Sammy-Stein-1-600x843.jpg\" alt=\"\" width=\"600\" height=\"843\" srcset=\"data:image\/svg+xml,%3Csvg%20xmlns%3D%27http%3A%2F%2Fwww.w3.org%2F2000%2Fsvg%27%20width%3D%27600%27%20height%3D%27843%27%20viewBox%3D%270%200%20600%20843%27%3E%3Crect%20width%3D%27600%27%20height%3D%27843%27%20fill-opacity%3D%220%22%2F%3E%3C%2Fsvg%3E\" data-srcset=\"https:\/\/www.thierry-groensteen.fr\/wp-content\/uploads\/2025\/10\/Sammy-Stein-1-200x281.jpg 200w, https:\/\/www.thierry-groensteen.fr\/wp-content\/uploads\/2025\/10\/Sammy-Stein-1-214x300.jpg 214w, https:\/\/www.thierry-groensteen.fr\/wp-content\/uploads\/2025\/10\/Sammy-Stein-1-400x562.jpg 400w, https:\/\/www.thierry-groensteen.fr\/wp-content\/uploads\/2025\/10\/Sammy-Stein-1-600x843.jpg 600w, https:\/\/www.thierry-groensteen.fr\/wp-content\/uploads\/2025\/10\/Sammy-Stein-1-729x1024.jpg 729w, https:\/\/www.thierry-groensteen.fr\/wp-content\/uploads\/2025\/10\/Sammy-Stein-1-768x1078.jpg 768w, https:\/\/www.thierry-groensteen.fr\/wp-content\/uploads\/2025\/10\/Sammy-Stein-1-800x1123.jpg 800w, https:\/\/www.thierry-groensteen.fr\/wp-content\/uploads\/2025\/10\/Sammy-Stein-1-1094x1536.jpg 1094w, https:\/\/www.thierry-groensteen.fr\/wp-content\/uploads\/2025\/10\/Sammy-Stein-1-1200x1685.jpg 1200w, https:\/\/www.thierry-groensteen.fr\/wp-content\/uploads\/2025\/10\/Sammy-Stein-1-1458x2048.jpg 1458w, https:\/\/www.thierry-groensteen.fr\/wp-content\/uploads\/2025\/10\/Sammy-Stein-1.jpg 1687w\" data-sizes=\"auto\" data-orig-sizes=\"(max-width: 600px) 100vw, 600px\" \/><\/p>\n<p style=\"font-weight: 400;\">Enfin, le livre comprend une dizaine de <em>splash pages<\/em>, images en pleine page qui ne sont accompagn\u00e9es d\u2019aucun fragment de dialogues mais toujours d\u2019une date entre guillemets. Cette suite sugg\u00e8re de troublants sauts temporels, dans une fourchette allant de \u00ab 1990 \u00bb (date la plus recul\u00e9e) \u00e0 \u00ab 3050 \u00bb (date la plus avanc\u00e9e).<\/p>\n<p style=\"font-weight: 400;\">Form\u00e9 aux Beaux-Arts de Paris, Sammy Stein, qui a l\u2019autre pied dans le milieu de l\u2019art contemporain, n\u2019est pas un inconnu dans le petit monde de la bande dessin\u00e9e exp\u00e9rimentale, puisqu\u2019il est l\u2019un des \u00e9diteurs de la belle revue <em>Lagon<\/em> \u2013 qui a eu les honneurs d\u2019une r\u00e9trospective au sous-sol du Centre Pompidou l\u2019ann\u00e9e derni\u00e8re, dans le cadre de l\u2019op\u00e9ration \u00ab La BD \u00e0 tous les \u00e9tages \u00bb.<\/p>\n<p style=\"font-weight: 400;\"><em>Le Sentier<\/em> pr\u00e9sente des traits d\u2019une grande originalit\u00e9 mais aussi des \u00e9l\u00e9ments caract\u00e9ristiques de l\u2019avant-garde, comme la dimension <em>m\u00e9ta<\/em> qui se manifeste ici surtout dans les pages d\u2019un soi-disant \u00ab cahier de l\u2019architecte \u00bb o\u00f9 l\u2019on voit, \u00e0 partir d\u2019un carroyage de l\u2019espace, na\u00eetre une s\u00e9quence graphique, et s\u2019inventer la bande dessin\u00e9e. Cette s\u00e9quence s\u2019inscrit d\u2019ailleurs dans la continuit\u00e9 du fascicule de 16 pages intitul\u00e9 <em>Crayon #1<\/em>, que l\u2019artiste avait publi\u00e9 en 2017 aux \u00e9ditions Mati\u00e8re.<\/p>\n<p style=\"font-weight: 400;\">Pour moi, ce nouveau livre est presque certainement en dette vis-\u00e0-vis de cette \u0153uvre s\u00e9minale que fut <em>La Cage<\/em>, de Martin Vaughn-James, laquelle m\u2019a, certains le savent sans doute, quelque peu occup\u00e9 nagu\u00e8re. Les lieux vides de toute trace humaine, les sauts temporels, l\u2019id\u00e9e de \u00ab\u00a0mus\u00e9e \u00bb et plus encore la pyramide mill\u00e9sim\u00e9e \u00ab 1990\u00a0\u00bb sont autant d\u2019\u00e9l\u00e9ments qui, me semble-t-il, renvoient directement vers ce <em>roman visuel <\/em>dessin\u00e9 au d\u00e9but des ann\u00e9es 1970 et publi\u00e9 pour la premi\u00e8re fois en France en\u2026 1986.<\/p>\n<p><img decoding=\"async\" class=\"lazyload aligncenter wp-image-3783 size-fusion-400\" src=\"https:\/\/www.thierry-groensteen.fr\/wp-content\/uploads\/2025\/10\/Sammy-Stein-2-400x548.jpg\" data-orig-src=\"https:\/\/www.thierry-groensteen.fr\/wp-content\/uploads\/2025\/10\/Sammy-Stein-2-400x548.jpg\" alt=\"\" width=\"400\" height=\"548\" srcset=\"data:image\/svg+xml,%3Csvg%20xmlns%3D%27http%3A%2F%2Fwww.w3.org%2F2000%2Fsvg%27%20width%3D%27400%27%20height%3D%27548%27%20viewBox%3D%270%200%20400%20548%27%3E%3Crect%20width%3D%27400%27%20height%3D%27548%27%20fill-opacity%3D%220%22%2F%3E%3C%2Fsvg%3E\" data-srcset=\"https:\/\/www.thierry-groensteen.fr\/wp-content\/uploads\/2025\/10\/Sammy-Stein-2-200x274.jpg 200w, https:\/\/www.thierry-groensteen.fr\/wp-content\/uploads\/2025\/10\/Sammy-Stein-2-219x300.jpg 219w, https:\/\/www.thierry-groensteen.fr\/wp-content\/uploads\/2025\/10\/Sammy-Stein-2-400x548.jpg 400w, https:\/\/www.thierry-groensteen.fr\/wp-content\/uploads\/2025\/10\/Sammy-Stein-2-600x822.jpg 600w, https:\/\/www.thierry-groensteen.fr\/wp-content\/uploads\/2025\/10\/Sammy-Stein-2-748x1024.jpg 748w, https:\/\/www.thierry-groensteen.fr\/wp-content\/uploads\/2025\/10\/Sammy-Stein-2-768x1052.jpg 768w, https:\/\/www.thierry-groensteen.fr\/wp-content\/uploads\/2025\/10\/Sammy-Stein-2-800x1095.jpg 800w, https:\/\/www.thierry-groensteen.fr\/wp-content\/uploads\/2025\/10\/Sammy-Stein-2-1122x1536.jpg 1122w, https:\/\/www.thierry-groensteen.fr\/wp-content\/uploads\/2025\/10\/Sammy-Stein-2-1200x1643.jpg 1200w, https:\/\/www.thierry-groensteen.fr\/wp-content\/uploads\/2025\/10\/Sammy-Stein-2-1496x2048.jpg 1496w, https:\/\/www.thierry-groensteen.fr\/wp-content\/uploads\/2025\/10\/Sammy-Stein-2.jpg 1714w\" data-sizes=\"auto\" data-orig-sizes=\"(max-width: 400px) 100vw, 400px\" \/><\/p>\n<p style=\"font-weight: 400;\">Les structures et \u00e9difices repr\u00e9sent\u00e9s dans <em>Le Sentier<\/em> sont en fait ceux con\u00e7us par le cabinet o-s architectes pour le quartier d\u2019Atalante Viasilva \u00e0 Cesson-S\u00e9vign\u00e9, en p\u00e9riph\u00e9rie de Rennes, soit un p\u00f4le multimodal constitu\u00e9 principalement d\u2019un parking livr\u00e9 en 2023 (au toit couvert d\u2019une centrale photovolta\u00efque) et une gare de bus en cours d\u2019ach\u00e8vement. Comme le pr\u00e9cise encore la 4<sup>e<\/sup> de couve, les architectes ont choisi de \u00ab pr\u00e9senter le b\u00e2timent qu\u2019ils ont construit \u00e0 travers le regard d\u2019un artiste \u00bb. Tout est soudain beaucoup plus clair\u00a0!<\/p>\n<p style=\"font-weight: 400;\">[ Sammy Stein, <em>Le Sentier<\/em>, Spector Books, ISBN 978-3-95905-868-1 ]<\/p>\n","protected":false},"excerpt":{"rendered":"<p>Le Sentier, de Sammy Stein, est \u00e0 coup s\u00fbr l\u2019un des albums les plus d\u00e9concertants qui me soit jamais tomb\u00e9 entre les mains. Non par son format\u00a0\u2013 un 48 CC \u2013 mais par son contenu, ses parti-pris narratifs et formels. Imaginez plut\u00f4t\u00a0: au fil de pages aux couleurs acides, imprim\u00e9es sur un papier brillant, [&hellip;]<\/p>\n","protected":false},"author":1,"featured_media":3784,"comment_status":"closed","ping_status":"closed","sticky":false,"template":"","format":"standard","meta":{"footnotes":""},"categories":[70],"tags":[],"class_list":["post-3779","post","type-post","status-publish","format-standard","has-post-thumbnail","hentry","category-mon-blog"],"acf":[],"yoast_head":"<!-- This site is optimized with the Yoast SEO plugin v27.5 - https:\/\/yoast.com\/product\/yoast-seo-wordpress\/ -->\n<title>Songes d\u2019architecte - le site de Thierry Groensteen<\/title>\n<meta name=\"robots\" content=\"index, follow, max-snippet:-1, max-image-preview:large, max-video-preview:-1\" \/>\n<link rel=\"canonical\" href=\"https:\/\/www.thierry-groensteen.fr\/index.php\/2025\/10\/19\/songes-darchitecte\/\" \/>\n<meta property=\"og:locale\" content=\"fr_FR\" \/>\n<meta property=\"og:type\" content=\"article\" \/>\n<meta property=\"og:title\" content=\"Songes d\u2019architecte - le site de Thierry Groensteen\" \/>\n<meta property=\"og:description\" content=\"Le Sentier, de Sammy Stein, est \u00e0 coup s\u00fbr l\u2019un des albums les plus d\u00e9concertants qui me soit jamais tomb\u00e9 entre les mains. Non par son format\u00a0\u2013 un 48 CC \u2013 mais par son contenu, ses parti-pris narratifs et formels. Imaginez plut\u00f4t\u00a0: au fil de pages aux couleurs acides, imprim\u00e9es sur un papier brillant, [&hellip;]\" \/>\n<meta property=\"og:url\" content=\"https:\/\/www.thierry-groensteen.fr\/index.php\/2025\/10\/19\/songes-darchitecte\/\" \/>\n<meta property=\"og:site_name\" content=\"le site de Thierry Groensteen\" \/>\n<meta property=\"article:published_time\" content=\"2025-10-18T22:05:56+00:00\" \/>\n<meta property=\"og:image\" content=\"https:\/\/www.thierry-groensteen.fr\/wp-content\/uploads\/2025\/10\/Sammy-Stein-2-1-e1760426543683.jpg\" \/>\n\t<meta property=\"og:image:width\" content=\"1713\" \/>\n\t<meta property=\"og:image:height\" content=\"786\" \/>\n\t<meta property=\"og:image:type\" content=\"image\/jpeg\" \/>\n<meta name=\"author\" content=\"TG\" \/>\n<meta name=\"twitter:card\" content=\"summary_large_image\" \/>\n<meta name=\"twitter:label1\" content=\"\u00c9crit par\" \/>\n\t<meta name=\"twitter:data1\" content=\"TG\" \/>\n\t<meta name=\"twitter:label2\" content=\"Dur\u00e9e de lecture estim\u00e9e\" \/>\n\t<meta name=\"twitter:data2\" content=\"6 minutes\" \/>\n<script type=\"application\/ld+json\" class=\"yoast-schema-graph\">{\"@context\":\"https:\\\/\\\/schema.org\",\"@graph\":[{\"@type\":\"Article\",\"@id\":\"https:\\\/\\\/www.thierry-groensteen.fr\\\/index.php\\\/2025\\\/10\\\/19\\\/songes-darchitecte\\\/#article\",\"isPartOf\":{\"@id\":\"https:\\\/\\\/www.thierry-groensteen.fr\\\/index.php\\\/2025\\\/10\\\/19\\\/songes-darchitecte\\\/\"},\"author\":{\"name\":\"TG\",\"@id\":\"https:\\\/\\\/www.thierry-groensteen.fr\\\/#\\\/schema\\\/person\\\/3695d4890604be69f280ebbb549210b5\"},\"headline\":\"Songes d\u2019architecte\",\"datePublished\":\"2025-10-18T22:05:56+00:00\",\"mainEntityOfPage\":{\"@id\":\"https:\\\/\\\/www.thierry-groensteen.fr\\\/index.php\\\/2025\\\/10\\\/19\\\/songes-darchitecte\\\/\"},\"wordCount\":976,\"publisher\":{\"@id\":\"https:\\\/\\\/www.thierry-groensteen.fr\\\/#\\\/schema\\\/person\\\/3695d4890604be69f280ebbb549210b5\"},\"image\":{\"@id\":\"https:\\\/\\\/www.thierry-groensteen.fr\\\/index.php\\\/2025\\\/10\\\/19\\\/songes-darchitecte\\\/#primaryimage\"},\"thumbnailUrl\":\"https:\\\/\\\/www.thierry-groensteen.fr\\\/wp-content\\\/uploads\\\/2025\\\/10\\\/Sammy-Stein-2-1-e1760426543683.jpg\",\"articleSection\":[\"mon Blog\"],\"inLanguage\":\"fr-FR\"},{\"@type\":\"WebPage\",\"@id\":\"https:\\\/\\\/www.thierry-groensteen.fr\\\/index.php\\\/2025\\\/10\\\/19\\\/songes-darchitecte\\\/\",\"url\":\"https:\\\/\\\/www.thierry-groensteen.fr\\\/index.php\\\/2025\\\/10\\\/19\\\/songes-darchitecte\\\/\",\"name\":\"Songes d\u2019architecte - le site de Thierry Groensteen\",\"isPartOf\":{\"@id\":\"https:\\\/\\\/www.thierry-groensteen.fr\\\/#website\"},\"primaryImageOfPage\":{\"@id\":\"https:\\\/\\\/www.thierry-groensteen.fr\\\/index.php\\\/2025\\\/10\\\/19\\\/songes-darchitecte\\\/#primaryimage\"},\"image\":{\"@id\":\"https:\\\/\\\/www.thierry-groensteen.fr\\\/index.php\\\/2025\\\/10\\\/19\\\/songes-darchitecte\\\/#primaryimage\"},\"thumbnailUrl\":\"https:\\\/\\\/www.thierry-groensteen.fr\\\/wp-content\\\/uploads\\\/2025\\\/10\\\/Sammy-Stein-2-1-e1760426543683.jpg\",\"datePublished\":\"2025-10-18T22:05:56+00:00\",\"breadcrumb\":{\"@id\":\"https:\\\/\\\/www.thierry-groensteen.fr\\\/index.php\\\/2025\\\/10\\\/19\\\/songes-darchitecte\\\/#breadcrumb\"},\"inLanguage\":\"fr-FR\",\"potentialAction\":[{\"@type\":\"ReadAction\",\"target\":[\"https:\\\/\\\/www.thierry-groensteen.fr\\\/index.php\\\/2025\\\/10\\\/19\\\/songes-darchitecte\\\/\"]}]},{\"@type\":\"ImageObject\",\"inLanguage\":\"fr-FR\",\"@id\":\"https:\\\/\\\/www.thierry-groensteen.fr\\\/index.php\\\/2025\\\/10\\\/19\\\/songes-darchitecte\\\/#primaryimage\",\"url\":\"https:\\\/\\\/www.thierry-groensteen.fr\\\/wp-content\\\/uploads\\\/2025\\\/10\\\/Sammy-Stein-2-1-e1760426543683.jpg\",\"contentUrl\":\"https:\\\/\\\/www.thierry-groensteen.fr\\\/wp-content\\\/uploads\\\/2025\\\/10\\\/Sammy-Stein-2-1-e1760426543683.jpg\",\"width\":1713,\"height\":786},{\"@type\":\"BreadcrumbList\",\"@id\":\"https:\\\/\\\/www.thierry-groensteen.fr\\\/index.php\\\/2025\\\/10\\\/19\\\/songes-darchitecte\\\/#breadcrumb\",\"itemListElement\":[{\"@type\":\"ListItem\",\"position\":1,\"name\":\"Accueil\",\"item\":\"https:\\\/\\\/www.thierry-groensteen.fr\\\/\"},{\"@type\":\"ListItem\",\"position\":2,\"name\":\"Songes d\u2019architecte\"}]},{\"@type\":\"WebSite\",\"@id\":\"https:\\\/\\\/www.thierry-groensteen.fr\\\/#website\",\"url\":\"https:\\\/\\\/www.thierry-groensteen.fr\\\/\",\"name\":\"le site de Thierry Groensteen\",\"description\":\"site officiel\",\"publisher\":{\"@id\":\"https:\\\/\\\/www.thierry-groensteen.fr\\\/#\\\/schema\\\/person\\\/3695d4890604be69f280ebbb549210b5\"},\"potentialAction\":[{\"@type\":\"SearchAction\",\"target\":{\"@type\":\"EntryPoint\",\"urlTemplate\":\"https:\\\/\\\/www.thierry-groensteen.fr\\\/?s={search_term_string}\"},\"query-input\":{\"@type\":\"PropertyValueSpecification\",\"valueRequired\":true,\"valueName\":\"search_term_string\"}}],\"inLanguage\":\"fr-FR\"},{\"@type\":[\"Person\",\"Organization\"],\"@id\":\"https:\\\/\\\/www.thierry-groensteen.fr\\\/#\\\/schema\\\/person\\\/3695d4890604be69f280ebbb549210b5\",\"name\":\"TG\",\"image\":{\"@type\":\"ImageObject\",\"inLanguage\":\"fr-FR\",\"@id\":\"https:\\\/\\\/www.thierry-groensteen.fr\\\/wp-content\\\/uploads\\\/2023\\\/09\\\/logo_ThierryGroensteen_header.png\",\"url\":\"https:\\\/\\\/www.thierry-groensteen.fr\\\/wp-content\\\/uploads\\\/2023\\\/09\\\/logo_ThierryGroensteen_header.png\",\"contentUrl\":\"https:\\\/\\\/www.thierry-groensteen.fr\\\/wp-content\\\/uploads\\\/2023\\\/09\\\/logo_ThierryGroensteen_header.png\",\"width\":620,\"height\":240,\"caption\":\"TG\"},\"logo\":{\"@id\":\"https:\\\/\\\/www.thierry-groensteen.fr\\\/wp-content\\\/uploads\\\/2023\\\/09\\\/logo_ThierryGroensteen_header.png\"},\"sameAs\":[\"https:\\\/\\\/www.thierry-groensteen.fr\"],\"url\":\"https:\\\/\\\/www.thierry-groensteen.fr\\\/index.php\\\/author\\\/admin5797\\\/\"}]}<\/script>\n<!-- \/ Yoast SEO plugin. -->","yoast_head_json":{"title":"Songes d\u2019architecte - le site de Thierry Groensteen","robots":{"index":"index","follow":"follow","max-snippet":"max-snippet:-1","max-image-preview":"max-image-preview:large","max-video-preview":"max-video-preview:-1"},"canonical":"https:\/\/www.thierry-groensteen.fr\/index.php\/2025\/10\/19\/songes-darchitecte\/","og_locale":"fr_FR","og_type":"article","og_title":"Songes d\u2019architecte - le site de Thierry Groensteen","og_description":"Le Sentier, de Sammy Stein, est \u00e0 coup s\u00fbr l\u2019un des albums les plus d\u00e9concertants qui me soit jamais tomb\u00e9 entre les mains. Non par son format\u00a0\u2013 un 48 CC \u2013 mais par son contenu, ses parti-pris narratifs et formels. Imaginez plut\u00f4t\u00a0: au fil de pages aux couleurs acides, imprim\u00e9es sur un papier brillant, [&hellip;]","og_url":"https:\/\/www.thierry-groensteen.fr\/index.php\/2025\/10\/19\/songes-darchitecte\/","og_site_name":"le site de Thierry Groensteen","article_published_time":"2025-10-18T22:05:56+00:00","og_image":[{"width":1713,"height":786,"url":"https:\/\/www.thierry-groensteen.fr\/wp-content\/uploads\/2025\/10\/Sammy-Stein-2-1-e1760426543683.jpg","type":"image\/jpeg"}],"author":"TG","twitter_card":"summary_large_image","twitter_misc":{"\u00c9crit par":"TG","Dur\u00e9e de lecture estim\u00e9e":"6 minutes"},"schema":{"@context":"https:\/\/schema.org","@graph":[{"@type":"Article","@id":"https:\/\/www.thierry-groensteen.fr\/index.php\/2025\/10\/19\/songes-darchitecte\/#article","isPartOf":{"@id":"https:\/\/www.thierry-groensteen.fr\/index.php\/2025\/10\/19\/songes-darchitecte\/"},"author":{"name":"TG","@id":"https:\/\/www.thierry-groensteen.fr\/#\/schema\/person\/3695d4890604be69f280ebbb549210b5"},"headline":"Songes d\u2019architecte","datePublished":"2025-10-18T22:05:56+00:00","mainEntityOfPage":{"@id":"https:\/\/www.thierry-groensteen.fr\/index.php\/2025\/10\/19\/songes-darchitecte\/"},"wordCount":976,"publisher":{"@id":"https:\/\/www.thierry-groensteen.fr\/#\/schema\/person\/3695d4890604be69f280ebbb549210b5"},"image":{"@id":"https:\/\/www.thierry-groensteen.fr\/index.php\/2025\/10\/19\/songes-darchitecte\/#primaryimage"},"thumbnailUrl":"https:\/\/www.thierry-groensteen.fr\/wp-content\/uploads\/2025\/10\/Sammy-Stein-2-1-e1760426543683.jpg","articleSection":["mon Blog"],"inLanguage":"fr-FR"},{"@type":"WebPage","@id":"https:\/\/www.thierry-groensteen.fr\/index.php\/2025\/10\/19\/songes-darchitecte\/","url":"https:\/\/www.thierry-groensteen.fr\/index.php\/2025\/10\/19\/songes-darchitecte\/","name":"Songes d\u2019architecte - le site de Thierry Groensteen","isPartOf":{"@id":"https:\/\/www.thierry-groensteen.fr\/#website"},"primaryImageOfPage":{"@id":"https:\/\/www.thierry-groensteen.fr\/index.php\/2025\/10\/19\/songes-darchitecte\/#primaryimage"},"image":{"@id":"https:\/\/www.thierry-groensteen.fr\/index.php\/2025\/10\/19\/songes-darchitecte\/#primaryimage"},"thumbnailUrl":"https:\/\/www.thierry-groensteen.fr\/wp-content\/uploads\/2025\/10\/Sammy-Stein-2-1-e1760426543683.jpg","datePublished":"2025-10-18T22:05:56+00:00","breadcrumb":{"@id":"https:\/\/www.thierry-groensteen.fr\/index.php\/2025\/10\/19\/songes-darchitecte\/#breadcrumb"},"inLanguage":"fr-FR","potentialAction":[{"@type":"ReadAction","target":["https:\/\/www.thierry-groensteen.fr\/index.php\/2025\/10\/19\/songes-darchitecte\/"]}]},{"@type":"ImageObject","inLanguage":"fr-FR","@id":"https:\/\/www.thierry-groensteen.fr\/index.php\/2025\/10\/19\/songes-darchitecte\/#primaryimage","url":"https:\/\/www.thierry-groensteen.fr\/wp-content\/uploads\/2025\/10\/Sammy-Stein-2-1-e1760426543683.jpg","contentUrl":"https:\/\/www.thierry-groensteen.fr\/wp-content\/uploads\/2025\/10\/Sammy-Stein-2-1-e1760426543683.jpg","width":1713,"height":786},{"@type":"BreadcrumbList","@id":"https:\/\/www.thierry-groensteen.fr\/index.php\/2025\/10\/19\/songes-darchitecte\/#breadcrumb","itemListElement":[{"@type":"ListItem","position":1,"name":"Accueil","item":"https:\/\/www.thierry-groensteen.fr\/"},{"@type":"ListItem","position":2,"name":"Songes d\u2019architecte"}]},{"@type":"WebSite","@id":"https:\/\/www.thierry-groensteen.fr\/#website","url":"https:\/\/www.thierry-groensteen.fr\/","name":"le site de Thierry Groensteen","description":"site officiel","publisher":{"@id":"https:\/\/www.thierry-groensteen.fr\/#\/schema\/person\/3695d4890604be69f280ebbb549210b5"},"potentialAction":[{"@type":"SearchAction","target":{"@type":"EntryPoint","urlTemplate":"https:\/\/www.thierry-groensteen.fr\/?s={search_term_string}"},"query-input":{"@type":"PropertyValueSpecification","valueRequired":true,"valueName":"search_term_string"}}],"inLanguage":"fr-FR"},{"@type":["Person","Organization"],"@id":"https:\/\/www.thierry-groensteen.fr\/#\/schema\/person\/3695d4890604be69f280ebbb549210b5","name":"TG","image":{"@type":"ImageObject","inLanguage":"fr-FR","@id":"https:\/\/www.thierry-groensteen.fr\/wp-content\/uploads\/2023\/09\/logo_ThierryGroensteen_header.png","url":"https:\/\/www.thierry-groensteen.fr\/wp-content\/uploads\/2023\/09\/logo_ThierryGroensteen_header.png","contentUrl":"https:\/\/www.thierry-groensteen.fr\/wp-content\/uploads\/2023\/09\/logo_ThierryGroensteen_header.png","width":620,"height":240,"caption":"TG"},"logo":{"@id":"https:\/\/www.thierry-groensteen.fr\/wp-content\/uploads\/2023\/09\/logo_ThierryGroensteen_header.png"},"sameAs":["https:\/\/www.thierry-groensteen.fr"],"url":"https:\/\/www.thierry-groensteen.fr\/index.php\/author\/admin5797\/"}]}},"_links":{"self":[{"href":"https:\/\/www.thierry-groensteen.fr\/index.php\/wp-json\/wp\/v2\/posts\/3779","targetHints":{"allow":["GET"]}}],"collection":[{"href":"https:\/\/www.thierry-groensteen.fr\/index.php\/wp-json\/wp\/v2\/posts"}],"about":[{"href":"https:\/\/www.thierry-groensteen.fr\/index.php\/wp-json\/wp\/v2\/types\/post"}],"author":[{"embeddable":true,"href":"https:\/\/www.thierry-groensteen.fr\/index.php\/wp-json\/wp\/v2\/users\/1"}],"replies":[{"embeddable":true,"href":"https:\/\/www.thierry-groensteen.fr\/index.php\/wp-json\/wp\/v2\/comments?post=3779"}],"version-history":[{"count":3,"href":"https:\/\/www.thierry-groensteen.fr\/index.php\/wp-json\/wp\/v2\/posts\/3779\/revisions"}],"predecessor-version":[{"id":3785,"href":"https:\/\/www.thierry-groensteen.fr\/index.php\/wp-json\/wp\/v2\/posts\/3779\/revisions\/3785"}],"wp:featuredmedia":[{"embeddable":true,"href":"https:\/\/www.thierry-groensteen.fr\/index.php\/wp-json\/wp\/v2\/media\/3784"}],"wp:attachment":[{"href":"https:\/\/www.thierry-groensteen.fr\/index.php\/wp-json\/wp\/v2\/media?parent=3779"}],"wp:term":[{"taxonomy":"category","embeddable":true,"href":"https:\/\/www.thierry-groensteen.fr\/index.php\/wp-json\/wp\/v2\/categories?post=3779"},{"taxonomy":"post_tag","embeddable":true,"href":"https:\/\/www.thierry-groensteen.fr\/index.php\/wp-json\/wp\/v2\/tags?post=3779"}],"curies":[{"name":"wp","href":"https:\/\/api.w.org\/{rel}","templated":true}]}}