{"id":3768,"date":"2025-10-14T00:05:04","date_gmt":"2025-10-13T22:05:04","guid":{"rendered":"https:\/\/www.thierry-groensteen.fr\/?p=3768"},"modified":"2025-10-06T09:52:42","modified_gmt":"2025-10-06T07:52:42","slug":"vers-linfini-et-au-dela","status":"publish","type":"post","link":"https:\/\/www.thierry-groensteen.fr\/index.php\/2025\/10\/14\/vers-linfini-et-au-dela\/","title":{"rendered":"Vers l\u2019infini et au-del\u00e0"},"content":{"rendered":"<p style=\"font-weight: 400;\">La plus petite BD au monde restera sans doute \u00e0 jamais celle grav\u00e9e au laser sur un cheveu humain par l\u2019Allemande Claudia Puhlf\u00fcrst en 2014, mais le dernier ouvrage de Marc-Antoine Mathieu n\u2019en constitue pas moins un record, s\u2019agissant de l\u2019\u00e9dition fran\u00e7aise. Plus petit que la collection \u00ab\u00a0Patte de mouche \u00bb de l\u2019Association (10,5 x 15 cm), \u00e0 laquelle il a d\u2019ailleurs livr\u00e9 quelque six titres entre 1995 et 2022, plus petit m\u00eame que la collection \u00ab BD\u00e0P \u00bb (BD \u00e0 poster) des \u00e9ditions Roquemoute (7,5 x 10, 5 cm), \u00e0 laquelle ont notamment contribu\u00e9 Fabcaro, T\u00e9hem, Bouzard et Baudoin, voici <em>L\u2019infiniment moyen et plus si affinit\u00e9s dans les limites finies d\u2019une \u00e9dition minimaliste<\/em> (qui, au passage,\u00a0 bat peut-\u00eatre aussi le record du titre le plus long), un mini-livre cartonn\u00e9 de 88 pages, au format 3 x 3,8 cm, commercialis\u00e9 avec une loupe, sous coffret.<\/p>\n<p><img decoding=\"async\" class=\"lazyload wp-image-3772 size-fusion-400 aligncenter\" src=\"https:\/\/www.thierry-groensteen.fr\/wp-content\/uploads\/2025\/10\/couve-linfini-1-400x620.jpg\" data-orig-src=\"https:\/\/www.thierry-groensteen.fr\/wp-content\/uploads\/2025\/10\/couve-linfini-1-400x620.jpg\" alt=\"\" width=\"400\" height=\"620\" srcset=\"data:image\/svg+xml,%3Csvg%20xmlns%3D%27http%3A%2F%2Fwww.w3.org%2F2000%2Fsvg%27%20width%3D%27400%27%20height%3D%27620%27%20viewBox%3D%270%200%20400%20620%27%3E%3Crect%20width%3D%27400%27%20height%3D%27620%27%20fill-opacity%3D%220%22%2F%3E%3C%2Fsvg%3E\" data-srcset=\"https:\/\/www.thierry-groensteen.fr\/wp-content\/uploads\/2025\/10\/couve-linfini-1-193x300.jpg 193w, https:\/\/www.thierry-groensteen.fr\/wp-content\/uploads\/2025\/10\/couve-linfini-1-200x310.jpg 200w, https:\/\/www.thierry-groensteen.fr\/wp-content\/uploads\/2025\/10\/couve-linfini-1-400x620.jpg 400w, https:\/\/www.thierry-groensteen.fr\/wp-content\/uploads\/2025\/10\/couve-linfini-1-600x930.jpg 600w, https:\/\/www.thierry-groensteen.fr\/wp-content\/uploads\/2025\/10\/couve-linfini-1-660x1024.jpg 660w, https:\/\/www.thierry-groensteen.fr\/wp-content\/uploads\/2025\/10\/couve-linfini-1-768x1191.jpg 768w, https:\/\/www.thierry-groensteen.fr\/wp-content\/uploads\/2025\/10\/couve-linfini-1-800x1240.jpg 800w, https:\/\/www.thierry-groensteen.fr\/wp-content\/uploads\/2025\/10\/couve-linfini-1-991x1536.jpg 991w, https:\/\/www.thierry-groensteen.fr\/wp-content\/uploads\/2025\/10\/couve-linfini-1-1200x1861.jpg 1200w, https:\/\/www.thierry-groensteen.fr\/wp-content\/uploads\/2025\/10\/couve-linfini-1-1321x2048.jpg 1321w, https:\/\/www.thierry-groensteen.fr\/wp-content\/uploads\/2025\/10\/couve-linfini-1.jpg 1571w\" data-sizes=\"auto\" data-orig-sizes=\"(max-width: 400px) 100vw, 400px\" \/><img decoding=\"async\" class=\"lazyload alignright wp-image-3773 size-fusion-400\" src=\"https:\/\/www.thierry-groensteen.fr\/wp-content\/uploads\/2025\/10\/interieur-linfini-400x427.jpg\" data-orig-src=\"https:\/\/www.thierry-groensteen.fr\/wp-content\/uploads\/2025\/10\/interieur-linfini-400x427.jpg\" alt=\"\" width=\"400\" height=\"427\" srcset=\"data:image\/svg+xml,%3Csvg%20xmlns%3D%27http%3A%2F%2Fwww.w3.org%2F2000%2Fsvg%27%20width%3D%27400%27%20height%3D%27427%27%20viewBox%3D%270%200%20400%20427%27%3E%3Crect%20width%3D%27400%27%20height%3D%27427%27%20fill-opacity%3D%220%22%2F%3E%3C%2Fsvg%3E\" data-srcset=\"https:\/\/www.thierry-groensteen.fr\/wp-content\/uploads\/2025\/10\/interieur-linfini-200x214.jpg 200w, https:\/\/www.thierry-groensteen.fr\/wp-content\/uploads\/2025\/10\/interieur-linfini-281x300.jpg 281w, https:\/\/www.thierry-groensteen.fr\/wp-content\/uploads\/2025\/10\/interieur-linfini-400x427.jpg 400w, https:\/\/www.thierry-groensteen.fr\/wp-content\/uploads\/2025\/10\/interieur-linfini-600x641.jpg 600w, https:\/\/www.thierry-groensteen.fr\/wp-content\/uploads\/2025\/10\/interieur-linfini-768x820.jpg 768w, https:\/\/www.thierry-groensteen.fr\/wp-content\/uploads\/2025\/10\/interieur-linfini-800x854.jpg 800w, https:\/\/www.thierry-groensteen.fr\/wp-content\/uploads\/2025\/10\/interieur-linfini-959x1024.jpg 959w, https:\/\/www.thierry-groensteen.fr\/wp-content\/uploads\/2025\/10\/interieur-linfini-1200x1281.jpg 1200w, https:\/\/www.thierry-groensteen.fr\/wp-content\/uploads\/2025\/10\/interieur-linfini-1438x1536.jpg 1438w, https:\/\/www.thierry-groensteen.fr\/wp-content\/uploads\/2025\/10\/interieur-linfini-1918x2048.jpg 1918w\" data-sizes=\"auto\" data-orig-sizes=\"(max-width: 400px) 100vw, 400px\" \/><\/p>\n<p style=\"font-weight: 400;\">L\u2019effort demand\u00e9 au lecteur, de d\u00e9chiffrer chaque image, chaque bulle \u00e0 la loupe, sans laquelle elles sont illisibles,\u00a0n\u2019est rien compar\u00e9 \u00e0 celui qui a d\u00fb \u00eatre celui de l\u2019auteur, quand on sait qu\u2019il a r\u00e9alis\u00e9 la prouesse de travailler au format de publication (avec une loupe plus forte, on l\u2019imagine), ce qui explique le trait un peu trembl\u00e9 et le lettrage plus approximatif que ceux auquel Mathieu nous avait habitu\u00e9s.<\/p>\n<p style=\"font-weight: 400;\">La loupe est l\u2019attribut traditionnel du chercheur ou du d\u00e9tective. Or c\u2019est bien d\u2019une enqu\u00eate scientifique qu\u2019il est question ici, conduite par deux personnages, l\u2019un physicien, l\u2019autre philosophe. On peut les tenir pour deux avatars de Mathieu lui-m\u00eame, chez qui la cr\u00e9ation, on le sait, a toujours \u00e9t\u00e9 nourrie par des questionnements scientifiques et philosophiques. Mais il existe un troisi\u00e8me Mathieu, que j\u2019appellerai <em>le joueur<\/em>\u00a0: un Mathieu fac\u00e9tieux et m\u00eame farceur, mais aussi inventif, bricoleur, oubapien sans l\u2019\u00eatre officiellement (trop individualiste pour s\u2019agr\u00e9ger \u00e0 un collectif). Celui-l\u00e0 ne se d\u00e9robe jamais face \u00e0 un jeu de mots (tous ceux auxquels se pr\u00eatent les vocables <em>fin<\/em> et <em>infini<\/em> y passent, mais on go\u00fbtera aussi l\u2019inversion <em>muet comme une taupe \/ myope comme une carpe<\/em>). L\u2019enqu\u00eate a pour sujet l\u2019infini, et il est peu douteux que Mathieu aurait jubil\u00e9 en inversant terme \u00e0 terme la phrase de Pascal <em>le silence \u00e9ternel de ces espaces infinis m\u2019effraie<\/em> (soit\u00a0: <em>le vacarme intermittent des petits coins nous rassure<\/em>) si Paul Val\u00e9ry ne l\u2019avait fait avant lui.<\/p>\n<p style=\"font-weight: 400;\">Ne faut-il pas \u00eatre farceur pour se pencher sur la question de l\u2019infini dans un livre <em>infiniment petit<\/em>\u00a0?<\/p>\n<p><img decoding=\"async\" class=\"lazyload size-medium wp-image-3774 aligncenter\" src=\"https:\/\/www.thierry-groensteen.fr\/wp-content\/uploads\/2025\/10\/PlancheS_95265-217x300.jpg\" data-orig-src=\"https:\/\/www.thierry-groensteen.fr\/wp-content\/uploads\/2025\/10\/PlancheS_95265-217x300.jpg\" alt=\"\" width=\"217\" height=\"300\" srcset=\"data:image\/svg+xml,%3Csvg%20xmlns%3D%27http%3A%2F%2Fwww.w3.org%2F2000%2Fsvg%27%20width%3D%27217%27%20height%3D%27300%27%20viewBox%3D%270%200%20217%20300%27%3E%3Crect%20width%3D%27217%27%20height%3D%27300%27%20fill-opacity%3D%220%22%2F%3E%3C%2Fsvg%3E\" data-srcset=\"https:\/\/www.thierry-groensteen.fr\/wp-content\/uploads\/2025\/10\/PlancheS_95265-200x277.jpg 200w, https:\/\/www.thierry-groensteen.fr\/wp-content\/uploads\/2025\/10\/PlancheS_95265-217x300.jpg 217w, https:\/\/www.thierry-groensteen.fr\/wp-content\/uploads\/2025\/10\/PlancheS_95265-400x553.jpg 400w, https:\/\/www.thierry-groensteen.fr\/wp-content\/uploads\/2025\/10\/PlancheS_95265-600x830.jpg 600w, https:\/\/www.thierry-groensteen.fr\/wp-content\/uploads\/2025\/10\/PlancheS_95265.jpg 676w\" data-sizes=\"auto\" data-orig-sizes=\"(max-width: 217px) 100vw, 217px\" \/><\/p>\n<p style=\"font-weight: 400;\">En d\u00e9pit des dimensions lilliputiennes de l\u2019ouvrage, Mathieu a trouv\u00e9 le moyen d\u2019y glisser des allusions \u00e0 la plupart de ses livres pr\u00e9c\u00e9dents (tous\u00a0?)\u00a0: on retrouve notamment la tasse de caf\u00e9 (<em>La Qu<\/em>\u2026), la mise en abyme (<em>L\u2019Origine<\/em>), la mise en question des cat\u00e9gories de d\u00e9but et de fin (<em>L\u2019\u00c9paisseur des miroirs<\/em>), la prolif\u00e9ration des cadres (<em>Les Sous-Sols du R\u00e9volu<\/em>), etc. Et bien s\u00fbr quelques trouvailles in\u00e9dites, comme les livres-portes qui ouvrent sur de nouvelles connaissances.<\/p>\n<p style=\"font-weight: 400;\">Sur le plan dramaturgique, <em>L\u2019Infiniment moyen<\/em> est assez plat, puisqu\u2019il consiste en un long dialogue sp\u00e9culatif. Les rebondissements, ici, sont d\u2019ordre intellectuel, ou bien ils touchent aux modalit\u00e9s narratives. Mathieu fait en particulier un grand usage de la m\u00e9talepse, cette figure r\u00e9flexive qui consiste en une contamination entre le niveau de la narration et celui des \u00e9v\u00e9nements narr\u00e9s (par exemple en faisant intervenir l\u2019auteur dans le r\u00e9cit). Toutefois, ici, il n\u2019y a pas le niveau (pr\u00e9tendu) r\u00e9el, d\u2019un c\u00f4t\u00e9, et un niveau (assum\u00e9 comme) fictionnel, de l\u2019autre, mais une prolif\u00e9ration de niveaux empil\u00e9s ou embo\u00eet\u00e9s, car on \u00e9volue dans un <em>multivers<\/em>. De sorte que la m\u00e9talepse cesse rapidement d\u2019\u00eatre rh\u00e9torique pour devenir, en quelque sorte (et selon une terminologie que j\u2019emprunte \u00e0 Brian McHale et Marie-Laure Ryan), <em>ontologique<\/em>.<\/p>\n<p style=\"font-weight: 400;\">On le voit, il y a grandement mati\u00e8re \u00e0 r\u00e9fl\u00e9chir et \u00e0 s\u2019\u00e9merveiller dans ce livre minuscule.<\/p>\n<p>&nbsp;<\/p>\n<p style=\"font-weight: 400;\">[ Marc-Antoine Mathieu, <em>L\u2019infiniment moyen et plus si affinit\u00e9s dans les limites finies d\u2019une \u00e9dition minimaliste<\/em>, Delcourt, 21,50 \u20ac. EAN\u00a0: 9782413089940 ]<\/p>\n","protected":false},"excerpt":{"rendered":"<p>La plus petite BD au monde restera sans doute \u00e0 jamais celle grav\u00e9e au laser sur un cheveu humain par l\u2019Allemande Claudia Puhlf\u00fcrst en 2014, mais le dernier ouvrage de Marc-Antoine Mathieu n\u2019en constitue pas moins un record, s\u2019agissant de l\u2019\u00e9dition fran\u00e7aise. Plus petit que la collection \u00ab\u00a0Patte de mouche \u00bb de l\u2019Association (10,5 [&hellip;]<\/p>\n","protected":false},"author":1,"featured_media":3771,"comment_status":"closed","ping_status":"closed","sticky":false,"template":"","format":"standard","meta":{"footnotes":""},"categories":[70],"tags":[],"class_list":["post-3768","post","type-post","status-publish","format-standard","has-post-thumbnail","hentry","category-mon-blog"],"acf":[],"yoast_head":"<!-- This site is optimized with the Yoast SEO plugin v27.5 - https:\/\/yoast.com\/product\/yoast-seo-wordpress\/ -->\n<title>Vers l\u2019infini et au-del\u00e0 - le site de Thierry Groensteen<\/title>\n<meta name=\"robots\" content=\"index, follow, max-snippet:-1, max-image-preview:large, max-video-preview:-1\" \/>\n<link rel=\"canonical\" href=\"https:\/\/www.thierry-groensteen.fr\/index.php\/2025\/10\/14\/vers-linfini-et-au-dela\/\" \/>\n<meta property=\"og:locale\" content=\"fr_FR\" \/>\n<meta property=\"og:type\" content=\"article\" \/>\n<meta property=\"og:title\" content=\"Vers l\u2019infini et au-del\u00e0 - le site de Thierry Groensteen\" \/>\n<meta property=\"og:description\" content=\"La plus petite BD au monde restera sans doute \u00e0 jamais celle grav\u00e9e au laser sur un cheveu humain par l\u2019Allemande Claudia Puhlf\u00fcrst en 2014, mais le dernier ouvrage de Marc-Antoine Mathieu n\u2019en constitue pas moins un record, s\u2019agissant de l\u2019\u00e9dition fran\u00e7aise. Plus petit que la collection \u00ab\u00a0Patte de mouche \u00bb de l\u2019Association (10,5 [&hellip;]\" \/>\n<meta property=\"og:url\" content=\"https:\/\/www.thierry-groensteen.fr\/index.php\/2025\/10\/14\/vers-linfini-et-au-dela\/\" \/>\n<meta property=\"og:site_name\" content=\"le site de Thierry Groensteen\" \/>\n<meta property=\"article:published_time\" content=\"2025-10-13T22:05:04+00:00\" \/>\n<meta property=\"og:image\" content=\"https:\/\/www.thierry-groensteen.fr\/wp-content\/uploads\/2025\/10\/couve-linfini-e1759736923167.jpg\" \/>\n\t<meta property=\"og:image:width\" content=\"1570\" \/>\n\t<meta property=\"og:image:height\" content=\"720\" \/>\n\t<meta property=\"og:image:type\" content=\"image\/jpeg\" \/>\n<meta name=\"author\" content=\"TG\" \/>\n<meta name=\"twitter:card\" content=\"summary_large_image\" \/>\n<meta name=\"twitter:label1\" content=\"\u00c9crit par\" \/>\n\t<meta name=\"twitter:data1\" content=\"TG\" \/>\n\t<meta name=\"twitter:label2\" content=\"Dur\u00e9e de lecture estim\u00e9e\" \/>\n\t<meta name=\"twitter:data2\" content=\"4 minutes\" \/>\n<script type=\"application\/ld+json\" class=\"yoast-schema-graph\">{\"@context\":\"https:\\\/\\\/schema.org\",\"@graph\":[{\"@type\":\"Article\",\"@id\":\"https:\\\/\\\/www.thierry-groensteen.fr\\\/index.php\\\/2025\\\/10\\\/14\\\/vers-linfini-et-au-dela\\\/#article\",\"isPartOf\":{\"@id\":\"https:\\\/\\\/www.thierry-groensteen.fr\\\/index.php\\\/2025\\\/10\\\/14\\\/vers-linfini-et-au-dela\\\/\"},\"author\":{\"name\":\"TG\",\"@id\":\"https:\\\/\\\/www.thierry-groensteen.fr\\\/#\\\/schema\\\/person\\\/3695d4890604be69f280ebbb549210b5\"},\"headline\":\"Vers l\u2019infini et au-del\u00e0\",\"datePublished\":\"2025-10-13T22:05:04+00:00\",\"mainEntityOfPage\":{\"@id\":\"https:\\\/\\\/www.thierry-groensteen.fr\\\/index.php\\\/2025\\\/10\\\/14\\\/vers-linfini-et-au-dela\\\/\"},\"wordCount\":718,\"publisher\":{\"@id\":\"https:\\\/\\\/www.thierry-groensteen.fr\\\/#\\\/schema\\\/person\\\/3695d4890604be69f280ebbb549210b5\"},\"image\":{\"@id\":\"https:\\\/\\\/www.thierry-groensteen.fr\\\/index.php\\\/2025\\\/10\\\/14\\\/vers-linfini-et-au-dela\\\/#primaryimage\"},\"thumbnailUrl\":\"https:\\\/\\\/www.thierry-groensteen.fr\\\/wp-content\\\/uploads\\\/2025\\\/10\\\/couve-linfini-e1759736923167.jpg\",\"articleSection\":[\"mon Blog\"],\"inLanguage\":\"fr-FR\"},{\"@type\":\"WebPage\",\"@id\":\"https:\\\/\\\/www.thierry-groensteen.fr\\\/index.php\\\/2025\\\/10\\\/14\\\/vers-linfini-et-au-dela\\\/\",\"url\":\"https:\\\/\\\/www.thierry-groensteen.fr\\\/index.php\\\/2025\\\/10\\\/14\\\/vers-linfini-et-au-dela\\\/\",\"name\":\"Vers l\u2019infini et au-del\u00e0 - le site de Thierry Groensteen\",\"isPartOf\":{\"@id\":\"https:\\\/\\\/www.thierry-groensteen.fr\\\/#website\"},\"primaryImageOfPage\":{\"@id\":\"https:\\\/\\\/www.thierry-groensteen.fr\\\/index.php\\\/2025\\\/10\\\/14\\\/vers-linfini-et-au-dela\\\/#primaryimage\"},\"image\":{\"@id\":\"https:\\\/\\\/www.thierry-groensteen.fr\\\/index.php\\\/2025\\\/10\\\/14\\\/vers-linfini-et-au-dela\\\/#primaryimage\"},\"thumbnailUrl\":\"https:\\\/\\\/www.thierry-groensteen.fr\\\/wp-content\\\/uploads\\\/2025\\\/10\\\/couve-linfini-e1759736923167.jpg\",\"datePublished\":\"2025-10-13T22:05:04+00:00\",\"breadcrumb\":{\"@id\":\"https:\\\/\\\/www.thierry-groensteen.fr\\\/index.php\\\/2025\\\/10\\\/14\\\/vers-linfini-et-au-dela\\\/#breadcrumb\"},\"inLanguage\":\"fr-FR\",\"potentialAction\":[{\"@type\":\"ReadAction\",\"target\":[\"https:\\\/\\\/www.thierry-groensteen.fr\\\/index.php\\\/2025\\\/10\\\/14\\\/vers-linfini-et-au-dela\\\/\"]}]},{\"@type\":\"ImageObject\",\"inLanguage\":\"fr-FR\",\"@id\":\"https:\\\/\\\/www.thierry-groensteen.fr\\\/index.php\\\/2025\\\/10\\\/14\\\/vers-linfini-et-au-dela\\\/#primaryimage\",\"url\":\"https:\\\/\\\/www.thierry-groensteen.fr\\\/wp-content\\\/uploads\\\/2025\\\/10\\\/couve-linfini-e1759736923167.jpg\",\"contentUrl\":\"https:\\\/\\\/www.thierry-groensteen.fr\\\/wp-content\\\/uploads\\\/2025\\\/10\\\/couve-linfini-e1759736923167.jpg\",\"width\":1570,\"height\":720},{\"@type\":\"BreadcrumbList\",\"@id\":\"https:\\\/\\\/www.thierry-groensteen.fr\\\/index.php\\\/2025\\\/10\\\/14\\\/vers-linfini-et-au-dela\\\/#breadcrumb\",\"itemListElement\":[{\"@type\":\"ListItem\",\"position\":1,\"name\":\"Accueil\",\"item\":\"https:\\\/\\\/www.thierry-groensteen.fr\\\/\"},{\"@type\":\"ListItem\",\"position\":2,\"name\":\"Vers l\u2019infini et au-del\u00e0\"}]},{\"@type\":\"WebSite\",\"@id\":\"https:\\\/\\\/www.thierry-groensteen.fr\\\/#website\",\"url\":\"https:\\\/\\\/www.thierry-groensteen.fr\\\/\",\"name\":\"le site de Thierry Groensteen\",\"description\":\"site officiel\",\"publisher\":{\"@id\":\"https:\\\/\\\/www.thierry-groensteen.fr\\\/#\\\/schema\\\/person\\\/3695d4890604be69f280ebbb549210b5\"},\"potentialAction\":[{\"@type\":\"SearchAction\",\"target\":{\"@type\":\"EntryPoint\",\"urlTemplate\":\"https:\\\/\\\/www.thierry-groensteen.fr\\\/?s={search_term_string}\"},\"query-input\":{\"@type\":\"PropertyValueSpecification\",\"valueRequired\":true,\"valueName\":\"search_term_string\"}}],\"inLanguage\":\"fr-FR\"},{\"@type\":[\"Person\",\"Organization\"],\"@id\":\"https:\\\/\\\/www.thierry-groensteen.fr\\\/#\\\/schema\\\/person\\\/3695d4890604be69f280ebbb549210b5\",\"name\":\"TG\",\"image\":{\"@type\":\"ImageObject\",\"inLanguage\":\"fr-FR\",\"@id\":\"https:\\\/\\\/www.thierry-groensteen.fr\\\/wp-content\\\/uploads\\\/2023\\\/09\\\/logo_ThierryGroensteen_header.png\",\"url\":\"https:\\\/\\\/www.thierry-groensteen.fr\\\/wp-content\\\/uploads\\\/2023\\\/09\\\/logo_ThierryGroensteen_header.png\",\"contentUrl\":\"https:\\\/\\\/www.thierry-groensteen.fr\\\/wp-content\\\/uploads\\\/2023\\\/09\\\/logo_ThierryGroensteen_header.png\",\"width\":620,\"height\":240,\"caption\":\"TG\"},\"logo\":{\"@id\":\"https:\\\/\\\/www.thierry-groensteen.fr\\\/wp-content\\\/uploads\\\/2023\\\/09\\\/logo_ThierryGroensteen_header.png\"},\"sameAs\":[\"https:\\\/\\\/www.thierry-groensteen.fr\"],\"url\":\"https:\\\/\\\/www.thierry-groensteen.fr\\\/index.php\\\/author\\\/admin5797\\\/\"}]}<\/script>\n<!-- \/ Yoast SEO plugin. -->","yoast_head_json":{"title":"Vers l\u2019infini et au-del\u00e0 - le site de Thierry Groensteen","robots":{"index":"index","follow":"follow","max-snippet":"max-snippet:-1","max-image-preview":"max-image-preview:large","max-video-preview":"max-video-preview:-1"},"canonical":"https:\/\/www.thierry-groensteen.fr\/index.php\/2025\/10\/14\/vers-linfini-et-au-dela\/","og_locale":"fr_FR","og_type":"article","og_title":"Vers l\u2019infini et au-del\u00e0 - le site de Thierry Groensteen","og_description":"La plus petite BD au monde restera sans doute \u00e0 jamais celle grav\u00e9e au laser sur un cheveu humain par l\u2019Allemande Claudia Puhlf\u00fcrst en 2014, mais le dernier ouvrage de Marc-Antoine Mathieu n\u2019en constitue pas moins un record, s\u2019agissant de l\u2019\u00e9dition fran\u00e7aise. Plus petit que la collection \u00ab\u00a0Patte de mouche \u00bb de l\u2019Association (10,5 [&hellip;]","og_url":"https:\/\/www.thierry-groensteen.fr\/index.php\/2025\/10\/14\/vers-linfini-et-au-dela\/","og_site_name":"le site de Thierry Groensteen","article_published_time":"2025-10-13T22:05:04+00:00","og_image":[{"width":1570,"height":720,"url":"https:\/\/www.thierry-groensteen.fr\/wp-content\/uploads\/2025\/10\/couve-linfini-e1759736923167.jpg","type":"image\/jpeg"}],"author":"TG","twitter_card":"summary_large_image","twitter_misc":{"\u00c9crit par":"TG","Dur\u00e9e de lecture estim\u00e9e":"4 minutes"},"schema":{"@context":"https:\/\/schema.org","@graph":[{"@type":"Article","@id":"https:\/\/www.thierry-groensteen.fr\/index.php\/2025\/10\/14\/vers-linfini-et-au-dela\/#article","isPartOf":{"@id":"https:\/\/www.thierry-groensteen.fr\/index.php\/2025\/10\/14\/vers-linfini-et-au-dela\/"},"author":{"name":"TG","@id":"https:\/\/www.thierry-groensteen.fr\/#\/schema\/person\/3695d4890604be69f280ebbb549210b5"},"headline":"Vers l\u2019infini et au-del\u00e0","datePublished":"2025-10-13T22:05:04+00:00","mainEntityOfPage":{"@id":"https:\/\/www.thierry-groensteen.fr\/index.php\/2025\/10\/14\/vers-linfini-et-au-dela\/"},"wordCount":718,"publisher":{"@id":"https:\/\/www.thierry-groensteen.fr\/#\/schema\/person\/3695d4890604be69f280ebbb549210b5"},"image":{"@id":"https:\/\/www.thierry-groensteen.fr\/index.php\/2025\/10\/14\/vers-linfini-et-au-dela\/#primaryimage"},"thumbnailUrl":"https:\/\/www.thierry-groensteen.fr\/wp-content\/uploads\/2025\/10\/couve-linfini-e1759736923167.jpg","articleSection":["mon Blog"],"inLanguage":"fr-FR"},{"@type":"WebPage","@id":"https:\/\/www.thierry-groensteen.fr\/index.php\/2025\/10\/14\/vers-linfini-et-au-dela\/","url":"https:\/\/www.thierry-groensteen.fr\/index.php\/2025\/10\/14\/vers-linfini-et-au-dela\/","name":"Vers l\u2019infini et au-del\u00e0 - le site de Thierry Groensteen","isPartOf":{"@id":"https:\/\/www.thierry-groensteen.fr\/#website"},"primaryImageOfPage":{"@id":"https:\/\/www.thierry-groensteen.fr\/index.php\/2025\/10\/14\/vers-linfini-et-au-dela\/#primaryimage"},"image":{"@id":"https:\/\/www.thierry-groensteen.fr\/index.php\/2025\/10\/14\/vers-linfini-et-au-dela\/#primaryimage"},"thumbnailUrl":"https:\/\/www.thierry-groensteen.fr\/wp-content\/uploads\/2025\/10\/couve-linfini-e1759736923167.jpg","datePublished":"2025-10-13T22:05:04+00:00","breadcrumb":{"@id":"https:\/\/www.thierry-groensteen.fr\/index.php\/2025\/10\/14\/vers-linfini-et-au-dela\/#breadcrumb"},"inLanguage":"fr-FR","potentialAction":[{"@type":"ReadAction","target":["https:\/\/www.thierry-groensteen.fr\/index.php\/2025\/10\/14\/vers-linfini-et-au-dela\/"]}]},{"@type":"ImageObject","inLanguage":"fr-FR","@id":"https:\/\/www.thierry-groensteen.fr\/index.php\/2025\/10\/14\/vers-linfini-et-au-dela\/#primaryimage","url":"https:\/\/www.thierry-groensteen.fr\/wp-content\/uploads\/2025\/10\/couve-linfini-e1759736923167.jpg","contentUrl":"https:\/\/www.thierry-groensteen.fr\/wp-content\/uploads\/2025\/10\/couve-linfini-e1759736923167.jpg","width":1570,"height":720},{"@type":"BreadcrumbList","@id":"https:\/\/www.thierry-groensteen.fr\/index.php\/2025\/10\/14\/vers-linfini-et-au-dela\/#breadcrumb","itemListElement":[{"@type":"ListItem","position":1,"name":"Accueil","item":"https:\/\/www.thierry-groensteen.fr\/"},{"@type":"ListItem","position":2,"name":"Vers l\u2019infini et au-del\u00e0"}]},{"@type":"WebSite","@id":"https:\/\/www.thierry-groensteen.fr\/#website","url":"https:\/\/www.thierry-groensteen.fr\/","name":"le site de Thierry Groensteen","description":"site officiel","publisher":{"@id":"https:\/\/www.thierry-groensteen.fr\/#\/schema\/person\/3695d4890604be69f280ebbb549210b5"},"potentialAction":[{"@type":"SearchAction","target":{"@type":"EntryPoint","urlTemplate":"https:\/\/www.thierry-groensteen.fr\/?s={search_term_string}"},"query-input":{"@type":"PropertyValueSpecification","valueRequired":true,"valueName":"search_term_string"}}],"inLanguage":"fr-FR"},{"@type":["Person","Organization"],"@id":"https:\/\/www.thierry-groensteen.fr\/#\/schema\/person\/3695d4890604be69f280ebbb549210b5","name":"TG","image":{"@type":"ImageObject","inLanguage":"fr-FR","@id":"https:\/\/www.thierry-groensteen.fr\/wp-content\/uploads\/2023\/09\/logo_ThierryGroensteen_header.png","url":"https:\/\/www.thierry-groensteen.fr\/wp-content\/uploads\/2023\/09\/logo_ThierryGroensteen_header.png","contentUrl":"https:\/\/www.thierry-groensteen.fr\/wp-content\/uploads\/2023\/09\/logo_ThierryGroensteen_header.png","width":620,"height":240,"caption":"TG"},"logo":{"@id":"https:\/\/www.thierry-groensteen.fr\/wp-content\/uploads\/2023\/09\/logo_ThierryGroensteen_header.png"},"sameAs":["https:\/\/www.thierry-groensteen.fr"],"url":"https:\/\/www.thierry-groensteen.fr\/index.php\/author\/admin5797\/"}]}},"_links":{"self":[{"href":"https:\/\/www.thierry-groensteen.fr\/index.php\/wp-json\/wp\/v2\/posts\/3768","targetHints":{"allow":["GET"]}}],"collection":[{"href":"https:\/\/www.thierry-groensteen.fr\/index.php\/wp-json\/wp\/v2\/posts"}],"about":[{"href":"https:\/\/www.thierry-groensteen.fr\/index.php\/wp-json\/wp\/v2\/types\/post"}],"author":[{"embeddable":true,"href":"https:\/\/www.thierry-groensteen.fr\/index.php\/wp-json\/wp\/v2\/users\/1"}],"replies":[{"embeddable":true,"href":"https:\/\/www.thierry-groensteen.fr\/index.php\/wp-json\/wp\/v2\/comments?post=3768"}],"version-history":[{"count":2,"href":"https:\/\/www.thierry-groensteen.fr\/index.php\/wp-json\/wp\/v2\/posts\/3768\/revisions"}],"predecessor-version":[{"id":3775,"href":"https:\/\/www.thierry-groensteen.fr\/index.php\/wp-json\/wp\/v2\/posts\/3768\/revisions\/3775"}],"wp:featuredmedia":[{"embeddable":true,"href":"https:\/\/www.thierry-groensteen.fr\/index.php\/wp-json\/wp\/v2\/media\/3771"}],"wp:attachment":[{"href":"https:\/\/www.thierry-groensteen.fr\/index.php\/wp-json\/wp\/v2\/media?parent=3768"}],"wp:term":[{"taxonomy":"category","embeddable":true,"href":"https:\/\/www.thierry-groensteen.fr\/index.php\/wp-json\/wp\/v2\/categories?post=3768"},{"taxonomy":"post_tag","embeddable":true,"href":"https:\/\/www.thierry-groensteen.fr\/index.php\/wp-json\/wp\/v2\/tags?post=3768"}],"curies":[{"name":"wp","href":"https:\/\/api.w.org\/{rel}","templated":true}]}}