{"id":3758,"date":"2025-10-09T00:05:31","date_gmt":"2025-10-08T22:05:31","guid":{"rendered":"https:\/\/www.thierry-groensteen.fr\/?p=3758"},"modified":"2025-09-26T09:35:57","modified_gmt":"2025-09-26T07:35:57","slug":"ombres-et-pierrot-chez-georges-bigot","status":"publish","type":"post","link":"https:\/\/www.thierry-groensteen.fr\/index.php\/2025\/10\/09\/ombres-et-pierrot-chez-georges-bigot\/","title":{"rendered":"Ombres et Pierrot chez Georges Bigot"},"content":{"rendered":"<p style=\"font-weight: 400;\">Un chapitre de mon livre sur <em>La Bande dessin\u00e9e en France \u00e0 la Belle \u00c9poque <\/em>est consacr\u00e9 aux histoires muettes, celles dont la narration repose sur les seules ressources de la pantomime. Et un autre aux ombres chinoises qui, dans le sillage des fameux spectacles d\u2019ombre du cabaret du Chat Noir, connurent alors une certaine vogue. \u00c9trangement, j\u2019ai n\u00e9glig\u00e9 un dessinateur dont une partie de la production se situe pr\u00e9cis\u00e9ment au carrefour de ces deux pratiques.<\/p>\n<p>Je veux parler de Georges Bigot (1860-1927). Certes, je lui consacre une quinzaine de lignes (page 183) et reproduis une de ses planches parues dans <em>La Semaine de Suzette<\/em>, mais c\u2019est une planche qui ne rel\u00e8ve d\u2019aucune des deux cat\u00e9gories susmentionn\u00e9es. En fait, je n\u2019avais pris en consid\u00e9ration que la partie fran\u00e7aise de sa carri\u00e8re, post\u00e9rieure \u00e0 son retour du Japon, o\u00f9 il s\u00e9journa de 1882 \u00e0 1899. Bigot y avait fond\u00e9 successivement quatre revues satiriques : <i>T\u00f4ba\u00e9 <\/i>(1887-1889, 69 n\u00b0s), <i>La Vie japonaise <\/i>en 1890, <i>Potins de Tokyo <\/i>(1890) et enfin <i>Le <\/i><i>Potin <\/i>(1893).<\/p>\n<p style=\"font-weight: 400;\">C\u2019est en lisant la monographie que lui ont consacr\u00e9 Christian Polak et Hugh Cortazzi (<em>Georges Bigot and Japan, 1882-1899. Satirist, Illustrator and Artiste Extraordinaire<\/em>, Folkestone, Renaissance Books, 2018) que j\u2019ai d\u00e9couvert que plusieurs des recueils de dessins qu\u2019il publia \u00e9galement dans l\u2019archipel contenaient des histoires muettes en ombres chinoises, qu\u2019il d\u00e9signait comme des \u00ab\u00a0histoires en silhouettes \u00bb. Les auteurs en reproduisent deux\u00a0: \u00ab\u00a0D\u00eener japonais \u00bb paru dans l\u2019album <em>Asa<\/em> (1883) et \u00ab\u00a0Une chasse \u00bb, tir\u00e9 de <em>O-Ha-Yo<\/em> (\u00ab\u00a0Bonjour \u00bb, 1883). Des histoires o\u00f9 l\u2019on trouve peu de traces d\u2019humour, et qui ressortissent plut\u00f4t au r\u00e9cit documentaire. Le traitement en silhouette a pour effet d\u2019anonymiser les personnes repr\u00e9sent\u00e9es et, dans un d\u00e9cor r\u00e9duit \u00e0 l\u2019essentiel, de rendre leurs actions parfaitement lisibles. Faute d\u2019une connaissance plus exhaustive des p\u00e9riodiques illustr\u00e9s publi\u00e9s au Japon \u00e0 la fin du XIXe, je ne peux affirmer que Bigot y a introduit l\u2019histoire sans paroles et le dessin d\u2019ombres, mais c\u2019est une hypoth\u00e8se qui m\u00e9riterait d\u2019\u00eatre creus\u00e9e.<\/p>\n<div id=\"attachment_3761\" style=\"width: 701px\" class=\"wp-caption aligncenter\"><img decoding=\"async\" aria-describedby=\"caption-attachment-3761\" class=\"lazyload wp-image-3761 size-large\" src=\"https:\/\/www.thierry-groensteen.fr\/wp-content\/uploads\/2025\/09\/Bigot-Chasse-2-691x1024.jpeg\" data-orig-src=\"https:\/\/www.thierry-groensteen.fr\/wp-content\/uploads\/2025\/09\/Bigot-Chasse-2-691x1024.jpeg\" alt=\"\" width=\"691\" height=\"1024\" srcset=\"data:image\/svg+xml,%3Csvg%20xmlns%3D%27http%3A%2F%2Fwww.w3.org%2F2000%2Fsvg%27%20width%3D%27691%27%20height%3D%271024%27%20viewBox%3D%270%200%20691%201024%27%3E%3Crect%20width%3D%27691%27%20height%3D%271024%27%20fill-opacity%3D%220%22%2F%3E%3C%2Fsvg%3E\" data-srcset=\"https:\/\/www.thierry-groensteen.fr\/wp-content\/uploads\/2025\/09\/Bigot-Chasse-2-202x300.jpeg 202w, https:\/\/www.thierry-groensteen.fr\/wp-content\/uploads\/2025\/09\/Bigot-Chasse-2-691x1024.jpeg 691w, https:\/\/www.thierry-groensteen.fr\/wp-content\/uploads\/2025\/09\/Bigot-Chasse-2-768x1138.jpeg 768w, https:\/\/www.thierry-groensteen.fr\/wp-content\/uploads\/2025\/09\/Bigot-Chasse-2-scaled.jpeg 1727w\" data-sizes=\"auto\" data-orig-sizes=\"(max-width: 691px) 100vw, 691px\" \/><p id=\"caption-attachment-3761\" class=\"wp-caption-text\">\u00ab Une chasse \u00bb, planche 2<\/p><\/div>\n<p><img decoding=\"async\" class=\"lazyload alignnone size-medium wp-image-3760\" src=\"data:image\/svg+xml,%3Csvg%20xmlns%3D%27http%3A%2F%2Fwww.w3.org%2F2000%2Fsvg%27%20width%3D%271%27%20height%3D%271%27%20viewBox%3D%270%200%201%201%27%3E%3Crect%20width%3D%271%27%20height%3D%271%27%20fill-opacity%3D%220%22%2F%3E%3C%2Fsvg%3E\" data-orig-src=\"https:\/\/www.thierry-groensteen.fr\/wp-content\/uploads\/2025\/09\/Bigot-Chasse-1.jpeg\" alt=\"\" width=\"1\" height=\"1\" \/><\/p>\n<div>\n<p class=\"Standard\">Par ailleurs, Bigot avait, \u00e0 l\u2019instar de Willette, un lien privil\u00e9gi\u00e9 avec la figure de Pierrot, que le mime Deburau (immortalis\u00e9 par les photographies de Nadar) avait rendue immens\u00e9ment populaire. Il avait en effet pour habitude de se repr\u00e9senter dans ce costume en couverture de ses publications. L\u2019on peut se demander si Pierrot, qui appartient \u00e0 la com\u00e9die italienne et au folklore fran\u00e7ais, \u00e9voquait quoi que ce soit de pr\u00e9cis pour le public japonais. Interrog\u00e9 sur ce point, Shigeru Oikawa, professeur de litt\u00e9rature compar\u00e9e et grand sp\u00e9cialiste de Bigot, m\u2019a confirm\u00e9 que cette r\u00e9f\u00e9rence \u00e9tait tout bonnement incompr\u00e9hensible.<\/p>\n<p><img decoding=\"async\" class=\"lazyload aligncenter wp-image-3762 size-fusion-400\" src=\"https:\/\/www.thierry-groensteen.fr\/wp-content\/uploads\/2025\/09\/Bigot-couve-Tobae1-400x545.jpg\" data-orig-src=\"https:\/\/www.thierry-groensteen.fr\/wp-content\/uploads\/2025\/09\/Bigot-couve-Tobae1-400x545.jpg\" alt=\"\" width=\"400\" height=\"545\" srcset=\"data:image\/svg+xml,%3Csvg%20xmlns%3D%27http%3A%2F%2Fwww.w3.org%2F2000%2Fsvg%27%20width%3D%27400%27%20height%3D%27545%27%20viewBox%3D%270%200%20400%20545%27%3E%3Crect%20width%3D%27400%27%20height%3D%27545%27%20fill-opacity%3D%220%22%2F%3E%3C%2Fsvg%3E\" data-srcset=\"https:\/\/www.thierry-groensteen.fr\/wp-content\/uploads\/2025\/09\/Bigot-couve-Tobae1-200x273.jpg 200w, https:\/\/www.thierry-groensteen.fr\/wp-content\/uploads\/2025\/09\/Bigot-couve-Tobae1-220x300.jpg 220w, https:\/\/www.thierry-groensteen.fr\/wp-content\/uploads\/2025\/09\/Bigot-couve-Tobae1-400x545.jpg 400w, https:\/\/www.thierry-groensteen.fr\/wp-content\/uploads\/2025\/09\/Bigot-couve-Tobae1-600x818.jpg 600w, https:\/\/www.thierry-groensteen.fr\/wp-content\/uploads\/2025\/09\/Bigot-couve-Tobae1-751x1024.jpg 751w, https:\/\/www.thierry-groensteen.fr\/wp-content\/uploads\/2025\/09\/Bigot-couve-Tobae1-768x1047.jpg 768w, https:\/\/www.thierry-groensteen.fr\/wp-content\/uploads\/2025\/09\/Bigot-couve-Tobae1-800x1091.jpg 800w, https:\/\/www.thierry-groensteen.fr\/wp-content\/uploads\/2025\/09\/Bigot-couve-Tobae1.jpg 1067w\" data-sizes=\"auto\" data-orig-sizes=\"(max-width: 400px) 100vw, 400px\" \/><\/p>\n<\/div>\n","protected":false},"excerpt":{"rendered":"<p>Un chapitre de mon livre sur La Bande dessin\u00e9e en France \u00e0 la Belle \u00c9poque est consacr\u00e9 aux histoires muettes, celles dont la narration repose sur les seules ressources de la pantomime. Et un autre aux ombres chinoises qui, dans le sillage des fameux spectacles d\u2019ombre du cabaret du Chat Noir, connurent alors une [&hellip;]<\/p>\n","protected":false},"author":1,"featured_media":3764,"comment_status":"closed","ping_status":"closed","sticky":false,"template":"","format":"standard","meta":{"footnotes":""},"categories":[70],"tags":[],"class_list":["post-3758","post","type-post","status-publish","format-standard","has-post-thumbnail","hentry","category-mon-blog"],"acf":[],"yoast_head":"<!-- This site is optimized with the Yoast SEO plugin v27.5 - https:\/\/yoast.com\/product\/yoast-seo-wordpress\/ -->\n<title>Ombres et Pierrot chez Georges Bigot - le site de Thierry Groensteen<\/title>\n<meta name=\"robots\" content=\"index, follow, max-snippet:-1, max-image-preview:large, max-video-preview:-1\" \/>\n<link rel=\"canonical\" href=\"https:\/\/www.thierry-groensteen.fr\/index.php\/2025\/10\/09\/ombres-et-pierrot-chez-georges-bigot\/\" \/>\n<meta property=\"og:locale\" content=\"fr_FR\" \/>\n<meta property=\"og:type\" content=\"article\" \/>\n<meta property=\"og:title\" content=\"Ombres et Pierrot chez Georges Bigot - le site de Thierry Groensteen\" \/>\n<meta property=\"og:description\" content=\"Un chapitre de mon livre sur La Bande dessin\u00e9e en France \u00e0 la Belle \u00c9poque est consacr\u00e9 aux histoires muettes, celles dont la narration repose sur les seules ressources de la pantomime. Et un autre aux ombres chinoises qui, dans le sillage des fameux spectacles d\u2019ombre du cabaret du Chat Noir, connurent alors une [&hellip;]\" \/>\n<meta property=\"og:url\" content=\"https:\/\/www.thierry-groensteen.fr\/index.php\/2025\/10\/09\/ombres-et-pierrot-chez-georges-bigot\/\" \/>\n<meta property=\"og:site_name\" content=\"le site de Thierry Groensteen\" \/>\n<meta property=\"article:published_time\" content=\"2025-10-08T22:05:31+00:00\" \/>\n<meta property=\"og:image\" content=\"https:\/\/www.thierry-groensteen.fr\/wp-content\/uploads\/2025\/09\/Bigot-couve-Tobae1-1-e1758871997655.jpg\" \/>\n\t<meta property=\"og:image:width\" content=\"1067\" \/>\n\t<meta property=\"og:image:height\" content=\"487\" \/>\n\t<meta property=\"og:image:type\" content=\"image\/jpeg\" \/>\n<meta name=\"author\" content=\"TG\" \/>\n<meta name=\"twitter:card\" content=\"summary_large_image\" \/>\n<meta name=\"twitter:label1\" content=\"\u00c9crit par\" \/>\n\t<meta name=\"twitter:data1\" content=\"TG\" \/>\n\t<meta name=\"twitter:label2\" content=\"Dur\u00e9e de lecture estim\u00e9e\" \/>\n\t<meta name=\"twitter:data2\" content=\"3 minutes\" \/>\n<script type=\"application\/ld+json\" class=\"yoast-schema-graph\">{\"@context\":\"https:\\\/\\\/schema.org\",\"@graph\":[{\"@type\":\"Article\",\"@id\":\"https:\\\/\\\/www.thierry-groensteen.fr\\\/index.php\\\/2025\\\/10\\\/09\\\/ombres-et-pierrot-chez-georges-bigot\\\/#article\",\"isPartOf\":{\"@id\":\"https:\\\/\\\/www.thierry-groensteen.fr\\\/index.php\\\/2025\\\/10\\\/09\\\/ombres-et-pierrot-chez-georges-bigot\\\/\"},\"author\":{\"name\":\"TG\",\"@id\":\"https:\\\/\\\/www.thierry-groensteen.fr\\\/#\\\/schema\\\/person\\\/3695d4890604be69f280ebbb549210b5\"},\"headline\":\"Ombres et Pierrot chez Georges Bigot\",\"datePublished\":\"2025-10-08T22:05:31+00:00\",\"mainEntityOfPage\":{\"@id\":\"https:\\\/\\\/www.thierry-groensteen.fr\\\/index.php\\\/2025\\\/10\\\/09\\\/ombres-et-pierrot-chez-georges-bigot\\\/\"},\"wordCount\":487,\"publisher\":{\"@id\":\"https:\\\/\\\/www.thierry-groensteen.fr\\\/#\\\/schema\\\/person\\\/3695d4890604be69f280ebbb549210b5\"},\"image\":{\"@id\":\"https:\\\/\\\/www.thierry-groensteen.fr\\\/index.php\\\/2025\\\/10\\\/09\\\/ombres-et-pierrot-chez-georges-bigot\\\/#primaryimage\"},\"thumbnailUrl\":\"https:\\\/\\\/www.thierry-groensteen.fr\\\/wp-content\\\/uploads\\\/2025\\\/09\\\/Bigot-couve-Tobae1-1-e1758871997655.jpg\",\"articleSection\":[\"mon Blog\"],\"inLanguage\":\"fr-FR\"},{\"@type\":\"WebPage\",\"@id\":\"https:\\\/\\\/www.thierry-groensteen.fr\\\/index.php\\\/2025\\\/10\\\/09\\\/ombres-et-pierrot-chez-georges-bigot\\\/\",\"url\":\"https:\\\/\\\/www.thierry-groensteen.fr\\\/index.php\\\/2025\\\/10\\\/09\\\/ombres-et-pierrot-chez-georges-bigot\\\/\",\"name\":\"Ombres et Pierrot chez Georges Bigot - le site de Thierry Groensteen\",\"isPartOf\":{\"@id\":\"https:\\\/\\\/www.thierry-groensteen.fr\\\/#website\"},\"primaryImageOfPage\":{\"@id\":\"https:\\\/\\\/www.thierry-groensteen.fr\\\/index.php\\\/2025\\\/10\\\/09\\\/ombres-et-pierrot-chez-georges-bigot\\\/#primaryimage\"},\"image\":{\"@id\":\"https:\\\/\\\/www.thierry-groensteen.fr\\\/index.php\\\/2025\\\/10\\\/09\\\/ombres-et-pierrot-chez-georges-bigot\\\/#primaryimage\"},\"thumbnailUrl\":\"https:\\\/\\\/www.thierry-groensteen.fr\\\/wp-content\\\/uploads\\\/2025\\\/09\\\/Bigot-couve-Tobae1-1-e1758871997655.jpg\",\"datePublished\":\"2025-10-08T22:05:31+00:00\",\"breadcrumb\":{\"@id\":\"https:\\\/\\\/www.thierry-groensteen.fr\\\/index.php\\\/2025\\\/10\\\/09\\\/ombres-et-pierrot-chez-georges-bigot\\\/#breadcrumb\"},\"inLanguage\":\"fr-FR\",\"potentialAction\":[{\"@type\":\"ReadAction\",\"target\":[\"https:\\\/\\\/www.thierry-groensteen.fr\\\/index.php\\\/2025\\\/10\\\/09\\\/ombres-et-pierrot-chez-georges-bigot\\\/\"]}]},{\"@type\":\"ImageObject\",\"inLanguage\":\"fr-FR\",\"@id\":\"https:\\\/\\\/www.thierry-groensteen.fr\\\/index.php\\\/2025\\\/10\\\/09\\\/ombres-et-pierrot-chez-georges-bigot\\\/#primaryimage\",\"url\":\"https:\\\/\\\/www.thierry-groensteen.fr\\\/wp-content\\\/uploads\\\/2025\\\/09\\\/Bigot-couve-Tobae1-1-e1758871997655.jpg\",\"contentUrl\":\"https:\\\/\\\/www.thierry-groensteen.fr\\\/wp-content\\\/uploads\\\/2025\\\/09\\\/Bigot-couve-Tobae1-1-e1758871997655.jpg\",\"width\":1067,\"height\":487},{\"@type\":\"BreadcrumbList\",\"@id\":\"https:\\\/\\\/www.thierry-groensteen.fr\\\/index.php\\\/2025\\\/10\\\/09\\\/ombres-et-pierrot-chez-georges-bigot\\\/#breadcrumb\",\"itemListElement\":[{\"@type\":\"ListItem\",\"position\":1,\"name\":\"Accueil\",\"item\":\"https:\\\/\\\/www.thierry-groensteen.fr\\\/\"},{\"@type\":\"ListItem\",\"position\":2,\"name\":\"Ombres et Pierrot chez Georges Bigot\"}]},{\"@type\":\"WebSite\",\"@id\":\"https:\\\/\\\/www.thierry-groensteen.fr\\\/#website\",\"url\":\"https:\\\/\\\/www.thierry-groensteen.fr\\\/\",\"name\":\"le site de Thierry Groensteen\",\"description\":\"site officiel\",\"publisher\":{\"@id\":\"https:\\\/\\\/www.thierry-groensteen.fr\\\/#\\\/schema\\\/person\\\/3695d4890604be69f280ebbb549210b5\"},\"potentialAction\":[{\"@type\":\"SearchAction\",\"target\":{\"@type\":\"EntryPoint\",\"urlTemplate\":\"https:\\\/\\\/www.thierry-groensteen.fr\\\/?s={search_term_string}\"},\"query-input\":{\"@type\":\"PropertyValueSpecification\",\"valueRequired\":true,\"valueName\":\"search_term_string\"}}],\"inLanguage\":\"fr-FR\"},{\"@type\":[\"Person\",\"Organization\"],\"@id\":\"https:\\\/\\\/www.thierry-groensteen.fr\\\/#\\\/schema\\\/person\\\/3695d4890604be69f280ebbb549210b5\",\"name\":\"TG\",\"image\":{\"@type\":\"ImageObject\",\"inLanguage\":\"fr-FR\",\"@id\":\"https:\\\/\\\/www.thierry-groensteen.fr\\\/wp-content\\\/uploads\\\/2023\\\/09\\\/logo_ThierryGroensteen_header.png\",\"url\":\"https:\\\/\\\/www.thierry-groensteen.fr\\\/wp-content\\\/uploads\\\/2023\\\/09\\\/logo_ThierryGroensteen_header.png\",\"contentUrl\":\"https:\\\/\\\/www.thierry-groensteen.fr\\\/wp-content\\\/uploads\\\/2023\\\/09\\\/logo_ThierryGroensteen_header.png\",\"width\":620,\"height\":240,\"caption\":\"TG\"},\"logo\":{\"@id\":\"https:\\\/\\\/www.thierry-groensteen.fr\\\/wp-content\\\/uploads\\\/2023\\\/09\\\/logo_ThierryGroensteen_header.png\"},\"sameAs\":[\"https:\\\/\\\/www.thierry-groensteen.fr\"],\"url\":\"https:\\\/\\\/www.thierry-groensteen.fr\\\/index.php\\\/author\\\/admin5797\\\/\"}]}<\/script>\n<!-- \/ Yoast SEO plugin. -->","yoast_head_json":{"title":"Ombres et Pierrot chez Georges Bigot - le site de Thierry Groensteen","robots":{"index":"index","follow":"follow","max-snippet":"max-snippet:-1","max-image-preview":"max-image-preview:large","max-video-preview":"max-video-preview:-1"},"canonical":"https:\/\/www.thierry-groensteen.fr\/index.php\/2025\/10\/09\/ombres-et-pierrot-chez-georges-bigot\/","og_locale":"fr_FR","og_type":"article","og_title":"Ombres et Pierrot chez Georges Bigot - le site de Thierry Groensteen","og_description":"Un chapitre de mon livre sur La Bande dessin\u00e9e en France \u00e0 la Belle \u00c9poque est consacr\u00e9 aux histoires muettes, celles dont la narration repose sur les seules ressources de la pantomime. Et un autre aux ombres chinoises qui, dans le sillage des fameux spectacles d\u2019ombre du cabaret du Chat Noir, connurent alors une [&hellip;]","og_url":"https:\/\/www.thierry-groensteen.fr\/index.php\/2025\/10\/09\/ombres-et-pierrot-chez-georges-bigot\/","og_site_name":"le site de Thierry Groensteen","article_published_time":"2025-10-08T22:05:31+00:00","og_image":[{"width":1067,"height":487,"url":"https:\/\/www.thierry-groensteen.fr\/wp-content\/uploads\/2025\/09\/Bigot-couve-Tobae1-1-e1758871997655.jpg","type":"image\/jpeg"}],"author":"TG","twitter_card":"summary_large_image","twitter_misc":{"\u00c9crit par":"TG","Dur\u00e9e de lecture estim\u00e9e":"3 minutes"},"schema":{"@context":"https:\/\/schema.org","@graph":[{"@type":"Article","@id":"https:\/\/www.thierry-groensteen.fr\/index.php\/2025\/10\/09\/ombres-et-pierrot-chez-georges-bigot\/#article","isPartOf":{"@id":"https:\/\/www.thierry-groensteen.fr\/index.php\/2025\/10\/09\/ombres-et-pierrot-chez-georges-bigot\/"},"author":{"name":"TG","@id":"https:\/\/www.thierry-groensteen.fr\/#\/schema\/person\/3695d4890604be69f280ebbb549210b5"},"headline":"Ombres et Pierrot chez Georges Bigot","datePublished":"2025-10-08T22:05:31+00:00","mainEntityOfPage":{"@id":"https:\/\/www.thierry-groensteen.fr\/index.php\/2025\/10\/09\/ombres-et-pierrot-chez-georges-bigot\/"},"wordCount":487,"publisher":{"@id":"https:\/\/www.thierry-groensteen.fr\/#\/schema\/person\/3695d4890604be69f280ebbb549210b5"},"image":{"@id":"https:\/\/www.thierry-groensteen.fr\/index.php\/2025\/10\/09\/ombres-et-pierrot-chez-georges-bigot\/#primaryimage"},"thumbnailUrl":"https:\/\/www.thierry-groensteen.fr\/wp-content\/uploads\/2025\/09\/Bigot-couve-Tobae1-1-e1758871997655.jpg","articleSection":["mon Blog"],"inLanguage":"fr-FR"},{"@type":"WebPage","@id":"https:\/\/www.thierry-groensteen.fr\/index.php\/2025\/10\/09\/ombres-et-pierrot-chez-georges-bigot\/","url":"https:\/\/www.thierry-groensteen.fr\/index.php\/2025\/10\/09\/ombres-et-pierrot-chez-georges-bigot\/","name":"Ombres et Pierrot chez Georges Bigot - le site de Thierry Groensteen","isPartOf":{"@id":"https:\/\/www.thierry-groensteen.fr\/#website"},"primaryImageOfPage":{"@id":"https:\/\/www.thierry-groensteen.fr\/index.php\/2025\/10\/09\/ombres-et-pierrot-chez-georges-bigot\/#primaryimage"},"image":{"@id":"https:\/\/www.thierry-groensteen.fr\/index.php\/2025\/10\/09\/ombres-et-pierrot-chez-georges-bigot\/#primaryimage"},"thumbnailUrl":"https:\/\/www.thierry-groensteen.fr\/wp-content\/uploads\/2025\/09\/Bigot-couve-Tobae1-1-e1758871997655.jpg","datePublished":"2025-10-08T22:05:31+00:00","breadcrumb":{"@id":"https:\/\/www.thierry-groensteen.fr\/index.php\/2025\/10\/09\/ombres-et-pierrot-chez-georges-bigot\/#breadcrumb"},"inLanguage":"fr-FR","potentialAction":[{"@type":"ReadAction","target":["https:\/\/www.thierry-groensteen.fr\/index.php\/2025\/10\/09\/ombres-et-pierrot-chez-georges-bigot\/"]}]},{"@type":"ImageObject","inLanguage":"fr-FR","@id":"https:\/\/www.thierry-groensteen.fr\/index.php\/2025\/10\/09\/ombres-et-pierrot-chez-georges-bigot\/#primaryimage","url":"https:\/\/www.thierry-groensteen.fr\/wp-content\/uploads\/2025\/09\/Bigot-couve-Tobae1-1-e1758871997655.jpg","contentUrl":"https:\/\/www.thierry-groensteen.fr\/wp-content\/uploads\/2025\/09\/Bigot-couve-Tobae1-1-e1758871997655.jpg","width":1067,"height":487},{"@type":"BreadcrumbList","@id":"https:\/\/www.thierry-groensteen.fr\/index.php\/2025\/10\/09\/ombres-et-pierrot-chez-georges-bigot\/#breadcrumb","itemListElement":[{"@type":"ListItem","position":1,"name":"Accueil","item":"https:\/\/www.thierry-groensteen.fr\/"},{"@type":"ListItem","position":2,"name":"Ombres et Pierrot chez Georges Bigot"}]},{"@type":"WebSite","@id":"https:\/\/www.thierry-groensteen.fr\/#website","url":"https:\/\/www.thierry-groensteen.fr\/","name":"le site de Thierry Groensteen","description":"site officiel","publisher":{"@id":"https:\/\/www.thierry-groensteen.fr\/#\/schema\/person\/3695d4890604be69f280ebbb549210b5"},"potentialAction":[{"@type":"SearchAction","target":{"@type":"EntryPoint","urlTemplate":"https:\/\/www.thierry-groensteen.fr\/?s={search_term_string}"},"query-input":{"@type":"PropertyValueSpecification","valueRequired":true,"valueName":"search_term_string"}}],"inLanguage":"fr-FR"},{"@type":["Person","Organization"],"@id":"https:\/\/www.thierry-groensteen.fr\/#\/schema\/person\/3695d4890604be69f280ebbb549210b5","name":"TG","image":{"@type":"ImageObject","inLanguage":"fr-FR","@id":"https:\/\/www.thierry-groensteen.fr\/wp-content\/uploads\/2023\/09\/logo_ThierryGroensteen_header.png","url":"https:\/\/www.thierry-groensteen.fr\/wp-content\/uploads\/2023\/09\/logo_ThierryGroensteen_header.png","contentUrl":"https:\/\/www.thierry-groensteen.fr\/wp-content\/uploads\/2023\/09\/logo_ThierryGroensteen_header.png","width":620,"height":240,"caption":"TG"},"logo":{"@id":"https:\/\/www.thierry-groensteen.fr\/wp-content\/uploads\/2023\/09\/logo_ThierryGroensteen_header.png"},"sameAs":["https:\/\/www.thierry-groensteen.fr"],"url":"https:\/\/www.thierry-groensteen.fr\/index.php\/author\/admin5797\/"}]}},"_links":{"self":[{"href":"https:\/\/www.thierry-groensteen.fr\/index.php\/wp-json\/wp\/v2\/posts\/3758","targetHints":{"allow":["GET"]}}],"collection":[{"href":"https:\/\/www.thierry-groensteen.fr\/index.php\/wp-json\/wp\/v2\/posts"}],"about":[{"href":"https:\/\/www.thierry-groensteen.fr\/index.php\/wp-json\/wp\/v2\/types\/post"}],"author":[{"embeddable":true,"href":"https:\/\/www.thierry-groensteen.fr\/index.php\/wp-json\/wp\/v2\/users\/1"}],"replies":[{"embeddable":true,"href":"https:\/\/www.thierry-groensteen.fr\/index.php\/wp-json\/wp\/v2\/comments?post=3758"}],"version-history":[{"count":3,"href":"https:\/\/www.thierry-groensteen.fr\/index.php\/wp-json\/wp\/v2\/posts\/3758\/revisions"}],"predecessor-version":[{"id":3765,"href":"https:\/\/www.thierry-groensteen.fr\/index.php\/wp-json\/wp\/v2\/posts\/3758\/revisions\/3765"}],"wp:featuredmedia":[{"embeddable":true,"href":"https:\/\/www.thierry-groensteen.fr\/index.php\/wp-json\/wp\/v2\/media\/3764"}],"wp:attachment":[{"href":"https:\/\/www.thierry-groensteen.fr\/index.php\/wp-json\/wp\/v2\/media?parent=3758"}],"wp:term":[{"taxonomy":"category","embeddable":true,"href":"https:\/\/www.thierry-groensteen.fr\/index.php\/wp-json\/wp\/v2\/categories?post=3758"},{"taxonomy":"post_tag","embeddable":true,"href":"https:\/\/www.thierry-groensteen.fr\/index.php\/wp-json\/wp\/v2\/tags?post=3758"}],"curies":[{"name":"wp","href":"https:\/\/api.w.org\/{rel}","templated":true}]}}