{"id":3738,"date":"2025-09-26T00:05:37","date_gmt":"2025-09-25T22:05:37","guid":{"rendered":"https:\/\/www.thierry-groensteen.fr\/?p=3738"},"modified":"2025-09-16T08:49:49","modified_gmt":"2025-09-16T06:49:49","slug":"signal-brouille","status":"publish","type":"post","link":"https:\/\/www.thierry-groensteen.fr\/index.php\/2025\/09\/26\/signal-brouille\/","title":{"rendered":"Signal brouill\u00e9"},"content":{"rendered":"<p style=\"font-weight: 400;\">Parmi les albums parus juste avant l\u2019\u00e9t\u00e9, <em>Rouge signal<\/em>, de Laurie Agusti, a \u00e9t\u00e9 l\u2019un des plus remarqu\u00e9s. Il est vrai que sa couverture attire l\u2019attention \u2013 un assortiment de cases plut\u00f4t qu\u2019une grande image\u00a0; il y a peu de pr\u00e9c\u00e9dents (on songe \u00e0 <em>Tango<\/em>, d\u2019Hugo Pratt) \u2013, qu\u2019une s\u00e9duction imm\u00e9diate op\u00e8re au feuilletage, du fait de la vari\u00e9t\u00e9 des mises en page et de la vivacit\u00e9 des couleurs, et que le sujet de l\u2019intrigue, le masculinisme et ses d\u00e9rives, r\u00e9sonne avec l\u2019actualit\u00e9. Il s\u2019agit, de plus, du premier v\u00e9ritable roman graphique d\u2019une jeune autrice connue jusqu\u2019ici pour ses albums jeunesse et quelques r\u00e9cits publi\u00e9s en ligne sur le site Grandpapier, dont, tout de m\u00eame, une adaptation de <em>La Divine Com\u00e9die<\/em>, excusez du peu.<\/p>\n<p style=\"font-weight: 400;\"><img decoding=\"async\" class=\"lazyload size-medium wp-image-3742 alignleft\" src=\"https:\/\/www.thierry-groensteen.fr\/wp-content\/uploads\/2025\/09\/rouge_signal_couve-1-225x300.jpg\" data-orig-src=\"https:\/\/www.thierry-groensteen.fr\/wp-content\/uploads\/2025\/09\/rouge_signal_couve-1-225x300.jpg\" alt=\"\" width=\"225\" height=\"300\" srcset=\"data:image\/svg+xml,%3Csvg%20xmlns%3D%27http%3A%2F%2Fwww.w3.org%2F2000%2Fsvg%27%20width%3D%27225%27%20height%3D%27300%27%20viewBox%3D%270%200%20225%20300%27%3E%3Crect%20width%3D%27225%27%20height%3D%27300%27%20fill-opacity%3D%220%22%2F%3E%3C%2Fsvg%3E\" data-srcset=\"https:\/\/www.thierry-groensteen.fr\/wp-content\/uploads\/2025\/09\/rouge_signal_couve-1-200x267.jpg 200w, https:\/\/www.thierry-groensteen.fr\/wp-content\/uploads\/2025\/09\/rouge_signal_couve-1-225x300.jpg 225w, https:\/\/www.thierry-groensteen.fr\/wp-content\/uploads\/2025\/09\/rouge_signal_couve-1-400x533.jpg 400w, https:\/\/www.thierry-groensteen.fr\/wp-content\/uploads\/2025\/09\/rouge_signal_couve-1-600x800.jpg 600w, https:\/\/www.thierry-groensteen.fr\/wp-content\/uploads\/2025\/09\/rouge_signal_couve-1.jpg 720w\" data-sizes=\"auto\" data-orig-sizes=\"(max-width: 225px) 100vw, 225px\" \/>Il s\u2019agit d\u2019un album qui a connu une gestation longue (la dessinatrice travaillait le sujet depuis 2019) et qui me para\u00eet cristalliser exemplairement un certain nombre de tendances caract\u00e9ristiques du chemin emprunt\u00e9 par la bande dessin\u00e9e ces derni\u00e8res ann\u00e9es. Je pense tout particuli\u00e8rement au travail sur le rythme, qui passe par des modulations de grande amplitude dans la taille des images, et au fait que la couleur semble l\u2019emporter sur le dessin (Agusti travaille \u00e0 la gouache). J\u2019ai d\u00e9j\u00e0 parl\u00e9 ici d\u2019un autre ouvrage o\u00f9 cette deuxi\u00e8me tendance se donne \u00e0 voir, <em>Des fourmis dans les jambes<\/em>, d\u2019Andr\u00e9 Derainne [juin 2024], mais il suffit de regarder les tables des libraires sp\u00e9cialis\u00e9s pour constater qu\u2019ils sont de plus en plus nombreux, les livres de bande dessin\u00e9e qui attirent l\u2019\u0153il par la franchise, la g\u00e9n\u00e9rosit\u00e9 et le chatoiement des couleurs, ce chromatisme ostentatoire et radical allant souvent de pair avec un dessin minimal, dans un rapport inversement proportionnel.<\/p>\n<p style=\"font-weight: 400;\">S\u2019agissant de <em>Rouge Signal<\/em>, cette r\u00e9ticence graphique se marque notamment dans le fait que les personnages, tel celui d\u2019Alexandre, le protagoniste, sont tr\u00e8s peu incarn\u00e9s (qu\u2019il n\u2019ait pas de regard, les yeux toujours dissimul\u00e9s derri\u00e8re les verres blancs de ses lunettes, trait\u00e9s comme s\u2019ils \u00e9taient opaques, est des plus significatifs \u00e0 cet \u00e9gard). Il n\u2019est gu\u00e8re plus qu\u2019une silhouette inexpressive que nous ne voyons pas <em>jouer<\/em> et dont les pens\u00e9es et les \u00e9motions ne se donnent \u00e0 lire qu\u2019\u00e0 travers le texte (mais le lettrage lui-m\u00eame est tr\u00e8s d\u00e9sincarn\u00e9).<\/p>\n<div id=\"attachment_3744\" style=\"width: 410px\" class=\"wp-caption aligncenter\"><img decoding=\"async\" aria-describedby=\"caption-attachment-3744\" class=\"lazyload wp-image-3744 size-fusion-400\" src=\"https:\/\/www.thierry-groensteen.fr\/wp-content\/uploads\/2025\/09\/Rouge-signal-p76-400x561.jpg\" data-orig-src=\"https:\/\/www.thierry-groensteen.fr\/wp-content\/uploads\/2025\/09\/Rouge-signal-p76-400x561.jpg\" alt=\"\" width=\"400\" height=\"561\" srcset=\"data:image\/svg+xml,%3Csvg%20xmlns%3D%27http%3A%2F%2Fwww.w3.org%2F2000%2Fsvg%27%20width%3D%27400%27%20height%3D%27561%27%20viewBox%3D%270%200%20400%20561%27%3E%3Crect%20width%3D%27400%27%20height%3D%27561%27%20fill-opacity%3D%220%22%2F%3E%3C%2Fsvg%3E\" data-srcset=\"https:\/\/www.thierry-groensteen.fr\/wp-content\/uploads\/2025\/09\/Rouge-signal-p76-200x280.jpg 200w, https:\/\/www.thierry-groensteen.fr\/wp-content\/uploads\/2025\/09\/Rouge-signal-p76-214x300.jpg 214w, https:\/\/www.thierry-groensteen.fr\/wp-content\/uploads\/2025\/09\/Rouge-signal-p76-400x561.jpg 400w, https:\/\/www.thierry-groensteen.fr\/wp-content\/uploads\/2025\/09\/Rouge-signal-p76-600x841.jpg 600w, https:\/\/www.thierry-groensteen.fr\/wp-content\/uploads\/2025\/09\/Rouge-signal-p76-731x1024.jpg 731w, https:\/\/www.thierry-groensteen.fr\/wp-content\/uploads\/2025\/09\/Rouge-signal-p76-768x1076.jpg 768w, https:\/\/www.thierry-groensteen.fr\/wp-content\/uploads\/2025\/09\/Rouge-signal-p76-800x1121.jpg 800w, https:\/\/www.thierry-groensteen.fr\/wp-content\/uploads\/2025\/09\/Rouge-signal-p76-1096x1536.jpg 1096w, https:\/\/www.thierry-groensteen.fr\/wp-content\/uploads\/2025\/09\/Rouge-signal-p76-1200x1682.jpg 1200w, https:\/\/www.thierry-groensteen.fr\/wp-content\/uploads\/2025\/09\/Rouge-signal-p76-1461x2048.jpg 1461w, https:\/\/www.thierry-groensteen.fr\/wp-content\/uploads\/2025\/09\/Rouge-signal-p76.jpg 1477w\" data-sizes=\"auto\" data-orig-sizes=\"(max-width: 400px) 100vw, 400px\" \/><p id=\"caption-attachment-3744\" class=\"wp-caption-text\">\u00ab\u00a0Rouge signal\u00a0\u00bb, page 76 \u2013 \u00a9 \u00e9d. 2042<\/p><\/div>\n<p style=\"font-weight: 400;\">Il s\u2019agit, au fond, de ce que, dans une \u00e9tude portant notamment sur le travail de Marion Fayolle, j\u2019avais nomm\u00e9 un \u00ab quasi-personnage \u00bb. Fayolle, du reste, en convient pour sa part, dont je rappelais les propos\u00a0: \u00ab Pour moi, les personnages ne sont pas vraiment des humains, ils n&rsquo;ont pas de pr\u00e9nom, pas d&rsquo;identit\u00e9 tr\u00e8s d\u00e9finie. Je les vois davantage comme des silhouettes th\u00e9oriques, des sujets \u00e0 r\u00e9flexion. \u00bb Seulement, la psychologie ne tient pas de place dans les histoires de Marion Fayolle, alors qu\u2019elle est au c\u0153ur du r\u00e9cit de Laurie Augusti. J\u2019avoue avoir eu du mal \u00e0 croire \u00e0 la d\u00e9rive fatale d\u2019Alexandre, employ\u00e9 terne et solitaire, peu \u00e0 l\u2019aise dans son travail comme avec les femmes, qui se convertit (sous l\u2019influence de quelques coll\u00e8gues et des r\u00e9seaux sociaux) aux th\u00e8ses masculinistes puis, comme s\u2019il s\u2019agissait de l\u2019aboutissement logique, fatal, de cette \u00e9volution, \u00e0 l\u2019action violente, car \u00e0 aucun moment je n\u2019ai v\u00e9ritablement cru \u00e0 l\u2019existence du bonhomme.<\/p>\n<p style=\"font-weight: 400;\">Au final,<em> Rouge signal<\/em> est un album d\u00e9concertant parce qu\u2019il semble relever d\u2019une conception d\u00e9corative de la BD (les plus grandes images sont tr\u00e8s souvent celles dont le contenu est le plus insignifiant\u00a0; dans un podcast sur le site Actuabd, l\u2019autrice s\u2019en justifie en disant que ses images ne sont, en effet, pas directement r\u00e9f\u00e9renc\u00e9es \u00e0 l\u2019action ou au dialogue, qu\u2019elle recherche cette d\u00e9connection entre forme et fond) et qu\u2019il d\u00e9veloppe en m\u00eame temps un r\u00e9cit \u00e0 th\u00e8se, tr\u00e8s en prise avec la soci\u00e9t\u00e9, avec le r\u00e9el. Un album qui appara\u00eet comme dissoci\u00e9, doublement d\u00e9monstratif\u00a0: sur le plan politique et sur le plan esth\u00e9tique, o\u00f9 fond et forme m\u2019ont donn\u00e9 l\u2019impression de diverger plut\u00f4t que de servir une m\u00eame ambition.<\/p>\n<div id=\"attachment_3743\" style=\"width: 610px\" class=\"wp-caption aligncenter\"><img decoding=\"async\" aria-describedby=\"caption-attachment-3743\" class=\"lazyload wp-image-3743 size-fusion-600\" src=\"https:\/\/www.thierry-groensteen.fr\/wp-content\/uploads\/2025\/09\/Rouge-signal-p104-600x827.jpg\" data-orig-src=\"https:\/\/www.thierry-groensteen.fr\/wp-content\/uploads\/2025\/09\/Rouge-signal-p104-600x827.jpg\" alt=\"\" width=\"600\" height=\"827\" srcset=\"data:image\/svg+xml,%3Csvg%20xmlns%3D%27http%3A%2F%2Fwww.w3.org%2F2000%2Fsvg%27%20width%3D%27600%27%20height%3D%27827%27%20viewBox%3D%270%200%20600%20827%27%3E%3Crect%20width%3D%27600%27%20height%3D%27827%27%20fill-opacity%3D%220%22%2F%3E%3C%2Fsvg%3E\" data-srcset=\"https:\/\/www.thierry-groensteen.fr\/wp-content\/uploads\/2025\/09\/Rouge-signal-p104-200x276.jpg 200w, https:\/\/www.thierry-groensteen.fr\/wp-content\/uploads\/2025\/09\/Rouge-signal-p104-218x300.jpg 218w, https:\/\/www.thierry-groensteen.fr\/wp-content\/uploads\/2025\/09\/Rouge-signal-p104-400x551.jpg 400w, https:\/\/www.thierry-groensteen.fr\/wp-content\/uploads\/2025\/09\/Rouge-signal-p104-600x827.jpg 600w, https:\/\/www.thierry-groensteen.fr\/wp-content\/uploads\/2025\/09\/Rouge-signal-p104-743x1024.jpg 743w, https:\/\/www.thierry-groensteen.fr\/wp-content\/uploads\/2025\/09\/Rouge-signal-p104-768x1059.jpg 768w, https:\/\/www.thierry-groensteen.fr\/wp-content\/uploads\/2025\/09\/Rouge-signal-p104-800x1103.jpg 800w, https:\/\/www.thierry-groensteen.fr\/wp-content\/uploads\/2025\/09\/Rouge-signal-p104-1114x1536.jpg 1114w, https:\/\/www.thierry-groensteen.fr\/wp-content\/uploads\/2025\/09\/Rouge-signal-p104-1200x1654.jpg 1200w, https:\/\/www.thierry-groensteen.fr\/wp-content\/uploads\/2025\/09\/Rouge-signal-p104-1485x2048.jpg 1485w, https:\/\/www.thierry-groensteen.fr\/wp-content\/uploads\/2025\/09\/Rouge-signal-p104.jpg 1513w\" data-sizes=\"auto\" data-orig-sizes=\"(max-width: 600px) 100vw, 600px\" \/><p id=\"caption-attachment-3743\" class=\"wp-caption-text\">\u00ab\u00a0Rouge signal\u00a0\u00bb, page 104 \u2013 \u00a9 \u00e9d. 2042<\/p><\/div>\n<p>Laurie Agusti, <em>Rouge signal<\/em>, \u00e9dition 2042, 200 pages, 28 \u20ac. ISBN 978-2-487849-07-5<\/p>\n","protected":false},"excerpt":{"rendered":"<p>Parmi les albums parus juste avant l\u2019\u00e9t\u00e9, Rouge signal, de Laurie Agusti, a \u00e9t\u00e9 l\u2019un des plus remarqu\u00e9s. Il est vrai que sa couverture attire l\u2019attention \u2013 un assortiment de cases plut\u00f4t qu\u2019une grande image\u00a0; il y a peu de pr\u00e9c\u00e9dents (on songe \u00e0 Tango, d\u2019Hugo Pratt) \u2013, qu\u2019une s\u00e9duction imm\u00e9diate op\u00e8re au feuilletage, [&hellip;]<\/p>\n","protected":false},"author":1,"featured_media":3741,"comment_status":"closed","ping_status":"closed","sticky":false,"template":"","format":"standard","meta":{"footnotes":""},"categories":[70],"tags":[],"class_list":["post-3738","post","type-post","status-publish","format-standard","has-post-thumbnail","hentry","category-mon-blog"],"acf":[],"yoast_head":"<!-- This site is optimized with the Yoast SEO plugin v27.5 - https:\/\/yoast.com\/product\/yoast-seo-wordpress\/ -->\n<title>Signal brouill\u00e9 - le site de Thierry Groensteen<\/title>\n<meta name=\"robots\" content=\"index, follow, max-snippet:-1, max-image-preview:large, max-video-preview:-1\" \/>\n<link rel=\"canonical\" href=\"https:\/\/www.thierry-groensteen.fr\/index.php\/2025\/09\/26\/signal-brouille\/\" \/>\n<meta property=\"og:locale\" content=\"fr_FR\" \/>\n<meta property=\"og:type\" content=\"article\" \/>\n<meta property=\"og:title\" content=\"Signal brouill\u00e9 - le site de Thierry Groensteen\" \/>\n<meta property=\"og:description\" content=\"Parmi les albums parus juste avant l\u2019\u00e9t\u00e9, Rouge signal, de Laurie Agusti, a \u00e9t\u00e9 l\u2019un des plus remarqu\u00e9s. Il est vrai que sa couverture attire l\u2019attention \u2013 un assortiment de cases plut\u00f4t qu\u2019une grande image\u00a0; il y a peu de pr\u00e9c\u00e9dents (on songe \u00e0 Tango, d\u2019Hugo Pratt) \u2013, qu\u2019une s\u00e9duction imm\u00e9diate op\u00e8re au feuilletage, [&hellip;]\" \/>\n<meta property=\"og:url\" content=\"https:\/\/www.thierry-groensteen.fr\/index.php\/2025\/09\/26\/signal-brouille\/\" \/>\n<meta property=\"og:site_name\" content=\"le site de Thierry Groensteen\" \/>\n<meta property=\"article:published_time\" content=\"2025-09-25T22:05:37+00:00\" \/>\n<meta property=\"og:image\" content=\"https:\/\/www.thierry-groensteen.fr\/wp-content\/uploads\/2025\/09\/rouge_signal_couve-e1758005171312.jpg\" \/>\n\t<meta property=\"og:image:width\" content=\"720\" \/>\n\t<meta property=\"og:image:height\" content=\"330\" \/>\n\t<meta property=\"og:image:type\" content=\"image\/jpeg\" \/>\n<meta name=\"author\" content=\"TG\" \/>\n<meta name=\"twitter:card\" content=\"summary_large_image\" \/>\n<meta name=\"twitter:label1\" content=\"\u00c9crit par\" \/>\n\t<meta name=\"twitter:data1\" content=\"TG\" \/>\n\t<meta name=\"twitter:label2\" content=\"Dur\u00e9e de lecture estim\u00e9e\" \/>\n\t<meta name=\"twitter:data2\" content=\"4 minutes\" \/>\n<script type=\"application\/ld+json\" class=\"yoast-schema-graph\">{\"@context\":\"https:\\\/\\\/schema.org\",\"@graph\":[{\"@type\":\"Article\",\"@id\":\"https:\\\/\\\/www.thierry-groensteen.fr\\\/index.php\\\/2025\\\/09\\\/26\\\/signal-brouille\\\/#article\",\"isPartOf\":{\"@id\":\"https:\\\/\\\/www.thierry-groensteen.fr\\\/index.php\\\/2025\\\/09\\\/26\\\/signal-brouille\\\/\"},\"author\":{\"name\":\"TG\",\"@id\":\"https:\\\/\\\/www.thierry-groensteen.fr\\\/#\\\/schema\\\/person\\\/3695d4890604be69f280ebbb549210b5\"},\"headline\":\"Signal brouill\u00e9\",\"datePublished\":\"2025-09-25T22:05:37+00:00\",\"mainEntityOfPage\":{\"@id\":\"https:\\\/\\\/www.thierry-groensteen.fr\\\/index.php\\\/2025\\\/09\\\/26\\\/signal-brouille\\\/\"},\"wordCount\":781,\"publisher\":{\"@id\":\"https:\\\/\\\/www.thierry-groensteen.fr\\\/#\\\/schema\\\/person\\\/3695d4890604be69f280ebbb549210b5\"},\"image\":{\"@id\":\"https:\\\/\\\/www.thierry-groensteen.fr\\\/index.php\\\/2025\\\/09\\\/26\\\/signal-brouille\\\/#primaryimage\"},\"thumbnailUrl\":\"https:\\\/\\\/www.thierry-groensteen.fr\\\/wp-content\\\/uploads\\\/2025\\\/09\\\/rouge_signal_couve-e1758005171312.jpg\",\"articleSection\":[\"mon Blog\"],\"inLanguage\":\"fr-FR\"},{\"@type\":\"WebPage\",\"@id\":\"https:\\\/\\\/www.thierry-groensteen.fr\\\/index.php\\\/2025\\\/09\\\/26\\\/signal-brouille\\\/\",\"url\":\"https:\\\/\\\/www.thierry-groensteen.fr\\\/index.php\\\/2025\\\/09\\\/26\\\/signal-brouille\\\/\",\"name\":\"Signal brouill\u00e9 - le site de Thierry Groensteen\",\"isPartOf\":{\"@id\":\"https:\\\/\\\/www.thierry-groensteen.fr\\\/#website\"},\"primaryImageOfPage\":{\"@id\":\"https:\\\/\\\/www.thierry-groensteen.fr\\\/index.php\\\/2025\\\/09\\\/26\\\/signal-brouille\\\/#primaryimage\"},\"image\":{\"@id\":\"https:\\\/\\\/www.thierry-groensteen.fr\\\/index.php\\\/2025\\\/09\\\/26\\\/signal-brouille\\\/#primaryimage\"},\"thumbnailUrl\":\"https:\\\/\\\/www.thierry-groensteen.fr\\\/wp-content\\\/uploads\\\/2025\\\/09\\\/rouge_signal_couve-e1758005171312.jpg\",\"datePublished\":\"2025-09-25T22:05:37+00:00\",\"breadcrumb\":{\"@id\":\"https:\\\/\\\/www.thierry-groensteen.fr\\\/index.php\\\/2025\\\/09\\\/26\\\/signal-brouille\\\/#breadcrumb\"},\"inLanguage\":\"fr-FR\",\"potentialAction\":[{\"@type\":\"ReadAction\",\"target\":[\"https:\\\/\\\/www.thierry-groensteen.fr\\\/index.php\\\/2025\\\/09\\\/26\\\/signal-brouille\\\/\"]}]},{\"@type\":\"ImageObject\",\"inLanguage\":\"fr-FR\",\"@id\":\"https:\\\/\\\/www.thierry-groensteen.fr\\\/index.php\\\/2025\\\/09\\\/26\\\/signal-brouille\\\/#primaryimage\",\"url\":\"https:\\\/\\\/www.thierry-groensteen.fr\\\/wp-content\\\/uploads\\\/2025\\\/09\\\/rouge_signal_couve-e1758005171312.jpg\",\"contentUrl\":\"https:\\\/\\\/www.thierry-groensteen.fr\\\/wp-content\\\/uploads\\\/2025\\\/09\\\/rouge_signal_couve-e1758005171312.jpg\",\"width\":720,\"height\":330},{\"@type\":\"BreadcrumbList\",\"@id\":\"https:\\\/\\\/www.thierry-groensteen.fr\\\/index.php\\\/2025\\\/09\\\/26\\\/signal-brouille\\\/#breadcrumb\",\"itemListElement\":[{\"@type\":\"ListItem\",\"position\":1,\"name\":\"Accueil\",\"item\":\"https:\\\/\\\/www.thierry-groensteen.fr\\\/\"},{\"@type\":\"ListItem\",\"position\":2,\"name\":\"Signal brouill\u00e9\"}]},{\"@type\":\"WebSite\",\"@id\":\"https:\\\/\\\/www.thierry-groensteen.fr\\\/#website\",\"url\":\"https:\\\/\\\/www.thierry-groensteen.fr\\\/\",\"name\":\"le site de Thierry Groensteen\",\"description\":\"site officiel\",\"publisher\":{\"@id\":\"https:\\\/\\\/www.thierry-groensteen.fr\\\/#\\\/schema\\\/person\\\/3695d4890604be69f280ebbb549210b5\"},\"potentialAction\":[{\"@type\":\"SearchAction\",\"target\":{\"@type\":\"EntryPoint\",\"urlTemplate\":\"https:\\\/\\\/www.thierry-groensteen.fr\\\/?s={search_term_string}\"},\"query-input\":{\"@type\":\"PropertyValueSpecification\",\"valueRequired\":true,\"valueName\":\"search_term_string\"}}],\"inLanguage\":\"fr-FR\"},{\"@type\":[\"Person\",\"Organization\"],\"@id\":\"https:\\\/\\\/www.thierry-groensteen.fr\\\/#\\\/schema\\\/person\\\/3695d4890604be69f280ebbb549210b5\",\"name\":\"TG\",\"image\":{\"@type\":\"ImageObject\",\"inLanguage\":\"fr-FR\",\"@id\":\"https:\\\/\\\/www.thierry-groensteen.fr\\\/wp-content\\\/uploads\\\/2023\\\/09\\\/logo_ThierryGroensteen_header.png\",\"url\":\"https:\\\/\\\/www.thierry-groensteen.fr\\\/wp-content\\\/uploads\\\/2023\\\/09\\\/logo_ThierryGroensteen_header.png\",\"contentUrl\":\"https:\\\/\\\/www.thierry-groensteen.fr\\\/wp-content\\\/uploads\\\/2023\\\/09\\\/logo_ThierryGroensteen_header.png\",\"width\":620,\"height\":240,\"caption\":\"TG\"},\"logo\":{\"@id\":\"https:\\\/\\\/www.thierry-groensteen.fr\\\/wp-content\\\/uploads\\\/2023\\\/09\\\/logo_ThierryGroensteen_header.png\"},\"sameAs\":[\"https:\\\/\\\/www.thierry-groensteen.fr\"],\"url\":\"https:\\\/\\\/www.thierry-groensteen.fr\\\/index.php\\\/author\\\/admin5797\\\/\"}]}<\/script>\n<!-- \/ Yoast SEO plugin. -->","yoast_head_json":{"title":"Signal brouill\u00e9 - le site de Thierry Groensteen","robots":{"index":"index","follow":"follow","max-snippet":"max-snippet:-1","max-image-preview":"max-image-preview:large","max-video-preview":"max-video-preview:-1"},"canonical":"https:\/\/www.thierry-groensteen.fr\/index.php\/2025\/09\/26\/signal-brouille\/","og_locale":"fr_FR","og_type":"article","og_title":"Signal brouill\u00e9 - le site de Thierry Groensteen","og_description":"Parmi les albums parus juste avant l\u2019\u00e9t\u00e9, Rouge signal, de Laurie Agusti, a \u00e9t\u00e9 l\u2019un des plus remarqu\u00e9s. Il est vrai que sa couverture attire l\u2019attention \u2013 un assortiment de cases plut\u00f4t qu\u2019une grande image\u00a0; il y a peu de pr\u00e9c\u00e9dents (on songe \u00e0 Tango, d\u2019Hugo Pratt) \u2013, qu\u2019une s\u00e9duction imm\u00e9diate op\u00e8re au feuilletage, [&hellip;]","og_url":"https:\/\/www.thierry-groensteen.fr\/index.php\/2025\/09\/26\/signal-brouille\/","og_site_name":"le site de Thierry Groensteen","article_published_time":"2025-09-25T22:05:37+00:00","og_image":[{"width":720,"height":330,"url":"https:\/\/www.thierry-groensteen.fr\/wp-content\/uploads\/2025\/09\/rouge_signal_couve-e1758005171312.jpg","type":"image\/jpeg"}],"author":"TG","twitter_card":"summary_large_image","twitter_misc":{"\u00c9crit par":"TG","Dur\u00e9e de lecture estim\u00e9e":"4 minutes"},"schema":{"@context":"https:\/\/schema.org","@graph":[{"@type":"Article","@id":"https:\/\/www.thierry-groensteen.fr\/index.php\/2025\/09\/26\/signal-brouille\/#article","isPartOf":{"@id":"https:\/\/www.thierry-groensteen.fr\/index.php\/2025\/09\/26\/signal-brouille\/"},"author":{"name":"TG","@id":"https:\/\/www.thierry-groensteen.fr\/#\/schema\/person\/3695d4890604be69f280ebbb549210b5"},"headline":"Signal brouill\u00e9","datePublished":"2025-09-25T22:05:37+00:00","mainEntityOfPage":{"@id":"https:\/\/www.thierry-groensteen.fr\/index.php\/2025\/09\/26\/signal-brouille\/"},"wordCount":781,"publisher":{"@id":"https:\/\/www.thierry-groensteen.fr\/#\/schema\/person\/3695d4890604be69f280ebbb549210b5"},"image":{"@id":"https:\/\/www.thierry-groensteen.fr\/index.php\/2025\/09\/26\/signal-brouille\/#primaryimage"},"thumbnailUrl":"https:\/\/www.thierry-groensteen.fr\/wp-content\/uploads\/2025\/09\/rouge_signal_couve-e1758005171312.jpg","articleSection":["mon Blog"],"inLanguage":"fr-FR"},{"@type":"WebPage","@id":"https:\/\/www.thierry-groensteen.fr\/index.php\/2025\/09\/26\/signal-brouille\/","url":"https:\/\/www.thierry-groensteen.fr\/index.php\/2025\/09\/26\/signal-brouille\/","name":"Signal brouill\u00e9 - le site de Thierry Groensteen","isPartOf":{"@id":"https:\/\/www.thierry-groensteen.fr\/#website"},"primaryImageOfPage":{"@id":"https:\/\/www.thierry-groensteen.fr\/index.php\/2025\/09\/26\/signal-brouille\/#primaryimage"},"image":{"@id":"https:\/\/www.thierry-groensteen.fr\/index.php\/2025\/09\/26\/signal-brouille\/#primaryimage"},"thumbnailUrl":"https:\/\/www.thierry-groensteen.fr\/wp-content\/uploads\/2025\/09\/rouge_signal_couve-e1758005171312.jpg","datePublished":"2025-09-25T22:05:37+00:00","breadcrumb":{"@id":"https:\/\/www.thierry-groensteen.fr\/index.php\/2025\/09\/26\/signal-brouille\/#breadcrumb"},"inLanguage":"fr-FR","potentialAction":[{"@type":"ReadAction","target":["https:\/\/www.thierry-groensteen.fr\/index.php\/2025\/09\/26\/signal-brouille\/"]}]},{"@type":"ImageObject","inLanguage":"fr-FR","@id":"https:\/\/www.thierry-groensteen.fr\/index.php\/2025\/09\/26\/signal-brouille\/#primaryimage","url":"https:\/\/www.thierry-groensteen.fr\/wp-content\/uploads\/2025\/09\/rouge_signal_couve-e1758005171312.jpg","contentUrl":"https:\/\/www.thierry-groensteen.fr\/wp-content\/uploads\/2025\/09\/rouge_signal_couve-e1758005171312.jpg","width":720,"height":330},{"@type":"BreadcrumbList","@id":"https:\/\/www.thierry-groensteen.fr\/index.php\/2025\/09\/26\/signal-brouille\/#breadcrumb","itemListElement":[{"@type":"ListItem","position":1,"name":"Accueil","item":"https:\/\/www.thierry-groensteen.fr\/"},{"@type":"ListItem","position":2,"name":"Signal brouill\u00e9"}]},{"@type":"WebSite","@id":"https:\/\/www.thierry-groensteen.fr\/#website","url":"https:\/\/www.thierry-groensteen.fr\/","name":"le site de Thierry Groensteen","description":"site officiel","publisher":{"@id":"https:\/\/www.thierry-groensteen.fr\/#\/schema\/person\/3695d4890604be69f280ebbb549210b5"},"potentialAction":[{"@type":"SearchAction","target":{"@type":"EntryPoint","urlTemplate":"https:\/\/www.thierry-groensteen.fr\/?s={search_term_string}"},"query-input":{"@type":"PropertyValueSpecification","valueRequired":true,"valueName":"search_term_string"}}],"inLanguage":"fr-FR"},{"@type":["Person","Organization"],"@id":"https:\/\/www.thierry-groensteen.fr\/#\/schema\/person\/3695d4890604be69f280ebbb549210b5","name":"TG","image":{"@type":"ImageObject","inLanguage":"fr-FR","@id":"https:\/\/www.thierry-groensteen.fr\/wp-content\/uploads\/2023\/09\/logo_ThierryGroensteen_header.png","url":"https:\/\/www.thierry-groensteen.fr\/wp-content\/uploads\/2023\/09\/logo_ThierryGroensteen_header.png","contentUrl":"https:\/\/www.thierry-groensteen.fr\/wp-content\/uploads\/2023\/09\/logo_ThierryGroensteen_header.png","width":620,"height":240,"caption":"TG"},"logo":{"@id":"https:\/\/www.thierry-groensteen.fr\/wp-content\/uploads\/2023\/09\/logo_ThierryGroensteen_header.png"},"sameAs":["https:\/\/www.thierry-groensteen.fr"],"url":"https:\/\/www.thierry-groensteen.fr\/index.php\/author\/admin5797\/"}]}},"_links":{"self":[{"href":"https:\/\/www.thierry-groensteen.fr\/index.php\/wp-json\/wp\/v2\/posts\/3738","targetHints":{"allow":["GET"]}}],"collection":[{"href":"https:\/\/www.thierry-groensteen.fr\/index.php\/wp-json\/wp\/v2\/posts"}],"about":[{"href":"https:\/\/www.thierry-groensteen.fr\/index.php\/wp-json\/wp\/v2\/types\/post"}],"author":[{"embeddable":true,"href":"https:\/\/www.thierry-groensteen.fr\/index.php\/wp-json\/wp\/v2\/users\/1"}],"replies":[{"embeddable":true,"href":"https:\/\/www.thierry-groensteen.fr\/index.php\/wp-json\/wp\/v2\/comments?post=3738"}],"version-history":[{"count":4,"href":"https:\/\/www.thierry-groensteen.fr\/index.php\/wp-json\/wp\/v2\/posts\/3738\/revisions"}],"predecessor-version":[{"id":3746,"href":"https:\/\/www.thierry-groensteen.fr\/index.php\/wp-json\/wp\/v2\/posts\/3738\/revisions\/3746"}],"wp:featuredmedia":[{"embeddable":true,"href":"https:\/\/www.thierry-groensteen.fr\/index.php\/wp-json\/wp\/v2\/media\/3741"}],"wp:attachment":[{"href":"https:\/\/www.thierry-groensteen.fr\/index.php\/wp-json\/wp\/v2\/media?parent=3738"}],"wp:term":[{"taxonomy":"category","embeddable":true,"href":"https:\/\/www.thierry-groensteen.fr\/index.php\/wp-json\/wp\/v2\/categories?post=3738"},{"taxonomy":"post_tag","embeddable":true,"href":"https:\/\/www.thierry-groensteen.fr\/index.php\/wp-json\/wp\/v2\/tags?post=3738"}],"curies":[{"name":"wp","href":"https:\/\/api.w.org\/{rel}","templated":true}]}}