{"id":3690,"date":"2025-07-15T12:00:01","date_gmt":"2025-07-15T10:00:01","guid":{"rendered":"https:\/\/www.thierry-groensteen.fr\/?p=3690"},"modified":"2025-07-15T12:00:01","modified_gmt":"2025-07-15T10:00:01","slug":"le-regne-de-bd-kids","status":"publish","type":"post","link":"https:\/\/www.thierry-groensteen.fr\/index.php\/2025\/07\/15\/le-regne-de-bd-kids\/","title":{"rendered":"Le r\u00e8gne de BD Kids"},"content":{"rendered":"<p style=\"font-weight: 400;\">La bande dessin\u00e9e jeunesse, un temps \u00e9clips\u00e9e par l\u2019essor de la BD \u00ab\u00a0adulte\u00a0\u00bb, s\u2019est consid\u00e9rablement r\u00e9g\u00e9n\u00e9r\u00e9e depuis le d\u00e9but du si\u00e8cle. Et m\u00eame si des succ\u00e8s consid\u00e9rables sont h\u00e9berg\u00e9s chez d\u2019autres \u00e9diteurs (<em>Titeuf <\/em>chez Gl\u00e9nat, <em>Les L\u00e9gendaires<\/em> chez Delcourt, etc.), une collection s\u2019est indubitablement impos\u00e9e comme centrale dans ce secteur de la cr\u00e9ation, c\u2019est \u00ab BD Kids \u00bb. Cr\u00e9\u00e9e en 2011 par Bayard et Milan, puis exploit\u00e9e par le seul premier cit\u00e9, elle vise prioritairement la tranche des 6-8 ans et se distingue par son petit format (16 x 20 cm). Une collection s\u0153ur, \u00ab mini BD Kids \u00bb, destin\u00e9e aux plus jeunes, a vu le jour en 2016.<\/p>\n<p style=\"font-weight: 400;\">Avec une cinquantaine de nouveaut\u00e9s par ans, des pr\u00e9sentoirs d\u00e9di\u00e9s, des s\u00e9ries phare comme <em>Ariol<\/em>, <em>Anatole Latuile<\/em>, <em>Tom-Tom et Nana<\/em>, <em>Avni <\/em>ou encore <em>\u00c9mile et Margot<\/em>, \u00ab BD Kids \u00bb a une visibilit\u00e9 consid\u00e9rable et s\u2019est impos\u00e9 comme un label prescripteur. <em>Tom-Tom et Nana<\/em> existait ant\u00e9rieurement au lancement de la collection, laquelle a aussi int\u00e9gr\u00e9 des s\u00e9ries qui existaient d\u00e9j\u00e0 en grand format, comme <em>Marion Duval<\/em> ou <em>Z\u00e9lie et compagnie<\/em>. Elle est aliment\u00e9e en nouveaut\u00e9s par la galaxie <em>J\u2019aime lire<\/em>\u00a0: le mensuel \u00e9ponyme + son \u00ab cousin \u00bb <em>J\u2019aime lire Max<\/em> qui s\u2019adresse plut\u00f4t aux 9-13 ans et les quatre hors-s\u00e9rie annuels <em>J\u2019aime Lire BD<\/em>.<\/p>\n<p><img decoding=\"async\" class=\"lazyload alignright wp-image-3693 size-medium\" src=\"https:\/\/www.thierry-groensteen.fr\/wp-content\/uploads\/2025\/07\/bd-kids-513x655-1-235x300.jpg\" data-orig-src=\"https:\/\/www.thierry-groensteen.fr\/wp-content\/uploads\/2025\/07\/bd-kids-513x655-1-235x300.jpg\" alt=\"\" width=\"235\" height=\"300\" srcset=\"data:image\/svg+xml,%3Csvg%20xmlns%3D%27http%3A%2F%2Fwww.w3.org%2F2000%2Fsvg%27%20width%3D%27235%27%20height%3D%27300%27%20viewBox%3D%270%200%20235%20300%27%3E%3Crect%20width%3D%27235%27%20height%3D%27300%27%20fill-opacity%3D%220%22%2F%3E%3C%2Fsvg%3E\" data-srcset=\"https:\/\/www.thierry-groensteen.fr\/wp-content\/uploads\/2025\/07\/bd-kids-513x655-1-200x255.jpg 200w, https:\/\/www.thierry-groensteen.fr\/wp-content\/uploads\/2025\/07\/bd-kids-513x655-1-235x300.jpg 235w, https:\/\/www.thierry-groensteen.fr\/wp-content\/uploads\/2025\/07\/bd-kids-513x655-1-400x511.jpg 400w, https:\/\/www.thierry-groensteen.fr\/wp-content\/uploads\/2025\/07\/bd-kids-513x655-1.jpg 513w\" data-sizes=\"auto\" data-orig-sizes=\"(max-width: 235px) 100vw, 235px\" \/><\/p>\n<p style=\"font-weight: 400;\">Si quelques s\u00e9ries consistent en gags en une ou deux pages (ainsi <em>Toto<\/em>, de Franck Girard et Serge Bloch), la plupart sont constitu\u00e9es d\u2019histoires comptant une dizaine de pages, format impos\u00e9 par la pr\u00e9publication dans le mensuel. Un recueil d\u2019<em>Ariol<\/em> compte ainsi 12 histoires diff\u00e9rentes (soit un an de pr\u00e9publication), ce qui l\u2019offre, soit \u00e0 une lecture d\u2019une traite, soit \u00e0 une lecture fractionn\u00e9e (une histoire chaque soir avant le coucher, par exemple). On notera aussi que la participation \u00e0 la collection d\u2019auteurs r\u00e9put\u00e9s pour d\u2019autres productions, pas n\u00e9cessairement destin\u00e9es au jeune public, comme Emmanuel Guibert (sc\u00e9nariste d\u2019<em>Ariol<\/em>), Lewis Trondheim (voir <em>Chihuahua<\/em>, avec Obion et Nob, et la toute r\u00e9cente <em>Patty t\u00e9l\u00e9pathe<\/em>), Marion Montaigne (<em>La Vie des tr\u00e8s b\u00eates<\/em>), Karine Bernadou (<em>Tilda sur les toits<\/em>, avec Ced) ou \u00c9ric Corbeyran (sc\u00e9nariste de <em>Z\u00e9lie et compagnie<\/em>).<\/p>\n<p style=\"font-weight: 400;\">Sur le site de la collection (<a href=\"https:\/\/www.bd-kids.com\">https:\/\/www.bd-kids.com<\/a>), on peut appr\u00e9cier le nombre et la diversit\u00e9 des personnages propos\u00e9s. Il est assez frappant que les h\u00e9ro\u00efnes soient tr\u00e8s sup\u00e9rieures en nombre aux h\u00e9ros masculins\u00a0: de <em>Ad\u00e9lid\u00e9lo<\/em>, de Marie-Agn\u00e8s Gaudrat et Fred Benaglia, \u00e0 <em>Betty Boum<\/em> (Capucine Lewalle et Chiara Baglioni) en passant par <em>Lulu<\/em> ou <em>Les Pipelettes<\/em>, l\u2019\u00e9ventail est tr\u00e8s large et on y retrouve tous les emplois traditionnels de la litt\u00e9rature con\u00e7ue pour les petites filles\u00a0: une princesse (<em>Gr\u00e2ce<\/em>, de Marc Dubuisson et Isabelle Maroger), une princesse (le jour) <em>et <\/em>justici\u00e8re (la nuit\u00a0: <em>Tilda sur les toits<\/em>, de\u00a0Ced et Bernadou), une petite sorci\u00e8re (<em>Zouk<\/em>, de Serge Bloch et Nicolas Hubesch), une cavali\u00e8re (<em>Charlotte et son cheval<\/em>, de Nathalie Dargent et Colonel Moutarde), une enqu\u00eatrice (<em>Les Enqu\u00eates de F\u00e9licie Poucet<\/em>, de Anne Didier et Martin Desbat) et m\u00eame une espionne en herbe, la petite Romarine dans <em>L\u2019Espionne<\/em>, d\u2019\u00c9glantine Ceulemens d\u2019apr\u00e8s les romans de Marie-Aude Murail. Les passionn\u00e9es d\u2019animaux liront <em>Le Zoo de Zazie<\/em>, de Pierre Oertel, Galat\u00e9e et Clotka, les f\u00e9rues de mythologie se d\u00e9lecteront d\u2019<em>Ath\u00e9na<\/em>, de Sibylline, Bag\u00e8res et Voyelle.<\/p>\n<p style=\"font-weight: 400;\">On le voit, \u00ab BD Kids \u00bb ratisse large et cherche \u00e0 saturer le champ de l\u2019imaginaire enfantin. La collection comprend aussi des s\u00e9ries focalis\u00e9es sur des duos fille\/gar\u00e7on (<em>Tom-Tom et Nana<\/em> bien s\u00fbr, mais aussi <em>\u00c9mile et Margot\u00a0<\/em>: un prince et une princesse de 6 et 7 ans qui vivent dans un ch\u00e2teau au milieu de la for\u00eat, sous la surveillance d\u2019une gouvernante s\u00e9v\u00e8re\u00a0; <em>Kevin et Kate<\/em>, autres fr\u00e8re et s\u0153ur, dont les aventures sont en anglais sous-titr\u00e9, ou encore<em> Les<\/em> <em>Super Super<\/em>, \u00e0 savoir Super Agla\u00e9 et Super Juju), sur des h\u00e9ros animaliers (<em>Glouton, la terreur des glaces<\/em>, le chien aventurier <em>Polo<\/em>, ou<em> Avni<\/em>, de Romain Pujol et Vincent Caut\u00a0: un animal bleu non identifi\u00e9 qui peut d\u00e9former son corps \u00e0 volont\u00e9) et sur des groupes\u00a0: <em>La Cantoche<\/em>, de Nob, ou <em>Les Ins\u00e9parables<\/em>, de Nathalie Dargent et Yannick Thom\u00e9, mettent l\u2019accent sur le collectif.<\/p>\n<p style=\"font-weight: 400;\">Si quelques titres abordent des th\u00e8mes tels que la diff\u00e9rence ou la famille recompos\u00e9e, ou peuvent se revendiquer d\u2019une perspective f\u00e9ministe, l\u2019on doit tout de m\u00eame remarquer que la collection se tient globalement \u00e0 l\u2019\u00e9cart des sujets de soci\u00e9t\u00e9 que d\u2019autres \u00e9diteurs jeunesse se font au contraire un devoir d\u2019explorer. \u00ab BD Kids \u00bb, c\u2019est de la bande dessin\u00e9e de divertissement, o\u00f9 la vie quotidienne est piment\u00e9e de b\u00eatises, de blagues, d\u2019inventions, de rencontres avec des monstres. L\u2019ambition est de d\u00e9lasser, de faire rire ou r\u00eaver, et les auteurs et autrices s\u2019en acquittent avec un irr\u00e9prochable professionnalisme.<\/p>\n<div id=\"attachment_3694\" style=\"width: 610px\" class=\"wp-caption aligncenter\"><img decoding=\"async\" aria-describedby=\"caption-attachment-3694\" class=\"lazyload wp-image-3694 size-fusion-600\" src=\"https:\/\/www.thierry-groensteen.fr\/wp-content\/uploads\/2025\/07\/ariol-2-600x319.jpg\" data-orig-src=\"https:\/\/www.thierry-groensteen.fr\/wp-content\/uploads\/2025\/07\/ariol-2-600x319.jpg\" alt=\"\" width=\"600\" height=\"319\" srcset=\"data:image\/svg+xml,%3Csvg%20xmlns%3D%27http%3A%2F%2Fwww.w3.org%2F2000%2Fsvg%27%20width%3D%27600%27%20height%3D%27319%27%20viewBox%3D%270%200%20600%20319%27%3E%3Crect%20width%3D%27600%27%20height%3D%27319%27%20fill-opacity%3D%220%22%2F%3E%3C%2Fsvg%3E\" data-srcset=\"https:\/\/www.thierry-groensteen.fr\/wp-content\/uploads\/2025\/07\/ariol-2-200x106.jpg 200w, https:\/\/www.thierry-groensteen.fr\/wp-content\/uploads\/2025\/07\/ariol-2-300x159.jpg 300w, https:\/\/www.thierry-groensteen.fr\/wp-content\/uploads\/2025\/07\/ariol-2-400x213.jpg 400w, https:\/\/www.thierry-groensteen.fr\/wp-content\/uploads\/2025\/07\/ariol-2-600x319.jpg 600w, https:\/\/www.thierry-groensteen.fr\/wp-content\/uploads\/2025\/07\/ariol-2.jpg 640w\" data-sizes=\"auto\" data-orig-sizes=\"(max-width: 600px) 100vw, 600px\" \/><p id=\"caption-attachment-3694\" class=\"wp-caption-text\">Ariol, son instituteur et ses copains de classe. Dessin de Marc Boutavant.<\/p><\/div>\n<p style=\"font-weight: 400;\"><em>Ariol <\/em>se distingue toutefois en travaillant davantage sur les sentiments, le ressenti des enfants, et ce n&rsquo;est sans doute pas pour rien que cette s\u00e9rie bat aujourd\u2019hui des records, m\u00e9rit\u00e9s, de popularit\u00e9. J\u2019en ai \u00e9t\u00e9 le t\u00e9moin\u00a0: quand un jeune fan de la s\u00e9rie rencontre l\u2019un ou l\u2019autre des \u00ab papas \u00bb d\u2019Ariol, il peut fondre en larme, submerg\u00e9 par l\u2019\u00e9motion \u2013 et cela dit tout de la place que le petit \u00e2ne bleu occupe dans son c\u0153ur.<\/p>\n","protected":false},"excerpt":{"rendered":"<p>La bande dessin\u00e9e jeunesse, un temps \u00e9clips\u00e9e par l\u2019essor de la BD \u00ab\u00a0adulte\u00a0\u00bb, s\u2019est consid\u00e9rablement r\u00e9g\u00e9n\u00e9r\u00e9e depuis le d\u00e9but du si\u00e8cle. Et m\u00eame si des succ\u00e8s consid\u00e9rables sont h\u00e9berg\u00e9s chez d\u2019autres \u00e9diteurs (Titeuf chez Gl\u00e9nat, Les L\u00e9gendaires chez Delcourt, etc.), une collection s\u2019est indubitablement impos\u00e9e comme centrale dans ce secteur de la cr\u00e9ation, c\u2019est [&hellip;]<\/p>\n","protected":false},"author":1,"featured_media":3695,"comment_status":"closed","ping_status":"closed","sticky":false,"template":"","format":"standard","meta":{"footnotes":""},"categories":[70],"tags":[],"class_list":["post-3690","post","type-post","status-publish","format-standard","has-post-thumbnail","hentry","category-mon-blog"],"acf":[],"yoast_head":"<!-- This site is optimized with the Yoast SEO plugin v27.5 - https:\/\/yoast.com\/product\/yoast-seo-wordpress\/ -->\n<title>Le r\u00e8gne de BD Kids - le site de Thierry Groensteen<\/title>\n<meta name=\"robots\" content=\"index, follow, max-snippet:-1, max-image-preview:large, max-video-preview:-1\" \/>\n<link rel=\"canonical\" href=\"https:\/\/www.thierry-groensteen.fr\/index.php\/2025\/07\/15\/le-regne-de-bd-kids\/\" \/>\n<meta property=\"og:locale\" content=\"fr_FR\" \/>\n<meta property=\"og:type\" content=\"article\" \/>\n<meta property=\"og:title\" content=\"Le r\u00e8gne de BD Kids - le site de Thierry Groensteen\" \/>\n<meta property=\"og:description\" content=\"La bande dessin\u00e9e jeunesse, un temps \u00e9clips\u00e9e par l\u2019essor de la BD \u00ab\u00a0adulte\u00a0\u00bb, s\u2019est consid\u00e9rablement r\u00e9g\u00e9n\u00e9r\u00e9e depuis le d\u00e9but du si\u00e8cle. Et m\u00eame si des succ\u00e8s consid\u00e9rables sont h\u00e9berg\u00e9s chez d\u2019autres \u00e9diteurs (Titeuf chez Gl\u00e9nat, Les L\u00e9gendaires chez Delcourt, etc.), une collection s\u2019est indubitablement impos\u00e9e comme centrale dans ce secteur de la cr\u00e9ation, c\u2019est [&hellip;]\" \/>\n<meta property=\"og:url\" content=\"https:\/\/www.thierry-groensteen.fr\/index.php\/2025\/07\/15\/le-regne-de-bd-kids\/\" \/>\n<meta property=\"og:site_name\" content=\"le site de Thierry Groensteen\" \/>\n<meta property=\"article:published_time\" content=\"2025-07-15T10:00:01+00:00\" \/>\n<meta property=\"og:image\" content=\"https:\/\/www.thierry-groensteen.fr\/wp-content\/uploads\/2025\/07\/bd-kids-513x655-2-e1752573413814.jpg\" \/>\n\t<meta property=\"og:image:width\" content=\"513\" \/>\n\t<meta property=\"og:image:height\" content=\"235\" \/>\n\t<meta property=\"og:image:type\" content=\"image\/jpeg\" \/>\n<meta name=\"author\" content=\"TG\" \/>\n<meta name=\"twitter:card\" content=\"summary_large_image\" \/>\n<meta name=\"twitter:label1\" content=\"\u00c9crit par\" \/>\n\t<meta name=\"twitter:data1\" content=\"TG\" \/>\n\t<meta name=\"twitter:label2\" content=\"Dur\u00e9e de lecture estim\u00e9e\" \/>\n\t<meta name=\"twitter:data2\" content=\"5 minutes\" \/>\n<script type=\"application\/ld+json\" class=\"yoast-schema-graph\">{\"@context\":\"https:\\\/\\\/schema.org\",\"@graph\":[{\"@type\":\"Article\",\"@id\":\"https:\\\/\\\/www.thierry-groensteen.fr\\\/index.php\\\/2025\\\/07\\\/15\\\/le-regne-de-bd-kids\\\/#article\",\"isPartOf\":{\"@id\":\"https:\\\/\\\/www.thierry-groensteen.fr\\\/index.php\\\/2025\\\/07\\\/15\\\/le-regne-de-bd-kids\\\/\"},\"author\":{\"name\":\"TG\",\"@id\":\"https:\\\/\\\/www.thierry-groensteen.fr\\\/#\\\/schema\\\/person\\\/3695d4890604be69f280ebbb549210b5\"},\"headline\":\"Le r\u00e8gne de BD Kids\",\"datePublished\":\"2025-07-15T10:00:01+00:00\",\"mainEntityOfPage\":{\"@id\":\"https:\\\/\\\/www.thierry-groensteen.fr\\\/index.php\\\/2025\\\/07\\\/15\\\/le-regne-de-bd-kids\\\/\"},\"wordCount\":1004,\"publisher\":{\"@id\":\"https:\\\/\\\/www.thierry-groensteen.fr\\\/#\\\/schema\\\/person\\\/3695d4890604be69f280ebbb549210b5\"},\"image\":{\"@id\":\"https:\\\/\\\/www.thierry-groensteen.fr\\\/index.php\\\/2025\\\/07\\\/15\\\/le-regne-de-bd-kids\\\/#primaryimage\"},\"thumbnailUrl\":\"https:\\\/\\\/www.thierry-groensteen.fr\\\/wp-content\\\/uploads\\\/2025\\\/07\\\/bd-kids-513x655-2-e1752573413814.jpg\",\"articleSection\":[\"mon Blog\"],\"inLanguage\":\"fr-FR\"},{\"@type\":\"WebPage\",\"@id\":\"https:\\\/\\\/www.thierry-groensteen.fr\\\/index.php\\\/2025\\\/07\\\/15\\\/le-regne-de-bd-kids\\\/\",\"url\":\"https:\\\/\\\/www.thierry-groensteen.fr\\\/index.php\\\/2025\\\/07\\\/15\\\/le-regne-de-bd-kids\\\/\",\"name\":\"Le r\u00e8gne de BD Kids - le site de Thierry Groensteen\",\"isPartOf\":{\"@id\":\"https:\\\/\\\/www.thierry-groensteen.fr\\\/#website\"},\"primaryImageOfPage\":{\"@id\":\"https:\\\/\\\/www.thierry-groensteen.fr\\\/index.php\\\/2025\\\/07\\\/15\\\/le-regne-de-bd-kids\\\/#primaryimage\"},\"image\":{\"@id\":\"https:\\\/\\\/www.thierry-groensteen.fr\\\/index.php\\\/2025\\\/07\\\/15\\\/le-regne-de-bd-kids\\\/#primaryimage\"},\"thumbnailUrl\":\"https:\\\/\\\/www.thierry-groensteen.fr\\\/wp-content\\\/uploads\\\/2025\\\/07\\\/bd-kids-513x655-2-e1752573413814.jpg\",\"datePublished\":\"2025-07-15T10:00:01+00:00\",\"breadcrumb\":{\"@id\":\"https:\\\/\\\/www.thierry-groensteen.fr\\\/index.php\\\/2025\\\/07\\\/15\\\/le-regne-de-bd-kids\\\/#breadcrumb\"},\"inLanguage\":\"fr-FR\",\"potentialAction\":[{\"@type\":\"ReadAction\",\"target\":[\"https:\\\/\\\/www.thierry-groensteen.fr\\\/index.php\\\/2025\\\/07\\\/15\\\/le-regne-de-bd-kids\\\/\"]}]},{\"@type\":\"ImageObject\",\"inLanguage\":\"fr-FR\",\"@id\":\"https:\\\/\\\/www.thierry-groensteen.fr\\\/index.php\\\/2025\\\/07\\\/15\\\/le-regne-de-bd-kids\\\/#primaryimage\",\"url\":\"https:\\\/\\\/www.thierry-groensteen.fr\\\/wp-content\\\/uploads\\\/2025\\\/07\\\/bd-kids-513x655-2-e1752573413814.jpg\",\"contentUrl\":\"https:\\\/\\\/www.thierry-groensteen.fr\\\/wp-content\\\/uploads\\\/2025\\\/07\\\/bd-kids-513x655-2-e1752573413814.jpg\",\"width\":513,\"height\":235},{\"@type\":\"BreadcrumbList\",\"@id\":\"https:\\\/\\\/www.thierry-groensteen.fr\\\/index.php\\\/2025\\\/07\\\/15\\\/le-regne-de-bd-kids\\\/#breadcrumb\",\"itemListElement\":[{\"@type\":\"ListItem\",\"position\":1,\"name\":\"Accueil\",\"item\":\"https:\\\/\\\/www.thierry-groensteen.fr\\\/\"},{\"@type\":\"ListItem\",\"position\":2,\"name\":\"Le r\u00e8gne de BD Kids\"}]},{\"@type\":\"WebSite\",\"@id\":\"https:\\\/\\\/www.thierry-groensteen.fr\\\/#website\",\"url\":\"https:\\\/\\\/www.thierry-groensteen.fr\\\/\",\"name\":\"le site de Thierry Groensteen\",\"description\":\"site officiel\",\"publisher\":{\"@id\":\"https:\\\/\\\/www.thierry-groensteen.fr\\\/#\\\/schema\\\/person\\\/3695d4890604be69f280ebbb549210b5\"},\"potentialAction\":[{\"@type\":\"SearchAction\",\"target\":{\"@type\":\"EntryPoint\",\"urlTemplate\":\"https:\\\/\\\/www.thierry-groensteen.fr\\\/?s={search_term_string}\"},\"query-input\":{\"@type\":\"PropertyValueSpecification\",\"valueRequired\":true,\"valueName\":\"search_term_string\"}}],\"inLanguage\":\"fr-FR\"},{\"@type\":[\"Person\",\"Organization\"],\"@id\":\"https:\\\/\\\/www.thierry-groensteen.fr\\\/#\\\/schema\\\/person\\\/3695d4890604be69f280ebbb549210b5\",\"name\":\"TG\",\"image\":{\"@type\":\"ImageObject\",\"inLanguage\":\"fr-FR\",\"@id\":\"https:\\\/\\\/www.thierry-groensteen.fr\\\/wp-content\\\/uploads\\\/2023\\\/09\\\/logo_ThierryGroensteen_header.png\",\"url\":\"https:\\\/\\\/www.thierry-groensteen.fr\\\/wp-content\\\/uploads\\\/2023\\\/09\\\/logo_ThierryGroensteen_header.png\",\"contentUrl\":\"https:\\\/\\\/www.thierry-groensteen.fr\\\/wp-content\\\/uploads\\\/2023\\\/09\\\/logo_ThierryGroensteen_header.png\",\"width\":620,\"height\":240,\"caption\":\"TG\"},\"logo\":{\"@id\":\"https:\\\/\\\/www.thierry-groensteen.fr\\\/wp-content\\\/uploads\\\/2023\\\/09\\\/logo_ThierryGroensteen_header.png\"},\"sameAs\":[\"https:\\\/\\\/www.thierry-groensteen.fr\"],\"url\":\"https:\\\/\\\/www.thierry-groensteen.fr\\\/index.php\\\/author\\\/admin5797\\\/\"}]}<\/script>\n<!-- \/ Yoast SEO plugin. -->","yoast_head_json":{"title":"Le r\u00e8gne de BD Kids - le site de Thierry Groensteen","robots":{"index":"index","follow":"follow","max-snippet":"max-snippet:-1","max-image-preview":"max-image-preview:large","max-video-preview":"max-video-preview:-1"},"canonical":"https:\/\/www.thierry-groensteen.fr\/index.php\/2025\/07\/15\/le-regne-de-bd-kids\/","og_locale":"fr_FR","og_type":"article","og_title":"Le r\u00e8gne de BD Kids - le site de Thierry Groensteen","og_description":"La bande dessin\u00e9e jeunesse, un temps \u00e9clips\u00e9e par l\u2019essor de la BD \u00ab\u00a0adulte\u00a0\u00bb, s\u2019est consid\u00e9rablement r\u00e9g\u00e9n\u00e9r\u00e9e depuis le d\u00e9but du si\u00e8cle. Et m\u00eame si des succ\u00e8s consid\u00e9rables sont h\u00e9berg\u00e9s chez d\u2019autres \u00e9diteurs (Titeuf chez Gl\u00e9nat, Les L\u00e9gendaires chez Delcourt, etc.), une collection s\u2019est indubitablement impos\u00e9e comme centrale dans ce secteur de la cr\u00e9ation, c\u2019est [&hellip;]","og_url":"https:\/\/www.thierry-groensteen.fr\/index.php\/2025\/07\/15\/le-regne-de-bd-kids\/","og_site_name":"le site de Thierry Groensteen","article_published_time":"2025-07-15T10:00:01+00:00","og_image":[{"width":513,"height":235,"url":"https:\/\/www.thierry-groensteen.fr\/wp-content\/uploads\/2025\/07\/bd-kids-513x655-2-e1752573413814.jpg","type":"image\/jpeg"}],"author":"TG","twitter_card":"summary_large_image","twitter_misc":{"\u00c9crit par":"TG","Dur\u00e9e de lecture estim\u00e9e":"5 minutes"},"schema":{"@context":"https:\/\/schema.org","@graph":[{"@type":"Article","@id":"https:\/\/www.thierry-groensteen.fr\/index.php\/2025\/07\/15\/le-regne-de-bd-kids\/#article","isPartOf":{"@id":"https:\/\/www.thierry-groensteen.fr\/index.php\/2025\/07\/15\/le-regne-de-bd-kids\/"},"author":{"name":"TG","@id":"https:\/\/www.thierry-groensteen.fr\/#\/schema\/person\/3695d4890604be69f280ebbb549210b5"},"headline":"Le r\u00e8gne de BD Kids","datePublished":"2025-07-15T10:00:01+00:00","mainEntityOfPage":{"@id":"https:\/\/www.thierry-groensteen.fr\/index.php\/2025\/07\/15\/le-regne-de-bd-kids\/"},"wordCount":1004,"publisher":{"@id":"https:\/\/www.thierry-groensteen.fr\/#\/schema\/person\/3695d4890604be69f280ebbb549210b5"},"image":{"@id":"https:\/\/www.thierry-groensteen.fr\/index.php\/2025\/07\/15\/le-regne-de-bd-kids\/#primaryimage"},"thumbnailUrl":"https:\/\/www.thierry-groensteen.fr\/wp-content\/uploads\/2025\/07\/bd-kids-513x655-2-e1752573413814.jpg","articleSection":["mon Blog"],"inLanguage":"fr-FR"},{"@type":"WebPage","@id":"https:\/\/www.thierry-groensteen.fr\/index.php\/2025\/07\/15\/le-regne-de-bd-kids\/","url":"https:\/\/www.thierry-groensteen.fr\/index.php\/2025\/07\/15\/le-regne-de-bd-kids\/","name":"Le r\u00e8gne de BD Kids - le site de Thierry Groensteen","isPartOf":{"@id":"https:\/\/www.thierry-groensteen.fr\/#website"},"primaryImageOfPage":{"@id":"https:\/\/www.thierry-groensteen.fr\/index.php\/2025\/07\/15\/le-regne-de-bd-kids\/#primaryimage"},"image":{"@id":"https:\/\/www.thierry-groensteen.fr\/index.php\/2025\/07\/15\/le-regne-de-bd-kids\/#primaryimage"},"thumbnailUrl":"https:\/\/www.thierry-groensteen.fr\/wp-content\/uploads\/2025\/07\/bd-kids-513x655-2-e1752573413814.jpg","datePublished":"2025-07-15T10:00:01+00:00","breadcrumb":{"@id":"https:\/\/www.thierry-groensteen.fr\/index.php\/2025\/07\/15\/le-regne-de-bd-kids\/#breadcrumb"},"inLanguage":"fr-FR","potentialAction":[{"@type":"ReadAction","target":["https:\/\/www.thierry-groensteen.fr\/index.php\/2025\/07\/15\/le-regne-de-bd-kids\/"]}]},{"@type":"ImageObject","inLanguage":"fr-FR","@id":"https:\/\/www.thierry-groensteen.fr\/index.php\/2025\/07\/15\/le-regne-de-bd-kids\/#primaryimage","url":"https:\/\/www.thierry-groensteen.fr\/wp-content\/uploads\/2025\/07\/bd-kids-513x655-2-e1752573413814.jpg","contentUrl":"https:\/\/www.thierry-groensteen.fr\/wp-content\/uploads\/2025\/07\/bd-kids-513x655-2-e1752573413814.jpg","width":513,"height":235},{"@type":"BreadcrumbList","@id":"https:\/\/www.thierry-groensteen.fr\/index.php\/2025\/07\/15\/le-regne-de-bd-kids\/#breadcrumb","itemListElement":[{"@type":"ListItem","position":1,"name":"Accueil","item":"https:\/\/www.thierry-groensteen.fr\/"},{"@type":"ListItem","position":2,"name":"Le r\u00e8gne de BD Kids"}]},{"@type":"WebSite","@id":"https:\/\/www.thierry-groensteen.fr\/#website","url":"https:\/\/www.thierry-groensteen.fr\/","name":"le site de Thierry Groensteen","description":"site officiel","publisher":{"@id":"https:\/\/www.thierry-groensteen.fr\/#\/schema\/person\/3695d4890604be69f280ebbb549210b5"},"potentialAction":[{"@type":"SearchAction","target":{"@type":"EntryPoint","urlTemplate":"https:\/\/www.thierry-groensteen.fr\/?s={search_term_string}"},"query-input":{"@type":"PropertyValueSpecification","valueRequired":true,"valueName":"search_term_string"}}],"inLanguage":"fr-FR"},{"@type":["Person","Organization"],"@id":"https:\/\/www.thierry-groensteen.fr\/#\/schema\/person\/3695d4890604be69f280ebbb549210b5","name":"TG","image":{"@type":"ImageObject","inLanguage":"fr-FR","@id":"https:\/\/www.thierry-groensteen.fr\/wp-content\/uploads\/2023\/09\/logo_ThierryGroensteen_header.png","url":"https:\/\/www.thierry-groensteen.fr\/wp-content\/uploads\/2023\/09\/logo_ThierryGroensteen_header.png","contentUrl":"https:\/\/www.thierry-groensteen.fr\/wp-content\/uploads\/2023\/09\/logo_ThierryGroensteen_header.png","width":620,"height":240,"caption":"TG"},"logo":{"@id":"https:\/\/www.thierry-groensteen.fr\/wp-content\/uploads\/2023\/09\/logo_ThierryGroensteen_header.png"},"sameAs":["https:\/\/www.thierry-groensteen.fr"],"url":"https:\/\/www.thierry-groensteen.fr\/index.php\/author\/admin5797\/"}]}},"_links":{"self":[{"href":"https:\/\/www.thierry-groensteen.fr\/index.php\/wp-json\/wp\/v2\/posts\/3690","targetHints":{"allow":["GET"]}}],"collection":[{"href":"https:\/\/www.thierry-groensteen.fr\/index.php\/wp-json\/wp\/v2\/posts"}],"about":[{"href":"https:\/\/www.thierry-groensteen.fr\/index.php\/wp-json\/wp\/v2\/types\/post"}],"author":[{"embeddable":true,"href":"https:\/\/www.thierry-groensteen.fr\/index.php\/wp-json\/wp\/v2\/users\/1"}],"replies":[{"embeddable":true,"href":"https:\/\/www.thierry-groensteen.fr\/index.php\/wp-json\/wp\/v2\/comments?post=3690"}],"version-history":[{"count":3,"href":"https:\/\/www.thierry-groensteen.fr\/index.php\/wp-json\/wp\/v2\/posts\/3690\/revisions"}],"predecessor-version":[{"id":3698,"href":"https:\/\/www.thierry-groensteen.fr\/index.php\/wp-json\/wp\/v2\/posts\/3690\/revisions\/3698"}],"wp:featuredmedia":[{"embeddable":true,"href":"https:\/\/www.thierry-groensteen.fr\/index.php\/wp-json\/wp\/v2\/media\/3695"}],"wp:attachment":[{"href":"https:\/\/www.thierry-groensteen.fr\/index.php\/wp-json\/wp\/v2\/media?parent=3690"}],"wp:term":[{"taxonomy":"category","embeddable":true,"href":"https:\/\/www.thierry-groensteen.fr\/index.php\/wp-json\/wp\/v2\/categories?post=3690"},{"taxonomy":"post_tag","embeddable":true,"href":"https:\/\/www.thierry-groensteen.fr\/index.php\/wp-json\/wp\/v2\/tags?post=3690"}],"curies":[{"name":"wp","href":"https:\/\/api.w.org\/{rel}","templated":true}]}}