{"id":3674,"date":"2025-07-04T00:05:21","date_gmt":"2025-07-03T22:05:21","guid":{"rendered":"https:\/\/www.thierry-groensteen.fr\/?p=3674"},"modified":"2025-06-30T11:05:13","modified_gmt":"2025-06-30T09:05:13","slug":"une-lettre-de-fmurr","status":"publish","type":"post","link":"https:\/\/www.thierry-groensteen.fr\/index.php\/2025\/07\/04\/une-lettre-de-fmurr\/","title":{"rendered":"Une lettre de F\u2019Murr"},"content":{"rendered":"<p style=\"font-weight: 400;\">J\u2019ai d\u00e9cid\u00e9 aujourd\u2019hui de partager une lettre sortant de mes archives. Elle me fut \u00e9crite par F\u2019Murr (c\u2019est la seule que m\u2019envoya jamais le cr\u00e9ateur du <em>G\u00e9nie des alpages<\/em>) en juin 1994, quelques jours apr\u00e8s que mes camarades de l\u2019Oubapo et moi-m\u00eame l\u2019ayons invit\u00e9 \u00e0 venir assister \u00e0 l\u2019une de nos r\u00e9unions. Nous pensions qu\u2019il aurait peut-\u00eatre eu envie de nous rejoindre et en aurions flatt\u00e9s, mais il d\u00e9clara que j\u2019\u00e9tais un instit\u2019 et Anne Baraou une bonne s\u0153ur et on ne le revit jamais.<\/p>\n<p style=\"font-weight: 400;\">Au cours de cette r\u00e9union, j\u2019avais fait circuler une premi\u00e8re version de mon texte \u00ab Un bouquet de contraintes \u00bb, afin qu\u2019il b\u00e9n\u00e9ficie des observations et re\u00e7oive l\u2019assentiment de tous. Il allait \u00eatre publi\u00e9, comme l\u2019on sait, dans l\u2019<em>Oupus 1<\/em> \u00e0 la fin 1996. F\u2019Murr \u00e9tait reparti, comme les autres participants, avec une copie de mon texte, et c\u2019est en r\u00e9action \u00e0 sa lecture qu\u2019il d\u00e9cida de m\u2019\u00e9crire. On d\u00e9couvrira donc ci-apr\u00e8s la teneur de ses r\u00e9flexions, notamment son insistance sur l\u2019id\u00e9e qu\u2019il existerait quelque chose comme une <em>syntaxe<\/em> de la bande dessin\u00e9e.<\/p>\n<p><img decoding=\"async\" class=\"lazyload aligncenter wp-image-3676 size-fusion-600\" src=\"https:\/\/www.thierry-groensteen.fr\/wp-content\/uploads\/2025\/06\/lettre-FMurr-1-600x847.jpeg\" data-orig-src=\"https:\/\/www.thierry-groensteen.fr\/wp-content\/uploads\/2025\/06\/lettre-FMurr-1-600x847.jpeg\" alt=\"une lettre de Fmurr, 22 juin 1994\" width=\"600\" height=\"847\" srcset=\"data:image\/svg+xml,%3Csvg%20xmlns%3D%27http%3A%2F%2Fwww.w3.org%2F2000%2Fsvg%27%20width%3D%27600%27%20height%3D%27847%27%20viewBox%3D%270%200%20600%20847%27%3E%3Crect%20width%3D%27600%27%20height%3D%27847%27%20fill-opacity%3D%220%22%2F%3E%3C%2Fsvg%3E\" data-srcset=\"https:\/\/www.thierry-groensteen.fr\/wp-content\/uploads\/2025\/06\/lettre-FMurr-1-200x282.jpeg 200w, https:\/\/www.thierry-groensteen.fr\/wp-content\/uploads\/2025\/06\/lettre-FMurr-1-213x300.jpeg 213w, https:\/\/www.thierry-groensteen.fr\/wp-content\/uploads\/2025\/06\/lettre-FMurr-1-400x564.jpeg 400w, https:\/\/www.thierry-groensteen.fr\/wp-content\/uploads\/2025\/06\/lettre-FMurr-1-600x847.jpeg 600w, https:\/\/www.thierry-groensteen.fr\/wp-content\/uploads\/2025\/06\/lettre-FMurr-1-726x1024.jpeg 726w, https:\/\/www.thierry-groensteen.fr\/wp-content\/uploads\/2025\/06\/lettre-FMurr-1-768x1084.jpeg 768w, https:\/\/www.thierry-groensteen.fr\/wp-content\/uploads\/2025\/06\/lettre-FMurr-1-800x1129.jpeg 800w, https:\/\/www.thierry-groensteen.fr\/wp-content\/uploads\/2025\/06\/lettre-FMurr-1-1089x1536.jpeg 1089w, https:\/\/www.thierry-groensteen.fr\/wp-content\/uploads\/2025\/06\/lettre-FMurr-1-1200x1693.jpeg 1200w, https:\/\/www.thierry-groensteen.fr\/wp-content\/uploads\/2025\/06\/lettre-FMurr-1-1452x2048.jpeg 1452w, https:\/\/www.thierry-groensteen.fr\/wp-content\/uploads\/2025\/06\/lettre-FMurr-1-scaled.jpeg 1814w\" data-sizes=\"auto\" data-orig-sizes=\"(max-width: 600px) 100vw, 600px\" \/><img decoding=\"async\" class=\"lazyload aligncenter wp-image-3677 size-fusion-600\" src=\"https:\/\/www.thierry-groensteen.fr\/wp-content\/uploads\/2025\/06\/lettre-FMurr-2-600x854.jpeg\" data-orig-src=\"https:\/\/www.thierry-groensteen.fr\/wp-content\/uploads\/2025\/06\/lettre-FMurr-2-600x854.jpeg\" alt=\"\" width=\"600\" height=\"854\" srcset=\"data:image\/svg+xml,%3Csvg%20xmlns%3D%27http%3A%2F%2Fwww.w3.org%2F2000%2Fsvg%27%20width%3D%27600%27%20height%3D%27854%27%20viewBox%3D%270%200%20600%20854%27%3E%3Crect%20width%3D%27600%27%20height%3D%27854%27%20fill-opacity%3D%220%22%2F%3E%3C%2Fsvg%3E\" data-srcset=\"https:\/\/www.thierry-groensteen.fr\/wp-content\/uploads\/2025\/06\/lettre-FMurr-2-200x285.jpeg 200w, https:\/\/www.thierry-groensteen.fr\/wp-content\/uploads\/2025\/06\/lettre-FMurr-2-211x300.jpeg 211w, https:\/\/www.thierry-groensteen.fr\/wp-content\/uploads\/2025\/06\/lettre-FMurr-2-400x569.jpeg 400w, https:\/\/www.thierry-groensteen.fr\/wp-content\/uploads\/2025\/06\/lettre-FMurr-2-600x854.jpeg 600w, https:\/\/www.thierry-groensteen.fr\/wp-content\/uploads\/2025\/06\/lettre-FMurr-2-719x1024.jpeg 719w, https:\/\/www.thierry-groensteen.fr\/wp-content\/uploads\/2025\/06\/lettre-FMurr-2-768x1093.jpeg 768w, https:\/\/www.thierry-groensteen.fr\/wp-content\/uploads\/2025\/06\/lettre-FMurr-2-800x1139.jpeg 800w, https:\/\/www.thierry-groensteen.fr\/wp-content\/uploads\/2025\/06\/lettre-FMurr-2-1079x1536.jpeg 1079w, https:\/\/www.thierry-groensteen.fr\/wp-content\/uploads\/2025\/06\/lettre-FMurr-2-1200x1708.jpeg 1200w, https:\/\/www.thierry-groensteen.fr\/wp-content\/uploads\/2025\/06\/lettre-FMurr-2-1439x2048.jpeg 1439w, https:\/\/www.thierry-groensteen.fr\/wp-content\/uploads\/2025\/06\/lettre-FMurr-2-scaled.jpeg 1799w\" data-sizes=\"auto\" data-orig-sizes=\"(max-width: 600px) 100vw, 600px\" \/><\/p>\n","protected":false},"excerpt":{"rendered":"<p>J\u2019ai d\u00e9cid\u00e9 aujourd\u2019hui de partager une lettre sortant de mes archives. Elle me fut \u00e9crite par F\u2019Murr (c\u2019est la seule que m\u2019envoya jamais le cr\u00e9ateur du G\u00e9nie des alpages) en juin 1994, quelques jours apr\u00e8s que mes camarades de l\u2019Oubapo et moi-m\u00eame l\u2019ayons invit\u00e9 \u00e0 venir assister \u00e0 l\u2019une de nos r\u00e9unions. Nous pensions [&hellip;]<\/p>\n","protected":false},"author":1,"featured_media":3678,"comment_status":"closed","ping_status":"closed","sticky":false,"template":"","format":"standard","meta":{"footnotes":""},"categories":[70],"tags":[],"class_list":["post-3674","post","type-post","status-publish","format-standard","has-post-thumbnail","hentry","category-mon-blog"],"acf":[],"yoast_head":"<!-- This site is optimized with the Yoast SEO plugin v27.5 - https:\/\/yoast.com\/product\/yoast-seo-wordpress\/ -->\n<title>Une lettre de F\u2019Murr - le site de Thierry Groensteen<\/title>\n<meta name=\"robots\" content=\"index, follow, max-snippet:-1, max-image-preview:large, max-video-preview:-1\" \/>\n<link rel=\"canonical\" href=\"https:\/\/www.thierry-groensteen.fr\/index.php\/2025\/07\/04\/une-lettre-de-fmurr\/\" \/>\n<meta property=\"og:locale\" content=\"fr_FR\" \/>\n<meta property=\"og:type\" content=\"article\" \/>\n<meta property=\"og:title\" content=\"Une lettre de F\u2019Murr - le site de Thierry Groensteen\" \/>\n<meta property=\"og:description\" content=\"J\u2019ai d\u00e9cid\u00e9 aujourd\u2019hui de partager une lettre sortant de mes archives. Elle me fut \u00e9crite par F\u2019Murr (c\u2019est la seule que m\u2019envoya jamais le cr\u00e9ateur du G\u00e9nie des alpages) en juin 1994, quelques jours apr\u00e8s que mes camarades de l\u2019Oubapo et moi-m\u00eame l\u2019ayons invit\u00e9 \u00e0 venir assister \u00e0 l\u2019une de nos r\u00e9unions. Nous pensions [&hellip;]\" \/>\n<meta property=\"og:url\" content=\"https:\/\/www.thierry-groensteen.fr\/index.php\/2025\/07\/04\/une-lettre-de-fmurr\/\" \/>\n<meta property=\"og:site_name\" content=\"le site de Thierry Groensteen\" \/>\n<meta property=\"article:published_time\" content=\"2025-07-03T22:05:21+00:00\" \/>\n<meta property=\"og:image\" content=\"https:\/\/www.thierry-groensteen.fr\/wp-content\/uploads\/2025\/06\/lettre-FMurr-2-1-scaled-e1751274156540.jpeg\" \/>\n\t<meta property=\"og:image:width\" content=\"1799\" \/>\n\t<meta property=\"og:image:height\" content=\"823\" \/>\n\t<meta property=\"og:image:type\" content=\"image\/jpeg\" \/>\n<meta name=\"author\" content=\"TG\" \/>\n<meta name=\"twitter:card\" content=\"summary_large_image\" \/>\n<meta name=\"twitter:label1\" content=\"\u00c9crit par\" \/>\n\t<meta name=\"twitter:data1\" content=\"TG\" \/>\n\t<meta name=\"twitter:label2\" content=\"Dur\u00e9e de lecture estim\u00e9e\" \/>\n\t<meta name=\"twitter:data2\" content=\"2 minutes\" \/>\n<script type=\"application\/ld+json\" class=\"yoast-schema-graph\">{\"@context\":\"https:\\\/\\\/schema.org\",\"@graph\":[{\"@type\":\"Article\",\"@id\":\"https:\\\/\\\/www.thierry-groensteen.fr\\\/index.php\\\/2025\\\/07\\\/04\\\/une-lettre-de-fmurr\\\/#article\",\"isPartOf\":{\"@id\":\"https:\\\/\\\/www.thierry-groensteen.fr\\\/index.php\\\/2025\\\/07\\\/04\\\/une-lettre-de-fmurr\\\/\"},\"author\":{\"name\":\"TG\",\"@id\":\"https:\\\/\\\/www.thierry-groensteen.fr\\\/#\\\/schema\\\/person\\\/3695d4890604be69f280ebbb549210b5\"},\"headline\":\"Une lettre de F\u2019Murr\",\"datePublished\":\"2025-07-03T22:05:21+00:00\",\"mainEntityOfPage\":{\"@id\":\"https:\\\/\\\/www.thierry-groensteen.fr\\\/index.php\\\/2025\\\/07\\\/04\\\/une-lettre-de-fmurr\\\/\"},\"wordCount\":217,\"publisher\":{\"@id\":\"https:\\\/\\\/www.thierry-groensteen.fr\\\/#\\\/schema\\\/person\\\/3695d4890604be69f280ebbb549210b5\"},\"image\":{\"@id\":\"https:\\\/\\\/www.thierry-groensteen.fr\\\/index.php\\\/2025\\\/07\\\/04\\\/une-lettre-de-fmurr\\\/#primaryimage\"},\"thumbnailUrl\":\"https:\\\/\\\/www.thierry-groensteen.fr\\\/wp-content\\\/uploads\\\/2025\\\/06\\\/lettre-FMurr-2-1-scaled-e1751274156540.jpeg\",\"articleSection\":[\"mon Blog\"],\"inLanguage\":\"fr-FR\"},{\"@type\":\"WebPage\",\"@id\":\"https:\\\/\\\/www.thierry-groensteen.fr\\\/index.php\\\/2025\\\/07\\\/04\\\/une-lettre-de-fmurr\\\/\",\"url\":\"https:\\\/\\\/www.thierry-groensteen.fr\\\/index.php\\\/2025\\\/07\\\/04\\\/une-lettre-de-fmurr\\\/\",\"name\":\"Une lettre de F\u2019Murr - le site de Thierry Groensteen\",\"isPartOf\":{\"@id\":\"https:\\\/\\\/www.thierry-groensteen.fr\\\/#website\"},\"primaryImageOfPage\":{\"@id\":\"https:\\\/\\\/www.thierry-groensteen.fr\\\/index.php\\\/2025\\\/07\\\/04\\\/une-lettre-de-fmurr\\\/#primaryimage\"},\"image\":{\"@id\":\"https:\\\/\\\/www.thierry-groensteen.fr\\\/index.php\\\/2025\\\/07\\\/04\\\/une-lettre-de-fmurr\\\/#primaryimage\"},\"thumbnailUrl\":\"https:\\\/\\\/www.thierry-groensteen.fr\\\/wp-content\\\/uploads\\\/2025\\\/06\\\/lettre-FMurr-2-1-scaled-e1751274156540.jpeg\",\"datePublished\":\"2025-07-03T22:05:21+00:00\",\"breadcrumb\":{\"@id\":\"https:\\\/\\\/www.thierry-groensteen.fr\\\/index.php\\\/2025\\\/07\\\/04\\\/une-lettre-de-fmurr\\\/#breadcrumb\"},\"inLanguage\":\"fr-FR\",\"potentialAction\":[{\"@type\":\"ReadAction\",\"target\":[\"https:\\\/\\\/www.thierry-groensteen.fr\\\/index.php\\\/2025\\\/07\\\/04\\\/une-lettre-de-fmurr\\\/\"]}]},{\"@type\":\"ImageObject\",\"inLanguage\":\"fr-FR\",\"@id\":\"https:\\\/\\\/www.thierry-groensteen.fr\\\/index.php\\\/2025\\\/07\\\/04\\\/une-lettre-de-fmurr\\\/#primaryimage\",\"url\":\"https:\\\/\\\/www.thierry-groensteen.fr\\\/wp-content\\\/uploads\\\/2025\\\/06\\\/lettre-FMurr-2-1-scaled-e1751274156540.jpeg\",\"contentUrl\":\"https:\\\/\\\/www.thierry-groensteen.fr\\\/wp-content\\\/uploads\\\/2025\\\/06\\\/lettre-FMurr-2-1-scaled-e1751274156540.jpeg\",\"width\":1799,\"height\":823},{\"@type\":\"BreadcrumbList\",\"@id\":\"https:\\\/\\\/www.thierry-groensteen.fr\\\/index.php\\\/2025\\\/07\\\/04\\\/une-lettre-de-fmurr\\\/#breadcrumb\",\"itemListElement\":[{\"@type\":\"ListItem\",\"position\":1,\"name\":\"Accueil\",\"item\":\"https:\\\/\\\/www.thierry-groensteen.fr\\\/\"},{\"@type\":\"ListItem\",\"position\":2,\"name\":\"Une lettre de F\u2019Murr\"}]},{\"@type\":\"WebSite\",\"@id\":\"https:\\\/\\\/www.thierry-groensteen.fr\\\/#website\",\"url\":\"https:\\\/\\\/www.thierry-groensteen.fr\\\/\",\"name\":\"le site de Thierry Groensteen\",\"description\":\"site officiel\",\"publisher\":{\"@id\":\"https:\\\/\\\/www.thierry-groensteen.fr\\\/#\\\/schema\\\/person\\\/3695d4890604be69f280ebbb549210b5\"},\"potentialAction\":[{\"@type\":\"SearchAction\",\"target\":{\"@type\":\"EntryPoint\",\"urlTemplate\":\"https:\\\/\\\/www.thierry-groensteen.fr\\\/?s={search_term_string}\"},\"query-input\":{\"@type\":\"PropertyValueSpecification\",\"valueRequired\":true,\"valueName\":\"search_term_string\"}}],\"inLanguage\":\"fr-FR\"},{\"@type\":[\"Person\",\"Organization\"],\"@id\":\"https:\\\/\\\/www.thierry-groensteen.fr\\\/#\\\/schema\\\/person\\\/3695d4890604be69f280ebbb549210b5\",\"name\":\"TG\",\"image\":{\"@type\":\"ImageObject\",\"inLanguage\":\"fr-FR\",\"@id\":\"https:\\\/\\\/www.thierry-groensteen.fr\\\/wp-content\\\/uploads\\\/2023\\\/09\\\/logo_ThierryGroensteen_header.png\",\"url\":\"https:\\\/\\\/www.thierry-groensteen.fr\\\/wp-content\\\/uploads\\\/2023\\\/09\\\/logo_ThierryGroensteen_header.png\",\"contentUrl\":\"https:\\\/\\\/www.thierry-groensteen.fr\\\/wp-content\\\/uploads\\\/2023\\\/09\\\/logo_ThierryGroensteen_header.png\",\"width\":620,\"height\":240,\"caption\":\"TG\"},\"logo\":{\"@id\":\"https:\\\/\\\/www.thierry-groensteen.fr\\\/wp-content\\\/uploads\\\/2023\\\/09\\\/logo_ThierryGroensteen_header.png\"},\"sameAs\":[\"https:\\\/\\\/www.thierry-groensteen.fr\"],\"url\":\"https:\\\/\\\/www.thierry-groensteen.fr\\\/index.php\\\/author\\\/admin5797\\\/\"}]}<\/script>\n<!-- \/ Yoast SEO plugin. -->","yoast_head_json":{"title":"Une lettre de F\u2019Murr - le site de Thierry Groensteen","robots":{"index":"index","follow":"follow","max-snippet":"max-snippet:-1","max-image-preview":"max-image-preview:large","max-video-preview":"max-video-preview:-1"},"canonical":"https:\/\/www.thierry-groensteen.fr\/index.php\/2025\/07\/04\/une-lettre-de-fmurr\/","og_locale":"fr_FR","og_type":"article","og_title":"Une lettre de F\u2019Murr - le site de Thierry Groensteen","og_description":"J\u2019ai d\u00e9cid\u00e9 aujourd\u2019hui de partager une lettre sortant de mes archives. Elle me fut \u00e9crite par F\u2019Murr (c\u2019est la seule que m\u2019envoya jamais le cr\u00e9ateur du G\u00e9nie des alpages) en juin 1994, quelques jours apr\u00e8s que mes camarades de l\u2019Oubapo et moi-m\u00eame l\u2019ayons invit\u00e9 \u00e0 venir assister \u00e0 l\u2019une de nos r\u00e9unions. Nous pensions [&hellip;]","og_url":"https:\/\/www.thierry-groensteen.fr\/index.php\/2025\/07\/04\/une-lettre-de-fmurr\/","og_site_name":"le site de Thierry Groensteen","article_published_time":"2025-07-03T22:05:21+00:00","og_image":[{"width":1799,"height":823,"url":"https:\/\/www.thierry-groensteen.fr\/wp-content\/uploads\/2025\/06\/lettre-FMurr-2-1-scaled-e1751274156540.jpeg","type":"image\/jpeg"}],"author":"TG","twitter_card":"summary_large_image","twitter_misc":{"\u00c9crit par":"TG","Dur\u00e9e de lecture estim\u00e9e":"2 minutes"},"schema":{"@context":"https:\/\/schema.org","@graph":[{"@type":"Article","@id":"https:\/\/www.thierry-groensteen.fr\/index.php\/2025\/07\/04\/une-lettre-de-fmurr\/#article","isPartOf":{"@id":"https:\/\/www.thierry-groensteen.fr\/index.php\/2025\/07\/04\/une-lettre-de-fmurr\/"},"author":{"name":"TG","@id":"https:\/\/www.thierry-groensteen.fr\/#\/schema\/person\/3695d4890604be69f280ebbb549210b5"},"headline":"Une lettre de F\u2019Murr","datePublished":"2025-07-03T22:05:21+00:00","mainEntityOfPage":{"@id":"https:\/\/www.thierry-groensteen.fr\/index.php\/2025\/07\/04\/une-lettre-de-fmurr\/"},"wordCount":217,"publisher":{"@id":"https:\/\/www.thierry-groensteen.fr\/#\/schema\/person\/3695d4890604be69f280ebbb549210b5"},"image":{"@id":"https:\/\/www.thierry-groensteen.fr\/index.php\/2025\/07\/04\/une-lettre-de-fmurr\/#primaryimage"},"thumbnailUrl":"https:\/\/www.thierry-groensteen.fr\/wp-content\/uploads\/2025\/06\/lettre-FMurr-2-1-scaled-e1751274156540.jpeg","articleSection":["mon Blog"],"inLanguage":"fr-FR"},{"@type":"WebPage","@id":"https:\/\/www.thierry-groensteen.fr\/index.php\/2025\/07\/04\/une-lettre-de-fmurr\/","url":"https:\/\/www.thierry-groensteen.fr\/index.php\/2025\/07\/04\/une-lettre-de-fmurr\/","name":"Une lettre de F\u2019Murr - le site de Thierry Groensteen","isPartOf":{"@id":"https:\/\/www.thierry-groensteen.fr\/#website"},"primaryImageOfPage":{"@id":"https:\/\/www.thierry-groensteen.fr\/index.php\/2025\/07\/04\/une-lettre-de-fmurr\/#primaryimage"},"image":{"@id":"https:\/\/www.thierry-groensteen.fr\/index.php\/2025\/07\/04\/une-lettre-de-fmurr\/#primaryimage"},"thumbnailUrl":"https:\/\/www.thierry-groensteen.fr\/wp-content\/uploads\/2025\/06\/lettre-FMurr-2-1-scaled-e1751274156540.jpeg","datePublished":"2025-07-03T22:05:21+00:00","breadcrumb":{"@id":"https:\/\/www.thierry-groensteen.fr\/index.php\/2025\/07\/04\/une-lettre-de-fmurr\/#breadcrumb"},"inLanguage":"fr-FR","potentialAction":[{"@type":"ReadAction","target":["https:\/\/www.thierry-groensteen.fr\/index.php\/2025\/07\/04\/une-lettre-de-fmurr\/"]}]},{"@type":"ImageObject","inLanguage":"fr-FR","@id":"https:\/\/www.thierry-groensteen.fr\/index.php\/2025\/07\/04\/une-lettre-de-fmurr\/#primaryimage","url":"https:\/\/www.thierry-groensteen.fr\/wp-content\/uploads\/2025\/06\/lettre-FMurr-2-1-scaled-e1751274156540.jpeg","contentUrl":"https:\/\/www.thierry-groensteen.fr\/wp-content\/uploads\/2025\/06\/lettre-FMurr-2-1-scaled-e1751274156540.jpeg","width":1799,"height":823},{"@type":"BreadcrumbList","@id":"https:\/\/www.thierry-groensteen.fr\/index.php\/2025\/07\/04\/une-lettre-de-fmurr\/#breadcrumb","itemListElement":[{"@type":"ListItem","position":1,"name":"Accueil","item":"https:\/\/www.thierry-groensteen.fr\/"},{"@type":"ListItem","position":2,"name":"Une lettre de F\u2019Murr"}]},{"@type":"WebSite","@id":"https:\/\/www.thierry-groensteen.fr\/#website","url":"https:\/\/www.thierry-groensteen.fr\/","name":"le site de Thierry Groensteen","description":"site officiel","publisher":{"@id":"https:\/\/www.thierry-groensteen.fr\/#\/schema\/person\/3695d4890604be69f280ebbb549210b5"},"potentialAction":[{"@type":"SearchAction","target":{"@type":"EntryPoint","urlTemplate":"https:\/\/www.thierry-groensteen.fr\/?s={search_term_string}"},"query-input":{"@type":"PropertyValueSpecification","valueRequired":true,"valueName":"search_term_string"}}],"inLanguage":"fr-FR"},{"@type":["Person","Organization"],"@id":"https:\/\/www.thierry-groensteen.fr\/#\/schema\/person\/3695d4890604be69f280ebbb549210b5","name":"TG","image":{"@type":"ImageObject","inLanguage":"fr-FR","@id":"https:\/\/www.thierry-groensteen.fr\/wp-content\/uploads\/2023\/09\/logo_ThierryGroensteen_header.png","url":"https:\/\/www.thierry-groensteen.fr\/wp-content\/uploads\/2023\/09\/logo_ThierryGroensteen_header.png","contentUrl":"https:\/\/www.thierry-groensteen.fr\/wp-content\/uploads\/2023\/09\/logo_ThierryGroensteen_header.png","width":620,"height":240,"caption":"TG"},"logo":{"@id":"https:\/\/www.thierry-groensteen.fr\/wp-content\/uploads\/2023\/09\/logo_ThierryGroensteen_header.png"},"sameAs":["https:\/\/www.thierry-groensteen.fr"],"url":"https:\/\/www.thierry-groensteen.fr\/index.php\/author\/admin5797\/"}]}},"_links":{"self":[{"href":"https:\/\/www.thierry-groensteen.fr\/index.php\/wp-json\/wp\/v2\/posts\/3674","targetHints":{"allow":["GET"]}}],"collection":[{"href":"https:\/\/www.thierry-groensteen.fr\/index.php\/wp-json\/wp\/v2\/posts"}],"about":[{"href":"https:\/\/www.thierry-groensteen.fr\/index.php\/wp-json\/wp\/v2\/types\/post"}],"author":[{"embeddable":true,"href":"https:\/\/www.thierry-groensteen.fr\/index.php\/wp-json\/wp\/v2\/users\/1"}],"replies":[{"embeddable":true,"href":"https:\/\/www.thierry-groensteen.fr\/index.php\/wp-json\/wp\/v2\/comments?post=3674"}],"version-history":[{"count":3,"href":"https:\/\/www.thierry-groensteen.fr\/index.php\/wp-json\/wp\/v2\/posts\/3674\/revisions"}],"predecessor-version":[{"id":3679,"href":"https:\/\/www.thierry-groensteen.fr\/index.php\/wp-json\/wp\/v2\/posts\/3674\/revisions\/3679"}],"wp:featuredmedia":[{"embeddable":true,"href":"https:\/\/www.thierry-groensteen.fr\/index.php\/wp-json\/wp\/v2\/media\/3678"}],"wp:attachment":[{"href":"https:\/\/www.thierry-groensteen.fr\/index.php\/wp-json\/wp\/v2\/media?parent=3674"}],"wp:term":[{"taxonomy":"category","embeddable":true,"href":"https:\/\/www.thierry-groensteen.fr\/index.php\/wp-json\/wp\/v2\/categories?post=3674"},{"taxonomy":"post_tag","embeddable":true,"href":"https:\/\/www.thierry-groensteen.fr\/index.php\/wp-json\/wp\/v2\/tags?post=3674"}],"curies":[{"name":"wp","href":"https:\/\/api.w.org\/{rel}","templated":true}]}}