{"id":3668,"date":"2025-06-28T00:05:37","date_gmt":"2025-06-27T22:05:37","guid":{"rendered":"https:\/\/www.thierry-groensteen.fr\/?p=3668"},"modified":"2025-06-23T09:54:53","modified_gmt":"2025-06-23T07:54:53","slug":"les-coloristes-oublie-e-s-de-beaubourg","status":"publish","type":"post","link":"https:\/\/www.thierry-groensteen.fr\/index.php\/2025\/06\/28\/les-coloristes-oublie-e-s-de-beaubourg\/","title":{"rendered":"Les coloristes, oubli\u00e9.e.s de Beaubourg ?"},"content":{"rendered":"<p style=\"font-weight: 400;\">On me dira qu\u2019il n\u2019est plus temps de revenir une fois encore sur l\u2019exposition \u00ab Bande dessin\u00e9e 1964-2024 \u00bb pr\u00e9sent\u00e9e au Centre Pompidou, plus de six mois apr\u00e8s sa fermeture. Mais, dans la mesure o\u00f9 de nouvelles consid\u00e9rations sur les choix qui y avaient pr\u00e9sid\u00e9 se sont r\u00e9cemment exprim\u00e9es, il me semble qu\u2019il n\u2019est pas abusif de prolonger la discussion. Non seulement c\u2019est une exposition qui a fait date et \u00e0 laquelle on continuera longtemps de se r\u00e9f\u00e9rer, mais les questions qui vont \u00eatre soulev\u00e9es ont une port\u00e9e plus g\u00e9n\u00e9rale.<\/p>\n<p style=\"font-weight: 400;\">Je fais r\u00e9f\u00e9rence ici au compte rendu que signe Sylvain Lesage dans le dernier num\u00e9ro de <em>European Comic Art<\/em> (vol. 18, n\u00b0 1), la revue d\u2019\u00e9tudes en langue anglaise dirig\u00e9e par Laurence Grove, Anne Magnussen et Ann Miller. S\u2019il reconna\u00eet la richesse et la qualit\u00e9 exceptionnelle de la s\u00e9lection des \u0153uvres r\u00e9unies pour l\u2019occasion, en provenance des trois principaux p\u00f4les d\u2019expression\u00a0: l\u2019Europe, l\u2019Am\u00e9rique du Nord et le Japon, Lesage formule n\u00e9anmoins plusieurs r\u00e9serves. Il juge \u00ab tr\u00e8s classique \u00bb la structuration du parcours en une s\u00e9rie de salles th\u00e9matiques, regrettant que les th\u00e8mes retenus manquaient d\u2019originalit\u00e9 et ne permettaient pas de nouvelles comparaisons ou perspectives. C\u2019est son avis et je le respecte. J\u2019aurais toutefois aim\u00e9 savoir quels autres th\u00e8mes auraient eu sa pr\u00e9f\u00e9rence. Il est certain qu\u2019au cours de nos r\u00e9unions de travail, mes trois coll\u00e8gues et moi en avons \u00e9voqu\u00e9 de nombreux qui n\u2019ont finalement pas \u00e9t\u00e9 retenus, soit parce qu\u2019ils ne faisaient pas consensus entre nous, soit parce qu\u2019ils ne permettaient pas v\u00e9ritablement la confrontation entre les trois aires culturelles cit\u00e9es plus haut, ou tout simplement faute de place.<\/p>\n<p style=\"font-weight: 400;\">Son grief le plus appuy\u00e9 est que l\u2019exposition, selon lui, \u00ab restait sourde aux r\u00e9cents progr\u00e8s de la recherche \u00bb. \u00c0 l\u2019appui de cette affirmation, il s\u2019en prend particuli\u00e8rement au traitement r\u00e9serv\u00e9 \u00e0 la question de la couleur dans la salle \u00ab Couleur \/ Noir et blanc \u00bb. En effet, les \u0153uvres en couleur que nous avions choisi d\u2019exposer relevaient de la technique de la couleur directe. Elles \u00e9taient le fait d\u2019artistes aussi indiscutables que Moebius, Bilal, Loustal, Barbier, Claveloux, Mattotti, Baudoin, Evens et Sfar. Par d\u00e9finition, le choix de la couleur directe ne peut \u00eatre assum\u00e9 que par des \u00ab auteurs complets \u00bb\u00a0: couleur et dessin sont solidaires et de la m\u00eame main. Le recours \u00e0 un collaborateur ou une collaboratrice sp\u00e9cialis\u00e9.e, le ou la coloriste, n\u2019est donc pas de mise. Ce que regrette Lesage, c\u2019est que le travail des coloristes n\u2019ait pas \u00e9t\u00e9 \u00e9voqu\u00e9 dans l\u2019exposition.<\/p>\n<p style=\"font-weight: 400;\">C\u2019est un universitaire qui s\u2019exprime, et les attendus des chercheurs ne co\u00efncident pas forc\u00e9ment avec ceux des curateurs d\u2019exposition. Leurs agendas non plus. Il est exact que ces derni\u00e8res ann\u00e9es ont permis une r\u00e9\u00e9valuation de la place des coloristes dans le processus de cr\u00e9ation des bandes dessin\u00e9es, et la revue en ligne <em>Neuvi\u00e8meArt2.0<\/em>, dont Lesage est co-r\u00e9dacteur en chef, a r\u00e9cemment accueilli d\u2019assez nombreux (et bienvenus) \u00e9clairages sur le sujet, qu\u2019avait d\u00e9j\u00e0 largement trait\u00e9 l\u2019exposition \u00ab Couleur\u00a0! \u00bb pr\u00e9sent\u00e9e en 2023 au festival d\u2019Angoul\u00eame. Cette r\u00e9habilitation participe, du reste, de la trop tardive promotion des femmes dans notre domaine \u2013 le m\u00e9tier de coloriste \u00e9tant plus souvent exerc\u00e9 par des femmes.<\/p>\n<p style=\"font-weight: 400;\">Je ne d\u00e9daigne nullement le sujet et j\u2019avais accueilli, au cours des ann\u00e9es 1980, une enqu\u00eate pionni\u00e8re de Sylvain Bouyer \u00e0 ce propos dans les <em>Cahiers de la bande dessin\u00e9e<\/em>. Mais ce qui est l\u00e9gitime dans une revue savante et dans une exposition enti\u00e8rement d\u00e9di\u00e9e \u00e0 la couleur n\u2019est pas forc\u00e9ment pertinent, attendu et n\u00e9cessaire dans une exposition comme celle pr\u00e9sent\u00e9e au Centre Pompidou, o\u00f9 il s\u2019agissait de c\u00e9l\u00e9brer l\u2019art de la bande dessin\u00e9e \u00e0 travers un \u00e9ventail de cr\u00e9ateurs parmi les plus importants. Elle ne s\u2019adressait pas aux seuls b\u00e9d\u00e9philes mais \u00e0 ce que l\u2019on appelait nagu\u00e8re le \u00ab grand public cultiv\u00e9 \u00bb, ne se voulait ni \u00e9rudite ni didactique (nous n\u2019y expliquions pas le processus de cr\u00e9ation des bandes dessin\u00e9es), visant avant tout \u00e0 la <em>d\u00e9lectation<\/em> \u2013 pour reprendre le mot qui, selon Nicolas Poussin, d\u00e9finissait la fin de l\u2019art.<\/p>\n<p style=\"font-weight: 400;\">Lesage cite aussi les pages des <em>Bijoux de la Castafiore<\/em> que nous avions choisi de pr\u00e9senter, seul exemple de confrontation entre crayonn\u00e9s, planches encr\u00e9es et mises en couleur sur \u00ab bleu \u00bb. Le fait que seul Herg\u00e9 ait \u00e9t\u00e9 cr\u00e9dit\u00e9, sans qu\u2019il soit fait mention de la part prise par son Studio dans la mise en couleur (\u00ab probablement r\u00e9alis\u00e9e par la chef coloriste Josette Beaujot \u00bb) lui semble une faute. Faut-il rappeler qu\u2019Herg\u00e9 n\u2019a jamais cr\u00e9dit\u00e9 aucun de ses collaborateurs dans ses livres, que les noms de Bob de Moor, Edgar P. Jacobs, Jacques Martin ou de Jacques Van Melkebeke, notamment, n\u2019y sont jamais apparus ? Aurions-nous d\u00fb corriger les choix assum\u00e9s conjointement par l\u2019auteur et de l\u2019\u00e9diteur en sortant de notre chapeau un nom de coloriste \u00e0 propos duquel, du reste, nous n\u2019avons pas de certitude ? En outre, et sans rien enlever \u00e0 leur talent, les coloristes qui ont travaill\u00e9 sur Tintin appliquaient les consignes tr\u00e8s pr\u00e9cises d\u2019Herg\u00e9 en ce qui concerne la technique en aplat, le choix d\u2019une gamme de tons pastel, le bannissement de tout effet de lumi\u00e8re ou de mati\u00e8re, et c\u2019est donc bien lui, ultimement, qui pouvait endosser la paternit\u00e9 du syst\u00e8me chromatique pr\u00e9valant dans ses \u0153uvres.<\/p>\n<p style=\"font-weight: 400;\">Les peintres flamands ou italiens de la Renaissance travaillaient en ateliers, entour\u00e9s d\u2019assistants et d\u2019apprentis. De m\u00eame les stars de l\u2019art contemporain, de Jeff Koons \u00e0 Anselm Kiefer en passant par Jean-Michel Othoniel et tant d\u2019autres. Leur signature appara\u00eet pourtant seule sur les cartels, et leurs \u0153uvres ne sont pas pr\u00e9sent\u00e9es ou consid\u00e9r\u00e9es comme collaboratives.<\/p>\n<p style=\"font-weight: 400;\">Je me suis souvent \u00e9tonn\u00e9 de voir, dans plus d\u2019une exposition, \u00e9vacuer les noms des sc\u00e9naristes, comme si les dessinateurs avaient travaill\u00e9 seuls. Mais si cette \u00e9limination me paraissait et me para\u00eet toujours incorrecte, c\u2019est parce que les sc\u00e9naristes en question sont d\u00fbment cr\u00e9dit\u00e9s,\u00a0en couverture et \u00e0 l\u2019int\u00e9rieur des ouvrages, comme co-auteurs. La revendication port\u00e9e par Sylvain Lesage, elle, me para\u00eet abusive. Ou alors il faut changer les pratiques qui ont cours dans l\u2019ensemble des mus\u00e9es du monde.<\/p>\n","protected":false},"excerpt":{"rendered":"<p>On me dira qu\u2019il n\u2019est plus temps de revenir une fois encore sur l\u2019exposition \u00ab Bande dessin\u00e9e 1964-2024 \u00bb pr\u00e9sent\u00e9e au Centre Pompidou, plus de six mois apr\u00e8s sa fermeture. Mais, dans la mesure o\u00f9 de nouvelles consid\u00e9rations sur les choix qui y avaient pr\u00e9sid\u00e9 se sont r\u00e9cemment exprim\u00e9es, il me semble qu\u2019il n\u2019est [&hellip;]<\/p>\n","protected":false},"author":1,"featured_media":0,"comment_status":"closed","ping_status":"closed","sticky":false,"template":"","format":"standard","meta":{"footnotes":""},"categories":[70],"tags":[],"class_list":["post-3668","post","type-post","status-publish","format-standard","hentry","category-mon-blog"],"acf":[],"yoast_head":"<!-- This site is optimized with the Yoast SEO plugin v27.5 - https:\/\/yoast.com\/product\/yoast-seo-wordpress\/ -->\n<title>Les coloristes, oubli\u00e9.e.s de Beaubourg ? - le site de Thierry Groensteen<\/title>\n<meta name=\"robots\" content=\"index, follow, max-snippet:-1, max-image-preview:large, max-video-preview:-1\" \/>\n<link rel=\"canonical\" href=\"https:\/\/www.thierry-groensteen.fr\/index.php\/2025\/06\/28\/les-coloristes-oublie-e-s-de-beaubourg\/\" \/>\n<meta property=\"og:locale\" content=\"fr_FR\" \/>\n<meta property=\"og:type\" content=\"article\" \/>\n<meta property=\"og:title\" content=\"Les coloristes, oubli\u00e9.e.s de Beaubourg ? - le site de Thierry Groensteen\" \/>\n<meta property=\"og:description\" content=\"On me dira qu\u2019il n\u2019est plus temps de revenir une fois encore sur l\u2019exposition \u00ab Bande dessin\u00e9e 1964-2024 \u00bb pr\u00e9sent\u00e9e au Centre Pompidou, plus de six mois apr\u00e8s sa fermeture. Mais, dans la mesure o\u00f9 de nouvelles consid\u00e9rations sur les choix qui y avaient pr\u00e9sid\u00e9 se sont r\u00e9cemment exprim\u00e9es, il me semble qu\u2019il n\u2019est [&hellip;]\" \/>\n<meta property=\"og:url\" content=\"https:\/\/www.thierry-groensteen.fr\/index.php\/2025\/06\/28\/les-coloristes-oublie-e-s-de-beaubourg\/\" \/>\n<meta property=\"og:site_name\" content=\"le site de Thierry Groensteen\" \/>\n<meta property=\"article:published_time\" content=\"2025-06-27T22:05:37+00:00\" \/>\n<meta property=\"og:image\" content=\"https:\/\/www.thierry-groensteen.fr\/wp-content\/uploads\/2023\/03\/logo_ThierryGroensteen_header.png\" \/>\n\t<meta property=\"og:image:width\" content=\"539\" \/>\n\t<meta property=\"og:image:height\" content=\"240\" \/>\n\t<meta property=\"og:image:type\" content=\"image\/png\" \/>\n<meta name=\"author\" content=\"TG\" \/>\n<meta name=\"twitter:card\" content=\"summary_large_image\" \/>\n<meta name=\"twitter:label1\" content=\"\u00c9crit par\" \/>\n\t<meta name=\"twitter:data1\" content=\"TG\" \/>\n<script type=\"application\/ld+json\" class=\"yoast-schema-graph\">{\"@context\":\"https:\\\/\\\/schema.org\",\"@graph\":[{\"@type\":\"Article\",\"@id\":\"https:\\\/\\\/www.thierry-groensteen.fr\\\/index.php\\\/2025\\\/06\\\/28\\\/les-coloristes-oublie-e-s-de-beaubourg\\\/#article\",\"isPartOf\":{\"@id\":\"https:\\\/\\\/www.thierry-groensteen.fr\\\/index.php\\\/2025\\\/06\\\/28\\\/les-coloristes-oublie-e-s-de-beaubourg\\\/\"},\"author\":{\"name\":\"TG\",\"@id\":\"https:\\\/\\\/www.thierry-groensteen.fr\\\/#\\\/schema\\\/person\\\/3695d4890604be69f280ebbb549210b5\"},\"headline\":\"Les coloristes, oubli\u00e9.e.s de Beaubourg ?\",\"datePublished\":\"2025-06-27T22:05:37+00:00\",\"mainEntityOfPage\":{\"@id\":\"https:\\\/\\\/www.thierry-groensteen.fr\\\/index.php\\\/2025\\\/06\\\/28\\\/les-coloristes-oublie-e-s-de-beaubourg\\\/\"},\"wordCount\":1153,\"publisher\":{\"@id\":\"https:\\\/\\\/www.thierry-groensteen.fr\\\/#\\\/schema\\\/person\\\/3695d4890604be69f280ebbb549210b5\"},\"articleSection\":[\"mon Blog\"],\"inLanguage\":\"fr-FR\"},{\"@type\":\"WebPage\",\"@id\":\"https:\\\/\\\/www.thierry-groensteen.fr\\\/index.php\\\/2025\\\/06\\\/28\\\/les-coloristes-oublie-e-s-de-beaubourg\\\/\",\"url\":\"https:\\\/\\\/www.thierry-groensteen.fr\\\/index.php\\\/2025\\\/06\\\/28\\\/les-coloristes-oublie-e-s-de-beaubourg\\\/\",\"name\":\"Les coloristes, oubli\u00e9.e.s de Beaubourg ? - le site de Thierry Groensteen\",\"isPartOf\":{\"@id\":\"https:\\\/\\\/www.thierry-groensteen.fr\\\/#website\"},\"datePublished\":\"2025-06-27T22:05:37+00:00\",\"breadcrumb\":{\"@id\":\"https:\\\/\\\/www.thierry-groensteen.fr\\\/index.php\\\/2025\\\/06\\\/28\\\/les-coloristes-oublie-e-s-de-beaubourg\\\/#breadcrumb\"},\"inLanguage\":\"fr-FR\",\"potentialAction\":[{\"@type\":\"ReadAction\",\"target\":[\"https:\\\/\\\/www.thierry-groensteen.fr\\\/index.php\\\/2025\\\/06\\\/28\\\/les-coloristes-oublie-e-s-de-beaubourg\\\/\"]}]},{\"@type\":\"BreadcrumbList\",\"@id\":\"https:\\\/\\\/www.thierry-groensteen.fr\\\/index.php\\\/2025\\\/06\\\/28\\\/les-coloristes-oublie-e-s-de-beaubourg\\\/#breadcrumb\",\"itemListElement\":[{\"@type\":\"ListItem\",\"position\":1,\"name\":\"Accueil\",\"item\":\"https:\\\/\\\/www.thierry-groensteen.fr\\\/\"},{\"@type\":\"ListItem\",\"position\":2,\"name\":\"Les coloristes, oubli\u00e9.e.s de Beaubourg ?\"}]},{\"@type\":\"WebSite\",\"@id\":\"https:\\\/\\\/www.thierry-groensteen.fr\\\/#website\",\"url\":\"https:\\\/\\\/www.thierry-groensteen.fr\\\/\",\"name\":\"le site de Thierry Groensteen\",\"description\":\"site officiel\",\"publisher\":{\"@id\":\"https:\\\/\\\/www.thierry-groensteen.fr\\\/#\\\/schema\\\/person\\\/3695d4890604be69f280ebbb549210b5\"},\"potentialAction\":[{\"@type\":\"SearchAction\",\"target\":{\"@type\":\"EntryPoint\",\"urlTemplate\":\"https:\\\/\\\/www.thierry-groensteen.fr\\\/?s={search_term_string}\"},\"query-input\":{\"@type\":\"PropertyValueSpecification\",\"valueRequired\":true,\"valueName\":\"search_term_string\"}}],\"inLanguage\":\"fr-FR\"},{\"@type\":[\"Person\",\"Organization\"],\"@id\":\"https:\\\/\\\/www.thierry-groensteen.fr\\\/#\\\/schema\\\/person\\\/3695d4890604be69f280ebbb549210b5\",\"name\":\"TG\",\"image\":{\"@type\":\"ImageObject\",\"inLanguage\":\"fr-FR\",\"@id\":\"https:\\\/\\\/www.thierry-groensteen.fr\\\/wp-content\\\/uploads\\\/2023\\\/09\\\/logo_ThierryGroensteen_header.png\",\"url\":\"https:\\\/\\\/www.thierry-groensteen.fr\\\/wp-content\\\/uploads\\\/2023\\\/09\\\/logo_ThierryGroensteen_header.png\",\"contentUrl\":\"https:\\\/\\\/www.thierry-groensteen.fr\\\/wp-content\\\/uploads\\\/2023\\\/09\\\/logo_ThierryGroensteen_header.png\",\"width\":620,\"height\":240,\"caption\":\"TG\"},\"logo\":{\"@id\":\"https:\\\/\\\/www.thierry-groensteen.fr\\\/wp-content\\\/uploads\\\/2023\\\/09\\\/logo_ThierryGroensteen_header.png\"},\"sameAs\":[\"https:\\\/\\\/www.thierry-groensteen.fr\"],\"url\":\"https:\\\/\\\/www.thierry-groensteen.fr\\\/index.php\\\/author\\\/admin5797\\\/\"}]}<\/script>\n<!-- \/ Yoast SEO plugin. -->","yoast_head_json":{"title":"Les coloristes, oubli\u00e9.e.s de Beaubourg ? - le site de Thierry Groensteen","robots":{"index":"index","follow":"follow","max-snippet":"max-snippet:-1","max-image-preview":"max-image-preview:large","max-video-preview":"max-video-preview:-1"},"canonical":"https:\/\/www.thierry-groensteen.fr\/index.php\/2025\/06\/28\/les-coloristes-oublie-e-s-de-beaubourg\/","og_locale":"fr_FR","og_type":"article","og_title":"Les coloristes, oubli\u00e9.e.s de Beaubourg ? - le site de Thierry Groensteen","og_description":"On me dira qu\u2019il n\u2019est plus temps de revenir une fois encore sur l\u2019exposition \u00ab Bande dessin\u00e9e 1964-2024 \u00bb pr\u00e9sent\u00e9e au Centre Pompidou, plus de six mois apr\u00e8s sa fermeture. Mais, dans la mesure o\u00f9 de nouvelles consid\u00e9rations sur les choix qui y avaient pr\u00e9sid\u00e9 se sont r\u00e9cemment exprim\u00e9es, il me semble qu\u2019il n\u2019est [&hellip;]","og_url":"https:\/\/www.thierry-groensteen.fr\/index.php\/2025\/06\/28\/les-coloristes-oublie-e-s-de-beaubourg\/","og_site_name":"le site de Thierry Groensteen","article_published_time":"2025-06-27T22:05:37+00:00","og_image":[{"width":539,"height":240,"url":"https:\/\/www.thierry-groensteen.fr\/wp-content\/uploads\/2023\/03\/logo_ThierryGroensteen_header.png","type":"image\/png"}],"author":"TG","twitter_card":"summary_large_image","twitter_misc":{"\u00c9crit par":"TG"},"schema":{"@context":"https:\/\/schema.org","@graph":[{"@type":"Article","@id":"https:\/\/www.thierry-groensteen.fr\/index.php\/2025\/06\/28\/les-coloristes-oublie-e-s-de-beaubourg\/#article","isPartOf":{"@id":"https:\/\/www.thierry-groensteen.fr\/index.php\/2025\/06\/28\/les-coloristes-oublie-e-s-de-beaubourg\/"},"author":{"name":"TG","@id":"https:\/\/www.thierry-groensteen.fr\/#\/schema\/person\/3695d4890604be69f280ebbb549210b5"},"headline":"Les coloristes, oubli\u00e9.e.s de Beaubourg ?","datePublished":"2025-06-27T22:05:37+00:00","mainEntityOfPage":{"@id":"https:\/\/www.thierry-groensteen.fr\/index.php\/2025\/06\/28\/les-coloristes-oublie-e-s-de-beaubourg\/"},"wordCount":1153,"publisher":{"@id":"https:\/\/www.thierry-groensteen.fr\/#\/schema\/person\/3695d4890604be69f280ebbb549210b5"},"articleSection":["mon Blog"],"inLanguage":"fr-FR"},{"@type":"WebPage","@id":"https:\/\/www.thierry-groensteen.fr\/index.php\/2025\/06\/28\/les-coloristes-oublie-e-s-de-beaubourg\/","url":"https:\/\/www.thierry-groensteen.fr\/index.php\/2025\/06\/28\/les-coloristes-oublie-e-s-de-beaubourg\/","name":"Les coloristes, oubli\u00e9.e.s de Beaubourg ? - le site de Thierry Groensteen","isPartOf":{"@id":"https:\/\/www.thierry-groensteen.fr\/#website"},"datePublished":"2025-06-27T22:05:37+00:00","breadcrumb":{"@id":"https:\/\/www.thierry-groensteen.fr\/index.php\/2025\/06\/28\/les-coloristes-oublie-e-s-de-beaubourg\/#breadcrumb"},"inLanguage":"fr-FR","potentialAction":[{"@type":"ReadAction","target":["https:\/\/www.thierry-groensteen.fr\/index.php\/2025\/06\/28\/les-coloristes-oublie-e-s-de-beaubourg\/"]}]},{"@type":"BreadcrumbList","@id":"https:\/\/www.thierry-groensteen.fr\/index.php\/2025\/06\/28\/les-coloristes-oublie-e-s-de-beaubourg\/#breadcrumb","itemListElement":[{"@type":"ListItem","position":1,"name":"Accueil","item":"https:\/\/www.thierry-groensteen.fr\/"},{"@type":"ListItem","position":2,"name":"Les coloristes, oubli\u00e9.e.s de Beaubourg ?"}]},{"@type":"WebSite","@id":"https:\/\/www.thierry-groensteen.fr\/#website","url":"https:\/\/www.thierry-groensteen.fr\/","name":"le site de Thierry Groensteen","description":"site officiel","publisher":{"@id":"https:\/\/www.thierry-groensteen.fr\/#\/schema\/person\/3695d4890604be69f280ebbb549210b5"},"potentialAction":[{"@type":"SearchAction","target":{"@type":"EntryPoint","urlTemplate":"https:\/\/www.thierry-groensteen.fr\/?s={search_term_string}"},"query-input":{"@type":"PropertyValueSpecification","valueRequired":true,"valueName":"search_term_string"}}],"inLanguage":"fr-FR"},{"@type":["Person","Organization"],"@id":"https:\/\/www.thierry-groensteen.fr\/#\/schema\/person\/3695d4890604be69f280ebbb549210b5","name":"TG","image":{"@type":"ImageObject","inLanguage":"fr-FR","@id":"https:\/\/www.thierry-groensteen.fr\/wp-content\/uploads\/2023\/09\/logo_ThierryGroensteen_header.png","url":"https:\/\/www.thierry-groensteen.fr\/wp-content\/uploads\/2023\/09\/logo_ThierryGroensteen_header.png","contentUrl":"https:\/\/www.thierry-groensteen.fr\/wp-content\/uploads\/2023\/09\/logo_ThierryGroensteen_header.png","width":620,"height":240,"caption":"TG"},"logo":{"@id":"https:\/\/www.thierry-groensteen.fr\/wp-content\/uploads\/2023\/09\/logo_ThierryGroensteen_header.png"},"sameAs":["https:\/\/www.thierry-groensteen.fr"],"url":"https:\/\/www.thierry-groensteen.fr\/index.php\/author\/admin5797\/"}]}},"_links":{"self":[{"href":"https:\/\/www.thierry-groensteen.fr\/index.php\/wp-json\/wp\/v2\/posts\/3668","targetHints":{"allow":["GET"]}}],"collection":[{"href":"https:\/\/www.thierry-groensteen.fr\/index.php\/wp-json\/wp\/v2\/posts"}],"about":[{"href":"https:\/\/www.thierry-groensteen.fr\/index.php\/wp-json\/wp\/v2\/types\/post"}],"author":[{"embeddable":true,"href":"https:\/\/www.thierry-groensteen.fr\/index.php\/wp-json\/wp\/v2\/users\/1"}],"replies":[{"embeddable":true,"href":"https:\/\/www.thierry-groensteen.fr\/index.php\/wp-json\/wp\/v2\/comments?post=3668"}],"version-history":[{"count":2,"href":"https:\/\/www.thierry-groensteen.fr\/index.php\/wp-json\/wp\/v2\/posts\/3668\/revisions"}],"predecessor-version":[{"id":3672,"href":"https:\/\/www.thierry-groensteen.fr\/index.php\/wp-json\/wp\/v2\/posts\/3668\/revisions\/3672"}],"wp:attachment":[{"href":"https:\/\/www.thierry-groensteen.fr\/index.php\/wp-json\/wp\/v2\/media?parent=3668"}],"wp:term":[{"taxonomy":"category","embeddable":true,"href":"https:\/\/www.thierry-groensteen.fr\/index.php\/wp-json\/wp\/v2\/categories?post=3668"},{"taxonomy":"post_tag","embeddable":true,"href":"https:\/\/www.thierry-groensteen.fr\/index.php\/wp-json\/wp\/v2\/tags?post=3668"}],"curies":[{"name":"wp","href":"https:\/\/api.w.org\/{rel}","templated":true}]}}