{"id":3662,"date":"2025-06-23T00:05:37","date_gmt":"2025-06-22T22:05:37","guid":{"rendered":"https:\/\/www.thierry-groensteen.fr\/?p=3662"},"modified":"2025-06-21T11:46:33","modified_gmt":"2025-06-21T09:46:33","slug":"la-bande-dessinee-le-savoir-et-le-monde","status":"publish","type":"post","link":"https:\/\/www.thierry-groensteen.fr\/index.php\/2025\/06\/23\/la-bande-dessinee-le-savoir-et-le-monde\/","title":{"rendered":"La bande dessin\u00e9e, le savoir et le monde"},"content":{"rendered":"<p style=\"font-weight: 400;\">L\u2019importance prise par la bande dessin\u00e9e dite \u00ab du r\u00e9el \u00bb (BD documentaire, de vulgarisation, de reportage, de t\u00e9moignage, etc.) est assur\u00e9ment l\u2019un des ph\u00e9nom\u00e8nes les plus saillants survenus dans le domaine du 9<sup>e<\/sup> Art depuis le d\u00e9but de ce si\u00e8cle. Il n\u2019est donc pas surprenant que la profession s\u2019interroge sur ses tenants et aboutissants. Ces interrogations \u00e9taient au c\u0153ur de la journ\u00e9e professionnelle organis\u00e9e le 13 juin par le festival Lyon BD et le Syndicat national de l\u2019\u00e9dition, \u00e0 laquelle j\u2019ai assist\u00e9. Si l\u2019on fait abstraction de la table ronde consacr\u00e9e aux lectures des <em>young adults<\/em>, le reste des interventions y \u00e9tait en effet plus ou moins directement consacr\u00e9.<\/p>\n<p style=\"font-weight: 400;\">En r\u00e9ponse \u00e0 une question que je me suis permis de poser, St\u00e9phane Aznar, directeur g\u00e9n\u00e9ral des \u00e9ditions Dargaud, a admis que si la \u00ab Petite B\u00e9d\u00e9th\u00e8que des savoirs \u00bb publi\u00e9e par la maison s\u0153ur du Lombard avait cess\u00e9 de para\u00eetre, c\u2019est parce qu\u2019elle n\u2019a jamais atteint son point d\u2019\u00e9quilibre financier. Et d\u2019ajouter qu\u2019elle avait sans doute eu \u00ab raison trop t\u00f4t \u00bb. Louis-Antoine Dujardin, \u00e9diteur chez Delcourt o\u00f9 il a plus particuli\u00e8rement en charge ce type de bande dessin\u00e9e (pour lesquels la maison s\u2019est tout \u00e0 tour associ\u00e9e au Seuil, \u00e0 la <em>Revue dessin\u00e9e<\/em> et \u00e0 La D\u00e9couverte), a plaisamment expliqu\u00e9 qu\u2019il avait vu son m\u00e9tier changer au cours des dix ou quinze derni\u00e8res ann\u00e9es\u00a0: alors qu\u2019il n\u2019avait nagu\u00e8re affaire qu\u2019\u00e0 des auteurs de BD, il passe d\u00e9sormais beaucoup de temps \u00e0 discuter avec des scientifiques, des journalistes, des experts de tous bords \u2013 et souvent ce sont eux-m\u00eames qui le sollicitent parce qu\u2019ils sont d\u00e9sireux de partager leur savoir avec le plus grand nombre en r\u00e9alisant une BD.<\/p>\n<p style=\"font-weight: 400;\">Des propos des uns et des autres, j\u2019ai retenu que, par rapport \u00e0 d\u2019autres m\u00e9dias, la bande dessin\u00e9e pr\u00e9senterait un ind\u00e9niable avantage pour les enqu\u00eates de terrain\u00a0: la simplicit\u00e9 et la l\u00e9g\u00e8ret\u00e9 des outils mobilis\u00e9s facilitent le recueil des t\u00e9moignages, les personnes sollicit\u00e9es se sentent moins sur leurs gardes que quand on braque sur eux micro et cam\u00e9ra. Un deuxi\u00e8me atout soulign\u00e9 par les intervenants est la capacit\u00e9 que poss\u00e8de la bande dessin\u00e9e d\u2019ajouter \u00e0 son propos une \u00ab valeur \u00e9motionnelle \u00bb. Il a \u00e9galement \u00e9t\u00e9 question du traitement de sujets scientifiques par le biais de la fiction, \u00e0 travers l\u2019exemple de l\u2019album <em>Et si Einstein revenait\u00a0? L\u2019\u00c9ternit\u00e9 b\u00e9ante<\/em>, de Christian Durieux et Etienne Klein (Futuropolis, 2024). On aurait pu citer aussi bien <em>La Distinction<\/em> de Tiphaine Rivi\u00e8re (Delcourt, 2023), \u00ab librement inspir\u00e9 du livre de Pierre Bourdieu \u00bb, qui se donne pour protagoniste \u00ab un jeune professeur mal assur\u00e9 [qui] d\u00e9cide d\u2019initier sa classe de terminale \u00e0 la sociologie \u00bb en leur transmettant les th\u00e8ses de ce ma\u00eetre ouvrage. La dessinatrice invente aussi de toutes pi\u00e8ces plusieurs figures de lyc\u00e9ens et de lyc\u00e9ennes de diff\u00e9rentes origines sociales et imagine les r\u00e9percussions de leur initiation \u00e0 Bourdieu sur leur vie familiale, amicale et amoureuse, biais qui se r\u00e9v\u00e8le tr\u00e8s efficace pour \u00e0 la fois illustrer les d\u00e9terminismes sociaux, particuli\u00e8rement en mati\u00e8re de go\u00fbts et de posture culturelle, et y int\u00e9resser les lecteurs, notamment les jeunes.<\/p>\n<p><img decoding=\"async\" class=\"lazyload aligncenter wp-image-3665 size-fusion-400\" src=\"https:\/\/www.thierry-groensteen.fr\/wp-content\/uploads\/2025\/06\/La-Distinction-couve-1-400x523.jpeg\" data-orig-src=\"https:\/\/www.thierry-groensteen.fr\/wp-content\/uploads\/2025\/06\/La-Distinction-couve-1-400x523.jpeg\" alt=\"\" width=\"400\" height=\"523\" srcset=\"data:image\/svg+xml,%3Csvg%20xmlns%3D%27http%3A%2F%2Fwww.w3.org%2F2000%2Fsvg%27%20width%3D%27400%27%20height%3D%27523%27%20viewBox%3D%270%200%20400%20523%27%3E%3Crect%20width%3D%27400%27%20height%3D%27523%27%20fill-opacity%3D%220%22%2F%3E%3C%2Fsvg%3E\" data-srcset=\"https:\/\/www.thierry-groensteen.fr\/wp-content\/uploads\/2025\/06\/La-Distinction-couve-1-200x262.jpeg 200w, https:\/\/www.thierry-groensteen.fr\/wp-content\/uploads\/2025\/06\/La-Distinction-couve-1-229x300.jpeg 229w, https:\/\/www.thierry-groensteen.fr\/wp-content\/uploads\/2025\/06\/La-Distinction-couve-1-400x523.jpeg 400w, https:\/\/www.thierry-groensteen.fr\/wp-content\/uploads\/2025\/06\/La-Distinction-couve-1-600x785.jpeg 600w, https:\/\/www.thierry-groensteen.fr\/wp-content\/uploads\/2025\/06\/La-Distinction-couve-1-768x1005.jpeg 768w, https:\/\/www.thierry-groensteen.fr\/wp-content\/uploads\/2025\/06\/La-Distinction-couve-1-783x1024.jpeg 783w, https:\/\/www.thierry-groensteen.fr\/wp-content\/uploads\/2025\/06\/La-Distinction-couve-1-800x1047.jpeg 800w, https:\/\/www.thierry-groensteen.fr\/wp-content\/uploads\/2025\/06\/La-Distinction-couve-1-1174x1536.jpeg 1174w, https:\/\/www.thierry-groensteen.fr\/wp-content\/uploads\/2025\/06\/La-Distinction-couve-1-1200x1570.jpeg 1200w, https:\/\/www.thierry-groensteen.fr\/wp-content\/uploads\/2025\/06\/La-Distinction-couve-1.jpeg 1400w\" data-sizes=\"auto\" data-orig-sizes=\"(max-width: 400px) 100vw, 400px\" \/><\/p>\n<p style=\"font-weight: 400;\">Un point qui n\u2019a pas \u00e9t\u00e9 abord\u00e9 \u00e0 Lyon est celui de la responsabilit\u00e9 des auteurs et autrices relativement aux sujets dont ils s\u2019emparent et des contradictions qui traversent notre monde de moins en moins tol\u00e9rant. Cette question sera au centre de la troisi\u00e8me \u00e9dition du Symposium sur le neuvi\u00e8me art qui se tiendra \u00e0 B\u00e2le le 28 novembre prochain, sous l\u2019\u00e9gide du Cartoonmuseum, de la Haute \u00c9cole d\u2019art et de design de Lucerne et de la fondation Christoph Merian. Le th\u00e8me en sera \u00ab Le monde sur papier \u00bb. Prenant acte du fait que la bande dessin\u00e9e s\u2019engage de plus en plus sur des sujets sensibles ou qui font d\u00e9bat comme les questions de genre et de sexualit\u00e9, les probl\u00e8mes \u00e9cologiques, la critique de la soci\u00e9t\u00e9 de consommation ou le racisme, le pr\u00e9-programme de cette rencontre, dans ses attendus, questionne\u00a0: \u00ab De nouvelles formes de narration sont-elles n\u00e9cessaires pour raconter et comprendre les grands changements\u00a0? (\u2026) O\u00f9 se situent les limites de la libert\u00e9 d\u2019expression visuelle\u00a0? Dans quelle mesure les dessinateurices pratiquent-ils et elles l\u2019autocensure pour se prot\u00e9ger des critiques et des attaques personnelles\u00a0? \u00bb Sur ces questions et d\u2019autres, on a h\u00e2te d\u2019attendre ce qu\u2019auront \u00e0 dire les auteurs et \u00e9diteurs invit\u00e9s.<\/p>\n","protected":false},"excerpt":{"rendered":"<p>L\u2019importance prise par la bande dessin\u00e9e dite \u00ab du r\u00e9el \u00bb (BD documentaire, de vulgarisation, de reportage, de t\u00e9moignage, etc.) est assur\u00e9ment l\u2019un des ph\u00e9nom\u00e8nes les plus saillants survenus dans le domaine du 9e Art depuis le d\u00e9but de ce si\u00e8cle. Il n\u2019est donc pas surprenant que la profession s\u2019interroge sur ses tenants et [&hellip;]<\/p>\n","protected":false},"author":1,"featured_media":3664,"comment_status":"closed","ping_status":"closed","sticky":false,"template":"","format":"standard","meta":{"footnotes":""},"categories":[70],"tags":[],"class_list":["post-3662","post","type-post","status-publish","format-standard","has-post-thumbnail","hentry","category-mon-blog"],"acf":[],"yoast_head":"<!-- This site is optimized with the Yoast SEO plugin v27.5 - https:\/\/yoast.com\/product\/yoast-seo-wordpress\/ -->\n<title>La bande dessin\u00e9e, le savoir et le monde - le site de Thierry Groensteen<\/title>\n<meta name=\"robots\" content=\"index, follow, max-snippet:-1, max-image-preview:large, max-video-preview:-1\" \/>\n<link rel=\"canonical\" href=\"https:\/\/www.thierry-groensteen.fr\/index.php\/2025\/06\/23\/la-bande-dessinee-le-savoir-et-le-monde\/\" \/>\n<meta property=\"og:locale\" content=\"fr_FR\" \/>\n<meta property=\"og:type\" content=\"article\" \/>\n<meta property=\"og:title\" content=\"La bande dessin\u00e9e, le savoir et le monde - le site de Thierry Groensteen\" \/>\n<meta property=\"og:description\" content=\"L\u2019importance prise par la bande dessin\u00e9e dite \u00ab du r\u00e9el \u00bb (BD documentaire, de vulgarisation, de reportage, de t\u00e9moignage, etc.) est assur\u00e9ment l\u2019un des ph\u00e9nom\u00e8nes les plus saillants survenus dans le domaine du 9e Art depuis le d\u00e9but de ce si\u00e8cle. Il n\u2019est donc pas surprenant que la profession s\u2019interroge sur ses tenants et [&hellip;]\" \/>\n<meta property=\"og:url\" content=\"https:\/\/www.thierry-groensteen.fr\/index.php\/2025\/06\/23\/la-bande-dessinee-le-savoir-et-le-monde\/\" \/>\n<meta property=\"og:site_name\" content=\"le site de Thierry Groensteen\" \/>\n<meta property=\"article:published_time\" content=\"2025-06-22T22:05:37+00:00\" \/>\n<meta property=\"og:image\" content=\"https:\/\/www.thierry-groensteen.fr\/wp-content\/uploads\/2025\/06\/La-Distinction-couve-e1750499109348.jpeg\" \/>\n\t<meta property=\"og:image:width\" content=\"1400\" \/>\n\t<meta property=\"og:image:height\" content=\"640\" \/>\n\t<meta property=\"og:image:type\" content=\"image\/jpeg\" \/>\n<meta name=\"author\" content=\"TG\" \/>\n<meta name=\"twitter:card\" content=\"summary_large_image\" \/>\n<meta name=\"twitter:label1\" content=\"\u00c9crit par\" \/>\n\t<meta name=\"twitter:data1\" content=\"TG\" \/>\n\t<meta name=\"twitter:label2\" content=\"Dur\u00e9e de lecture estim\u00e9e\" \/>\n\t<meta name=\"twitter:data2\" content=\"4 minutes\" \/>\n<script type=\"application\/ld+json\" class=\"yoast-schema-graph\">{\"@context\":\"https:\\\/\\\/schema.org\",\"@graph\":[{\"@type\":\"Article\",\"@id\":\"https:\\\/\\\/www.thierry-groensteen.fr\\\/index.php\\\/2025\\\/06\\\/23\\\/la-bande-dessinee-le-savoir-et-le-monde\\\/#article\",\"isPartOf\":{\"@id\":\"https:\\\/\\\/www.thierry-groensteen.fr\\\/index.php\\\/2025\\\/06\\\/23\\\/la-bande-dessinee-le-savoir-et-le-monde\\\/\"},\"author\":{\"name\":\"TG\",\"@id\":\"https:\\\/\\\/www.thierry-groensteen.fr\\\/#\\\/schema\\\/person\\\/3695d4890604be69f280ebbb549210b5\"},\"headline\":\"La bande dessin\u00e9e, le savoir et le monde\",\"datePublished\":\"2025-06-22T22:05:37+00:00\",\"mainEntityOfPage\":{\"@id\":\"https:\\\/\\\/www.thierry-groensteen.fr\\\/index.php\\\/2025\\\/06\\\/23\\\/la-bande-dessinee-le-savoir-et-le-monde\\\/\"},\"wordCount\":808,\"publisher\":{\"@id\":\"https:\\\/\\\/www.thierry-groensteen.fr\\\/#\\\/schema\\\/person\\\/3695d4890604be69f280ebbb549210b5\"},\"image\":{\"@id\":\"https:\\\/\\\/www.thierry-groensteen.fr\\\/index.php\\\/2025\\\/06\\\/23\\\/la-bande-dessinee-le-savoir-et-le-monde\\\/#primaryimage\"},\"thumbnailUrl\":\"https:\\\/\\\/www.thierry-groensteen.fr\\\/wp-content\\\/uploads\\\/2025\\\/06\\\/La-Distinction-couve-e1750499109348.jpeg\",\"articleSection\":[\"mon Blog\"],\"inLanguage\":\"fr-FR\"},{\"@type\":\"WebPage\",\"@id\":\"https:\\\/\\\/www.thierry-groensteen.fr\\\/index.php\\\/2025\\\/06\\\/23\\\/la-bande-dessinee-le-savoir-et-le-monde\\\/\",\"url\":\"https:\\\/\\\/www.thierry-groensteen.fr\\\/index.php\\\/2025\\\/06\\\/23\\\/la-bande-dessinee-le-savoir-et-le-monde\\\/\",\"name\":\"La bande dessin\u00e9e, le savoir et le monde - le site de Thierry Groensteen\",\"isPartOf\":{\"@id\":\"https:\\\/\\\/www.thierry-groensteen.fr\\\/#website\"},\"primaryImageOfPage\":{\"@id\":\"https:\\\/\\\/www.thierry-groensteen.fr\\\/index.php\\\/2025\\\/06\\\/23\\\/la-bande-dessinee-le-savoir-et-le-monde\\\/#primaryimage\"},\"image\":{\"@id\":\"https:\\\/\\\/www.thierry-groensteen.fr\\\/index.php\\\/2025\\\/06\\\/23\\\/la-bande-dessinee-le-savoir-et-le-monde\\\/#primaryimage\"},\"thumbnailUrl\":\"https:\\\/\\\/www.thierry-groensteen.fr\\\/wp-content\\\/uploads\\\/2025\\\/06\\\/La-Distinction-couve-e1750499109348.jpeg\",\"datePublished\":\"2025-06-22T22:05:37+00:00\",\"breadcrumb\":{\"@id\":\"https:\\\/\\\/www.thierry-groensteen.fr\\\/index.php\\\/2025\\\/06\\\/23\\\/la-bande-dessinee-le-savoir-et-le-monde\\\/#breadcrumb\"},\"inLanguage\":\"fr-FR\",\"potentialAction\":[{\"@type\":\"ReadAction\",\"target\":[\"https:\\\/\\\/www.thierry-groensteen.fr\\\/index.php\\\/2025\\\/06\\\/23\\\/la-bande-dessinee-le-savoir-et-le-monde\\\/\"]}]},{\"@type\":\"ImageObject\",\"inLanguage\":\"fr-FR\",\"@id\":\"https:\\\/\\\/www.thierry-groensteen.fr\\\/index.php\\\/2025\\\/06\\\/23\\\/la-bande-dessinee-le-savoir-et-le-monde\\\/#primaryimage\",\"url\":\"https:\\\/\\\/www.thierry-groensteen.fr\\\/wp-content\\\/uploads\\\/2025\\\/06\\\/La-Distinction-couve-e1750499109348.jpeg\",\"contentUrl\":\"https:\\\/\\\/www.thierry-groensteen.fr\\\/wp-content\\\/uploads\\\/2025\\\/06\\\/La-Distinction-couve-e1750499109348.jpeg\",\"width\":1400,\"height\":640},{\"@type\":\"BreadcrumbList\",\"@id\":\"https:\\\/\\\/www.thierry-groensteen.fr\\\/index.php\\\/2025\\\/06\\\/23\\\/la-bande-dessinee-le-savoir-et-le-monde\\\/#breadcrumb\",\"itemListElement\":[{\"@type\":\"ListItem\",\"position\":1,\"name\":\"Accueil\",\"item\":\"https:\\\/\\\/www.thierry-groensteen.fr\\\/\"},{\"@type\":\"ListItem\",\"position\":2,\"name\":\"La bande dessin\u00e9e, le savoir et le monde\"}]},{\"@type\":\"WebSite\",\"@id\":\"https:\\\/\\\/www.thierry-groensteen.fr\\\/#website\",\"url\":\"https:\\\/\\\/www.thierry-groensteen.fr\\\/\",\"name\":\"le site de Thierry Groensteen\",\"description\":\"site officiel\",\"publisher\":{\"@id\":\"https:\\\/\\\/www.thierry-groensteen.fr\\\/#\\\/schema\\\/person\\\/3695d4890604be69f280ebbb549210b5\"},\"potentialAction\":[{\"@type\":\"SearchAction\",\"target\":{\"@type\":\"EntryPoint\",\"urlTemplate\":\"https:\\\/\\\/www.thierry-groensteen.fr\\\/?s={search_term_string}\"},\"query-input\":{\"@type\":\"PropertyValueSpecification\",\"valueRequired\":true,\"valueName\":\"search_term_string\"}}],\"inLanguage\":\"fr-FR\"},{\"@type\":[\"Person\",\"Organization\"],\"@id\":\"https:\\\/\\\/www.thierry-groensteen.fr\\\/#\\\/schema\\\/person\\\/3695d4890604be69f280ebbb549210b5\",\"name\":\"TG\",\"image\":{\"@type\":\"ImageObject\",\"inLanguage\":\"fr-FR\",\"@id\":\"https:\\\/\\\/www.thierry-groensteen.fr\\\/wp-content\\\/uploads\\\/2023\\\/09\\\/logo_ThierryGroensteen_header.png\",\"url\":\"https:\\\/\\\/www.thierry-groensteen.fr\\\/wp-content\\\/uploads\\\/2023\\\/09\\\/logo_ThierryGroensteen_header.png\",\"contentUrl\":\"https:\\\/\\\/www.thierry-groensteen.fr\\\/wp-content\\\/uploads\\\/2023\\\/09\\\/logo_ThierryGroensteen_header.png\",\"width\":620,\"height\":240,\"caption\":\"TG\"},\"logo\":{\"@id\":\"https:\\\/\\\/www.thierry-groensteen.fr\\\/wp-content\\\/uploads\\\/2023\\\/09\\\/logo_ThierryGroensteen_header.png\"},\"sameAs\":[\"https:\\\/\\\/www.thierry-groensteen.fr\"],\"url\":\"https:\\\/\\\/www.thierry-groensteen.fr\\\/index.php\\\/author\\\/admin5797\\\/\"}]}<\/script>\n<!-- \/ Yoast SEO plugin. -->","yoast_head_json":{"title":"La bande dessin\u00e9e, le savoir et le monde - le site de Thierry Groensteen","robots":{"index":"index","follow":"follow","max-snippet":"max-snippet:-1","max-image-preview":"max-image-preview:large","max-video-preview":"max-video-preview:-1"},"canonical":"https:\/\/www.thierry-groensteen.fr\/index.php\/2025\/06\/23\/la-bande-dessinee-le-savoir-et-le-monde\/","og_locale":"fr_FR","og_type":"article","og_title":"La bande dessin\u00e9e, le savoir et le monde - le site de Thierry Groensteen","og_description":"L\u2019importance prise par la bande dessin\u00e9e dite \u00ab du r\u00e9el \u00bb (BD documentaire, de vulgarisation, de reportage, de t\u00e9moignage, etc.) est assur\u00e9ment l\u2019un des ph\u00e9nom\u00e8nes les plus saillants survenus dans le domaine du 9e Art depuis le d\u00e9but de ce si\u00e8cle. Il n\u2019est donc pas surprenant que la profession s\u2019interroge sur ses tenants et [&hellip;]","og_url":"https:\/\/www.thierry-groensteen.fr\/index.php\/2025\/06\/23\/la-bande-dessinee-le-savoir-et-le-monde\/","og_site_name":"le site de Thierry Groensteen","article_published_time":"2025-06-22T22:05:37+00:00","og_image":[{"width":1400,"height":640,"url":"https:\/\/www.thierry-groensteen.fr\/wp-content\/uploads\/2025\/06\/La-Distinction-couve-e1750499109348.jpeg","type":"image\/jpeg"}],"author":"TG","twitter_card":"summary_large_image","twitter_misc":{"\u00c9crit par":"TG","Dur\u00e9e de lecture estim\u00e9e":"4 minutes"},"schema":{"@context":"https:\/\/schema.org","@graph":[{"@type":"Article","@id":"https:\/\/www.thierry-groensteen.fr\/index.php\/2025\/06\/23\/la-bande-dessinee-le-savoir-et-le-monde\/#article","isPartOf":{"@id":"https:\/\/www.thierry-groensteen.fr\/index.php\/2025\/06\/23\/la-bande-dessinee-le-savoir-et-le-monde\/"},"author":{"name":"TG","@id":"https:\/\/www.thierry-groensteen.fr\/#\/schema\/person\/3695d4890604be69f280ebbb549210b5"},"headline":"La bande dessin\u00e9e, le savoir et le monde","datePublished":"2025-06-22T22:05:37+00:00","mainEntityOfPage":{"@id":"https:\/\/www.thierry-groensteen.fr\/index.php\/2025\/06\/23\/la-bande-dessinee-le-savoir-et-le-monde\/"},"wordCount":808,"publisher":{"@id":"https:\/\/www.thierry-groensteen.fr\/#\/schema\/person\/3695d4890604be69f280ebbb549210b5"},"image":{"@id":"https:\/\/www.thierry-groensteen.fr\/index.php\/2025\/06\/23\/la-bande-dessinee-le-savoir-et-le-monde\/#primaryimage"},"thumbnailUrl":"https:\/\/www.thierry-groensteen.fr\/wp-content\/uploads\/2025\/06\/La-Distinction-couve-e1750499109348.jpeg","articleSection":["mon Blog"],"inLanguage":"fr-FR"},{"@type":"WebPage","@id":"https:\/\/www.thierry-groensteen.fr\/index.php\/2025\/06\/23\/la-bande-dessinee-le-savoir-et-le-monde\/","url":"https:\/\/www.thierry-groensteen.fr\/index.php\/2025\/06\/23\/la-bande-dessinee-le-savoir-et-le-monde\/","name":"La bande dessin\u00e9e, le savoir et le monde - le site de Thierry Groensteen","isPartOf":{"@id":"https:\/\/www.thierry-groensteen.fr\/#website"},"primaryImageOfPage":{"@id":"https:\/\/www.thierry-groensteen.fr\/index.php\/2025\/06\/23\/la-bande-dessinee-le-savoir-et-le-monde\/#primaryimage"},"image":{"@id":"https:\/\/www.thierry-groensteen.fr\/index.php\/2025\/06\/23\/la-bande-dessinee-le-savoir-et-le-monde\/#primaryimage"},"thumbnailUrl":"https:\/\/www.thierry-groensteen.fr\/wp-content\/uploads\/2025\/06\/La-Distinction-couve-e1750499109348.jpeg","datePublished":"2025-06-22T22:05:37+00:00","breadcrumb":{"@id":"https:\/\/www.thierry-groensteen.fr\/index.php\/2025\/06\/23\/la-bande-dessinee-le-savoir-et-le-monde\/#breadcrumb"},"inLanguage":"fr-FR","potentialAction":[{"@type":"ReadAction","target":["https:\/\/www.thierry-groensteen.fr\/index.php\/2025\/06\/23\/la-bande-dessinee-le-savoir-et-le-monde\/"]}]},{"@type":"ImageObject","inLanguage":"fr-FR","@id":"https:\/\/www.thierry-groensteen.fr\/index.php\/2025\/06\/23\/la-bande-dessinee-le-savoir-et-le-monde\/#primaryimage","url":"https:\/\/www.thierry-groensteen.fr\/wp-content\/uploads\/2025\/06\/La-Distinction-couve-e1750499109348.jpeg","contentUrl":"https:\/\/www.thierry-groensteen.fr\/wp-content\/uploads\/2025\/06\/La-Distinction-couve-e1750499109348.jpeg","width":1400,"height":640},{"@type":"BreadcrumbList","@id":"https:\/\/www.thierry-groensteen.fr\/index.php\/2025\/06\/23\/la-bande-dessinee-le-savoir-et-le-monde\/#breadcrumb","itemListElement":[{"@type":"ListItem","position":1,"name":"Accueil","item":"https:\/\/www.thierry-groensteen.fr\/"},{"@type":"ListItem","position":2,"name":"La bande dessin\u00e9e, le savoir et le monde"}]},{"@type":"WebSite","@id":"https:\/\/www.thierry-groensteen.fr\/#website","url":"https:\/\/www.thierry-groensteen.fr\/","name":"le site de Thierry Groensteen","description":"site officiel","publisher":{"@id":"https:\/\/www.thierry-groensteen.fr\/#\/schema\/person\/3695d4890604be69f280ebbb549210b5"},"potentialAction":[{"@type":"SearchAction","target":{"@type":"EntryPoint","urlTemplate":"https:\/\/www.thierry-groensteen.fr\/?s={search_term_string}"},"query-input":{"@type":"PropertyValueSpecification","valueRequired":true,"valueName":"search_term_string"}}],"inLanguage":"fr-FR"},{"@type":["Person","Organization"],"@id":"https:\/\/www.thierry-groensteen.fr\/#\/schema\/person\/3695d4890604be69f280ebbb549210b5","name":"TG","image":{"@type":"ImageObject","inLanguage":"fr-FR","@id":"https:\/\/www.thierry-groensteen.fr\/wp-content\/uploads\/2023\/09\/logo_ThierryGroensteen_header.png","url":"https:\/\/www.thierry-groensteen.fr\/wp-content\/uploads\/2023\/09\/logo_ThierryGroensteen_header.png","contentUrl":"https:\/\/www.thierry-groensteen.fr\/wp-content\/uploads\/2023\/09\/logo_ThierryGroensteen_header.png","width":620,"height":240,"caption":"TG"},"logo":{"@id":"https:\/\/www.thierry-groensteen.fr\/wp-content\/uploads\/2023\/09\/logo_ThierryGroensteen_header.png"},"sameAs":["https:\/\/www.thierry-groensteen.fr"],"url":"https:\/\/www.thierry-groensteen.fr\/index.php\/author\/admin5797\/"}]}},"_links":{"self":[{"href":"https:\/\/www.thierry-groensteen.fr\/index.php\/wp-json\/wp\/v2\/posts\/3662","targetHints":{"allow":["GET"]}}],"collection":[{"href":"https:\/\/www.thierry-groensteen.fr\/index.php\/wp-json\/wp\/v2\/posts"}],"about":[{"href":"https:\/\/www.thierry-groensteen.fr\/index.php\/wp-json\/wp\/v2\/types\/post"}],"author":[{"embeddable":true,"href":"https:\/\/www.thierry-groensteen.fr\/index.php\/wp-json\/wp\/v2\/users\/1"}],"replies":[{"embeddable":true,"href":"https:\/\/www.thierry-groensteen.fr\/index.php\/wp-json\/wp\/v2\/comments?post=3662"}],"version-history":[{"count":3,"href":"https:\/\/www.thierry-groensteen.fr\/index.php\/wp-json\/wp\/v2\/posts\/3662\/revisions"}],"predecessor-version":[{"id":3667,"href":"https:\/\/www.thierry-groensteen.fr\/index.php\/wp-json\/wp\/v2\/posts\/3662\/revisions\/3667"}],"wp:featuredmedia":[{"embeddable":true,"href":"https:\/\/www.thierry-groensteen.fr\/index.php\/wp-json\/wp\/v2\/media\/3664"}],"wp:attachment":[{"href":"https:\/\/www.thierry-groensteen.fr\/index.php\/wp-json\/wp\/v2\/media?parent=3662"}],"wp:term":[{"taxonomy":"category","embeddable":true,"href":"https:\/\/www.thierry-groensteen.fr\/index.php\/wp-json\/wp\/v2\/categories?post=3662"},{"taxonomy":"post_tag","embeddable":true,"href":"https:\/\/www.thierry-groensteen.fr\/index.php\/wp-json\/wp\/v2\/tags?post=3662"}],"curies":[{"name":"wp","href":"https:\/\/api.w.org\/{rel}","templated":true}]}}