{"id":3654,"date":"2025-06-18T14:10:55","date_gmt":"2025-06-18T12:10:55","guid":{"rendered":"https:\/\/www.thierry-groensteen.fr\/?p=3654"},"modified":"2025-06-18T14:10:55","modified_gmt":"2025-06-18T12:10:55","slug":"la-loire-dans-tous-ses-etats","status":"publish","type":"post","link":"https:\/\/www.thierry-groensteen.fr\/index.php\/2025\/06\/18\/la-loire-dans-tous-ses-etats\/","title":{"rendered":"La Loire dans tous ses \u00e9tats"},"content":{"rendered":"<p style=\"font-weight: 400;\">Les albums collectifs n\u2019ont plus la cote. Nagu\u00e8re, il en paraissait de fa\u00e7on r\u00e9guli\u00e8re, sur des th\u00e8mes soci\u00e9taux comme le Sida, les droits de l\u2019homme ou la banlieue. Des dessinateurs se rassemblaient pour \u00e9voquer un pays (l\u2019Alg\u00e9rie, la Birmanie), au terme, quelquefois, de r\u00e9sidences crois\u00e9es (voir <em>L\u2019Association au Mexique<\/em>, \u2026 <em>en \u00c9gypte<\/em> ou \u2026 <em>en Inde<\/em>). Ils se partageaient le r\u00e9pertoire d\u2019un chanteur (Renaud, Brel, Dylan\u2026), chacun donnant son interpr\u00e9tation d\u2019une chanson. Moi-m\u00eame, j\u2019avais initi\u00e9 la collection \u00ab\u00a0Histoires graphiques\u00a0\u00bb chez Autrement, avec des volumes sur <em>L\u2019Argent<\/em>, <em>Le Retour de Dieu<\/em> ou <em>Le R\u00e9veil des Nations<\/em>. Mais il semble que ce type d\u2019ouvrage soit pass\u00e9 de mode \u2013 font exception, peut-\u00eatre, les <em>Enqu\u00eates de M\u00e9diapart en bande dessin\u00e9e<\/em>, en partenariat avec <em>La Revue dessin\u00e9e<\/em>.<\/p>\n<p style=\"font-weight: 400;\"><img decoding=\"async\" class=\"lazyload alignright wp-image-3660 size-medium\" src=\"https:\/\/www.thierry-groensteen.fr\/wp-content\/uploads\/2025\/06\/couve-303-1-218x300.jpeg\" data-orig-src=\"https:\/\/www.thierry-groensteen.fr\/wp-content\/uploads\/2025\/06\/couve-303-1-218x300.jpeg\" alt=\"\" width=\"218\" height=\"300\" srcset=\"data:image\/svg+xml,%3Csvg%20xmlns%3D%27http%3A%2F%2Fwww.w3.org%2F2000%2Fsvg%27%20width%3D%27218%27%20height%3D%27300%27%20viewBox%3D%270%200%20218%20300%27%3E%3Crect%20width%3D%27218%27%20height%3D%27300%27%20fill-opacity%3D%220%22%2F%3E%3C%2Fsvg%3E\" data-srcset=\"https:\/\/www.thierry-groensteen.fr\/wp-content\/uploads\/2025\/06\/couve-303-1-200x276.jpeg 200w, https:\/\/www.thierry-groensteen.fr\/wp-content\/uploads\/2025\/06\/couve-303-1-218x300.jpeg 218w, https:\/\/www.thierry-groensteen.fr\/wp-content\/uploads\/2025\/06\/couve-303-1-400x552.jpeg 400w, https:\/\/www.thierry-groensteen.fr\/wp-content\/uploads\/2025\/06\/couve-303-1-600x827.jpeg 600w, https:\/\/www.thierry-groensteen.fr\/wp-content\/uploads\/2025\/06\/couve-303-1-743x1024.jpeg 743w, https:\/\/www.thierry-groensteen.fr\/wp-content\/uploads\/2025\/06\/couve-303-1-768x1059.jpeg 768w, https:\/\/www.thierry-groensteen.fr\/wp-content\/uploads\/2025\/06\/couve-303-1-800x1103.jpeg 800w, https:\/\/www.thierry-groensteen.fr\/wp-content\/uploads\/2025\/06\/couve-303-1-1114x1536.jpeg 1114w, https:\/\/www.thierry-groensteen.fr\/wp-content\/uploads\/2025\/06\/couve-303-1-1200x1655.jpeg 1200w, https:\/\/www.thierry-groensteen.fr\/wp-content\/uploads\/2025\/06\/couve-303-1-1485x2048.jpeg 1485w, https:\/\/www.thierry-groensteen.fr\/wp-content\/uploads\/2025\/06\/couve-303-1.jpeg 1712w\" data-sizes=\"auto\" data-orig-sizes=\"(max-width: 218px) 100vw, 218px\" \/>Or voici que <em>303<\/em>, tr\u00e8s belle revue des Pays de la Loire, qui para\u00eet depuis 1984 et s\u2019int\u00e9resse au neuvi\u00e8me art tous les dix ans, publie un copieux num\u00e9ro intitul\u00e9 <em>L\u2019Appel du fleuve\u00a0: la Loire en bande dessin\u00e9e<\/em>, r\u00e9unissant des histoires in\u00e9dites d\u2019une trentaine d\u2019auteurs et autrices de la r\u00e9gion. Chaque histoire compte entre 4 et 8 pages. Nul doute que le superbe livre d\u2019\u00c9tienne Davodeau <em>Loire<\/em> ait d\u00e9clench\u00e9 l\u2019id\u00e9e de cet opus th\u00e9matique, dont le premier enseignement est qu\u2019une remarquable concentration de talents ont \u00e9lu domicile entre Nantes et Angers, de Gwen de Bonneval \u00e0 J\u00e9r\u00f4me Mulot, de Pascal Rabat\u00e9 \u00e0 Benjamin Adam \u2013 encore n\u2019ont-ils pas tous r\u00e9pondu pr\u00e9sent, puisque Marc-Antoine Mathieu, en particulier, manque \u00e0 l\u2019appel.<\/p>\n<p style=\"font-weight: 400;\">Comme le souligne le petit texte de quatri\u00e8me de couverture, ce num\u00e9ro sp\u00e9cial se signale par la diversit\u00e9 des approches\u00a0: histoires personnelles, imaginaire d\u2019anticipation, r\u00e9flexions po\u00e9tiques, philosophiques ou documentaires, souvenirs d\u2019enfance, r\u00e9cits militants\u2026 Benjamin Bachelier raconte comment il a suivi le fleuve \u00e0 v\u00e9lo, depuis sa source. Tanitoc \u00e9voque la m\u00e9moire d\u2019un contrebandier. Leslie Pl\u00e9e nous apprend de quelle mani\u00e8re le castor a \u00e9t\u00e9 sauv\u00e9 de l\u2019extinction. Mathieu Demore et Anne-Sophie Dumeige nous font partager la vie \u00e9pique d\u2019une anguille, entre la mer des Sargasses et l\u2019estuaire de la Loire. Avec la r\u00e9jouissante causticit\u00e9 qui lui est coutumi\u00e8re, Rabat\u00e9 montre des villageois inond\u00e9s qui r\u00e9sistent \u00e0 la crue avec philosophie. Et ainsi de suite.<\/p>\n<div id=\"attachment_3659\" style=\"width: 610px\" class=\"wp-caption aligncenter\"><img decoding=\"async\" aria-describedby=\"caption-attachment-3659\" class=\"lazyload wp-image-3659 size-fusion-600\" src=\"https:\/\/www.thierry-groensteen.fr\/wp-content\/uploads\/2025\/06\/303-Rabate-600x386.jpeg\" data-orig-src=\"https:\/\/www.thierry-groensteen.fr\/wp-content\/uploads\/2025\/06\/303-Rabate-600x386.jpeg\" alt=\"Pascal rabat dans &quot;303&quot;\" width=\"600\" height=\"386\" srcset=\"data:image\/svg+xml,%3Csvg%20xmlns%3D%27http%3A%2F%2Fwww.w3.org%2F2000%2Fsvg%27%20width%3D%27600%27%20height%3D%27386%27%20viewBox%3D%270%200%20600%20386%27%3E%3Crect%20width%3D%27600%27%20height%3D%27386%27%20fill-opacity%3D%220%22%2F%3E%3C%2Fsvg%3E\" data-srcset=\"https:\/\/www.thierry-groensteen.fr\/wp-content\/uploads\/2025\/06\/303-Rabate-200x129.jpeg 200w, https:\/\/www.thierry-groensteen.fr\/wp-content\/uploads\/2025\/06\/303-Rabate-300x193.jpeg 300w, https:\/\/www.thierry-groensteen.fr\/wp-content\/uploads\/2025\/06\/303-Rabate-400x257.jpeg 400w, https:\/\/www.thierry-groensteen.fr\/wp-content\/uploads\/2025\/06\/303-Rabate-460x295.jpeg 460w, https:\/\/www.thierry-groensteen.fr\/wp-content\/uploads\/2025\/06\/303-Rabate-600x386.jpeg 600w, https:\/\/www.thierry-groensteen.fr\/wp-content\/uploads\/2025\/06\/303-Rabate-768x494.jpeg 768w, https:\/\/www.thierry-groensteen.fr\/wp-content\/uploads\/2025\/06\/303-Rabate-800x514.jpeg 800w, https:\/\/www.thierry-groensteen.fr\/wp-content\/uploads\/2025\/06\/303-Rabate-1024x658.jpeg 1024w, https:\/\/www.thierry-groensteen.fr\/wp-content\/uploads\/2025\/06\/303-Rabate-1200x771.jpeg 1200w, https:\/\/www.thierry-groensteen.fr\/wp-content\/uploads\/2025\/06\/303-Rabate.jpeg 1492w\" data-sizes=\"auto\" data-orig-sizes=\"(max-width: 600px) 100vw, 600px\" \/><p id=\"caption-attachment-3659\" class=\"wp-caption-text\">Pascal Rabat\u00e9, \u00ab B\u00e9huard. Sauf en temps de crue, le village se visite \u00e0 pied \u00bb (d\u00e9tail) \u2013 \u00a9 \u00e9ditions 303, 2025<\/p><\/div>\n<p style=\"font-weight: 400;\">Ce qui a chang\u00e9 par rapport aux collectifs d\u2019antan, c\u2019est que, dans l\u2019intervalle, la bande dessin\u00e9e a appris \u00e0 se frotter au r\u00e9el, elle a massivement investi le documentaire et le reportage, elle a apprivois\u00e9 cette \u00e9criture-l\u00e0, qui ne lui \u00e9tait pas naturelle du temps o\u00f9 elle se vouait quasi exclusivement \u00e0 la fiction.<\/p>\n<p style=\"font-weight: 400;\">Dans les planches aquarell\u00e9es de Davodeau, la Loire \u00e9tait avant tout c\u00e9l\u00e9br\u00e9e pour ses paysages. Peut-\u00eatre parce qu\u2019il \u00e9tait difficile de passer apr\u00e8s lui, le paysage est relativement absent de cet <em>Appel du fleuve<\/em>. Seuls Tanitoc, Laure del Pino et J\u00e9r\u00f4me Mulot dessinent la belle nature, sans crainte de verser dans le bucolique.<\/p>\n<div id=\"attachment_3658\" style=\"width: 410px\" class=\"wp-caption aligncenter\"><img decoding=\"async\" aria-describedby=\"caption-attachment-3658\" class=\"lazyload wp-image-3658 size-fusion-400\" src=\"https:\/\/www.thierry-groensteen.fr\/wp-content\/uploads\/2025\/06\/303-GdeBonneval-400x351.jpg\" data-orig-src=\"https:\/\/www.thierry-groensteen.fr\/wp-content\/uploads\/2025\/06\/303-GdeBonneval-400x351.jpg\" alt=\"Gwen de Bonneval pour &quot;303&quot;\" width=\"400\" height=\"351\" srcset=\"data:image\/svg+xml,%3Csvg%20xmlns%3D%27http%3A%2F%2Fwww.w3.org%2F2000%2Fsvg%27%20width%3D%27400%27%20height%3D%27351%27%20viewBox%3D%270%200%20400%20351%27%3E%3Crect%20width%3D%27400%27%20height%3D%27351%27%20fill-opacity%3D%220%22%2F%3E%3C%2Fsvg%3E\" data-srcset=\"https:\/\/www.thierry-groensteen.fr\/wp-content\/uploads\/2025\/06\/303-GdeBonneval-200x175.jpg 200w, https:\/\/www.thierry-groensteen.fr\/wp-content\/uploads\/2025\/06\/303-GdeBonneval-300x263.jpg 300w, https:\/\/www.thierry-groensteen.fr\/wp-content\/uploads\/2025\/06\/303-GdeBonneval-400x351.jpg 400w, https:\/\/www.thierry-groensteen.fr\/wp-content\/uploads\/2025\/06\/303-GdeBonneval-600x526.jpg 600w, https:\/\/www.thierry-groensteen.fr\/wp-content\/uploads\/2025\/06\/303-GdeBonneval-768x674.jpg 768w, https:\/\/www.thierry-groensteen.fr\/wp-content\/uploads\/2025\/06\/303-GdeBonneval-800x702.jpg 800w, https:\/\/www.thierry-groensteen.fr\/wp-content\/uploads\/2025\/06\/303-GdeBonneval-1024x898.jpg 1024w, https:\/\/www.thierry-groensteen.fr\/wp-content\/uploads\/2025\/06\/303-GdeBonneval-1200x1053.jpg 1200w, https:\/\/www.thierry-groensteen.fr\/wp-content\/uploads\/2025\/06\/303-GdeBonneval.jpg 1375w\" data-sizes=\"auto\" data-orig-sizes=\"(max-width: 400px) 100vw, 400px\" \/><p id=\"caption-attachment-3658\" class=\"wp-caption-text\">Gwen de Bonneval documente le travail des p\u00eacheurs de lamproie dans \u00ab Le\u0219 Bascules \u00bb (fragment) \u2013 \u00a9 \u00e9ditions 303, 2025<\/p><\/div>\n<p style=\"font-weight: 400;\">En lien avec l\u2019exposition <em>Petite cases\u2026 grands espaces<\/em>, que j\u2019ai mont\u00e9e \u00e0 Chartres en 2024 et qui s\u2019est termin\u00e9e r\u00e9cemment, j\u2019ai prononc\u00e9, le 28 mai, sous les lambris de la salle des s\u00e9ances de l\u2019Institut de France, une conf\u00e9rence sur le th\u00e8me \u00ab Comment la bande dessin\u00e9e a d\u00e9couvert le paysage \u00bb. Ceux que cela int\u00e9resse peuvent en trouver la captation vid\u00e9o ici\u00a0: <a href=\"https:\/\/www.academiedesbeauxarts.fr\/comment-la-bande-dessinee-decouvert-le-paysage-par-thierry-groensteen\">https:\/\/www.academiedesbeauxarts.fr\/comment-la-bande-dessinee-decouvert-le-paysage-par-thierry-groensteen<\/a><\/p>\n","protected":false},"excerpt":{"rendered":"<p>Les albums collectifs n\u2019ont plus la cote. Nagu\u00e8re, il en paraissait de fa\u00e7on r\u00e9guli\u00e8re, sur des th\u00e8mes soci\u00e9taux comme le Sida, les droits de l\u2019homme ou la banlieue. Des dessinateurs se rassemblaient pour \u00e9voquer un pays (l\u2019Alg\u00e9rie, la Birmanie), au terme, quelquefois, de r\u00e9sidences crois\u00e9es (voir L\u2019Association au Mexique, \u2026 en \u00c9gypte ou \u2026 [&hellip;]<\/p>\n","protected":false},"author":1,"featured_media":3657,"comment_status":"closed","ping_status":"closed","sticky":false,"template":"","format":"standard","meta":{"footnotes":""},"categories":[70],"tags":[],"class_list":["post-3654","post","type-post","status-publish","format-standard","has-post-thumbnail","hentry","category-mon-blog"],"acf":[],"yoast_head":"<!-- This site is optimized with the Yoast SEO plugin v27.5 - https:\/\/yoast.com\/product\/yoast-seo-wordpress\/ -->\n<title>La Loire dans tous ses \u00e9tats - le site de Thierry Groensteen<\/title>\n<meta name=\"robots\" content=\"index, follow, max-snippet:-1, max-image-preview:large, max-video-preview:-1\" \/>\n<link rel=\"canonical\" href=\"https:\/\/www.thierry-groensteen.fr\/index.php\/2025\/06\/18\/la-loire-dans-tous-ses-etats\/\" \/>\n<meta property=\"og:locale\" content=\"fr_FR\" \/>\n<meta property=\"og:type\" content=\"article\" \/>\n<meta property=\"og:title\" content=\"La Loire dans tous ses \u00e9tats - le site de Thierry Groensteen\" \/>\n<meta property=\"og:description\" content=\"Les albums collectifs n\u2019ont plus la cote. Nagu\u00e8re, il en paraissait de fa\u00e7on r\u00e9guli\u00e8re, sur des th\u00e8mes soci\u00e9taux comme le Sida, les droits de l\u2019homme ou la banlieue. Des dessinateurs se rassemblaient pour \u00e9voquer un pays (l\u2019Alg\u00e9rie, la Birmanie), au terme, quelquefois, de r\u00e9sidences crois\u00e9es (voir L\u2019Association au Mexique, \u2026 en \u00c9gypte ou \u2026 [&hellip;]\" \/>\n<meta property=\"og:url\" content=\"https:\/\/www.thierry-groensteen.fr\/index.php\/2025\/06\/18\/la-loire-dans-tous-ses-etats\/\" \/>\n<meta property=\"og:site_name\" content=\"le site de Thierry Groensteen\" \/>\n<meta property=\"article:published_time\" content=\"2025-06-18T12:10:55+00:00\" \/>\n<meta property=\"og:image\" content=\"https:\/\/www.thierry-groensteen.fr\/wp-content\/uploads\/2025\/06\/couve-303-e1750248367686.jpeg\" \/>\n\t<meta property=\"og:image:width\" content=\"1712\" \/>\n\t<meta property=\"og:image:height\" content=\"783\" \/>\n\t<meta property=\"og:image:type\" content=\"image\/jpeg\" \/>\n<meta name=\"author\" content=\"TG\" \/>\n<meta name=\"twitter:card\" content=\"summary_large_image\" \/>\n<meta name=\"twitter:label1\" content=\"\u00c9crit par\" \/>\n\t<meta name=\"twitter:data1\" content=\"TG\" \/>\n\t<meta name=\"twitter:label2\" content=\"Dur\u00e9e de lecture estim\u00e9e\" \/>\n\t<meta name=\"twitter:data2\" content=\"3 minutes\" \/>\n<script type=\"application\/ld+json\" class=\"yoast-schema-graph\">{\"@context\":\"https:\\\/\\\/schema.org\",\"@graph\":[{\"@type\":\"Article\",\"@id\":\"https:\\\/\\\/www.thierry-groensteen.fr\\\/index.php\\\/2025\\\/06\\\/18\\\/la-loire-dans-tous-ses-etats\\\/#article\",\"isPartOf\":{\"@id\":\"https:\\\/\\\/www.thierry-groensteen.fr\\\/index.php\\\/2025\\\/06\\\/18\\\/la-loire-dans-tous-ses-etats\\\/\"},\"author\":{\"name\":\"TG\",\"@id\":\"https:\\\/\\\/www.thierry-groensteen.fr\\\/#\\\/schema\\\/person\\\/3695d4890604be69f280ebbb549210b5\"},\"headline\":\"La Loire dans tous ses \u00e9tats\",\"datePublished\":\"2025-06-18T12:10:55+00:00\",\"mainEntityOfPage\":{\"@id\":\"https:\\\/\\\/www.thierry-groensteen.fr\\\/index.php\\\/2025\\\/06\\\/18\\\/la-loire-dans-tous-ses-etats\\\/\"},\"wordCount\":665,\"publisher\":{\"@id\":\"https:\\\/\\\/www.thierry-groensteen.fr\\\/#\\\/schema\\\/person\\\/3695d4890604be69f280ebbb549210b5\"},\"image\":{\"@id\":\"https:\\\/\\\/www.thierry-groensteen.fr\\\/index.php\\\/2025\\\/06\\\/18\\\/la-loire-dans-tous-ses-etats\\\/#primaryimage\"},\"thumbnailUrl\":\"https:\\\/\\\/www.thierry-groensteen.fr\\\/wp-content\\\/uploads\\\/2025\\\/06\\\/couve-303-e1750248367686.jpeg\",\"articleSection\":[\"mon Blog\"],\"inLanguage\":\"fr-FR\"},{\"@type\":\"WebPage\",\"@id\":\"https:\\\/\\\/www.thierry-groensteen.fr\\\/index.php\\\/2025\\\/06\\\/18\\\/la-loire-dans-tous-ses-etats\\\/\",\"url\":\"https:\\\/\\\/www.thierry-groensteen.fr\\\/index.php\\\/2025\\\/06\\\/18\\\/la-loire-dans-tous-ses-etats\\\/\",\"name\":\"La Loire dans tous ses \u00e9tats - le site de Thierry Groensteen\",\"isPartOf\":{\"@id\":\"https:\\\/\\\/www.thierry-groensteen.fr\\\/#website\"},\"primaryImageOfPage\":{\"@id\":\"https:\\\/\\\/www.thierry-groensteen.fr\\\/index.php\\\/2025\\\/06\\\/18\\\/la-loire-dans-tous-ses-etats\\\/#primaryimage\"},\"image\":{\"@id\":\"https:\\\/\\\/www.thierry-groensteen.fr\\\/index.php\\\/2025\\\/06\\\/18\\\/la-loire-dans-tous-ses-etats\\\/#primaryimage\"},\"thumbnailUrl\":\"https:\\\/\\\/www.thierry-groensteen.fr\\\/wp-content\\\/uploads\\\/2025\\\/06\\\/couve-303-e1750248367686.jpeg\",\"datePublished\":\"2025-06-18T12:10:55+00:00\",\"breadcrumb\":{\"@id\":\"https:\\\/\\\/www.thierry-groensteen.fr\\\/index.php\\\/2025\\\/06\\\/18\\\/la-loire-dans-tous-ses-etats\\\/#breadcrumb\"},\"inLanguage\":\"fr-FR\",\"potentialAction\":[{\"@type\":\"ReadAction\",\"target\":[\"https:\\\/\\\/www.thierry-groensteen.fr\\\/index.php\\\/2025\\\/06\\\/18\\\/la-loire-dans-tous-ses-etats\\\/\"]}]},{\"@type\":\"ImageObject\",\"inLanguage\":\"fr-FR\",\"@id\":\"https:\\\/\\\/www.thierry-groensteen.fr\\\/index.php\\\/2025\\\/06\\\/18\\\/la-loire-dans-tous-ses-etats\\\/#primaryimage\",\"url\":\"https:\\\/\\\/www.thierry-groensteen.fr\\\/wp-content\\\/uploads\\\/2025\\\/06\\\/couve-303-e1750248367686.jpeg\",\"contentUrl\":\"https:\\\/\\\/www.thierry-groensteen.fr\\\/wp-content\\\/uploads\\\/2025\\\/06\\\/couve-303-e1750248367686.jpeg\",\"width\":1712,\"height\":783},{\"@type\":\"BreadcrumbList\",\"@id\":\"https:\\\/\\\/www.thierry-groensteen.fr\\\/index.php\\\/2025\\\/06\\\/18\\\/la-loire-dans-tous-ses-etats\\\/#breadcrumb\",\"itemListElement\":[{\"@type\":\"ListItem\",\"position\":1,\"name\":\"Accueil\",\"item\":\"https:\\\/\\\/www.thierry-groensteen.fr\\\/\"},{\"@type\":\"ListItem\",\"position\":2,\"name\":\"La Loire dans tous ses \u00e9tats\"}]},{\"@type\":\"WebSite\",\"@id\":\"https:\\\/\\\/www.thierry-groensteen.fr\\\/#website\",\"url\":\"https:\\\/\\\/www.thierry-groensteen.fr\\\/\",\"name\":\"le site de Thierry Groensteen\",\"description\":\"site officiel\",\"publisher\":{\"@id\":\"https:\\\/\\\/www.thierry-groensteen.fr\\\/#\\\/schema\\\/person\\\/3695d4890604be69f280ebbb549210b5\"},\"potentialAction\":[{\"@type\":\"SearchAction\",\"target\":{\"@type\":\"EntryPoint\",\"urlTemplate\":\"https:\\\/\\\/www.thierry-groensteen.fr\\\/?s={search_term_string}\"},\"query-input\":{\"@type\":\"PropertyValueSpecification\",\"valueRequired\":true,\"valueName\":\"search_term_string\"}}],\"inLanguage\":\"fr-FR\"},{\"@type\":[\"Person\",\"Organization\"],\"@id\":\"https:\\\/\\\/www.thierry-groensteen.fr\\\/#\\\/schema\\\/person\\\/3695d4890604be69f280ebbb549210b5\",\"name\":\"TG\",\"image\":{\"@type\":\"ImageObject\",\"inLanguage\":\"fr-FR\",\"@id\":\"https:\\\/\\\/www.thierry-groensteen.fr\\\/wp-content\\\/uploads\\\/2023\\\/09\\\/logo_ThierryGroensteen_header.png\",\"url\":\"https:\\\/\\\/www.thierry-groensteen.fr\\\/wp-content\\\/uploads\\\/2023\\\/09\\\/logo_ThierryGroensteen_header.png\",\"contentUrl\":\"https:\\\/\\\/www.thierry-groensteen.fr\\\/wp-content\\\/uploads\\\/2023\\\/09\\\/logo_ThierryGroensteen_header.png\",\"width\":620,\"height\":240,\"caption\":\"TG\"},\"logo\":{\"@id\":\"https:\\\/\\\/www.thierry-groensteen.fr\\\/wp-content\\\/uploads\\\/2023\\\/09\\\/logo_ThierryGroensteen_header.png\"},\"sameAs\":[\"https:\\\/\\\/www.thierry-groensteen.fr\"],\"url\":\"https:\\\/\\\/www.thierry-groensteen.fr\\\/index.php\\\/author\\\/admin5797\\\/\"}]}<\/script>\n<!-- \/ Yoast SEO plugin. -->","yoast_head_json":{"title":"La Loire dans tous ses \u00e9tats - le site de Thierry Groensteen","robots":{"index":"index","follow":"follow","max-snippet":"max-snippet:-1","max-image-preview":"max-image-preview:large","max-video-preview":"max-video-preview:-1"},"canonical":"https:\/\/www.thierry-groensteen.fr\/index.php\/2025\/06\/18\/la-loire-dans-tous-ses-etats\/","og_locale":"fr_FR","og_type":"article","og_title":"La Loire dans tous ses \u00e9tats - le site de Thierry Groensteen","og_description":"Les albums collectifs n\u2019ont plus la cote. Nagu\u00e8re, il en paraissait de fa\u00e7on r\u00e9guli\u00e8re, sur des th\u00e8mes soci\u00e9taux comme le Sida, les droits de l\u2019homme ou la banlieue. Des dessinateurs se rassemblaient pour \u00e9voquer un pays (l\u2019Alg\u00e9rie, la Birmanie), au terme, quelquefois, de r\u00e9sidences crois\u00e9es (voir L\u2019Association au Mexique, \u2026 en \u00c9gypte ou \u2026 [&hellip;]","og_url":"https:\/\/www.thierry-groensteen.fr\/index.php\/2025\/06\/18\/la-loire-dans-tous-ses-etats\/","og_site_name":"le site de Thierry Groensteen","article_published_time":"2025-06-18T12:10:55+00:00","og_image":[{"width":1712,"height":783,"url":"https:\/\/www.thierry-groensteen.fr\/wp-content\/uploads\/2025\/06\/couve-303-e1750248367686.jpeg","type":"image\/jpeg"}],"author":"TG","twitter_card":"summary_large_image","twitter_misc":{"\u00c9crit par":"TG","Dur\u00e9e de lecture estim\u00e9e":"3 minutes"},"schema":{"@context":"https:\/\/schema.org","@graph":[{"@type":"Article","@id":"https:\/\/www.thierry-groensteen.fr\/index.php\/2025\/06\/18\/la-loire-dans-tous-ses-etats\/#article","isPartOf":{"@id":"https:\/\/www.thierry-groensteen.fr\/index.php\/2025\/06\/18\/la-loire-dans-tous-ses-etats\/"},"author":{"name":"TG","@id":"https:\/\/www.thierry-groensteen.fr\/#\/schema\/person\/3695d4890604be69f280ebbb549210b5"},"headline":"La Loire dans tous ses \u00e9tats","datePublished":"2025-06-18T12:10:55+00:00","mainEntityOfPage":{"@id":"https:\/\/www.thierry-groensteen.fr\/index.php\/2025\/06\/18\/la-loire-dans-tous-ses-etats\/"},"wordCount":665,"publisher":{"@id":"https:\/\/www.thierry-groensteen.fr\/#\/schema\/person\/3695d4890604be69f280ebbb549210b5"},"image":{"@id":"https:\/\/www.thierry-groensteen.fr\/index.php\/2025\/06\/18\/la-loire-dans-tous-ses-etats\/#primaryimage"},"thumbnailUrl":"https:\/\/www.thierry-groensteen.fr\/wp-content\/uploads\/2025\/06\/couve-303-e1750248367686.jpeg","articleSection":["mon Blog"],"inLanguage":"fr-FR"},{"@type":"WebPage","@id":"https:\/\/www.thierry-groensteen.fr\/index.php\/2025\/06\/18\/la-loire-dans-tous-ses-etats\/","url":"https:\/\/www.thierry-groensteen.fr\/index.php\/2025\/06\/18\/la-loire-dans-tous-ses-etats\/","name":"La Loire dans tous ses \u00e9tats - le site de Thierry Groensteen","isPartOf":{"@id":"https:\/\/www.thierry-groensteen.fr\/#website"},"primaryImageOfPage":{"@id":"https:\/\/www.thierry-groensteen.fr\/index.php\/2025\/06\/18\/la-loire-dans-tous-ses-etats\/#primaryimage"},"image":{"@id":"https:\/\/www.thierry-groensteen.fr\/index.php\/2025\/06\/18\/la-loire-dans-tous-ses-etats\/#primaryimage"},"thumbnailUrl":"https:\/\/www.thierry-groensteen.fr\/wp-content\/uploads\/2025\/06\/couve-303-e1750248367686.jpeg","datePublished":"2025-06-18T12:10:55+00:00","breadcrumb":{"@id":"https:\/\/www.thierry-groensteen.fr\/index.php\/2025\/06\/18\/la-loire-dans-tous-ses-etats\/#breadcrumb"},"inLanguage":"fr-FR","potentialAction":[{"@type":"ReadAction","target":["https:\/\/www.thierry-groensteen.fr\/index.php\/2025\/06\/18\/la-loire-dans-tous-ses-etats\/"]}]},{"@type":"ImageObject","inLanguage":"fr-FR","@id":"https:\/\/www.thierry-groensteen.fr\/index.php\/2025\/06\/18\/la-loire-dans-tous-ses-etats\/#primaryimage","url":"https:\/\/www.thierry-groensteen.fr\/wp-content\/uploads\/2025\/06\/couve-303-e1750248367686.jpeg","contentUrl":"https:\/\/www.thierry-groensteen.fr\/wp-content\/uploads\/2025\/06\/couve-303-e1750248367686.jpeg","width":1712,"height":783},{"@type":"BreadcrumbList","@id":"https:\/\/www.thierry-groensteen.fr\/index.php\/2025\/06\/18\/la-loire-dans-tous-ses-etats\/#breadcrumb","itemListElement":[{"@type":"ListItem","position":1,"name":"Accueil","item":"https:\/\/www.thierry-groensteen.fr\/"},{"@type":"ListItem","position":2,"name":"La Loire dans tous ses \u00e9tats"}]},{"@type":"WebSite","@id":"https:\/\/www.thierry-groensteen.fr\/#website","url":"https:\/\/www.thierry-groensteen.fr\/","name":"le site de Thierry Groensteen","description":"site officiel","publisher":{"@id":"https:\/\/www.thierry-groensteen.fr\/#\/schema\/person\/3695d4890604be69f280ebbb549210b5"},"potentialAction":[{"@type":"SearchAction","target":{"@type":"EntryPoint","urlTemplate":"https:\/\/www.thierry-groensteen.fr\/?s={search_term_string}"},"query-input":{"@type":"PropertyValueSpecification","valueRequired":true,"valueName":"search_term_string"}}],"inLanguage":"fr-FR"},{"@type":["Person","Organization"],"@id":"https:\/\/www.thierry-groensteen.fr\/#\/schema\/person\/3695d4890604be69f280ebbb549210b5","name":"TG","image":{"@type":"ImageObject","inLanguage":"fr-FR","@id":"https:\/\/www.thierry-groensteen.fr\/wp-content\/uploads\/2023\/09\/logo_ThierryGroensteen_header.png","url":"https:\/\/www.thierry-groensteen.fr\/wp-content\/uploads\/2023\/09\/logo_ThierryGroensteen_header.png","contentUrl":"https:\/\/www.thierry-groensteen.fr\/wp-content\/uploads\/2023\/09\/logo_ThierryGroensteen_header.png","width":620,"height":240,"caption":"TG"},"logo":{"@id":"https:\/\/www.thierry-groensteen.fr\/wp-content\/uploads\/2023\/09\/logo_ThierryGroensteen_header.png"},"sameAs":["https:\/\/www.thierry-groensteen.fr"],"url":"https:\/\/www.thierry-groensteen.fr\/index.php\/author\/admin5797\/"}]}},"_links":{"self":[{"href":"https:\/\/www.thierry-groensteen.fr\/index.php\/wp-json\/wp\/v2\/posts\/3654","targetHints":{"allow":["GET"]}}],"collection":[{"href":"https:\/\/www.thierry-groensteen.fr\/index.php\/wp-json\/wp\/v2\/posts"}],"about":[{"href":"https:\/\/www.thierry-groensteen.fr\/index.php\/wp-json\/wp\/v2\/types\/post"}],"author":[{"embeddable":true,"href":"https:\/\/www.thierry-groensteen.fr\/index.php\/wp-json\/wp\/v2\/users\/1"}],"replies":[{"embeddable":true,"href":"https:\/\/www.thierry-groensteen.fr\/index.php\/wp-json\/wp\/v2\/comments?post=3654"}],"version-history":[{"count":2,"href":"https:\/\/www.thierry-groensteen.fr\/index.php\/wp-json\/wp\/v2\/posts\/3654\/revisions"}],"predecessor-version":[{"id":3661,"href":"https:\/\/www.thierry-groensteen.fr\/index.php\/wp-json\/wp\/v2\/posts\/3654\/revisions\/3661"}],"wp:featuredmedia":[{"embeddable":true,"href":"https:\/\/www.thierry-groensteen.fr\/index.php\/wp-json\/wp\/v2\/media\/3657"}],"wp:attachment":[{"href":"https:\/\/www.thierry-groensteen.fr\/index.php\/wp-json\/wp\/v2\/media?parent=3654"}],"wp:term":[{"taxonomy":"category","embeddable":true,"href":"https:\/\/www.thierry-groensteen.fr\/index.php\/wp-json\/wp\/v2\/categories?post=3654"},{"taxonomy":"post_tag","embeddable":true,"href":"https:\/\/www.thierry-groensteen.fr\/index.php\/wp-json\/wp\/v2\/tags?post=3654"}],"curies":[{"name":"wp","href":"https:\/\/api.w.org\/{rel}","templated":true}]}}