{"id":3613,"date":"2025-05-10T00:05:51","date_gmt":"2025-05-09T22:05:51","guid":{"rendered":"https:\/\/www.thierry-groensteen.fr\/?p=3613"},"modified":"2025-05-09T10:56:58","modified_gmt":"2025-05-09T08:56:58","slug":"le-travail-de-memoire-de-pascal-matthey","status":"publish","type":"post","link":"https:\/\/www.thierry-groensteen.fr\/index.php\/2025\/05\/10\/le-travail-de-memoire-de-pascal-matthey\/","title":{"rendered":"Le travail de m\u00e9moire de Pascal Matthey"},"content":{"rendered":"<p style=\"font-weight: 400;\">C\u2019est un auteur rare. <em>Du pain blanc et du chocolat<\/em> est son sixi\u00e8me livre en plus de vingt ans d\u2019activit\u00e9, et le pr\u00e9c\u00e9dent (<em>Les T\u00eatards<\/em>) remontait \u00e0 2016. Pourtant ce n\u2019est pas comme si ce nouvel opus t\u00e9moignait d\u2019une profonde remise en question\u00a0: au contraire, Pascal Matthey continue, depuis ses d\u00e9buts, de creuser le m\u00eame sillon, qui consiste \u00e0 ressusciter son enfance.<\/p>\n<p style=\"font-weight: 400;\">Depuis son premier album, <em>Le Verre de lait<\/em> (L\u2019Employ\u00e9 du moi, 2004), le petit gar\u00e7on blond qui repr\u00e9sente son Moi actorialis\u00e9 n\u2019a que tr\u00e8s peu vieilli. Il n\u2019est toujours pas entr\u00e9 dans l\u2019adolescence. Le jeu et la lecture compulsive des bandes dessin\u00e9es constituent l\u2019essentiel de ses activit\u00e9s. La constance dont t\u00e9moigne le travail du dessinateur (n\u00e9 \u00e0 Gen\u00e8ve, et Bruxellois d\u2019adoption) se marque aussi par sa fid\u00e9lit\u00e9 \u00e0 une technique inchang\u00e9e\u00a0: un dessin au crayon, sans encrage, d\u2019une grande minutie (on pourrait le qualifier d\u2019<em>appliqu\u00e9<\/em>), jouant avec subtilit\u00e9 de toute la gamme des gris. (Mais la couverture, tr\u00e8s r\u00e9ussie, laisse quelques regrets\u00a0: une couleur de soutien apporterait peut-\u00eatre un enrichissement notable de son univers graphique.)<\/p>\n<p><img decoding=\"async\" class=\"lazyload aligncenter wp-image-3617 size-fusion-400\" src=\"https:\/\/www.thierry-groensteen.fr\/wp-content\/uploads\/2025\/05\/couve-Matthey-400x562.jpg\" data-orig-src=\"https:\/\/www.thierry-groensteen.fr\/wp-content\/uploads\/2025\/05\/couve-Matthey-400x562.jpg\" alt=\"\" width=\"400\" height=\"562\" srcset=\"data:image\/svg+xml,%3Csvg%20xmlns%3D%27http%3A%2F%2Fwww.w3.org%2F2000%2Fsvg%27%20width%3D%27400%27%20height%3D%27562%27%20viewBox%3D%270%200%20400%20562%27%3E%3Crect%20width%3D%27400%27%20height%3D%27562%27%20fill-opacity%3D%220%22%2F%3E%3C%2Fsvg%3E\" data-srcset=\"https:\/\/www.thierry-groensteen.fr\/wp-content\/uploads\/2025\/05\/couve-Matthey-200x281.jpg 200w, https:\/\/www.thierry-groensteen.fr\/wp-content\/uploads\/2025\/05\/couve-Matthey-214x300.jpg 214w, https:\/\/www.thierry-groensteen.fr\/wp-content\/uploads\/2025\/05\/couve-Matthey-400x562.jpg 400w, https:\/\/www.thierry-groensteen.fr\/wp-content\/uploads\/2025\/05\/couve-Matthey-600x843.jpg 600w, https:\/\/www.thierry-groensteen.fr\/wp-content\/uploads\/2025\/05\/couve-Matthey-729x1024.jpg 729w, https:\/\/www.thierry-groensteen.fr\/wp-content\/uploads\/2025\/05\/couve-Matthey-768x1079.jpg 768w, https:\/\/www.thierry-groensteen.fr\/wp-content\/uploads\/2025\/05\/couve-Matthey-800x1124.jpg 800w, https:\/\/www.thierry-groensteen.fr\/wp-content\/uploads\/2025\/05\/couve-Matthey-1094x1536.jpg 1094w, https:\/\/www.thierry-groensteen.fr\/wp-content\/uploads\/2025\/05\/couve-Matthey-1200x1686.jpg 1200w, https:\/\/www.thierry-groensteen.fr\/wp-content\/uploads\/2025\/05\/couve-Matthey.jpg 1384w\" data-sizes=\"auto\" data-orig-sizes=\"(max-width: 400px) 100vw, 400px\" \/><\/p>\n<p style=\"font-weight: 400;\"><em>Du pain blanc et du chocolat <\/em>marque pourtant une \u00e9volution sous deux aspects. Premi\u00e8rement, si ses autres livres pr\u00e9c\u00e9demment parus chez le m\u00eame \u00e9diteur \u00e9taient enti\u00e8rement muets (l\u2019auteur ayant toujours expliqu\u00e9 ce parti pris par le fait qu\u2019il ne se souvient pas comment il s\u2019exprimait enfant), celui-ci contient, non pas du dialogue, mais un texte distribu\u00e9, en alternance avec les images, dans des cases-cartouches, et qui assure la narration. Deuxi\u00e8mement, la m\u00e9moire individuelle de Pascal s\u2019articule ici \u00e0 la m\u00e9moire familiale, celle de sa m\u00e8re qui ne rencontra son p\u00e8re qu\u2019\u00e0 l\u2019\u00e2ge de cinq ans, celle de ses grands-parents pris dans les al\u00e9as de la Seconde Guerre mondiale, entre Allemagne et Belgique (la brutalit\u00e9 de la guerre n\u2019\u00e9tant \u00e9voqu\u00e9e que de mani\u00e8re oblique, \u00e0 travers des cases recopi\u00e9es du <em>Secret de l\u2019Espadon<\/em>, de <em>Tintin<\/em> et de <em>Gaston Lagaffe<\/em>).<\/p>\n<p style=\"font-weight: 400;\">Le travail de Pascal Matthey se signale par son formalisme et par une forme d\u2019aust\u00e9rit\u00e9, de froideur. Sans doute le double h\u00e9ritage de son \u00e9ducation protestante (son p\u00e8re est th\u00e9ologien) et de sa formation \u00e0 l\u2019Institut Saint-Luc de Bruxelles. Il construit ses pages sur des principes formels forts, mais sans syst\u00e9matisme. Le gaufrier de six cases \u00e0 bords vifs, qui en organise la plupart, c\u00e8de quelquefois la place \u00e0 des images plus grandes, voire des pleines pages. Le principe le plus original est celui qui consiste \u00e0 multiplier les cases infranarratives o\u00f9 l\u2019image isole un objet, reproduit un logo, cite un fragment d\u2019une autre image. Ces inserts prolif\u00e8rent\u00a0; ils entrent quelquefois dans des s\u00e9ries \u2013 comme les pi\u00e8ces du jeu d\u2019\u00e9checs, diss\u00e9min\u00e9es dans tout l\u2019album. Ils ont souvent la valeur d\u2019un \u00ab je me souviens \u00bb, ou invitent \u00e0 \u00eatre lus de la sorte. Mais \u00e0 la diff\u00e9rence des c\u00e9l\u00e8bres souvenirs \u00e9gren\u00e9s par Perec, la m\u00e9moire visuelle est ici privil\u00e9gi\u00e9e, comme si l\u2019auteur avait \u00ab photographi\u00e9 \u00bb chaque d\u00e9tail de l\u2019environnement dans lequel il a grandi, des lieux sur lesquels il a promen\u00e9 son regard.<\/p>\n<p style=\"font-weight: 400;\">Parmi ces inserts, je go\u00fbte particuli\u00e8rement ceux qui sont \u00ab \u00e0 double entente \u00bb. Ainsi, la page 36 montre en gros plan six vues sur des structures min\u00e9rales. La page suivante \u00e9tablit qu\u2019il s\u2019agit de quelques-unes des roches collectionn\u00e9es par le grand-p\u00e8re de Pascal. Mais si le dessin montre ce dernier en contemplation devant l\u2019armoire vitr\u00e9e o\u00f9 elles sont expos\u00e9es, le texte, lui \u00e9voque un bombardement survenu le 17 mars 1945. Et la premi\u00e8re des six vignettes de la page 36 se relit alors dans une autre perspective, la pierre accusant <em>a posteriori<\/em> une ressemblance frappante avec le c\u0153ur d\u2019une explosion, les structures cristallines des suivantes avec un amoncellement chaotique de d\u00e9bris. De m\u00eame, \u00e0 la page 38, la foug\u00e8re fossilis\u00e9e que le grand-p\u00e8re montre \u00e0 son petit vaut m\u00e9tonymiquement pour le buisson derri\u00e8re lequel les soldats am\u00e9ricains, raconte-t-il, l\u2019ont trouv\u00e9 accroupi.<\/p>\n<div id=\"attachment_3618\" style=\"width: 610px\" class=\"wp-caption aligncenter\"><img decoding=\"async\" aria-describedby=\"caption-attachment-3618\" class=\"lazyload wp-image-3618 size-fusion-600\" src=\"https:\/\/www.thierry-groensteen.fr\/wp-content\/uploads\/2025\/05\/double-Matthey-600x416.jpg\" data-orig-src=\"https:\/\/www.thierry-groensteen.fr\/wp-content\/uploads\/2025\/05\/double-Matthey-600x416.jpg\" alt=\"Pascal Matthey, &quot;Du pain blanc et du chocolat&quot;\" width=\"600\" height=\"416\" srcset=\"data:image\/svg+xml,%3Csvg%20xmlns%3D%27http%3A%2F%2Fwww.w3.org%2F2000%2Fsvg%27%20width%3D%27600%27%20height%3D%27416%27%20viewBox%3D%270%200%20600%20416%27%3E%3Crect%20width%3D%27600%27%20height%3D%27416%27%20fill-opacity%3D%220%22%2F%3E%3C%2Fsvg%3E\" data-srcset=\"https:\/\/www.thierry-groensteen.fr\/wp-content\/uploads\/2025\/05\/double-Matthey-200x139.jpg 200w, https:\/\/www.thierry-groensteen.fr\/wp-content\/uploads\/2025\/05\/double-Matthey-300x208.jpg 300w, https:\/\/www.thierry-groensteen.fr\/wp-content\/uploads\/2025\/05\/double-Matthey-400x278.jpg 400w, https:\/\/www.thierry-groensteen.fr\/wp-content\/uploads\/2025\/05\/double-Matthey-600x416.jpg 600w, https:\/\/www.thierry-groensteen.fr\/wp-content\/uploads\/2025\/05\/double-Matthey-768x533.jpg 768w, https:\/\/www.thierry-groensteen.fr\/wp-content\/uploads\/2025\/05\/double-Matthey-800x555.jpg 800w, https:\/\/www.thierry-groensteen.fr\/wp-content\/uploads\/2025\/05\/double-Matthey-1024x711.jpg 1024w, https:\/\/www.thierry-groensteen.fr\/wp-content\/uploads\/2025\/05\/double-Matthey-1200x833.jpg 1200w, https:\/\/www.thierry-groensteen.fr\/wp-content\/uploads\/2025\/05\/double-Matthey-1536x1066.jpg 1536w\" data-sizes=\"auto\" data-orig-sizes=\"(max-width: 600px) 100vw, 600px\" \/><p id=\"caption-attachment-3618\" class=\"wp-caption-text\">\u00ab\u00a0Du pain blanc et du chocolat\u00a0\u00bb, pages 36-37 \u00a9 L&rsquo;Employ\u00e9 du moi<\/p><\/div>\n<p style=\"font-weight: 400;\">On est face \u00e0 une bande dessin\u00e9e tr\u00e8s r\u00e9fl\u00e9chie, concert\u00e9e, qui se tient au plus pr\u00e8s de l\u2019intime et fuit toute s\u00e9duction facile. J\u2019en vois toutes les qualit\u00e9s, sans \u00eatre pleinement convaincu du r\u00e9sultat. Trois \u00e9l\u00e9ments nuancent mon approbation. 1\u00b0 Le r\u00e9gime graphique sous lequel l\u2019enfant est repr\u00e9sent\u00e9\u00a0: trop lisse, trop sch\u00e9matique, trop inexpressif, trop ostensiblement <em>dessin\u00e9<\/em> \u00e0 mon go\u00fbt, et pauvre en comparaison des objets qui l\u2019entourent. 2\u00b0 La distribution irr\u00e9guli\u00e8re des trois cat\u00e9gories de vignettes (images narratives\/inserts infranarratifs\/cases-texte) contrarie le flux de la lecture. On h\u00e9site trop souvent entre deux envies\u00a0: s\u2019arr\u00eater sur un dessin pour le scruter ou l\u2019interroger, ou se rendre sans trop tra\u00eener au texte suivant, crainte de perdre le fil de la narration. 3\u00b0 Autant le silence convient aux vues sur des motifs immobiles, autant les images dans lesquelles on voit les personnages se livrer \u00e0 des activit\u00e9s, converser voire s\u2019exclamer, paraissent amput\u00e9es de leur dimension sonore et, partant, artificielles.<\/p>\n<p style=\"font-weight: 400;\">En d\u00e9pit de ces r\u00e9serves, il faut tenir Matthey pour un auteur plus qu\u2019estimable. Dans le champ de la bande dessin\u00e9e autobiographique, il construit une \u0153uvre des plus personnelles.<\/p>\n<p style=\"font-weight: 400;\">[ <em>Du pain blanc et du chocolat<\/em>, L\u2019Employ\u00e9 du moi, 88 pages,18 \u20ac\u00a0; ISBN 978-2-39004-142-9 ]<\/p>\n","protected":false},"excerpt":{"rendered":"<p>C\u2019est un auteur rare. Du pain blanc et du chocolat est son sixi\u00e8me livre en plus de vingt ans d\u2019activit\u00e9, et le pr\u00e9c\u00e9dent (Les T\u00eatards) remontait \u00e0 2016. Pourtant ce n\u2019est pas comme si ce nouvel opus t\u00e9moignait d\u2019une profonde remise en question\u00a0: au contraire, Pascal Matthey continue, depuis ses d\u00e9buts, de creuser le [&hellip;]<\/p>\n","protected":false},"author":1,"featured_media":3616,"comment_status":"closed","ping_status":"closed","sticky":false,"template":"","format":"standard","meta":{"footnotes":""},"categories":[70],"tags":[],"class_list":["post-3613","post","type-post","status-publish","format-standard","has-post-thumbnail","hentry","category-mon-blog"],"acf":[],"yoast_head":"<!-- This site is optimized with the Yoast SEO plugin v27.5 - https:\/\/yoast.com\/product\/yoast-seo-wordpress\/ -->\n<title>Le travail de m\u00e9moire de Pascal Matthey - le site de Thierry Groensteen<\/title>\n<meta name=\"robots\" content=\"index, follow, max-snippet:-1, max-image-preview:large, max-video-preview:-1\" \/>\n<link rel=\"canonical\" href=\"https:\/\/www.thierry-groensteen.fr\/index.php\/2025\/05\/10\/le-travail-de-memoire-de-pascal-matthey\/\" \/>\n<meta property=\"og:locale\" content=\"fr_FR\" \/>\n<meta property=\"og:type\" content=\"article\" \/>\n<meta property=\"og:title\" content=\"Le travail de m\u00e9moire de Pascal Matthey - le site de Thierry Groensteen\" \/>\n<meta property=\"og:description\" content=\"C\u2019est un auteur rare. Du pain blanc et du chocolat est son sixi\u00e8me livre en plus de vingt ans d\u2019activit\u00e9, et le pr\u00e9c\u00e9dent (Les T\u00eatards) remontait \u00e0 2016. Pourtant ce n\u2019est pas comme si ce nouvel opus t\u00e9moignait d\u2019une profonde remise en question\u00a0: au contraire, Pascal Matthey continue, depuis ses d\u00e9buts, de creuser le [&hellip;]\" \/>\n<meta property=\"og:url\" content=\"https:\/\/www.thierry-groensteen.fr\/index.php\/2025\/05\/10\/le-travail-de-memoire-de-pascal-matthey\/\" \/>\n<meta property=\"og:site_name\" content=\"le site de Thierry Groensteen\" \/>\n<meta property=\"article:published_time\" content=\"2025-05-09T22:05:51+00:00\" \/>\n<meta property=\"og:image\" content=\"https:\/\/www.thierry-groensteen.fr\/wp-content\/uploads\/2025\/05\/bandeau-Matthey-e1746780887828.jpg\" \/>\n\t<meta property=\"og:image:width\" content=\"1635\" \/>\n\t<meta property=\"og:image:height\" content=\"750\" \/>\n\t<meta property=\"og:image:type\" content=\"image\/jpeg\" \/>\n<meta name=\"author\" content=\"TG\" \/>\n<meta name=\"twitter:card\" content=\"summary_large_image\" \/>\n<meta name=\"twitter:label1\" content=\"\u00c9crit par\" \/>\n\t<meta name=\"twitter:data1\" content=\"TG\" \/>\n\t<meta name=\"twitter:label2\" content=\"Dur\u00e9e de lecture estim\u00e9e\" \/>\n\t<meta name=\"twitter:data2\" content=\"5 minutes\" \/>\n<script type=\"application\/ld+json\" class=\"yoast-schema-graph\">{\"@context\":\"https:\\\/\\\/schema.org\",\"@graph\":[{\"@type\":\"Article\",\"@id\":\"https:\\\/\\\/www.thierry-groensteen.fr\\\/index.php\\\/2025\\\/05\\\/10\\\/le-travail-de-memoire-de-pascal-matthey\\\/#article\",\"isPartOf\":{\"@id\":\"https:\\\/\\\/www.thierry-groensteen.fr\\\/index.php\\\/2025\\\/05\\\/10\\\/le-travail-de-memoire-de-pascal-matthey\\\/\"},\"author\":{\"name\":\"TG\",\"@id\":\"https:\\\/\\\/www.thierry-groensteen.fr\\\/#\\\/schema\\\/person\\\/3695d4890604be69f280ebbb549210b5\"},\"headline\":\"Le travail de m\u00e9moire de Pascal Matthey\",\"datePublished\":\"2025-05-09T22:05:51+00:00\",\"mainEntityOfPage\":{\"@id\":\"https:\\\/\\\/www.thierry-groensteen.fr\\\/index.php\\\/2025\\\/05\\\/10\\\/le-travail-de-memoire-de-pascal-matthey\\\/\"},\"wordCount\":971,\"publisher\":{\"@id\":\"https:\\\/\\\/www.thierry-groensteen.fr\\\/#\\\/schema\\\/person\\\/3695d4890604be69f280ebbb549210b5\"},\"image\":{\"@id\":\"https:\\\/\\\/www.thierry-groensteen.fr\\\/index.php\\\/2025\\\/05\\\/10\\\/le-travail-de-memoire-de-pascal-matthey\\\/#primaryimage\"},\"thumbnailUrl\":\"https:\\\/\\\/www.thierry-groensteen.fr\\\/wp-content\\\/uploads\\\/2025\\\/05\\\/bandeau-Matthey-e1746780887828.jpg\",\"articleSection\":[\"mon Blog\"],\"inLanguage\":\"fr-FR\"},{\"@type\":\"WebPage\",\"@id\":\"https:\\\/\\\/www.thierry-groensteen.fr\\\/index.php\\\/2025\\\/05\\\/10\\\/le-travail-de-memoire-de-pascal-matthey\\\/\",\"url\":\"https:\\\/\\\/www.thierry-groensteen.fr\\\/index.php\\\/2025\\\/05\\\/10\\\/le-travail-de-memoire-de-pascal-matthey\\\/\",\"name\":\"Le travail de m\u00e9moire de Pascal Matthey - le site de Thierry Groensteen\",\"isPartOf\":{\"@id\":\"https:\\\/\\\/www.thierry-groensteen.fr\\\/#website\"},\"primaryImageOfPage\":{\"@id\":\"https:\\\/\\\/www.thierry-groensteen.fr\\\/index.php\\\/2025\\\/05\\\/10\\\/le-travail-de-memoire-de-pascal-matthey\\\/#primaryimage\"},\"image\":{\"@id\":\"https:\\\/\\\/www.thierry-groensteen.fr\\\/index.php\\\/2025\\\/05\\\/10\\\/le-travail-de-memoire-de-pascal-matthey\\\/#primaryimage\"},\"thumbnailUrl\":\"https:\\\/\\\/www.thierry-groensteen.fr\\\/wp-content\\\/uploads\\\/2025\\\/05\\\/bandeau-Matthey-e1746780887828.jpg\",\"datePublished\":\"2025-05-09T22:05:51+00:00\",\"breadcrumb\":{\"@id\":\"https:\\\/\\\/www.thierry-groensteen.fr\\\/index.php\\\/2025\\\/05\\\/10\\\/le-travail-de-memoire-de-pascal-matthey\\\/#breadcrumb\"},\"inLanguage\":\"fr-FR\",\"potentialAction\":[{\"@type\":\"ReadAction\",\"target\":[\"https:\\\/\\\/www.thierry-groensteen.fr\\\/index.php\\\/2025\\\/05\\\/10\\\/le-travail-de-memoire-de-pascal-matthey\\\/\"]}]},{\"@type\":\"ImageObject\",\"inLanguage\":\"fr-FR\",\"@id\":\"https:\\\/\\\/www.thierry-groensteen.fr\\\/index.php\\\/2025\\\/05\\\/10\\\/le-travail-de-memoire-de-pascal-matthey\\\/#primaryimage\",\"url\":\"https:\\\/\\\/www.thierry-groensteen.fr\\\/wp-content\\\/uploads\\\/2025\\\/05\\\/bandeau-Matthey-e1746780887828.jpg\",\"contentUrl\":\"https:\\\/\\\/www.thierry-groensteen.fr\\\/wp-content\\\/uploads\\\/2025\\\/05\\\/bandeau-Matthey-e1746780887828.jpg\",\"width\":1635,\"height\":750},{\"@type\":\"BreadcrumbList\",\"@id\":\"https:\\\/\\\/www.thierry-groensteen.fr\\\/index.php\\\/2025\\\/05\\\/10\\\/le-travail-de-memoire-de-pascal-matthey\\\/#breadcrumb\",\"itemListElement\":[{\"@type\":\"ListItem\",\"position\":1,\"name\":\"Accueil\",\"item\":\"https:\\\/\\\/www.thierry-groensteen.fr\\\/\"},{\"@type\":\"ListItem\",\"position\":2,\"name\":\"Le travail de m\u00e9moire de Pascal Matthey\"}]},{\"@type\":\"WebSite\",\"@id\":\"https:\\\/\\\/www.thierry-groensteen.fr\\\/#website\",\"url\":\"https:\\\/\\\/www.thierry-groensteen.fr\\\/\",\"name\":\"le site de Thierry Groensteen\",\"description\":\"site officiel\",\"publisher\":{\"@id\":\"https:\\\/\\\/www.thierry-groensteen.fr\\\/#\\\/schema\\\/person\\\/3695d4890604be69f280ebbb549210b5\"},\"potentialAction\":[{\"@type\":\"SearchAction\",\"target\":{\"@type\":\"EntryPoint\",\"urlTemplate\":\"https:\\\/\\\/www.thierry-groensteen.fr\\\/?s={search_term_string}\"},\"query-input\":{\"@type\":\"PropertyValueSpecification\",\"valueRequired\":true,\"valueName\":\"search_term_string\"}}],\"inLanguage\":\"fr-FR\"},{\"@type\":[\"Person\",\"Organization\"],\"@id\":\"https:\\\/\\\/www.thierry-groensteen.fr\\\/#\\\/schema\\\/person\\\/3695d4890604be69f280ebbb549210b5\",\"name\":\"TG\",\"image\":{\"@type\":\"ImageObject\",\"inLanguage\":\"fr-FR\",\"@id\":\"https:\\\/\\\/www.thierry-groensteen.fr\\\/wp-content\\\/uploads\\\/2023\\\/09\\\/logo_ThierryGroensteen_header.png\",\"url\":\"https:\\\/\\\/www.thierry-groensteen.fr\\\/wp-content\\\/uploads\\\/2023\\\/09\\\/logo_ThierryGroensteen_header.png\",\"contentUrl\":\"https:\\\/\\\/www.thierry-groensteen.fr\\\/wp-content\\\/uploads\\\/2023\\\/09\\\/logo_ThierryGroensteen_header.png\",\"width\":620,\"height\":240,\"caption\":\"TG\"},\"logo\":{\"@id\":\"https:\\\/\\\/www.thierry-groensteen.fr\\\/wp-content\\\/uploads\\\/2023\\\/09\\\/logo_ThierryGroensteen_header.png\"},\"sameAs\":[\"https:\\\/\\\/www.thierry-groensteen.fr\"],\"url\":\"https:\\\/\\\/www.thierry-groensteen.fr\\\/index.php\\\/author\\\/admin5797\\\/\"}]}<\/script>\n<!-- \/ Yoast SEO plugin. -->","yoast_head_json":{"title":"Le travail de m\u00e9moire de Pascal Matthey - le site de Thierry Groensteen","robots":{"index":"index","follow":"follow","max-snippet":"max-snippet:-1","max-image-preview":"max-image-preview:large","max-video-preview":"max-video-preview:-1"},"canonical":"https:\/\/www.thierry-groensteen.fr\/index.php\/2025\/05\/10\/le-travail-de-memoire-de-pascal-matthey\/","og_locale":"fr_FR","og_type":"article","og_title":"Le travail de m\u00e9moire de Pascal Matthey - le site de Thierry Groensteen","og_description":"C\u2019est un auteur rare. Du pain blanc et du chocolat est son sixi\u00e8me livre en plus de vingt ans d\u2019activit\u00e9, et le pr\u00e9c\u00e9dent (Les T\u00eatards) remontait \u00e0 2016. Pourtant ce n\u2019est pas comme si ce nouvel opus t\u00e9moignait d\u2019une profonde remise en question\u00a0: au contraire, Pascal Matthey continue, depuis ses d\u00e9buts, de creuser le [&hellip;]","og_url":"https:\/\/www.thierry-groensteen.fr\/index.php\/2025\/05\/10\/le-travail-de-memoire-de-pascal-matthey\/","og_site_name":"le site de Thierry Groensteen","article_published_time":"2025-05-09T22:05:51+00:00","og_image":[{"width":1635,"height":750,"url":"https:\/\/www.thierry-groensteen.fr\/wp-content\/uploads\/2025\/05\/bandeau-Matthey-e1746780887828.jpg","type":"image\/jpeg"}],"author":"TG","twitter_card":"summary_large_image","twitter_misc":{"\u00c9crit par":"TG","Dur\u00e9e de lecture estim\u00e9e":"5 minutes"},"schema":{"@context":"https:\/\/schema.org","@graph":[{"@type":"Article","@id":"https:\/\/www.thierry-groensteen.fr\/index.php\/2025\/05\/10\/le-travail-de-memoire-de-pascal-matthey\/#article","isPartOf":{"@id":"https:\/\/www.thierry-groensteen.fr\/index.php\/2025\/05\/10\/le-travail-de-memoire-de-pascal-matthey\/"},"author":{"name":"TG","@id":"https:\/\/www.thierry-groensteen.fr\/#\/schema\/person\/3695d4890604be69f280ebbb549210b5"},"headline":"Le travail de m\u00e9moire de Pascal Matthey","datePublished":"2025-05-09T22:05:51+00:00","mainEntityOfPage":{"@id":"https:\/\/www.thierry-groensteen.fr\/index.php\/2025\/05\/10\/le-travail-de-memoire-de-pascal-matthey\/"},"wordCount":971,"publisher":{"@id":"https:\/\/www.thierry-groensteen.fr\/#\/schema\/person\/3695d4890604be69f280ebbb549210b5"},"image":{"@id":"https:\/\/www.thierry-groensteen.fr\/index.php\/2025\/05\/10\/le-travail-de-memoire-de-pascal-matthey\/#primaryimage"},"thumbnailUrl":"https:\/\/www.thierry-groensteen.fr\/wp-content\/uploads\/2025\/05\/bandeau-Matthey-e1746780887828.jpg","articleSection":["mon Blog"],"inLanguage":"fr-FR"},{"@type":"WebPage","@id":"https:\/\/www.thierry-groensteen.fr\/index.php\/2025\/05\/10\/le-travail-de-memoire-de-pascal-matthey\/","url":"https:\/\/www.thierry-groensteen.fr\/index.php\/2025\/05\/10\/le-travail-de-memoire-de-pascal-matthey\/","name":"Le travail de m\u00e9moire de Pascal Matthey - le site de Thierry Groensteen","isPartOf":{"@id":"https:\/\/www.thierry-groensteen.fr\/#website"},"primaryImageOfPage":{"@id":"https:\/\/www.thierry-groensteen.fr\/index.php\/2025\/05\/10\/le-travail-de-memoire-de-pascal-matthey\/#primaryimage"},"image":{"@id":"https:\/\/www.thierry-groensteen.fr\/index.php\/2025\/05\/10\/le-travail-de-memoire-de-pascal-matthey\/#primaryimage"},"thumbnailUrl":"https:\/\/www.thierry-groensteen.fr\/wp-content\/uploads\/2025\/05\/bandeau-Matthey-e1746780887828.jpg","datePublished":"2025-05-09T22:05:51+00:00","breadcrumb":{"@id":"https:\/\/www.thierry-groensteen.fr\/index.php\/2025\/05\/10\/le-travail-de-memoire-de-pascal-matthey\/#breadcrumb"},"inLanguage":"fr-FR","potentialAction":[{"@type":"ReadAction","target":["https:\/\/www.thierry-groensteen.fr\/index.php\/2025\/05\/10\/le-travail-de-memoire-de-pascal-matthey\/"]}]},{"@type":"ImageObject","inLanguage":"fr-FR","@id":"https:\/\/www.thierry-groensteen.fr\/index.php\/2025\/05\/10\/le-travail-de-memoire-de-pascal-matthey\/#primaryimage","url":"https:\/\/www.thierry-groensteen.fr\/wp-content\/uploads\/2025\/05\/bandeau-Matthey-e1746780887828.jpg","contentUrl":"https:\/\/www.thierry-groensteen.fr\/wp-content\/uploads\/2025\/05\/bandeau-Matthey-e1746780887828.jpg","width":1635,"height":750},{"@type":"BreadcrumbList","@id":"https:\/\/www.thierry-groensteen.fr\/index.php\/2025\/05\/10\/le-travail-de-memoire-de-pascal-matthey\/#breadcrumb","itemListElement":[{"@type":"ListItem","position":1,"name":"Accueil","item":"https:\/\/www.thierry-groensteen.fr\/"},{"@type":"ListItem","position":2,"name":"Le travail de m\u00e9moire de Pascal Matthey"}]},{"@type":"WebSite","@id":"https:\/\/www.thierry-groensteen.fr\/#website","url":"https:\/\/www.thierry-groensteen.fr\/","name":"le site de Thierry Groensteen","description":"site officiel","publisher":{"@id":"https:\/\/www.thierry-groensteen.fr\/#\/schema\/person\/3695d4890604be69f280ebbb549210b5"},"potentialAction":[{"@type":"SearchAction","target":{"@type":"EntryPoint","urlTemplate":"https:\/\/www.thierry-groensteen.fr\/?s={search_term_string}"},"query-input":{"@type":"PropertyValueSpecification","valueRequired":true,"valueName":"search_term_string"}}],"inLanguage":"fr-FR"},{"@type":["Person","Organization"],"@id":"https:\/\/www.thierry-groensteen.fr\/#\/schema\/person\/3695d4890604be69f280ebbb549210b5","name":"TG","image":{"@type":"ImageObject","inLanguage":"fr-FR","@id":"https:\/\/www.thierry-groensteen.fr\/wp-content\/uploads\/2023\/09\/logo_ThierryGroensteen_header.png","url":"https:\/\/www.thierry-groensteen.fr\/wp-content\/uploads\/2023\/09\/logo_ThierryGroensteen_header.png","contentUrl":"https:\/\/www.thierry-groensteen.fr\/wp-content\/uploads\/2023\/09\/logo_ThierryGroensteen_header.png","width":620,"height":240,"caption":"TG"},"logo":{"@id":"https:\/\/www.thierry-groensteen.fr\/wp-content\/uploads\/2023\/09\/logo_ThierryGroensteen_header.png"},"sameAs":["https:\/\/www.thierry-groensteen.fr"],"url":"https:\/\/www.thierry-groensteen.fr\/index.php\/author\/admin5797\/"}]}},"_links":{"self":[{"href":"https:\/\/www.thierry-groensteen.fr\/index.php\/wp-json\/wp\/v2\/posts\/3613","targetHints":{"allow":["GET"]}}],"collection":[{"href":"https:\/\/www.thierry-groensteen.fr\/index.php\/wp-json\/wp\/v2\/posts"}],"about":[{"href":"https:\/\/www.thierry-groensteen.fr\/index.php\/wp-json\/wp\/v2\/types\/post"}],"author":[{"embeddable":true,"href":"https:\/\/www.thierry-groensteen.fr\/index.php\/wp-json\/wp\/v2\/users\/1"}],"replies":[{"embeddable":true,"href":"https:\/\/www.thierry-groensteen.fr\/index.php\/wp-json\/wp\/v2\/comments?post=3613"}],"version-history":[{"count":4,"href":"https:\/\/www.thierry-groensteen.fr\/index.php\/wp-json\/wp\/v2\/posts\/3613\/revisions"}],"predecessor-version":[{"id":3620,"href":"https:\/\/www.thierry-groensteen.fr\/index.php\/wp-json\/wp\/v2\/posts\/3613\/revisions\/3620"}],"wp:featuredmedia":[{"embeddable":true,"href":"https:\/\/www.thierry-groensteen.fr\/index.php\/wp-json\/wp\/v2\/media\/3616"}],"wp:attachment":[{"href":"https:\/\/www.thierry-groensteen.fr\/index.php\/wp-json\/wp\/v2\/media?parent=3613"}],"wp:term":[{"taxonomy":"category","embeddable":true,"href":"https:\/\/www.thierry-groensteen.fr\/index.php\/wp-json\/wp\/v2\/categories?post=3613"},{"taxonomy":"post_tag","embeddable":true,"href":"https:\/\/www.thierry-groensteen.fr\/index.php\/wp-json\/wp\/v2\/tags?post=3613"}],"curies":[{"name":"wp","href":"https:\/\/api.w.org\/{rel}","templated":true}]}}