{"id":3577,"date":"2025-04-25T00:05:23","date_gmt":"2025-04-24T22:05:23","guid":{"rendered":"https:\/\/www.thierry-groensteen.fr\/?p=3577"},"modified":"2025-04-22T11:44:11","modified_gmt":"2025-04-22T09:44:11","slug":"benjamin-adam-entre-le-feu-et-la-glace","status":"publish","type":"post","link":"https:\/\/www.thierry-groensteen.fr\/index.php\/2025\/04\/25\/benjamin-adam-entre-le-feu-et-la-glace\/","title":{"rendered":"Benjamin Adam entre le feu et la glace"},"content":{"rendered":"<p style=\"font-weight: 400;\"><em>Inlandsis Inlandsis<\/em>, la nouvelle bande dessin\u00e9e de Benjamin Adam, est pr\u00e9vue en deux tomes. Apr\u00e8s <em>La Glace<\/em>, r\u00e9cemment paru chez Dargaud dans la nouvelle collection \u00ab Charivari \u00bb, viendra <em>Le Feu<\/em>. Les 290 pages du tome 1 suffisent largement \u00e0 convaincre qu\u2019il s\u2019agit d\u2019une \u0153uvre de maturit\u00e9, sans doute celle qui \u00e9tablira l\u2019auteur, \u00e2g\u00e9 de quarante-deux ans, comme l\u2019un des plus importants de sa g\u00e9n\u00e9ration.<\/p>\n<p style=\"font-weight: 400;\"><img decoding=\"async\" class=\"lazyload size-medium wp-image-3580 alignright\" src=\"https:\/\/www.thierry-groensteen.fr\/wp-content\/uploads\/2025\/04\/couve-Inlandsis-1-214x300.jpg\" data-orig-src=\"https:\/\/www.thierry-groensteen.fr\/wp-content\/uploads\/2025\/04\/couve-Inlandsis-1-214x300.jpg\" alt=\"\" width=\"214\" height=\"300\" srcset=\"data:image\/svg+xml,%3Csvg%20xmlns%3D%27http%3A%2F%2Fwww.w3.org%2F2000%2Fsvg%27%20width%3D%27214%27%20height%3D%27300%27%20viewBox%3D%270%200%20214%20300%27%3E%3Crect%20width%3D%27214%27%20height%3D%27300%27%20fill-opacity%3D%220%22%2F%3E%3C%2Fsvg%3E\" data-srcset=\"https:\/\/www.thierry-groensteen.fr\/wp-content\/uploads\/2025\/04\/couve-Inlandsis-1-200x281.jpg 200w, https:\/\/www.thierry-groensteen.fr\/wp-content\/uploads\/2025\/04\/couve-Inlandsis-1-214x300.jpg 214w, https:\/\/www.thierry-groensteen.fr\/wp-content\/uploads\/2025\/04\/couve-Inlandsis-1-400x561.jpg 400w, https:\/\/www.thierry-groensteen.fr\/wp-content\/uploads\/2025\/04\/couve-Inlandsis-1-600x842.jpg 600w, https:\/\/www.thierry-groensteen.fr\/wp-content\/uploads\/2025\/04\/couve-Inlandsis-1-730x1024.jpg 730w, https:\/\/www.thierry-groensteen.fr\/wp-content\/uploads\/2025\/04\/couve-Inlandsis-1-768x1078.jpg 768w, https:\/\/www.thierry-groensteen.fr\/wp-content\/uploads\/2025\/04\/couve-Inlandsis-1-800x1123.jpg 800w, https:\/\/www.thierry-groensteen.fr\/wp-content\/uploads\/2025\/04\/couve-Inlandsis-1-1094x1536.jpg 1094w, https:\/\/www.thierry-groensteen.fr\/wp-content\/uploads\/2025\/04\/couve-Inlandsis-1.jpg 1160w\" data-sizes=\"auto\" data-orig-sizes=\"(max-width: 214px) 100vw, 214px\" \/>L\u2019agencement des premi\u00e8res s\u00e9quences a ceci de remarquable, qu\u2019il ne cesse de d\u00e9placer notre horizon d\u2019attente. En effet, \u00e0 nos sp\u00e9culations sur l\u2019inscription du livre dans tel ou tel genre, des r\u00e9ponses diff\u00e9rentes viennent tour \u00e0 tour \u00e0 l\u2019esprit\u00a0: d\u2019abord r\u00e9cit d\u2019exploration, BD documentaire, puis mise en abyme de la cr\u00e9ation, ensuite fable d\u2019anticipation, drame m\u00e9dical, dystopie politique, et enfin chronique d\u2019un couple dysfonctionnel. Au final, il s\u2019av\u00e8re qu\u2019<em>Inlandsis Inlandsis<\/em> sera tout cela \u00e0 la fois, jouant avec une rare aisance de l\u2019entrelacement des th\u00e8mes et des registres.<\/p>\n<p style=\"font-weight: 400;\">L\u2019action est situ\u00e9e en 2046, soit dans un futur plus proche d\u2019un si\u00e8cle que celui peint dans <em>Soon<\/em>, le premier ouvrage majeur d\u2019Adam (avec Thomas Cad\u00e8ne, en 2019, d\u00e9j\u00e0 chez Dargaud). Un d\u00e9placement qui permet de donner de nouvelles couleurs au sujet qui obs\u00e8de l\u2019auteur depuis une quinzaine d\u2019ann\u00e9es, celui de la mont\u00e9e des p\u00e9rils, voire de la fin du monde. <em>Soon<\/em> peignait une soci\u00e9t\u00e9 qui avait cherch\u00e9 \u00e0 se reconstruire apr\u00e8s un effondrement\u00a0; cette fois, les personnages doivent faire face \u00e0 une accumulation de crises, ou plus exactement \u00e0 la \u00ab boucle infernale de p\u00e9rils existentiels tous connect\u00e9s \u00bb, comme il est dit page 263. Le climat est compl\u00e8tement d\u00e9r\u00e9gl\u00e9, l\u2019\u00e9nergie et l\u2019eau sont devenues rares, un pouvoir autoritaire aux m\u00e9thodes pour le moins muscl\u00e9es s\u2019est install\u00e9 en France, scellant l\u2019alliance entre les fascistes et les religieux (Marie, l\u2019h\u00e9ro\u00efne, d\u00e9pose son fils \u00e0 l\u2019\u00ab\u00a0\u00e9cole publique et religieuse Vincent Bollor\u00e9 \u00bb\u00a0!).<\/p>\n<div id=\"attachment_3582\" style=\"width: 410px\" class=\"wp-caption aligncenter\"><img decoding=\"async\" aria-describedby=\"caption-attachment-3582\" class=\"lazyload wp-image-3582 size-fusion-400\" src=\"https:\/\/www.thierry-groensteen.fr\/wp-content\/uploads\/2025\/04\/Inlandsis-p249-400x592.jpg\" data-orig-src=\"https:\/\/www.thierry-groensteen.fr\/wp-content\/uploads\/2025\/04\/Inlandsis-p249-400x592.jpg\" alt=\"Benjamin Adam, &quot;Inlandsis Inlandsis&quot;, p. 249 \" width=\"400\" height=\"592\" srcset=\"data:image\/svg+xml,%3Csvg%20xmlns%3D%27http%3A%2F%2Fwww.w3.org%2F2000%2Fsvg%27%20width%3D%27400%27%20height%3D%27592%27%20viewBox%3D%270%200%20400%20592%27%3E%3Crect%20width%3D%27400%27%20height%3D%27592%27%20fill-opacity%3D%220%22%2F%3E%3C%2Fsvg%3E\" data-srcset=\"https:\/\/www.thierry-groensteen.fr\/wp-content\/uploads\/2025\/04\/Inlandsis-p249-200x296.jpg 200w, https:\/\/www.thierry-groensteen.fr\/wp-content\/uploads\/2025\/04\/Inlandsis-p249-203x300.jpg 203w, https:\/\/www.thierry-groensteen.fr\/wp-content\/uploads\/2025\/04\/Inlandsis-p249-400x592.jpg 400w, https:\/\/www.thierry-groensteen.fr\/wp-content\/uploads\/2025\/04\/Inlandsis-p249-600x889.jpg 600w, https:\/\/www.thierry-groensteen.fr\/wp-content\/uploads\/2025\/04\/Inlandsis-p249-691x1024.jpg 691w, https:\/\/www.thierry-groensteen.fr\/wp-content\/uploads\/2025\/04\/Inlandsis-p249-768x1137.jpg 768w, https:\/\/www.thierry-groensteen.fr\/wp-content\/uploads\/2025\/04\/Inlandsis-p249-800x1185.jpg 800w, https:\/\/www.thierry-groensteen.fr\/wp-content\/uploads\/2025\/04\/Inlandsis-p249.jpg 925w\" data-sizes=\"auto\" data-orig-sizes=\"(max-width: 400px) 100vw, 400px\" \/><p id=\"caption-attachment-3582\" class=\"wp-caption-text\">\u00ab\u00a0Inlandsis Inlandsis\u00a0\u00bb, p. 249 \u2014 \u00a9 Dargaud<\/p><\/div>\n<p style=\"font-weight: 400;\">Un autre livre de Benjamin Adam, <em>UOS<\/em> (\u00e9ditions 2042, 2021), avait pour d\u00e9cor unique un site d\u2019enfouissement de d\u00e9chets nucl\u00e9aires \u00e0 l\u2019\u00e9tat de ruines, o\u00f9 la nature reprenait ses droits et o\u00f9 survivait encore, anachronique anachor\u00e8te, une sorte de gardien. <em>Soon <\/em>ne m\u2019avait pas enti\u00e8rement convaincu\u00a0: le livre \u00e9tait sur\u00e9crit, et le graphiste qu\u2019est aussi Adam avait tendance \u00e0 prendre le pas sur le dessinateur. Dans <em>UOS<\/em>, au contraire, l\u2019action \u00e9tait t\u00e9nue, un peu cryptique, le texte inexistant, et c\u2019est l\u2019illustrateur qui prenait le dessus, avec de grandes compositions frappantes, encore magnifi\u00e9es par le format g\u00e9ant de l\u2019album (38 cm de haut). On peut d\u2019ailleurs en admirer quelques pages dans l\u2019exposition <em>Apocalypse. Hier et demain <\/em>pr\u00e9sent\u00e9e \u00e0 la BnF (site Fran\u00e7ois Mitterrand) jusqu\u2019au 8 juin \u2013 exposition dans laquelle, aux c\u00f4t\u00e9s de manuscrits enlumin\u00e9s et d\u2019\u0153uvres de D\u00fcrer, Quentin Blake, Victor Hugo, Henri Rousseau, Georg Grosz ou Kiki Smith, figurent aussi des planches de Larcenet, Philippe Wurm, Jean-Christophe Chauzy et Fr\u00e9d\u00e9ric Coch\u00e9.<\/p>\n<div>\n<p><i>Inlandsis Inlandsis <\/i>semble avoir tir\u00e9 profit de ces ouvrages ant\u00e9rieurs et trouv\u00e9, \u00e0 tous points de vue, la formule de l\u2019\u00e9quilibre parfait \u2013 avec un l\u00e9ger regret touchant le format qui, cette fois, est sans doute un peu trop r\u00e9duit (20,7 x 14,6 cm). Le travail graphique \u00e0 l\u2019Ipad mobilise de fa\u00e7on compl\u00e9mentaire et tr\u00e8s expressive le dessin et la chromie. La narration conjugue avec habilet\u00e9 le destin collectif d\u2019une nation et de l\u2019humanit\u00e9 tout enti\u00e8re, d\u2019une part, et le niveau de l\u2019intime, exemplifi\u00e9 par les difficult\u00e9s quotidiennes de tous ordres que rencontre le noyau familial que composent Marie, Romuald et Dev, d\u2019autre part (\u00e0 cet \u00e9gard, la couverture peut faire songer \u00e0 celle de l\u2019\u00e9dition originale de <i>Pilules bleues<\/i>, le livre de Frederik Peeters, qui montrait \u00e9galement un couple d\u00e9river sur les flots).<\/p>\n<p style=\"font-weight: 400;\">Le th\u00e8me de la solitude, d\u00e9j\u00e0 tr\u00e8s pr\u00e9sent dans les autres albums mentionn\u00e9s (je pense \u00e0 la solitude des astronautes partant en exploration spatiale dans <em>Soon<\/em>, \u00e0 celle du \u00ab gardien \u00bb qui continue de hanter le site radioactif dans <em>UOS<\/em>), l\u2019est une nouvelle fois ici avec l\u2019\u00e9vocation des exp\u00e9ditions scientifiques en Antarctique et, surtout, l\u2019improbable r\u00e9sidence de deux auteurs de bande dessin\u00e9e catapult\u00e9s, eux aussi, sur la banquise, avec des ressources plus que limit\u00e9es. Les s\u00e9quences \u00e9voquant leur travail et leurs doutes permettent \u00e0 Adam d\u2019\u00e9voquer la vanit\u00e9 de la cr\u00e9ation dans un monde qui se d\u00e9fait, et aussi, sur le mode de l\u2019autod\u00e9rision, la fin possible de la bande dessin\u00e9e, menac\u00e9e d\u2019\u00ab extinction \u00bb en raison de la \u00ab\u00a0grande crise du papier \u00bb.<\/p>\n<div id=\"attachment_3581\" style=\"width: 410px\" class=\"wp-caption aligncenter\"><img decoding=\"async\" aria-describedby=\"caption-attachment-3581\" class=\"lazyload wp-image-3581 size-fusion-400\" src=\"https:\/\/www.thierry-groensteen.fr\/wp-content\/uploads\/2025\/04\/Inlandsis-p63-400x603.jpg\" data-orig-src=\"https:\/\/www.thierry-groensteen.fr\/wp-content\/uploads\/2025\/04\/Inlandsis-p63-400x603.jpg\" alt=\"Benjamin Adam, &quot;Inlandsis Inlandsis&quot;, p. 63\" width=\"400\" height=\"603\" srcset=\"data:image\/svg+xml,%3Csvg%20xmlns%3D%27http%3A%2F%2Fwww.w3.org%2F2000%2Fsvg%27%20width%3D%27400%27%20height%3D%27603%27%20viewBox%3D%270%200%20400%20603%27%3E%3Crect%20width%3D%27400%27%20height%3D%27603%27%20fill-opacity%3D%220%22%2F%3E%3C%2Fsvg%3E\" data-srcset=\"https:\/\/www.thierry-groensteen.fr\/wp-content\/uploads\/2025\/04\/Inlandsis-p63-199x300.jpg 199w, https:\/\/www.thierry-groensteen.fr\/wp-content\/uploads\/2025\/04\/Inlandsis-p63-200x301.jpg 200w, https:\/\/www.thierry-groensteen.fr\/wp-content\/uploads\/2025\/04\/Inlandsis-p63-400x603.jpg 400w, https:\/\/www.thierry-groensteen.fr\/wp-content\/uploads\/2025\/04\/Inlandsis-p63-600x904.jpg 600w, https:\/\/www.thierry-groensteen.fr\/wp-content\/uploads\/2025\/04\/Inlandsis-p63-680x1024.jpg 680w, https:\/\/www.thierry-groensteen.fr\/wp-content\/uploads\/2025\/04\/Inlandsis-p63-768x1157.jpg 768w, https:\/\/www.thierry-groensteen.fr\/wp-content\/uploads\/2025\/04\/Inlandsis-p63-800x1205.jpg 800w, https:\/\/www.thierry-groensteen.fr\/wp-content\/uploads\/2025\/04\/Inlandsis-p63.jpg 906w\" data-sizes=\"auto\" data-orig-sizes=\"(max-width: 400px) 100vw, 400px\" \/><p id=\"caption-attachment-3581\" class=\"wp-caption-text\">\u00ab\u00a0Inlandsis Inlandsis\u00a0\u00bb, p. 63 \u2014 \u00a9 Dargaud<\/p><\/div>\n<p style=\"font-weight: 400;\">Heureusement, tant qu\u2019il para\u00eetra des livres de la qualit\u00e9 de celui-ci, on aura du mal \u00e0 s\u2019inqui\u00e9ter du devenir du neuvi\u00e8me art.<\/p>\n<\/div>\n","protected":false},"excerpt":{"rendered":"<p>Inlandsis Inlandsis, la nouvelle bande dessin\u00e9e de Benjamin Adam, est pr\u00e9vue en deux tomes. Apr\u00e8s La Glace, r\u00e9cemment paru chez Dargaud dans la nouvelle collection \u00ab Charivari \u00bb, viendra Le Feu. Les 290 pages du tome 1 suffisent largement \u00e0 convaincre qu\u2019il s\u2019agit d\u2019une \u0153uvre de maturit\u00e9, sans doute celle qui \u00e9tablira l\u2019auteur, \u00e2g\u00e9 [&hellip;]<\/p>\n","protected":false},"author":1,"featured_media":3579,"comment_status":"closed","ping_status":"closed","sticky":false,"template":"","format":"standard","meta":{"footnotes":""},"categories":[70],"tags":[],"class_list":["post-3577","post","type-post","status-publish","format-standard","has-post-thumbnail","hentry","category-mon-blog"],"acf":[],"yoast_head":"<!-- This site is optimized with the Yoast SEO plugin v27.5 - https:\/\/yoast.com\/product\/yoast-seo-wordpress\/ -->\n<title>Benjamin Adam entre le feu et la glace - le site de Thierry Groensteen<\/title>\n<meta name=\"robots\" content=\"index, follow, max-snippet:-1, max-image-preview:large, max-video-preview:-1\" \/>\n<link rel=\"canonical\" href=\"https:\/\/www.thierry-groensteen.fr\/index.php\/2025\/04\/25\/benjamin-adam-entre-le-feu-et-la-glace\/\" \/>\n<meta property=\"og:locale\" content=\"fr_FR\" \/>\n<meta property=\"og:type\" content=\"article\" \/>\n<meta property=\"og:title\" content=\"Benjamin Adam entre le feu et la glace - le site de Thierry Groensteen\" \/>\n<meta property=\"og:description\" content=\"Inlandsis Inlandsis, la nouvelle bande dessin\u00e9e de Benjamin Adam, est pr\u00e9vue en deux tomes. Apr\u00e8s La Glace, r\u00e9cemment paru chez Dargaud dans la nouvelle collection \u00ab Charivari \u00bb, viendra Le Feu. Les 290 pages du tome 1 suffisent largement \u00e0 convaincre qu\u2019il s\u2019agit d\u2019une \u0153uvre de maturit\u00e9, sans doute celle qui \u00e9tablira l\u2019auteur, \u00e2g\u00e9 [&hellip;]\" \/>\n<meta property=\"og:url\" content=\"https:\/\/www.thierry-groensteen.fr\/index.php\/2025\/04\/25\/benjamin-adam-entre-le-feu-et-la-glace\/\" \/>\n<meta property=\"og:site_name\" content=\"le site de Thierry Groensteen\" \/>\n<meta property=\"article:published_time\" content=\"2025-04-24T22:05:23+00:00\" \/>\n<meta property=\"og:image\" content=\"https:\/\/www.thierry-groensteen.fr\/wp-content\/uploads\/2025\/04\/couve-Inlandsis-e1745314809972.jpg\" \/>\n\t<meta property=\"og:image:width\" content=\"1120\" \/>\n\t<meta property=\"og:image:height\" content=\"513\" \/>\n\t<meta property=\"og:image:type\" content=\"image\/jpeg\" \/>\n<meta name=\"author\" content=\"TG\" \/>\n<meta name=\"twitter:card\" content=\"summary_large_image\" \/>\n<meta name=\"twitter:label1\" content=\"\u00c9crit par\" \/>\n\t<meta name=\"twitter:data1\" content=\"TG\" \/>\n\t<meta name=\"twitter:label2\" content=\"Dur\u00e9e de lecture estim\u00e9e\" \/>\n\t<meta name=\"twitter:data2\" content=\"5 minutes\" \/>\n<script type=\"application\/ld+json\" class=\"yoast-schema-graph\">{\"@context\":\"https:\\\/\\\/schema.org\",\"@graph\":[{\"@type\":\"Article\",\"@id\":\"https:\\\/\\\/www.thierry-groensteen.fr\\\/index.php\\\/2025\\\/04\\\/25\\\/benjamin-adam-entre-le-feu-et-la-glace\\\/#article\",\"isPartOf\":{\"@id\":\"https:\\\/\\\/www.thierry-groensteen.fr\\\/index.php\\\/2025\\\/04\\\/25\\\/benjamin-adam-entre-le-feu-et-la-glace\\\/\"},\"author\":{\"name\":\"TG\",\"@id\":\"https:\\\/\\\/www.thierry-groensteen.fr\\\/#\\\/schema\\\/person\\\/3695d4890604be69f280ebbb549210b5\"},\"headline\":\"Benjamin Adam entre le feu et la glace\",\"datePublished\":\"2025-04-24T22:05:23+00:00\",\"mainEntityOfPage\":{\"@id\":\"https:\\\/\\\/www.thierry-groensteen.fr\\\/index.php\\\/2025\\\/04\\\/25\\\/benjamin-adam-entre-le-feu-et-la-glace\\\/\"},\"wordCount\":874,\"publisher\":{\"@id\":\"https:\\\/\\\/www.thierry-groensteen.fr\\\/#\\\/schema\\\/person\\\/3695d4890604be69f280ebbb549210b5\"},\"image\":{\"@id\":\"https:\\\/\\\/www.thierry-groensteen.fr\\\/index.php\\\/2025\\\/04\\\/25\\\/benjamin-adam-entre-le-feu-et-la-glace\\\/#primaryimage\"},\"thumbnailUrl\":\"https:\\\/\\\/www.thierry-groensteen.fr\\\/wp-content\\\/uploads\\\/2025\\\/04\\\/couve-Inlandsis-e1745314809972.jpg\",\"articleSection\":[\"mon Blog\"],\"inLanguage\":\"fr-FR\"},{\"@type\":\"WebPage\",\"@id\":\"https:\\\/\\\/www.thierry-groensteen.fr\\\/index.php\\\/2025\\\/04\\\/25\\\/benjamin-adam-entre-le-feu-et-la-glace\\\/\",\"url\":\"https:\\\/\\\/www.thierry-groensteen.fr\\\/index.php\\\/2025\\\/04\\\/25\\\/benjamin-adam-entre-le-feu-et-la-glace\\\/\",\"name\":\"Benjamin Adam entre le feu et la glace - le site de Thierry Groensteen\",\"isPartOf\":{\"@id\":\"https:\\\/\\\/www.thierry-groensteen.fr\\\/#website\"},\"primaryImageOfPage\":{\"@id\":\"https:\\\/\\\/www.thierry-groensteen.fr\\\/index.php\\\/2025\\\/04\\\/25\\\/benjamin-adam-entre-le-feu-et-la-glace\\\/#primaryimage\"},\"image\":{\"@id\":\"https:\\\/\\\/www.thierry-groensteen.fr\\\/index.php\\\/2025\\\/04\\\/25\\\/benjamin-adam-entre-le-feu-et-la-glace\\\/#primaryimage\"},\"thumbnailUrl\":\"https:\\\/\\\/www.thierry-groensteen.fr\\\/wp-content\\\/uploads\\\/2025\\\/04\\\/couve-Inlandsis-e1745314809972.jpg\",\"datePublished\":\"2025-04-24T22:05:23+00:00\",\"breadcrumb\":{\"@id\":\"https:\\\/\\\/www.thierry-groensteen.fr\\\/index.php\\\/2025\\\/04\\\/25\\\/benjamin-adam-entre-le-feu-et-la-glace\\\/#breadcrumb\"},\"inLanguage\":\"fr-FR\",\"potentialAction\":[{\"@type\":\"ReadAction\",\"target\":[\"https:\\\/\\\/www.thierry-groensteen.fr\\\/index.php\\\/2025\\\/04\\\/25\\\/benjamin-adam-entre-le-feu-et-la-glace\\\/\"]}]},{\"@type\":\"ImageObject\",\"inLanguage\":\"fr-FR\",\"@id\":\"https:\\\/\\\/www.thierry-groensteen.fr\\\/index.php\\\/2025\\\/04\\\/25\\\/benjamin-adam-entre-le-feu-et-la-glace\\\/#primaryimage\",\"url\":\"https:\\\/\\\/www.thierry-groensteen.fr\\\/wp-content\\\/uploads\\\/2025\\\/04\\\/couve-Inlandsis-e1745314809972.jpg\",\"contentUrl\":\"https:\\\/\\\/www.thierry-groensteen.fr\\\/wp-content\\\/uploads\\\/2025\\\/04\\\/couve-Inlandsis-e1745314809972.jpg\",\"width\":1120,\"height\":513},{\"@type\":\"BreadcrumbList\",\"@id\":\"https:\\\/\\\/www.thierry-groensteen.fr\\\/index.php\\\/2025\\\/04\\\/25\\\/benjamin-adam-entre-le-feu-et-la-glace\\\/#breadcrumb\",\"itemListElement\":[{\"@type\":\"ListItem\",\"position\":1,\"name\":\"Accueil\",\"item\":\"https:\\\/\\\/www.thierry-groensteen.fr\\\/\"},{\"@type\":\"ListItem\",\"position\":2,\"name\":\"Benjamin Adam entre le feu et la glace\"}]},{\"@type\":\"WebSite\",\"@id\":\"https:\\\/\\\/www.thierry-groensteen.fr\\\/#website\",\"url\":\"https:\\\/\\\/www.thierry-groensteen.fr\\\/\",\"name\":\"le site de Thierry Groensteen\",\"description\":\"site officiel\",\"publisher\":{\"@id\":\"https:\\\/\\\/www.thierry-groensteen.fr\\\/#\\\/schema\\\/person\\\/3695d4890604be69f280ebbb549210b5\"},\"potentialAction\":[{\"@type\":\"SearchAction\",\"target\":{\"@type\":\"EntryPoint\",\"urlTemplate\":\"https:\\\/\\\/www.thierry-groensteen.fr\\\/?s={search_term_string}\"},\"query-input\":{\"@type\":\"PropertyValueSpecification\",\"valueRequired\":true,\"valueName\":\"search_term_string\"}}],\"inLanguage\":\"fr-FR\"},{\"@type\":[\"Person\",\"Organization\"],\"@id\":\"https:\\\/\\\/www.thierry-groensteen.fr\\\/#\\\/schema\\\/person\\\/3695d4890604be69f280ebbb549210b5\",\"name\":\"TG\",\"image\":{\"@type\":\"ImageObject\",\"inLanguage\":\"fr-FR\",\"@id\":\"https:\\\/\\\/www.thierry-groensteen.fr\\\/wp-content\\\/uploads\\\/2023\\\/09\\\/logo_ThierryGroensteen_header.png\",\"url\":\"https:\\\/\\\/www.thierry-groensteen.fr\\\/wp-content\\\/uploads\\\/2023\\\/09\\\/logo_ThierryGroensteen_header.png\",\"contentUrl\":\"https:\\\/\\\/www.thierry-groensteen.fr\\\/wp-content\\\/uploads\\\/2023\\\/09\\\/logo_ThierryGroensteen_header.png\",\"width\":620,\"height\":240,\"caption\":\"TG\"},\"logo\":{\"@id\":\"https:\\\/\\\/www.thierry-groensteen.fr\\\/wp-content\\\/uploads\\\/2023\\\/09\\\/logo_ThierryGroensteen_header.png\"},\"sameAs\":[\"https:\\\/\\\/www.thierry-groensteen.fr\"],\"url\":\"https:\\\/\\\/www.thierry-groensteen.fr\\\/index.php\\\/author\\\/admin5797\\\/\"}]}<\/script>\n<!-- \/ Yoast SEO plugin. -->","yoast_head_json":{"title":"Benjamin Adam entre le feu et la glace - le site de Thierry Groensteen","robots":{"index":"index","follow":"follow","max-snippet":"max-snippet:-1","max-image-preview":"max-image-preview:large","max-video-preview":"max-video-preview:-1"},"canonical":"https:\/\/www.thierry-groensteen.fr\/index.php\/2025\/04\/25\/benjamin-adam-entre-le-feu-et-la-glace\/","og_locale":"fr_FR","og_type":"article","og_title":"Benjamin Adam entre le feu et la glace - le site de Thierry Groensteen","og_description":"Inlandsis Inlandsis, la nouvelle bande dessin\u00e9e de Benjamin Adam, est pr\u00e9vue en deux tomes. Apr\u00e8s La Glace, r\u00e9cemment paru chez Dargaud dans la nouvelle collection \u00ab Charivari \u00bb, viendra Le Feu. Les 290 pages du tome 1 suffisent largement \u00e0 convaincre qu\u2019il s\u2019agit d\u2019une \u0153uvre de maturit\u00e9, sans doute celle qui \u00e9tablira l\u2019auteur, \u00e2g\u00e9 [&hellip;]","og_url":"https:\/\/www.thierry-groensteen.fr\/index.php\/2025\/04\/25\/benjamin-adam-entre-le-feu-et-la-glace\/","og_site_name":"le site de Thierry Groensteen","article_published_time":"2025-04-24T22:05:23+00:00","og_image":[{"width":1120,"height":513,"url":"https:\/\/www.thierry-groensteen.fr\/wp-content\/uploads\/2025\/04\/couve-Inlandsis-e1745314809972.jpg","type":"image\/jpeg"}],"author":"TG","twitter_card":"summary_large_image","twitter_misc":{"\u00c9crit par":"TG","Dur\u00e9e de lecture estim\u00e9e":"5 minutes"},"schema":{"@context":"https:\/\/schema.org","@graph":[{"@type":"Article","@id":"https:\/\/www.thierry-groensteen.fr\/index.php\/2025\/04\/25\/benjamin-adam-entre-le-feu-et-la-glace\/#article","isPartOf":{"@id":"https:\/\/www.thierry-groensteen.fr\/index.php\/2025\/04\/25\/benjamin-adam-entre-le-feu-et-la-glace\/"},"author":{"name":"TG","@id":"https:\/\/www.thierry-groensteen.fr\/#\/schema\/person\/3695d4890604be69f280ebbb549210b5"},"headline":"Benjamin Adam entre le feu et la glace","datePublished":"2025-04-24T22:05:23+00:00","mainEntityOfPage":{"@id":"https:\/\/www.thierry-groensteen.fr\/index.php\/2025\/04\/25\/benjamin-adam-entre-le-feu-et-la-glace\/"},"wordCount":874,"publisher":{"@id":"https:\/\/www.thierry-groensteen.fr\/#\/schema\/person\/3695d4890604be69f280ebbb549210b5"},"image":{"@id":"https:\/\/www.thierry-groensteen.fr\/index.php\/2025\/04\/25\/benjamin-adam-entre-le-feu-et-la-glace\/#primaryimage"},"thumbnailUrl":"https:\/\/www.thierry-groensteen.fr\/wp-content\/uploads\/2025\/04\/couve-Inlandsis-e1745314809972.jpg","articleSection":["mon Blog"],"inLanguage":"fr-FR"},{"@type":"WebPage","@id":"https:\/\/www.thierry-groensteen.fr\/index.php\/2025\/04\/25\/benjamin-adam-entre-le-feu-et-la-glace\/","url":"https:\/\/www.thierry-groensteen.fr\/index.php\/2025\/04\/25\/benjamin-adam-entre-le-feu-et-la-glace\/","name":"Benjamin Adam entre le feu et la glace - le site de Thierry Groensteen","isPartOf":{"@id":"https:\/\/www.thierry-groensteen.fr\/#website"},"primaryImageOfPage":{"@id":"https:\/\/www.thierry-groensteen.fr\/index.php\/2025\/04\/25\/benjamin-adam-entre-le-feu-et-la-glace\/#primaryimage"},"image":{"@id":"https:\/\/www.thierry-groensteen.fr\/index.php\/2025\/04\/25\/benjamin-adam-entre-le-feu-et-la-glace\/#primaryimage"},"thumbnailUrl":"https:\/\/www.thierry-groensteen.fr\/wp-content\/uploads\/2025\/04\/couve-Inlandsis-e1745314809972.jpg","datePublished":"2025-04-24T22:05:23+00:00","breadcrumb":{"@id":"https:\/\/www.thierry-groensteen.fr\/index.php\/2025\/04\/25\/benjamin-adam-entre-le-feu-et-la-glace\/#breadcrumb"},"inLanguage":"fr-FR","potentialAction":[{"@type":"ReadAction","target":["https:\/\/www.thierry-groensteen.fr\/index.php\/2025\/04\/25\/benjamin-adam-entre-le-feu-et-la-glace\/"]}]},{"@type":"ImageObject","inLanguage":"fr-FR","@id":"https:\/\/www.thierry-groensteen.fr\/index.php\/2025\/04\/25\/benjamin-adam-entre-le-feu-et-la-glace\/#primaryimage","url":"https:\/\/www.thierry-groensteen.fr\/wp-content\/uploads\/2025\/04\/couve-Inlandsis-e1745314809972.jpg","contentUrl":"https:\/\/www.thierry-groensteen.fr\/wp-content\/uploads\/2025\/04\/couve-Inlandsis-e1745314809972.jpg","width":1120,"height":513},{"@type":"BreadcrumbList","@id":"https:\/\/www.thierry-groensteen.fr\/index.php\/2025\/04\/25\/benjamin-adam-entre-le-feu-et-la-glace\/#breadcrumb","itemListElement":[{"@type":"ListItem","position":1,"name":"Accueil","item":"https:\/\/www.thierry-groensteen.fr\/"},{"@type":"ListItem","position":2,"name":"Benjamin Adam entre le feu et la glace"}]},{"@type":"WebSite","@id":"https:\/\/www.thierry-groensteen.fr\/#website","url":"https:\/\/www.thierry-groensteen.fr\/","name":"le site de Thierry Groensteen","description":"site officiel","publisher":{"@id":"https:\/\/www.thierry-groensteen.fr\/#\/schema\/person\/3695d4890604be69f280ebbb549210b5"},"potentialAction":[{"@type":"SearchAction","target":{"@type":"EntryPoint","urlTemplate":"https:\/\/www.thierry-groensteen.fr\/?s={search_term_string}"},"query-input":{"@type":"PropertyValueSpecification","valueRequired":true,"valueName":"search_term_string"}}],"inLanguage":"fr-FR"},{"@type":["Person","Organization"],"@id":"https:\/\/www.thierry-groensteen.fr\/#\/schema\/person\/3695d4890604be69f280ebbb549210b5","name":"TG","image":{"@type":"ImageObject","inLanguage":"fr-FR","@id":"https:\/\/www.thierry-groensteen.fr\/wp-content\/uploads\/2023\/09\/logo_ThierryGroensteen_header.png","url":"https:\/\/www.thierry-groensteen.fr\/wp-content\/uploads\/2023\/09\/logo_ThierryGroensteen_header.png","contentUrl":"https:\/\/www.thierry-groensteen.fr\/wp-content\/uploads\/2023\/09\/logo_ThierryGroensteen_header.png","width":620,"height":240,"caption":"TG"},"logo":{"@id":"https:\/\/www.thierry-groensteen.fr\/wp-content\/uploads\/2023\/09\/logo_ThierryGroensteen_header.png"},"sameAs":["https:\/\/www.thierry-groensteen.fr"],"url":"https:\/\/www.thierry-groensteen.fr\/index.php\/author\/admin5797\/"}]}},"_links":{"self":[{"href":"https:\/\/www.thierry-groensteen.fr\/index.php\/wp-json\/wp\/v2\/posts\/3577","targetHints":{"allow":["GET"]}}],"collection":[{"href":"https:\/\/www.thierry-groensteen.fr\/index.php\/wp-json\/wp\/v2\/posts"}],"about":[{"href":"https:\/\/www.thierry-groensteen.fr\/index.php\/wp-json\/wp\/v2\/types\/post"}],"author":[{"embeddable":true,"href":"https:\/\/www.thierry-groensteen.fr\/index.php\/wp-json\/wp\/v2\/users\/1"}],"replies":[{"embeddable":true,"href":"https:\/\/www.thierry-groensteen.fr\/index.php\/wp-json\/wp\/v2\/comments?post=3577"}],"version-history":[{"count":3,"href":"https:\/\/www.thierry-groensteen.fr\/index.php\/wp-json\/wp\/v2\/posts\/3577\/revisions"}],"predecessor-version":[{"id":3584,"href":"https:\/\/www.thierry-groensteen.fr\/index.php\/wp-json\/wp\/v2\/posts\/3577\/revisions\/3584"}],"wp:featuredmedia":[{"embeddable":true,"href":"https:\/\/www.thierry-groensteen.fr\/index.php\/wp-json\/wp\/v2\/media\/3579"}],"wp:attachment":[{"href":"https:\/\/www.thierry-groensteen.fr\/index.php\/wp-json\/wp\/v2\/media?parent=3577"}],"wp:term":[{"taxonomy":"category","embeddable":true,"href":"https:\/\/www.thierry-groensteen.fr\/index.php\/wp-json\/wp\/v2\/categories?post=3577"},{"taxonomy":"post_tag","embeddable":true,"href":"https:\/\/www.thierry-groensteen.fr\/index.php\/wp-json\/wp\/v2\/tags?post=3577"}],"curies":[{"name":"wp","href":"https:\/\/api.w.org\/{rel}","templated":true}]}}