{"id":3497,"date":"2025-03-07T00:05:52","date_gmt":"2025-03-06T23:05:52","guid":{"rendered":"https:\/\/www.thierry-groensteen.fr\/?p=3497"},"modified":"2025-03-06T14:07:25","modified_gmt":"2025-03-06T13:07:25","slug":"fabio-fragments-fatras","status":"publish","type":"post","link":"https:\/\/www.thierry-groensteen.fr\/index.php\/2025\/03\/07\/fabio-fragments-fatras\/","title":{"rendered":"Fabio, fragments, fatras"},"content":{"rendered":"<p style=\"font-weight: 400;\">Parce qu\u2019il s\u2019agit d\u2019un album inclassable, d\u00e9routant, qui ne ressemble \u00e0 aucun autre, <em>Cascade<\/em>, de Fabio Viscogliosi (L\u2019Association, 2020, hors collection), est de ceux que j\u2019aime \u00e0 rouvrir de temps \u00e0 autre, \u00e0 la recherche de nouvelles associations ou sensations.<\/p>\n<p style=\"font-weight: 400;\"><img decoding=\"async\" class=\"lazyload alignright wp-image-3493 size-fusion-200\" src=\"https:\/\/www.thierry-groensteen.fr\/wp-content\/uploads\/2025\/03\/Cascade_couve-1-200x270.jpg\" data-orig-src=\"https:\/\/www.thierry-groensteen.fr\/wp-content\/uploads\/2025\/03\/Cascade_couve-1-200x270.jpg\" alt=\"\" width=\"200\" height=\"270\" srcset=\"data:image\/svg+xml,%3Csvg%20xmlns%3D%27http%3A%2F%2Fwww.w3.org%2F2000%2Fsvg%27%20width%3D%27200%27%20height%3D%27270%27%20viewBox%3D%270%200%20200%20270%27%3E%3Crect%20width%3D%27200%27%20height%3D%27270%27%20fill-opacity%3D%220%22%2F%3E%3C%2Fsvg%3E\" data-srcset=\"https:\/\/www.thierry-groensteen.fr\/wp-content\/uploads\/2025\/03\/Cascade_couve-1-200x270.jpg 200w, https:\/\/www.thierry-groensteen.fr\/wp-content\/uploads\/2025\/03\/Cascade_couve-1-223x300.jpg 223w, https:\/\/www.thierry-groensteen.fr\/wp-content\/uploads\/2025\/03\/Cascade_couve-1-400x539.jpg 400w, https:\/\/www.thierry-groensteen.fr\/wp-content\/uploads\/2025\/03\/Cascade_couve-1-600x809.jpg 600w, https:\/\/www.thierry-groensteen.fr\/wp-content\/uploads\/2025\/03\/Cascade_couve-1-760x1024.jpg 760w, https:\/\/www.thierry-groensteen.fr\/wp-content\/uploads\/2025\/03\/Cascade_couve-1-768x1035.jpg 768w, https:\/\/www.thierry-groensteen.fr\/wp-content\/uploads\/2025\/03\/Cascade_couve-1-800x1079.jpg 800w, https:\/\/www.thierry-groensteen.fr\/wp-content\/uploads\/2025\/03\/Cascade_couve-1-1139x1536.jpg 1139w, https:\/\/www.thierry-groensteen.fr\/wp-content\/uploads\/2025\/03\/Cascade_couve-1-1200x1618.jpg 1200w, https:\/\/www.thierry-groensteen.fr\/wp-content\/uploads\/2025\/03\/Cascade_couve-1-1519x2048.jpg 1519w, https:\/\/www.thierry-groensteen.fr\/wp-content\/uploads\/2025\/03\/Cascade_couve-1-scaled.jpg 1899w\" data-sizes=\"auto\" data-orig-sizes=\"(max-width: 200px) 100vw, 200px\" \/>La couverture, d\u00e9j\u00e0, place l\u2019entreprise sous le signe de l\u2019insolite\u00a0: l\u2019\u00e2ne dont Fabio a depuis longtemps fait son double (comme Guibert projette l\u2019enfant qu\u2019il a \u00e9t\u00e9 dans l\u2019\u00e2non bleu Ariol), se tient debout sur une plaque de glace, en chemise de nuit et chaussettes, comme s\u2019il venait d\u2019\u00eatre arrach\u00e9 au sommeil. Deux autres plaques de taille plus r\u00e9duite supportent, l\u2019un une lampe de chevet, l\u2019autre un vase orn\u00e9 d\u2019un c\u0153ur (vase de nuit\u00a0?). Et l\u2019on ne sait pas bien si ces \u00ab icebergs \u00bb flottent sur une \u00e9tendue d\u2019eau ou s\u2019ils ne seraient pas plut\u00f4t, comme le dessin en donne l\u2019impression, en train de fendre les airs, mus par on ne sait quelle force myst\u00e9rieuse.<\/p>\n<p style=\"font-weight: 400;\">\u00ab La figure de l\u2019\u00e2ne me travaille depuis que j\u2019ai vu le <em>Pinocchio<\/em> de Comencini, avec ce cancre chang\u00e9 en animal, expliquait Fabio \u00e0 <em>Lib\u00e9ration <\/em>en 2007. C\u2019est devenu un double ou un masque qui me permet de me promener dans mon histoire. \u00bb<\/p>\n<p style=\"font-weight: 400;\"><em>Cascade<\/em>, qui compte 110 pages sans compter les notes terminales, est construit sur l\u2019alternance de trois types de pages\u00a0: des grandes illustrations l\u00e9gend\u00e9es (dont le protagoniste est presque toujours l\u2019\u00e2ne susmentionn\u00e9), des s\u00e9quences narratives souvent limit\u00e9es \u00e0 une page, adoptant la forme d\u2019un gaufrier de 6 cases et pourvues d\u2019un titre, enfin des pages rassemblant des dessins disparates que relie vaguement, ou pas, un th\u00e8me commun. L\u2019auteur les nomme \u00ab Miscellaneous \u00bb, terme qu\u2019il aurait pu traduire par \u00ab M\u00e9lange \u00bb. Au XIXe si\u00e8cle, on les e\u00fbt appel\u00e9es \u00ab Mac\u00e9doines \u00bb.<\/p>\n<div id=\"attachment_3494\" style=\"width: 410px\" class=\"wp-caption aligncenter\"><img decoding=\"async\" aria-describedby=\"caption-attachment-3494\" class=\"lazyload wp-image-3494 size-fusion-400\" src=\"https:\/\/www.thierry-groensteen.fr\/wp-content\/uploads\/2025\/03\/Cascade-p23-400x534.jpg\" data-orig-src=\"https:\/\/www.thierry-groensteen.fr\/wp-content\/uploads\/2025\/03\/Cascade-p23-400x534.jpg\" alt=\"Fabio Viscogliosi, &quot;Cascade&quot;, page 23\" width=\"400\" height=\"534\" srcset=\"data:image\/svg+xml,%3Csvg%20xmlns%3D%27http%3A%2F%2Fwww.w3.org%2F2000%2Fsvg%27%20width%3D%27400%27%20height%3D%27534%27%20viewBox%3D%270%200%20400%20534%27%3E%3Crect%20width%3D%27400%27%20height%3D%27534%27%20fill-opacity%3D%220%22%2F%3E%3C%2Fsvg%3E\" data-srcset=\"https:\/\/www.thierry-groensteen.fr\/wp-content\/uploads\/2025\/03\/Cascade-p23-200x267.jpg 200w, https:\/\/www.thierry-groensteen.fr\/wp-content\/uploads\/2025\/03\/Cascade-p23-225x300.jpg 225w, https:\/\/www.thierry-groensteen.fr\/wp-content\/uploads\/2025\/03\/Cascade-p23-400x534.jpg 400w, https:\/\/www.thierry-groensteen.fr\/wp-content\/uploads\/2025\/03\/Cascade-p23-600x802.jpg 600w, https:\/\/www.thierry-groensteen.fr\/wp-content\/uploads\/2025\/03\/Cascade-p23-766x1024.jpg 766w, https:\/\/www.thierry-groensteen.fr\/wp-content\/uploads\/2025\/03\/Cascade-p23-768x1026.jpg 768w, https:\/\/www.thierry-groensteen.fr\/wp-content\/uploads\/2025\/03\/Cascade-p23-800x1069.jpg 800w, https:\/\/www.thierry-groensteen.fr\/wp-content\/uploads\/2025\/03\/Cascade-p23-1150x1536.jpg 1150w, https:\/\/www.thierry-groensteen.fr\/wp-content\/uploads\/2025\/03\/Cascade-p23-1200x1603.jpg 1200w, https:\/\/www.thierry-groensteen.fr\/wp-content\/uploads\/2025\/03\/Cascade-p23.jpg 1378w\" data-sizes=\"auto\" data-orig-sizes=\"(max-width: 400px) 100vw, 400px\" \/><p id=\"caption-attachment-3494\" class=\"wp-caption-text\">\u00ab\u00a0Cascade\u00a0\u00bb, page 23 \u2013 \u00a9 L&rsquo;Association<\/p><\/div>\n<div id=\"attachment_3495\" style=\"width: 410px\" class=\"wp-caption aligncenter\"><img decoding=\"async\" aria-describedby=\"caption-attachment-3495\" class=\"lazyload wp-image-3495 size-fusion-400\" src=\"https:\/\/www.thierry-groensteen.fr\/wp-content\/uploads\/2025\/03\/Cascade-p54-400x586.jpg\" data-orig-src=\"https:\/\/www.thierry-groensteen.fr\/wp-content\/uploads\/2025\/03\/Cascade-p54-400x586.jpg\" alt=\"Fabio Viscogliosi, &quot;Cascade&quot;, p. 54\" width=\"400\" height=\"586\" srcset=\"data:image\/svg+xml,%3Csvg%20xmlns%3D%27http%3A%2F%2Fwww.w3.org%2F2000%2Fsvg%27%20width%3D%27400%27%20height%3D%27586%27%20viewBox%3D%270%200%20400%20586%27%3E%3Crect%20width%3D%27400%27%20height%3D%27586%27%20fill-opacity%3D%220%22%2F%3E%3C%2Fsvg%3E\" data-srcset=\"https:\/\/www.thierry-groensteen.fr\/wp-content\/uploads\/2025\/03\/Cascade-p54-200x293.jpg 200w, https:\/\/www.thierry-groensteen.fr\/wp-content\/uploads\/2025\/03\/Cascade-p54-205x300.jpg 205w, https:\/\/www.thierry-groensteen.fr\/wp-content\/uploads\/2025\/03\/Cascade-p54-400x586.jpg 400w, https:\/\/www.thierry-groensteen.fr\/wp-content\/uploads\/2025\/03\/Cascade-p54-600x879.jpg 600w, https:\/\/www.thierry-groensteen.fr\/wp-content\/uploads\/2025\/03\/Cascade-p54-699x1024.jpg 699w, https:\/\/www.thierry-groensteen.fr\/wp-content\/uploads\/2025\/03\/Cascade-p54-768x1126.jpg 768w, https:\/\/www.thierry-groensteen.fr\/wp-content\/uploads\/2025\/03\/Cascade-p54-800x1173.jpg 800w, https:\/\/www.thierry-groensteen.fr\/wp-content\/uploads\/2025\/03\/Cascade-p54-1048x1536.jpg 1048w, https:\/\/www.thierry-groensteen.fr\/wp-content\/uploads\/2025\/03\/Cascade-p54-1200x1759.jpg 1200w, https:\/\/www.thierry-groensteen.fr\/wp-content\/uploads\/2025\/03\/Cascade-p54.jpg 1374w\" data-sizes=\"auto\" data-orig-sizes=\"(max-width: 400px) 100vw, 400px\" \/><p id=\"caption-attachment-3495\" class=\"wp-caption-text\">\u00ab\u00a0Cascade\u00a0\u00bb, p. 54 \u2013 \u00a9 L&rsquo;Association<\/p><\/div>\n<p style=\"font-weight: 400;\">Pas de continuit\u00e9, donc, entre ces diff\u00e9rents types de fragments, pas de grands r\u00e9cits, mais une collection d\u2019instants, de r\u00e9flexions, de questionnements. Le texte est \u00e9crit \u00e0 la premi\u00e8re personne, et convoque, de toute \u00e9vidence, des r\u00e9miniscences autobiographiques\u00a0: sur les parents, immigr\u00e9s italiens (page 17\u00a0; d\u2019autres signes d\u2019italianit\u00e9 affleurent par-ci par-l\u00e0\u00a0: les <em>gelati<\/em>, le Campari, les cafeti\u00e8res \u00ab Moka \u00bb, des ruines romaines\u2026) ou sur un amour de coll\u00e8ge (p. 36). Il fait aussi l\u2019inventaire des artistes dont Fabio s\u2019est nourri, dans diff\u00e9rents domaines\u00a0: arts plastiques (Albers, Calder, Steinberg, Morandi, de Chirico ou L\u00e9ger), litt\u00e9rature (Joyce, Joubert, Chandler, Walser, Apollinaire, Rimbaud, Proust, Kerouac, Kafka\u2026), cin\u00e9ma (Rohmer, van Sant, Chaplin, Rossellini, Bresson, Ozu, Bergman\u2026) et musique (Leonard Cohen, le Velvet Underground, Bob Dylan\u2026). L\u2019accumulation des r\u00e9f\u00e9rences peut sembler p\u00e9dante mais elles sont distill\u00e9es sans ostentation ni insistance, dessinant peu \u00e0 peu une constellation d\u2019affinit\u00e9s, comme un cercle d\u2019amis. Elle est ce qui permet au narrateur d\u2019affirmer que la vie \u00ab a du style \u00bb. Il convient de ne pas oublier que Fabio Viscogliosi a lui-m\u00eame \u00e9crit plusieurs livres sans images et enregistr\u00e9 plusieurs disques, qu\u2019il se d\u00e9place sans cesse, \u00e0 l\u2019image de ce chat errant filiforme toujours en mouvement (sorte de chat de Giacometti redress\u00e9) qui est son autre personnage f\u00e9tiche.<\/p>\n<p style=\"font-weight: 400;\">Les pages les plus surprenantes sont celles, au nombre d\u2019une petite dizaine, o\u00f9 une dissociation s\u2019installe entre le texte et l\u2019image. Une r\u00e8gle \u00e9l\u00e9mentaire de la bande dessin\u00e9e (ce langage o\u00f9 les images s\u2019encha\u00eenent <em>en cascade<\/em>), selon laquelle le dessin intervient <em>\u00e0 propos<\/em> pour illustrer ou compl\u00e9ter ce qu\u2019\u00e9nonce le verbe, se trouve tranquillement battue en br\u00e8che. Par exemple, dans les quatre pages o\u00f9 Fabio reprend int\u00e9gralement les paroles de la chanson de Dylan <em>Girl from the North Country<\/em> (p. 79-82), les dessins ne proposent rien qu\u2019un jeu de formes et de couleurs \u00e9voquant de vagues paysages m\u00e9taphysiques. On ne peut pas dire qu\u2019ils adviennent en r\u00e9sonance des mots, mais plut\u00f4t qu\u2019ils ouvrent chaque phrase sur un ailleurs, un espace d\u2019incertitude et de r\u00eaverie.<\/p>\n<div id=\"attachment_3496\" style=\"width: 410px\" class=\"wp-caption aligncenter\"><img decoding=\"async\" aria-describedby=\"caption-attachment-3496\" class=\"lazyload wp-image-3496 size-fusion-400\" src=\"https:\/\/www.thierry-groensteen.fr\/wp-content\/uploads\/2025\/03\/Cascade-p81-400x574.jpg\" data-orig-src=\"https:\/\/www.thierry-groensteen.fr\/wp-content\/uploads\/2025\/03\/Cascade-p81-400x574.jpg\" alt=\"Fabio Viscogliosi, &quot;Cascade&quot;, p. 81 \" width=\"400\" height=\"574\" srcset=\"data:image\/svg+xml,%3Csvg%20xmlns%3D%27http%3A%2F%2Fwww.w3.org%2F2000%2Fsvg%27%20width%3D%27400%27%20height%3D%27574%27%20viewBox%3D%270%200%20400%20574%27%3E%3Crect%20width%3D%27400%27%20height%3D%27574%27%20fill-opacity%3D%220%22%2F%3E%3C%2Fsvg%3E\" data-srcset=\"https:\/\/www.thierry-groensteen.fr\/wp-content\/uploads\/2025\/03\/Cascade-p81-200x287.jpg 200w, https:\/\/www.thierry-groensteen.fr\/wp-content\/uploads\/2025\/03\/Cascade-p81-209x300.jpg 209w, https:\/\/www.thierry-groensteen.fr\/wp-content\/uploads\/2025\/03\/Cascade-p81-400x574.jpg 400w, https:\/\/www.thierry-groensteen.fr\/wp-content\/uploads\/2025\/03\/Cascade-p81-600x861.jpg 600w, https:\/\/www.thierry-groensteen.fr\/wp-content\/uploads\/2025\/03\/Cascade-p81-714x1024.jpg 714w, https:\/\/www.thierry-groensteen.fr\/wp-content\/uploads\/2025\/03\/Cascade-p81-768x1101.jpg 768w, https:\/\/www.thierry-groensteen.fr\/wp-content\/uploads\/2025\/03\/Cascade-p81-800x1147.jpg 800w, https:\/\/www.thierry-groensteen.fr\/wp-content\/uploads\/2025\/03\/Cascade-p81-1071x1536.jpg 1071w, https:\/\/www.thierry-groensteen.fr\/wp-content\/uploads\/2025\/03\/Cascade-p81-1200x1721.jpg 1200w, https:\/\/www.thierry-groensteen.fr\/wp-content\/uploads\/2025\/03\/Cascade-p81.jpg 1361w\" data-sizes=\"auto\" data-orig-sizes=\"(max-width: 400px) 100vw, 400px\" \/><p id=\"caption-attachment-3496\" class=\"wp-caption-text\">\u00ab\u00a0Cascade\u00a0\u00bb, p. 81 \u2013 \u00a9 L&rsquo;Association<\/p><\/div>\n<p style=\"font-weight: 400;\">Je rel\u00e8ve, dans le cours du livre, les expressions suivantes\u00a0: ouvrir l\u2019esprit \u00e0 \u00ab un fabuleux champ de possibles \u00bb\u00a0(p. 20) ; \u00e9largir la r\u00e9alit\u00e9 \u00ab au-del\u00e0 des dimensions usuelles \u00bb (p. 33)\u00a0; cultiver des pens\u00e9es \u00ab tout en zigzags \u00bb (p. 60). Elles me paraissent converger pour d\u00e9signer l\u2019ambition de faire des pas de c\u00f4t\u00e9, de prendre les choses par d\u2019autres bouts pour mieux interroger leur \u00e9nigme.<\/p>\n<p style=\"font-weight: 400;\">\u00c9nigme que pourraient bien d\u00e9signer m\u00e9taphoriquement ces innombrables petits nuages, ces vapeurs, ces fumeroles, ces cercles vides qui prolif\u00e8rent dans la plupart des pages. Fabio reconduit le monde \u00e0 l\u2019\u00e9tat gazeux.<\/p>\n","protected":false},"excerpt":{"rendered":"<p>Parce qu\u2019il s\u2019agit d\u2019un album inclassable, d\u00e9routant, qui ne ressemble \u00e0 aucun autre, Cascade, de Fabio Viscogliosi (L\u2019Association, 2020, hors collection), est de ceux que j\u2019aime \u00e0 rouvrir de temps \u00e0 autre, \u00e0 la recherche de nouvelles associations ou sensations. La couverture, d\u00e9j\u00e0, place l\u2019entreprise sous le signe de l\u2019insolite\u00a0: l\u2019\u00e2ne dont Fabio a [&hellip;]<\/p>\n","protected":false},"author":1,"featured_media":3492,"comment_status":"closed","ping_status":"closed","sticky":false,"template":"","format":"standard","meta":{"footnotes":""},"categories":[70],"tags":[],"class_list":["post-3497","post","type-post","status-publish","format-standard","has-post-thumbnail","hentry","category-mon-blog"],"acf":[],"yoast_head":"<!-- This site is optimized with the Yoast SEO plugin v27.5 - https:\/\/yoast.com\/product\/yoast-seo-wordpress\/ -->\n<title>Fabio, fragments, fatras - le site de Thierry Groensteen<\/title>\n<meta name=\"robots\" content=\"index, follow, max-snippet:-1, max-image-preview:large, max-video-preview:-1\" \/>\n<link rel=\"canonical\" href=\"https:\/\/www.thierry-groensteen.fr\/index.php\/2025\/03\/07\/fabio-fragments-fatras\/\" \/>\n<meta property=\"og:locale\" content=\"fr_FR\" \/>\n<meta property=\"og:type\" content=\"article\" \/>\n<meta property=\"og:title\" content=\"Fabio, fragments, fatras - le site de Thierry Groensteen\" \/>\n<meta property=\"og:description\" content=\"Parce qu\u2019il s\u2019agit d\u2019un album inclassable, d\u00e9routant, qui ne ressemble \u00e0 aucun autre, Cascade, de Fabio Viscogliosi (L\u2019Association, 2020, hors collection), est de ceux que j\u2019aime \u00e0 rouvrir de temps \u00e0 autre, \u00e0 la recherche de nouvelles associations ou sensations. La couverture, d\u00e9j\u00e0, place l\u2019entreprise sous le signe de l\u2019insolite\u00a0: l\u2019\u00e2ne dont Fabio a [&hellip;]\" \/>\n<meta property=\"og:url\" content=\"https:\/\/www.thierry-groensteen.fr\/index.php\/2025\/03\/07\/fabio-fragments-fatras\/\" \/>\n<meta property=\"og:site_name\" content=\"le site de Thierry Groensteen\" \/>\n<meta property=\"article:published_time\" content=\"2025-03-06T23:05:52+00:00\" \/>\n<meta property=\"og:image\" content=\"https:\/\/www.thierry-groensteen.fr\/wp-content\/uploads\/2025\/03\/Cascade_couve-scaled-e1741266012662.jpg\" \/>\n\t<meta property=\"og:image:width\" content=\"1899\" \/>\n\t<meta property=\"og:image:height\" content=\"870\" \/>\n\t<meta property=\"og:image:type\" content=\"image\/jpeg\" \/>\n<meta name=\"author\" content=\"TG\" \/>\n<meta name=\"twitter:card\" content=\"summary_large_image\" \/>\n<meta name=\"twitter:label1\" content=\"\u00c9crit par\" \/>\n\t<meta name=\"twitter:data1\" content=\"TG\" \/>\n\t<meta name=\"twitter:label2\" content=\"Dur\u00e9e de lecture estim\u00e9e\" \/>\n\t<meta name=\"twitter:data2\" content=\"4 minutes\" \/>\n<script type=\"application\/ld+json\" class=\"yoast-schema-graph\">{\"@context\":\"https:\\\/\\\/schema.org\",\"@graph\":[{\"@type\":\"Article\",\"@id\":\"https:\\\/\\\/www.thierry-groensteen.fr\\\/index.php\\\/2025\\\/03\\\/07\\\/fabio-fragments-fatras\\\/#article\",\"isPartOf\":{\"@id\":\"https:\\\/\\\/www.thierry-groensteen.fr\\\/index.php\\\/2025\\\/03\\\/07\\\/fabio-fragments-fatras\\\/\"},\"author\":{\"name\":\"TG\",\"@id\":\"https:\\\/\\\/www.thierry-groensteen.fr\\\/#\\\/schema\\\/person\\\/3695d4890604be69f280ebbb549210b5\"},\"headline\":\"Fabio, fragments, fatras\",\"datePublished\":\"2025-03-06T23:05:52+00:00\",\"mainEntityOfPage\":{\"@id\":\"https:\\\/\\\/www.thierry-groensteen.fr\\\/index.php\\\/2025\\\/03\\\/07\\\/fabio-fragments-fatras\\\/\"},\"wordCount\":824,\"publisher\":{\"@id\":\"https:\\\/\\\/www.thierry-groensteen.fr\\\/#\\\/schema\\\/person\\\/3695d4890604be69f280ebbb549210b5\"},\"image\":{\"@id\":\"https:\\\/\\\/www.thierry-groensteen.fr\\\/index.php\\\/2025\\\/03\\\/07\\\/fabio-fragments-fatras\\\/#primaryimage\"},\"thumbnailUrl\":\"https:\\\/\\\/www.thierry-groensteen.fr\\\/wp-content\\\/uploads\\\/2025\\\/03\\\/Cascade_couve-scaled-e1741266012662.jpg\",\"articleSection\":[\"mon Blog\"],\"inLanguage\":\"fr-FR\"},{\"@type\":\"WebPage\",\"@id\":\"https:\\\/\\\/www.thierry-groensteen.fr\\\/index.php\\\/2025\\\/03\\\/07\\\/fabio-fragments-fatras\\\/\",\"url\":\"https:\\\/\\\/www.thierry-groensteen.fr\\\/index.php\\\/2025\\\/03\\\/07\\\/fabio-fragments-fatras\\\/\",\"name\":\"Fabio, fragments, fatras - le site de Thierry Groensteen\",\"isPartOf\":{\"@id\":\"https:\\\/\\\/www.thierry-groensteen.fr\\\/#website\"},\"primaryImageOfPage\":{\"@id\":\"https:\\\/\\\/www.thierry-groensteen.fr\\\/index.php\\\/2025\\\/03\\\/07\\\/fabio-fragments-fatras\\\/#primaryimage\"},\"image\":{\"@id\":\"https:\\\/\\\/www.thierry-groensteen.fr\\\/index.php\\\/2025\\\/03\\\/07\\\/fabio-fragments-fatras\\\/#primaryimage\"},\"thumbnailUrl\":\"https:\\\/\\\/www.thierry-groensteen.fr\\\/wp-content\\\/uploads\\\/2025\\\/03\\\/Cascade_couve-scaled-e1741266012662.jpg\",\"datePublished\":\"2025-03-06T23:05:52+00:00\",\"breadcrumb\":{\"@id\":\"https:\\\/\\\/www.thierry-groensteen.fr\\\/index.php\\\/2025\\\/03\\\/07\\\/fabio-fragments-fatras\\\/#breadcrumb\"},\"inLanguage\":\"fr-FR\",\"potentialAction\":[{\"@type\":\"ReadAction\",\"target\":[\"https:\\\/\\\/www.thierry-groensteen.fr\\\/index.php\\\/2025\\\/03\\\/07\\\/fabio-fragments-fatras\\\/\"]}]},{\"@type\":\"ImageObject\",\"inLanguage\":\"fr-FR\",\"@id\":\"https:\\\/\\\/www.thierry-groensteen.fr\\\/index.php\\\/2025\\\/03\\\/07\\\/fabio-fragments-fatras\\\/#primaryimage\",\"url\":\"https:\\\/\\\/www.thierry-groensteen.fr\\\/wp-content\\\/uploads\\\/2025\\\/03\\\/Cascade_couve-scaled-e1741266012662.jpg\",\"contentUrl\":\"https:\\\/\\\/www.thierry-groensteen.fr\\\/wp-content\\\/uploads\\\/2025\\\/03\\\/Cascade_couve-scaled-e1741266012662.jpg\",\"width\":1899,\"height\":870},{\"@type\":\"BreadcrumbList\",\"@id\":\"https:\\\/\\\/www.thierry-groensteen.fr\\\/index.php\\\/2025\\\/03\\\/07\\\/fabio-fragments-fatras\\\/#breadcrumb\",\"itemListElement\":[{\"@type\":\"ListItem\",\"position\":1,\"name\":\"Accueil\",\"item\":\"https:\\\/\\\/www.thierry-groensteen.fr\\\/\"},{\"@type\":\"ListItem\",\"position\":2,\"name\":\"Fabio, fragments, fatras\"}]},{\"@type\":\"WebSite\",\"@id\":\"https:\\\/\\\/www.thierry-groensteen.fr\\\/#website\",\"url\":\"https:\\\/\\\/www.thierry-groensteen.fr\\\/\",\"name\":\"le site de Thierry Groensteen\",\"description\":\"site officiel\",\"publisher\":{\"@id\":\"https:\\\/\\\/www.thierry-groensteen.fr\\\/#\\\/schema\\\/person\\\/3695d4890604be69f280ebbb549210b5\"},\"potentialAction\":[{\"@type\":\"SearchAction\",\"target\":{\"@type\":\"EntryPoint\",\"urlTemplate\":\"https:\\\/\\\/www.thierry-groensteen.fr\\\/?s={search_term_string}\"},\"query-input\":{\"@type\":\"PropertyValueSpecification\",\"valueRequired\":true,\"valueName\":\"search_term_string\"}}],\"inLanguage\":\"fr-FR\"},{\"@type\":[\"Person\",\"Organization\"],\"@id\":\"https:\\\/\\\/www.thierry-groensteen.fr\\\/#\\\/schema\\\/person\\\/3695d4890604be69f280ebbb549210b5\",\"name\":\"TG\",\"image\":{\"@type\":\"ImageObject\",\"inLanguage\":\"fr-FR\",\"@id\":\"https:\\\/\\\/www.thierry-groensteen.fr\\\/wp-content\\\/uploads\\\/2023\\\/09\\\/logo_ThierryGroensteen_header.png\",\"url\":\"https:\\\/\\\/www.thierry-groensteen.fr\\\/wp-content\\\/uploads\\\/2023\\\/09\\\/logo_ThierryGroensteen_header.png\",\"contentUrl\":\"https:\\\/\\\/www.thierry-groensteen.fr\\\/wp-content\\\/uploads\\\/2023\\\/09\\\/logo_ThierryGroensteen_header.png\",\"width\":620,\"height\":240,\"caption\":\"TG\"},\"logo\":{\"@id\":\"https:\\\/\\\/www.thierry-groensteen.fr\\\/wp-content\\\/uploads\\\/2023\\\/09\\\/logo_ThierryGroensteen_header.png\"},\"sameAs\":[\"https:\\\/\\\/www.thierry-groensteen.fr\"],\"url\":\"https:\\\/\\\/www.thierry-groensteen.fr\\\/index.php\\\/author\\\/admin5797\\\/\"}]}<\/script>\n<!-- \/ Yoast SEO plugin. -->","yoast_head_json":{"title":"Fabio, fragments, fatras - le site de Thierry Groensteen","robots":{"index":"index","follow":"follow","max-snippet":"max-snippet:-1","max-image-preview":"max-image-preview:large","max-video-preview":"max-video-preview:-1"},"canonical":"https:\/\/www.thierry-groensteen.fr\/index.php\/2025\/03\/07\/fabio-fragments-fatras\/","og_locale":"fr_FR","og_type":"article","og_title":"Fabio, fragments, fatras - le site de Thierry Groensteen","og_description":"Parce qu\u2019il s\u2019agit d\u2019un album inclassable, d\u00e9routant, qui ne ressemble \u00e0 aucun autre, Cascade, de Fabio Viscogliosi (L\u2019Association, 2020, hors collection), est de ceux que j\u2019aime \u00e0 rouvrir de temps \u00e0 autre, \u00e0 la recherche de nouvelles associations ou sensations. La couverture, d\u00e9j\u00e0, place l\u2019entreprise sous le signe de l\u2019insolite\u00a0: l\u2019\u00e2ne dont Fabio a [&hellip;]","og_url":"https:\/\/www.thierry-groensteen.fr\/index.php\/2025\/03\/07\/fabio-fragments-fatras\/","og_site_name":"le site de Thierry Groensteen","article_published_time":"2025-03-06T23:05:52+00:00","og_image":[{"width":1899,"height":870,"url":"https:\/\/www.thierry-groensteen.fr\/wp-content\/uploads\/2025\/03\/Cascade_couve-scaled-e1741266012662.jpg","type":"image\/jpeg"}],"author":"TG","twitter_card":"summary_large_image","twitter_misc":{"\u00c9crit par":"TG","Dur\u00e9e de lecture estim\u00e9e":"4 minutes"},"schema":{"@context":"https:\/\/schema.org","@graph":[{"@type":"Article","@id":"https:\/\/www.thierry-groensteen.fr\/index.php\/2025\/03\/07\/fabio-fragments-fatras\/#article","isPartOf":{"@id":"https:\/\/www.thierry-groensteen.fr\/index.php\/2025\/03\/07\/fabio-fragments-fatras\/"},"author":{"name":"TG","@id":"https:\/\/www.thierry-groensteen.fr\/#\/schema\/person\/3695d4890604be69f280ebbb549210b5"},"headline":"Fabio, fragments, fatras","datePublished":"2025-03-06T23:05:52+00:00","mainEntityOfPage":{"@id":"https:\/\/www.thierry-groensteen.fr\/index.php\/2025\/03\/07\/fabio-fragments-fatras\/"},"wordCount":824,"publisher":{"@id":"https:\/\/www.thierry-groensteen.fr\/#\/schema\/person\/3695d4890604be69f280ebbb549210b5"},"image":{"@id":"https:\/\/www.thierry-groensteen.fr\/index.php\/2025\/03\/07\/fabio-fragments-fatras\/#primaryimage"},"thumbnailUrl":"https:\/\/www.thierry-groensteen.fr\/wp-content\/uploads\/2025\/03\/Cascade_couve-scaled-e1741266012662.jpg","articleSection":["mon Blog"],"inLanguage":"fr-FR"},{"@type":"WebPage","@id":"https:\/\/www.thierry-groensteen.fr\/index.php\/2025\/03\/07\/fabio-fragments-fatras\/","url":"https:\/\/www.thierry-groensteen.fr\/index.php\/2025\/03\/07\/fabio-fragments-fatras\/","name":"Fabio, fragments, fatras - le site de Thierry Groensteen","isPartOf":{"@id":"https:\/\/www.thierry-groensteen.fr\/#website"},"primaryImageOfPage":{"@id":"https:\/\/www.thierry-groensteen.fr\/index.php\/2025\/03\/07\/fabio-fragments-fatras\/#primaryimage"},"image":{"@id":"https:\/\/www.thierry-groensteen.fr\/index.php\/2025\/03\/07\/fabio-fragments-fatras\/#primaryimage"},"thumbnailUrl":"https:\/\/www.thierry-groensteen.fr\/wp-content\/uploads\/2025\/03\/Cascade_couve-scaled-e1741266012662.jpg","datePublished":"2025-03-06T23:05:52+00:00","breadcrumb":{"@id":"https:\/\/www.thierry-groensteen.fr\/index.php\/2025\/03\/07\/fabio-fragments-fatras\/#breadcrumb"},"inLanguage":"fr-FR","potentialAction":[{"@type":"ReadAction","target":["https:\/\/www.thierry-groensteen.fr\/index.php\/2025\/03\/07\/fabio-fragments-fatras\/"]}]},{"@type":"ImageObject","inLanguage":"fr-FR","@id":"https:\/\/www.thierry-groensteen.fr\/index.php\/2025\/03\/07\/fabio-fragments-fatras\/#primaryimage","url":"https:\/\/www.thierry-groensteen.fr\/wp-content\/uploads\/2025\/03\/Cascade_couve-scaled-e1741266012662.jpg","contentUrl":"https:\/\/www.thierry-groensteen.fr\/wp-content\/uploads\/2025\/03\/Cascade_couve-scaled-e1741266012662.jpg","width":1899,"height":870},{"@type":"BreadcrumbList","@id":"https:\/\/www.thierry-groensteen.fr\/index.php\/2025\/03\/07\/fabio-fragments-fatras\/#breadcrumb","itemListElement":[{"@type":"ListItem","position":1,"name":"Accueil","item":"https:\/\/www.thierry-groensteen.fr\/"},{"@type":"ListItem","position":2,"name":"Fabio, fragments, fatras"}]},{"@type":"WebSite","@id":"https:\/\/www.thierry-groensteen.fr\/#website","url":"https:\/\/www.thierry-groensteen.fr\/","name":"le site de Thierry Groensteen","description":"site officiel","publisher":{"@id":"https:\/\/www.thierry-groensteen.fr\/#\/schema\/person\/3695d4890604be69f280ebbb549210b5"},"potentialAction":[{"@type":"SearchAction","target":{"@type":"EntryPoint","urlTemplate":"https:\/\/www.thierry-groensteen.fr\/?s={search_term_string}"},"query-input":{"@type":"PropertyValueSpecification","valueRequired":true,"valueName":"search_term_string"}}],"inLanguage":"fr-FR"},{"@type":["Person","Organization"],"@id":"https:\/\/www.thierry-groensteen.fr\/#\/schema\/person\/3695d4890604be69f280ebbb549210b5","name":"TG","image":{"@type":"ImageObject","inLanguage":"fr-FR","@id":"https:\/\/www.thierry-groensteen.fr\/wp-content\/uploads\/2023\/09\/logo_ThierryGroensteen_header.png","url":"https:\/\/www.thierry-groensteen.fr\/wp-content\/uploads\/2023\/09\/logo_ThierryGroensteen_header.png","contentUrl":"https:\/\/www.thierry-groensteen.fr\/wp-content\/uploads\/2023\/09\/logo_ThierryGroensteen_header.png","width":620,"height":240,"caption":"TG"},"logo":{"@id":"https:\/\/www.thierry-groensteen.fr\/wp-content\/uploads\/2023\/09\/logo_ThierryGroensteen_header.png"},"sameAs":["https:\/\/www.thierry-groensteen.fr"],"url":"https:\/\/www.thierry-groensteen.fr\/index.php\/author\/admin5797\/"}]}},"_links":{"self":[{"href":"https:\/\/www.thierry-groensteen.fr\/index.php\/wp-json\/wp\/v2\/posts\/3497","targetHints":{"allow":["GET"]}}],"collection":[{"href":"https:\/\/www.thierry-groensteen.fr\/index.php\/wp-json\/wp\/v2\/posts"}],"about":[{"href":"https:\/\/www.thierry-groensteen.fr\/index.php\/wp-json\/wp\/v2\/types\/post"}],"author":[{"embeddable":true,"href":"https:\/\/www.thierry-groensteen.fr\/index.php\/wp-json\/wp\/v2\/users\/1"}],"replies":[{"embeddable":true,"href":"https:\/\/www.thierry-groensteen.fr\/index.php\/wp-json\/wp\/v2\/comments?post=3497"}],"version-history":[{"count":3,"href":"https:\/\/www.thierry-groensteen.fr\/index.php\/wp-json\/wp\/v2\/posts\/3497\/revisions"}],"predecessor-version":[{"id":3500,"href":"https:\/\/www.thierry-groensteen.fr\/index.php\/wp-json\/wp\/v2\/posts\/3497\/revisions\/3500"}],"wp:featuredmedia":[{"embeddable":true,"href":"https:\/\/www.thierry-groensteen.fr\/index.php\/wp-json\/wp\/v2\/media\/3492"}],"wp:attachment":[{"href":"https:\/\/www.thierry-groensteen.fr\/index.php\/wp-json\/wp\/v2\/media?parent=3497"}],"wp:term":[{"taxonomy":"category","embeddable":true,"href":"https:\/\/www.thierry-groensteen.fr\/index.php\/wp-json\/wp\/v2\/categories?post=3497"},{"taxonomy":"post_tag","embeddable":true,"href":"https:\/\/www.thierry-groensteen.fr\/index.php\/wp-json\/wp\/v2\/tags?post=3497"}],"curies":[{"name":"wp","href":"https:\/\/api.w.org\/{rel}","templated":true}]}}