{"id":3484,"date":"2025-03-02T00:05:09","date_gmt":"2025-03-01T23:05:09","guid":{"rendered":"https:\/\/www.thierry-groensteen.fr\/?p=3484"},"modified":"2025-02-27T09:55:19","modified_gmt":"2025-02-27T08:55:19","slug":"faut-il-sarmer","status":"publish","type":"post","link":"https:\/\/www.thierry-groensteen.fr\/index.php\/2025\/03\/02\/faut-il-sarmer\/","title":{"rendered":"Faut-il s\u2019armer ?"},"content":{"rendered":"<p style=\"font-weight: 400;\">Je n\u2019ai gu\u00e8re le temps, ces jours-ci, de me consacrer \u00e0 ce blog, et les deux ou trois sujets sur lesquels j\u2019avais pr\u00e9vu d\u2019\u00e9crire devront attendre. Pour ne pas \u00eatre compl\u00e8tement absent, je prends quelques minutes afin de vous pr\u00e9senter un roman graphique r\u00e9cemment publi\u00e9 aux \u00c9tats-Unis sous la marque Seriocomics, qui concerne l\u2019un des sujets r\u00e9currents (vu d\u2019ici, je dirais\u00a0: l\u2019un des maux end\u00e9miques) au pays de Donald Trump\u00a0: la prolif\u00e9ration des armes.<\/p>\n<p style=\"font-weight: 400;\"><em><img decoding=\"async\" class=\"lazyload alignright wp-image-3487 size-fusion-200\" src=\"https:\/\/www.thierry-groensteen.fr\/wp-content\/uploads\/2025\/02\/couve-Should-we-buy-1-200x302.jpg\" data-orig-src=\"https:\/\/www.thierry-groensteen.fr\/wp-content\/uploads\/2025\/02\/couve-Should-we-buy-1-200x302.jpg\" alt=\"\" width=\"200\" height=\"302\" srcset=\"data:image\/svg+xml,%3Csvg%20xmlns%3D%27http%3A%2F%2Fwww.w3.org%2F2000%2Fsvg%27%20width%3D%27200%27%20height%3D%27302%27%20viewBox%3D%270%200%20200%20302%27%3E%3Crect%20width%3D%27200%27%20height%3D%27302%27%20fill-opacity%3D%220%22%2F%3E%3C%2Fsvg%3E\" data-srcset=\"https:\/\/www.thierry-groensteen.fr\/wp-content\/uploads\/2025\/02\/couve-Should-we-buy-1-198x300.jpg 198w, https:\/\/www.thierry-groensteen.fr\/wp-content\/uploads\/2025\/02\/couve-Should-we-buy-1-200x302.jpg 200w, https:\/\/www.thierry-groensteen.fr\/wp-content\/uploads\/2025\/02\/couve-Should-we-buy-1-400x605.jpg 400w, https:\/\/www.thierry-groensteen.fr\/wp-content\/uploads\/2025\/02\/couve-Should-we-buy-1-600x907.jpg 600w, https:\/\/www.thierry-groensteen.fr\/wp-content\/uploads\/2025\/02\/couve-Should-we-buy-1-677x1024.jpg 677w, https:\/\/www.thierry-groensteen.fr\/wp-content\/uploads\/2025\/02\/couve-Should-we-buy-1-768x1161.jpg 768w, https:\/\/www.thierry-groensteen.fr\/wp-content\/uploads\/2025\/02\/couve-Should-we-buy-1-800x1209.jpg 800w, https:\/\/www.thierry-groensteen.fr\/wp-content\/uploads\/2025\/02\/couve-Should-we-buy-1-1016x1536.jpg 1016w, https:\/\/www.thierry-groensteen.fr\/wp-content\/uploads\/2025\/02\/couve-Should-we-buy-1.jpg 1192w\" data-sizes=\"auto\" data-orig-sizes=\"(max-width: 200px) 100vw, 200px\" \/>Should we buy a gun\u00a0?<\/em> a pour ambition de d\u00e9passionnaliser le d\u00e9bat. La quatri\u00e8me de couverture met en avant le fait que ce livre est n\u00e9 d\u2019une collaboration f\u00e9conde entre un sc\u00e9nariste de gauche, Dave Cowen, et un dessinateur de droite, Gabriel Wexter, \u2013 ce qui, dans un pays aussi polaris\u00e9, constitue une sorte d\u2019\u00e9v\u00e9nement en soi. \u00c0 d\u00e9faut d\u2019\u00eatre exempt de point de vue, <em>Should we buy a gun\u00a0? <\/em>(Faut-il que nous achetions une arme\u00a0?) met en sc\u00e8ne un jeune couple sans enfant aux id\u00e9es progressistes, qui vit \u00e0 Austin (Texas). Ils n\u2019ont jamais jug\u00e9 utile de poss\u00e9der un arsenal pour se d\u00e9fendre, et \u00e9voluent parmi un cercle d\u2019amis auxquels cette id\u00e9e fait positivement horreur. Mais voil\u00e0\u00a0: un jour deux types cagoul\u00e9s et arm\u00e9s s\u2019introduisent chez eux pour les voler et cette confrontation avec la violence les laisse traumatis\u00e9s. C\u2019est la jeune femme qui, la premi\u00e8re, prend l\u2019initiative de se procurer une arme de d\u00e9fense (un pistolet bariol\u00e9 aux couleurs de la banni\u00e8re \u00e9toil\u00e9e), au grand scandale de son mari. Pour lui faire plaisir, il accepte de s\u2019inscrire \u00e0 des s\u00e9ances de tir et c\u2019est lui, alors, qui se prend au jeu. Le maniement d\u2019une arme de poing le transforme, de mani\u00e8re un tantinet caricaturale, en une sorte de macho viriliste.<\/p>\n<p style=\"font-weight: 400;\">Je ne raconterai pas plus avant ce qu\u2019il advient de notre gentil couple. Le livre est long (325 pages), il d\u00e9plie tous les arguments en faveur du droit \u00e0 se d\u00e9fendre comme en faveur de la non-violence, non sans force r\u00e9f\u00e9rences au deuxi\u00e8me amendement de la Constitution, \u00e0 la philosophie des p\u00e8res fondateurs, \u00e0 Martin Luther King et aux commandements divins. Au final, on a le sentiment d\u2019avoir lu une synth\u00e8se non manich\u00e9enne, qui cependant penche assur\u00e9ment du c\u00f4t\u00e9 progressiste (un couple queer de femmes \u00e9levant un b\u00e9b\u00e9 est pr\u00e9sent\u00e9 comme un mod\u00e8le d\u2019\u00e9quilibre et de raison).<\/p>\n<div id=\"attachment_3488\" style=\"width: 410px\" class=\"wp-caption aligncenter\"><img decoding=\"async\" aria-describedby=\"caption-attachment-3488\" class=\"lazyload wp-image-3488 size-fusion-400\" src=\"https:\/\/www.thierry-groensteen.fr\/wp-content\/uploads\/2025\/02\/Should-we-buy-p64-400x517.jpg\" data-orig-src=\"https:\/\/www.thierry-groensteen.fr\/wp-content\/uploads\/2025\/02\/Should-we-buy-p64-400x517.jpg\" alt=\"&quot;Should we buy a gun ?&quot;, page 64\" width=\"400\" height=\"517\" srcset=\"data:image\/svg+xml,%3Csvg%20xmlns%3D%27http%3A%2F%2Fwww.w3.org%2F2000%2Fsvg%27%20width%3D%27400%27%20height%3D%27517%27%20viewBox%3D%270%200%20400%20517%27%3E%3Crect%20width%3D%27400%27%20height%3D%27517%27%20fill-opacity%3D%220%22%2F%3E%3C%2Fsvg%3E\" data-srcset=\"https:\/\/www.thierry-groensteen.fr\/wp-content\/uploads\/2025\/02\/Should-we-buy-p64-200x258.jpg 200w, https:\/\/www.thierry-groensteen.fr\/wp-content\/uploads\/2025\/02\/Should-we-buy-p64-232x300.jpg 232w, https:\/\/www.thierry-groensteen.fr\/wp-content\/uploads\/2025\/02\/Should-we-buy-p64-400x517.jpg 400w, https:\/\/www.thierry-groensteen.fr\/wp-content\/uploads\/2025\/02\/Should-we-buy-p64-600x775.jpg 600w, https:\/\/www.thierry-groensteen.fr\/wp-content\/uploads\/2025\/02\/Should-we-buy-p64-768x992.jpg 768w, https:\/\/www.thierry-groensteen.fr\/wp-content\/uploads\/2025\/02\/Should-we-buy-p64-793x1024.jpg 793w, https:\/\/www.thierry-groensteen.fr\/wp-content\/uploads\/2025\/02\/Should-we-buy-p64-800x1033.jpg 800w, https:\/\/www.thierry-groensteen.fr\/wp-content\/uploads\/2025\/02\/Should-we-buy-p64.jpg 1050w\" data-sizes=\"auto\" data-orig-sizes=\"(max-width: 400px) 100vw, 400px\" \/><p id=\"caption-attachment-3488\" class=\"wp-caption-text\">\u00ab\u00a0Should we buy a gun ?\u00a0\u00bb, page 64 &#8211; \u00a9 Seriocomics<\/p><\/div>\n<p style=\"font-weight: 400;\">Le dessin est pauvre mais il sert uniquement de support aux dialogues. C\u2019est la d\u00e9marche qui retient l\u2019attention. <em>Should we buy a gun\u00a0?<\/em> n\u2019est pas un t\u00e9moignage ni la vulgarisation d\u2019un livre de d\u00e9veloppement personnel, c\u2019est un livre d\u2019intervention, qui se sert de la bande dessin\u00e9e pour enrichir le d\u00e9bat public.<\/p>\n<p style=\"font-weight: 400;\">L\u2019adjectif <em>seriocomic<\/em>, attest\u00e9 dans la langue anglaise depuis la fin du XVIIIe, d\u00e9signe le m\u00e9lange de s\u00e9rieux et d\u2019humour. On peut parler d\u2019un \u00ab\u00a0roman s\u00e9riocomique \u00bb (<em>a seriocomic novel<\/em>). Le sc\u00e9nariste, Dave Cowen, a choisi ce terme comme nom de la maison d\u2019\u00e9dition qu\u2019il a lui-m\u00eame fond\u00e9e, dont c\u2019est ici le premier titre, et qui a choisi pour devise \u00ab We make serious comics fun and take fun comics seriously. \u00bb (<a href=\"https:\/\/www.seriocomics.media\/\">https:\/\/www.seriocomics.media<\/a>) D\u2019autres ouvrages sont annonc\u00e9s, sur les superh\u00e9ros, le sport et la pornographie.<\/p>\n","protected":false},"excerpt":{"rendered":"<p>Je n\u2019ai gu\u00e8re le temps, ces jours-ci, de me consacrer \u00e0 ce blog, et les deux ou trois sujets sur lesquels j\u2019avais pr\u00e9vu d\u2019\u00e9crire devront attendre. Pour ne pas \u00eatre compl\u00e8tement absent, je prends quelques minutes afin de vous pr\u00e9senter un roman graphique r\u00e9cemment publi\u00e9 aux \u00c9tats-Unis sous la marque Seriocomics, qui concerne l\u2019un [&hellip;]<\/p>\n","protected":false},"author":1,"featured_media":3486,"comment_status":"closed","ping_status":"closed","sticky":false,"template":"","format":"standard","meta":{"footnotes":""},"categories":[70],"tags":[],"class_list":["post-3484","post","type-post","status-publish","format-standard","has-post-thumbnail","hentry","category-mon-blog"],"acf":[],"yoast_head":"<!-- This site is optimized with the Yoast SEO plugin v27.5 - https:\/\/yoast.com\/product\/yoast-seo-wordpress\/ -->\n<title>Faut-il s\u2019armer ? - le site de Thierry Groensteen<\/title>\n<meta name=\"robots\" content=\"index, follow, max-snippet:-1, max-image-preview:large, max-video-preview:-1\" \/>\n<link rel=\"canonical\" href=\"https:\/\/www.thierry-groensteen.fr\/index.php\/2025\/03\/02\/faut-il-sarmer\/\" \/>\n<meta property=\"og:locale\" content=\"fr_FR\" \/>\n<meta property=\"og:type\" content=\"article\" \/>\n<meta property=\"og:title\" content=\"Faut-il s\u2019armer ? - le site de Thierry Groensteen\" \/>\n<meta property=\"og:description\" content=\"Je n\u2019ai gu\u00e8re le temps, ces jours-ci, de me consacrer \u00e0 ce blog, et les deux ou trois sujets sur lesquels j\u2019avais pr\u00e9vu d\u2019\u00e9crire devront attendre. Pour ne pas \u00eatre compl\u00e8tement absent, je prends quelques minutes afin de vous pr\u00e9senter un roman graphique r\u00e9cemment publi\u00e9 aux \u00c9tats-Unis sous la marque Seriocomics, qui concerne l\u2019un [&hellip;]\" \/>\n<meta property=\"og:url\" content=\"https:\/\/www.thierry-groensteen.fr\/index.php\/2025\/03\/02\/faut-il-sarmer\/\" \/>\n<meta property=\"og:site_name\" content=\"le site de Thierry Groensteen\" \/>\n<meta property=\"article:published_time\" content=\"2025-03-01T23:05:09+00:00\" \/>\n<meta property=\"og:image\" content=\"https:\/\/www.thierry-groensteen.fr\/wp-content\/uploads\/2025\/02\/couve-Should-we-buy-e1740646376477.jpg\" \/>\n\t<meta property=\"og:image:width\" content=\"1144\" \/>\n\t<meta property=\"og:image:height\" content=\"526\" \/>\n\t<meta property=\"og:image:type\" content=\"image\/jpeg\" \/>\n<meta name=\"author\" content=\"TG\" \/>\n<meta name=\"twitter:card\" content=\"summary_large_image\" \/>\n<meta name=\"twitter:label1\" content=\"\u00c9crit par\" \/>\n\t<meta name=\"twitter:data1\" content=\"TG\" \/>\n\t<meta name=\"twitter:label2\" content=\"Dur\u00e9e de lecture estim\u00e9e\" \/>\n\t<meta name=\"twitter:data2\" content=\"3 minutes\" \/>\n<script type=\"application\/ld+json\" class=\"yoast-schema-graph\">{\"@context\":\"https:\\\/\\\/schema.org\",\"@graph\":[{\"@type\":\"Article\",\"@id\":\"https:\\\/\\\/www.thierry-groensteen.fr\\\/index.php\\\/2025\\\/03\\\/02\\\/faut-il-sarmer\\\/#article\",\"isPartOf\":{\"@id\":\"https:\\\/\\\/www.thierry-groensteen.fr\\\/index.php\\\/2025\\\/03\\\/02\\\/faut-il-sarmer\\\/\"},\"author\":{\"name\":\"TG\",\"@id\":\"https:\\\/\\\/www.thierry-groensteen.fr\\\/#\\\/schema\\\/person\\\/3695d4890604be69f280ebbb549210b5\"},\"headline\":\"Faut-il s\u2019armer ?\",\"datePublished\":\"2025-03-01T23:05:09+00:00\",\"mainEntityOfPage\":{\"@id\":\"https:\\\/\\\/www.thierry-groensteen.fr\\\/index.php\\\/2025\\\/03\\\/02\\\/faut-il-sarmer\\\/\"},\"wordCount\":616,\"publisher\":{\"@id\":\"https:\\\/\\\/www.thierry-groensteen.fr\\\/#\\\/schema\\\/person\\\/3695d4890604be69f280ebbb549210b5\"},\"image\":{\"@id\":\"https:\\\/\\\/www.thierry-groensteen.fr\\\/index.php\\\/2025\\\/03\\\/02\\\/faut-il-sarmer\\\/#primaryimage\"},\"thumbnailUrl\":\"https:\\\/\\\/www.thierry-groensteen.fr\\\/wp-content\\\/uploads\\\/2025\\\/02\\\/couve-Should-we-buy-e1740646376477.jpg\",\"articleSection\":[\"mon Blog\"],\"inLanguage\":\"fr-FR\"},{\"@type\":\"WebPage\",\"@id\":\"https:\\\/\\\/www.thierry-groensteen.fr\\\/index.php\\\/2025\\\/03\\\/02\\\/faut-il-sarmer\\\/\",\"url\":\"https:\\\/\\\/www.thierry-groensteen.fr\\\/index.php\\\/2025\\\/03\\\/02\\\/faut-il-sarmer\\\/\",\"name\":\"Faut-il s\u2019armer ? - le site de Thierry Groensteen\",\"isPartOf\":{\"@id\":\"https:\\\/\\\/www.thierry-groensteen.fr\\\/#website\"},\"primaryImageOfPage\":{\"@id\":\"https:\\\/\\\/www.thierry-groensteen.fr\\\/index.php\\\/2025\\\/03\\\/02\\\/faut-il-sarmer\\\/#primaryimage\"},\"image\":{\"@id\":\"https:\\\/\\\/www.thierry-groensteen.fr\\\/index.php\\\/2025\\\/03\\\/02\\\/faut-il-sarmer\\\/#primaryimage\"},\"thumbnailUrl\":\"https:\\\/\\\/www.thierry-groensteen.fr\\\/wp-content\\\/uploads\\\/2025\\\/02\\\/couve-Should-we-buy-e1740646376477.jpg\",\"datePublished\":\"2025-03-01T23:05:09+00:00\",\"breadcrumb\":{\"@id\":\"https:\\\/\\\/www.thierry-groensteen.fr\\\/index.php\\\/2025\\\/03\\\/02\\\/faut-il-sarmer\\\/#breadcrumb\"},\"inLanguage\":\"fr-FR\",\"potentialAction\":[{\"@type\":\"ReadAction\",\"target\":[\"https:\\\/\\\/www.thierry-groensteen.fr\\\/index.php\\\/2025\\\/03\\\/02\\\/faut-il-sarmer\\\/\"]}]},{\"@type\":\"ImageObject\",\"inLanguage\":\"fr-FR\",\"@id\":\"https:\\\/\\\/www.thierry-groensteen.fr\\\/index.php\\\/2025\\\/03\\\/02\\\/faut-il-sarmer\\\/#primaryimage\",\"url\":\"https:\\\/\\\/www.thierry-groensteen.fr\\\/wp-content\\\/uploads\\\/2025\\\/02\\\/couve-Should-we-buy-e1740646376477.jpg\",\"contentUrl\":\"https:\\\/\\\/www.thierry-groensteen.fr\\\/wp-content\\\/uploads\\\/2025\\\/02\\\/couve-Should-we-buy-e1740646376477.jpg\",\"width\":1144,\"height\":526},{\"@type\":\"BreadcrumbList\",\"@id\":\"https:\\\/\\\/www.thierry-groensteen.fr\\\/index.php\\\/2025\\\/03\\\/02\\\/faut-il-sarmer\\\/#breadcrumb\",\"itemListElement\":[{\"@type\":\"ListItem\",\"position\":1,\"name\":\"Accueil\",\"item\":\"https:\\\/\\\/www.thierry-groensteen.fr\\\/\"},{\"@type\":\"ListItem\",\"position\":2,\"name\":\"Faut-il s\u2019armer ?\"}]},{\"@type\":\"WebSite\",\"@id\":\"https:\\\/\\\/www.thierry-groensteen.fr\\\/#website\",\"url\":\"https:\\\/\\\/www.thierry-groensteen.fr\\\/\",\"name\":\"le site de Thierry Groensteen\",\"description\":\"site officiel\",\"publisher\":{\"@id\":\"https:\\\/\\\/www.thierry-groensteen.fr\\\/#\\\/schema\\\/person\\\/3695d4890604be69f280ebbb549210b5\"},\"potentialAction\":[{\"@type\":\"SearchAction\",\"target\":{\"@type\":\"EntryPoint\",\"urlTemplate\":\"https:\\\/\\\/www.thierry-groensteen.fr\\\/?s={search_term_string}\"},\"query-input\":{\"@type\":\"PropertyValueSpecification\",\"valueRequired\":true,\"valueName\":\"search_term_string\"}}],\"inLanguage\":\"fr-FR\"},{\"@type\":[\"Person\",\"Organization\"],\"@id\":\"https:\\\/\\\/www.thierry-groensteen.fr\\\/#\\\/schema\\\/person\\\/3695d4890604be69f280ebbb549210b5\",\"name\":\"TG\",\"image\":{\"@type\":\"ImageObject\",\"inLanguage\":\"fr-FR\",\"@id\":\"https:\\\/\\\/www.thierry-groensteen.fr\\\/wp-content\\\/uploads\\\/2023\\\/09\\\/logo_ThierryGroensteen_header.png\",\"url\":\"https:\\\/\\\/www.thierry-groensteen.fr\\\/wp-content\\\/uploads\\\/2023\\\/09\\\/logo_ThierryGroensteen_header.png\",\"contentUrl\":\"https:\\\/\\\/www.thierry-groensteen.fr\\\/wp-content\\\/uploads\\\/2023\\\/09\\\/logo_ThierryGroensteen_header.png\",\"width\":620,\"height\":240,\"caption\":\"TG\"},\"logo\":{\"@id\":\"https:\\\/\\\/www.thierry-groensteen.fr\\\/wp-content\\\/uploads\\\/2023\\\/09\\\/logo_ThierryGroensteen_header.png\"},\"sameAs\":[\"https:\\\/\\\/www.thierry-groensteen.fr\"],\"url\":\"https:\\\/\\\/www.thierry-groensteen.fr\\\/index.php\\\/author\\\/admin5797\\\/\"}]}<\/script>\n<!-- \/ Yoast SEO plugin. -->","yoast_head_json":{"title":"Faut-il s\u2019armer ? - le site de Thierry Groensteen","robots":{"index":"index","follow":"follow","max-snippet":"max-snippet:-1","max-image-preview":"max-image-preview:large","max-video-preview":"max-video-preview:-1"},"canonical":"https:\/\/www.thierry-groensteen.fr\/index.php\/2025\/03\/02\/faut-il-sarmer\/","og_locale":"fr_FR","og_type":"article","og_title":"Faut-il s\u2019armer ? - le site de Thierry Groensteen","og_description":"Je n\u2019ai gu\u00e8re le temps, ces jours-ci, de me consacrer \u00e0 ce blog, et les deux ou trois sujets sur lesquels j\u2019avais pr\u00e9vu d\u2019\u00e9crire devront attendre. Pour ne pas \u00eatre compl\u00e8tement absent, je prends quelques minutes afin de vous pr\u00e9senter un roman graphique r\u00e9cemment publi\u00e9 aux \u00c9tats-Unis sous la marque Seriocomics, qui concerne l\u2019un [&hellip;]","og_url":"https:\/\/www.thierry-groensteen.fr\/index.php\/2025\/03\/02\/faut-il-sarmer\/","og_site_name":"le site de Thierry Groensteen","article_published_time":"2025-03-01T23:05:09+00:00","og_image":[{"width":1144,"height":526,"url":"https:\/\/www.thierry-groensteen.fr\/wp-content\/uploads\/2025\/02\/couve-Should-we-buy-e1740646376477.jpg","type":"image\/jpeg"}],"author":"TG","twitter_card":"summary_large_image","twitter_misc":{"\u00c9crit par":"TG","Dur\u00e9e de lecture estim\u00e9e":"3 minutes"},"schema":{"@context":"https:\/\/schema.org","@graph":[{"@type":"Article","@id":"https:\/\/www.thierry-groensteen.fr\/index.php\/2025\/03\/02\/faut-il-sarmer\/#article","isPartOf":{"@id":"https:\/\/www.thierry-groensteen.fr\/index.php\/2025\/03\/02\/faut-il-sarmer\/"},"author":{"name":"TG","@id":"https:\/\/www.thierry-groensteen.fr\/#\/schema\/person\/3695d4890604be69f280ebbb549210b5"},"headline":"Faut-il s\u2019armer ?","datePublished":"2025-03-01T23:05:09+00:00","mainEntityOfPage":{"@id":"https:\/\/www.thierry-groensteen.fr\/index.php\/2025\/03\/02\/faut-il-sarmer\/"},"wordCount":616,"publisher":{"@id":"https:\/\/www.thierry-groensteen.fr\/#\/schema\/person\/3695d4890604be69f280ebbb549210b5"},"image":{"@id":"https:\/\/www.thierry-groensteen.fr\/index.php\/2025\/03\/02\/faut-il-sarmer\/#primaryimage"},"thumbnailUrl":"https:\/\/www.thierry-groensteen.fr\/wp-content\/uploads\/2025\/02\/couve-Should-we-buy-e1740646376477.jpg","articleSection":["mon Blog"],"inLanguage":"fr-FR"},{"@type":"WebPage","@id":"https:\/\/www.thierry-groensteen.fr\/index.php\/2025\/03\/02\/faut-il-sarmer\/","url":"https:\/\/www.thierry-groensteen.fr\/index.php\/2025\/03\/02\/faut-il-sarmer\/","name":"Faut-il s\u2019armer ? - le site de Thierry Groensteen","isPartOf":{"@id":"https:\/\/www.thierry-groensteen.fr\/#website"},"primaryImageOfPage":{"@id":"https:\/\/www.thierry-groensteen.fr\/index.php\/2025\/03\/02\/faut-il-sarmer\/#primaryimage"},"image":{"@id":"https:\/\/www.thierry-groensteen.fr\/index.php\/2025\/03\/02\/faut-il-sarmer\/#primaryimage"},"thumbnailUrl":"https:\/\/www.thierry-groensteen.fr\/wp-content\/uploads\/2025\/02\/couve-Should-we-buy-e1740646376477.jpg","datePublished":"2025-03-01T23:05:09+00:00","breadcrumb":{"@id":"https:\/\/www.thierry-groensteen.fr\/index.php\/2025\/03\/02\/faut-il-sarmer\/#breadcrumb"},"inLanguage":"fr-FR","potentialAction":[{"@type":"ReadAction","target":["https:\/\/www.thierry-groensteen.fr\/index.php\/2025\/03\/02\/faut-il-sarmer\/"]}]},{"@type":"ImageObject","inLanguage":"fr-FR","@id":"https:\/\/www.thierry-groensteen.fr\/index.php\/2025\/03\/02\/faut-il-sarmer\/#primaryimage","url":"https:\/\/www.thierry-groensteen.fr\/wp-content\/uploads\/2025\/02\/couve-Should-we-buy-e1740646376477.jpg","contentUrl":"https:\/\/www.thierry-groensteen.fr\/wp-content\/uploads\/2025\/02\/couve-Should-we-buy-e1740646376477.jpg","width":1144,"height":526},{"@type":"BreadcrumbList","@id":"https:\/\/www.thierry-groensteen.fr\/index.php\/2025\/03\/02\/faut-il-sarmer\/#breadcrumb","itemListElement":[{"@type":"ListItem","position":1,"name":"Accueil","item":"https:\/\/www.thierry-groensteen.fr\/"},{"@type":"ListItem","position":2,"name":"Faut-il s\u2019armer ?"}]},{"@type":"WebSite","@id":"https:\/\/www.thierry-groensteen.fr\/#website","url":"https:\/\/www.thierry-groensteen.fr\/","name":"le site de Thierry Groensteen","description":"site officiel","publisher":{"@id":"https:\/\/www.thierry-groensteen.fr\/#\/schema\/person\/3695d4890604be69f280ebbb549210b5"},"potentialAction":[{"@type":"SearchAction","target":{"@type":"EntryPoint","urlTemplate":"https:\/\/www.thierry-groensteen.fr\/?s={search_term_string}"},"query-input":{"@type":"PropertyValueSpecification","valueRequired":true,"valueName":"search_term_string"}}],"inLanguage":"fr-FR"},{"@type":["Person","Organization"],"@id":"https:\/\/www.thierry-groensteen.fr\/#\/schema\/person\/3695d4890604be69f280ebbb549210b5","name":"TG","image":{"@type":"ImageObject","inLanguage":"fr-FR","@id":"https:\/\/www.thierry-groensteen.fr\/wp-content\/uploads\/2023\/09\/logo_ThierryGroensteen_header.png","url":"https:\/\/www.thierry-groensteen.fr\/wp-content\/uploads\/2023\/09\/logo_ThierryGroensteen_header.png","contentUrl":"https:\/\/www.thierry-groensteen.fr\/wp-content\/uploads\/2023\/09\/logo_ThierryGroensteen_header.png","width":620,"height":240,"caption":"TG"},"logo":{"@id":"https:\/\/www.thierry-groensteen.fr\/wp-content\/uploads\/2023\/09\/logo_ThierryGroensteen_header.png"},"sameAs":["https:\/\/www.thierry-groensteen.fr"],"url":"https:\/\/www.thierry-groensteen.fr\/index.php\/author\/admin5797\/"}]}},"_links":{"self":[{"href":"https:\/\/www.thierry-groensteen.fr\/index.php\/wp-json\/wp\/v2\/posts\/3484","targetHints":{"allow":["GET"]}}],"collection":[{"href":"https:\/\/www.thierry-groensteen.fr\/index.php\/wp-json\/wp\/v2\/posts"}],"about":[{"href":"https:\/\/www.thierry-groensteen.fr\/index.php\/wp-json\/wp\/v2\/types\/post"}],"author":[{"embeddable":true,"href":"https:\/\/www.thierry-groensteen.fr\/index.php\/wp-json\/wp\/v2\/users\/1"}],"replies":[{"embeddable":true,"href":"https:\/\/www.thierry-groensteen.fr\/index.php\/wp-json\/wp\/v2\/comments?post=3484"}],"version-history":[{"count":2,"href":"https:\/\/www.thierry-groensteen.fr\/index.php\/wp-json\/wp\/v2\/posts\/3484\/revisions"}],"predecessor-version":[{"id":3490,"href":"https:\/\/www.thierry-groensteen.fr\/index.php\/wp-json\/wp\/v2\/posts\/3484\/revisions\/3490"}],"wp:featuredmedia":[{"embeddable":true,"href":"https:\/\/www.thierry-groensteen.fr\/index.php\/wp-json\/wp\/v2\/media\/3486"}],"wp:attachment":[{"href":"https:\/\/www.thierry-groensteen.fr\/index.php\/wp-json\/wp\/v2\/media?parent=3484"}],"wp:term":[{"taxonomy":"category","embeddable":true,"href":"https:\/\/www.thierry-groensteen.fr\/index.php\/wp-json\/wp\/v2\/categories?post=3484"},{"taxonomy":"post_tag","embeddable":true,"href":"https:\/\/www.thierry-groensteen.fr\/index.php\/wp-json\/wp\/v2\/tags?post=3484"}],"curies":[{"name":"wp","href":"https:\/\/api.w.org\/{rel}","templated":true}]}}