{"id":3474,"date":"2025-02-24T00:05:01","date_gmt":"2025-02-23T23:05:01","guid":{"rendered":"https:\/\/www.thierry-groensteen.fr\/?p=3474"},"modified":"2025-02-21T09:55:23","modified_gmt":"2025-02-21T08:55:23","slug":"les-nouvelles-ambitions-daline","status":"publish","type":"post","link":"https:\/\/www.thierry-groensteen.fr\/index.php\/2025\/02\/24\/les-nouvelles-ambitions-daline\/","title":{"rendered":"Les nouvelles ambitions d\u2019\u00ab Aline \u00bb"},"content":{"rendered":"<p style=\"font-weight: 400;\"><em>Aline <\/em>n\u2019est plus seulement le titre d\u2019une chanson de Christophe et d\u2019un film de Val\u00e9rie Lemercier, c\u2019est aussi celui d\u2019une revue de bande dessin\u00e9e de grand format publi\u00e9e irr\u00e9guli\u00e8rement \u00e0 Amsterdam depuis 2019. Elle avait \u00e9t\u00e9 lanc\u00e9e gr\u00e2ce \u00e0 une campagne de <em>crowfunding<\/em> et a connu la cons\u00e9cration \u00e0 Angoul\u00eame en janvier 2024 en recevant le Fauve de la BD alternative.<\/p>\n<p><img decoding=\"async\" class=\"lazyload alignright wp-image-3478 size-fusion-400\" src=\"https:\/\/www.thierry-groensteen.fr\/wp-content\/uploads\/2025\/02\/Aline-8-Birds-1-400x566.jpg\" data-orig-src=\"https:\/\/www.thierry-groensteen.fr\/wp-content\/uploads\/2025\/02\/Aline-8-Birds-1-400x566.jpg\" alt=\"\" width=\"400\" height=\"566\" srcset=\"data:image\/svg+xml,%3Csvg%20xmlns%3D%27http%3A%2F%2Fwww.w3.org%2F2000%2Fsvg%27%20width%3D%27400%27%20height%3D%27566%27%20viewBox%3D%270%200%20400%20566%27%3E%3Crect%20width%3D%27400%27%20height%3D%27566%27%20fill-opacity%3D%220%22%2F%3E%3C%2Fsvg%3E\" data-srcset=\"https:\/\/www.thierry-groensteen.fr\/wp-content\/uploads\/2025\/02\/Aline-8-Birds-1-200x283.jpg 200w, https:\/\/www.thierry-groensteen.fr\/wp-content\/uploads\/2025\/02\/Aline-8-Birds-1-212x300.jpg 212w, https:\/\/www.thierry-groensteen.fr\/wp-content\/uploads\/2025\/02\/Aline-8-Birds-1-400x566.jpg 400w, https:\/\/www.thierry-groensteen.fr\/wp-content\/uploads\/2025\/02\/Aline-8-Birds-1-600x849.jpg 600w, https:\/\/www.thierry-groensteen.fr\/wp-content\/uploads\/2025\/02\/Aline-8-Birds-1-724x1024.jpg 724w, https:\/\/www.thierry-groensteen.fr\/wp-content\/uploads\/2025\/02\/Aline-8-Birds-1-768x1086.jpg 768w, https:\/\/www.thierry-groensteen.fr\/wp-content\/uploads\/2025\/02\/Aline-8-Birds-1-800x1131.jpg 800w, https:\/\/www.thierry-groensteen.fr\/wp-content\/uploads\/2025\/02\/Aline-8-Birds-1-1086x1536.jpg 1086w, https:\/\/www.thierry-groensteen.fr\/wp-content\/uploads\/2025\/02\/Aline-8-Birds-1-1200x1697.jpg 1200w, https:\/\/www.thierry-groensteen.fr\/wp-content\/uploads\/2025\/02\/Aline-8-Birds-1-1448x2048.jpg 1448w, https:\/\/www.thierry-groensteen.fr\/wp-content\/uploads\/2025\/02\/Aline-8-Birds-1.jpg 1810w\" data-sizes=\"auto\" data-orig-sizes=\"(max-width: 400px) 100vw, 400px\" \/><\/p>\n<p style=\"font-weight: 400;\">Cela a permis \u00e0 Wasco, son fondateur, et quelques-uns de ses collaborateurs de prendre un stand un an plus tard dans la capitale charentaise, et de faire acc\u00e9der la publication \u00e0 une nouvelle dimension en abandonnant le n\u00e9erlandais pour l\u2019anglais. D\u2019ailleurs le titre, <em>Aline<\/em>, est certes un pr\u00e9nom f\u00e9minin (c\u2019est \u00e0 la mode dans la presse BD\u00a0: cf. <em>Nicole<\/em> ou <em>Charlotte<\/em>) mais aussi un jeu de mots sur l\u2019anglais <em>A Line<\/em>, une ligne. La r\u00e9daction utilise (par exemple pour son site internet\u00a0: <a href=\"https:\/\/ikbenaline.eu\/\">https:\/\/ikbenaline.eu<\/a>) l\u2019expression <em>Ik ben Aline<\/em>, \u00ab Je suis Aline \u00bb ou, donc, en somme, \u00ab Je suis un dessin \u00bb.<\/p>\n<p style=\"font-weight: 400;\">Chaque num\u00e9ro rassemble des pages d\u2019auteurs flamands et n\u00e9erlandais, avec le renfort de quelques artistes internationaux de passage (tels la Chinoise Ming Yue et la sud-africaine Octavia Roodt dans la derni\u00e8re livraison), et s\u2019organise autour d\u2019un th\u00e8me\u00a0: avant <em>Les oiseaux <\/em>(n\u00b0 8), il y avait eu, notamment, <em>L\u2019Ego<\/em> (n\u00b0 3), <em>Le vert<\/em> (n\u00b0 4), <em>Les langues<\/em> (n\u00b0 5) ou <em>Le plastique <\/em>(n\u00b0 7).<\/p>\n<p style=\"font-weight: 400;\">Les contributions sont de styles tr\u00e8s vari\u00e9s, souvent po\u00e9tiques, quelquefois humoristiques, ou quasi documentaires, ou encore absurdes. Il n\u2019y a aucun r\u00e9dactionnel, seulement 90 pages de bande dessin\u00e9e en couleur et en grand format. Le sur-titre de la revue est <em>Comics and Art for the Eternally Young<\/em>. (On ne peut s\u2019emp\u00eacher de songer \u00e0 <em>Raw<\/em>, dont le sous-titre changeait d\u2019un num\u00e9ro \u00e0 l\u2019autre.)<\/p>\n<p style=\"font-weight: 400;\">Wasco \u00e9tant inconnu du public francophone, voici une br\u00e8ve pr\u00e9sentation. N\u00e9 en 1957, de son vrai nom Henk van der Spoel, il s\u2019est fait conna\u00eetre \u00e0 la fin des ann\u00e9es 1980 par un fanzine, <em>Wasco\u2019s Weekblad<\/em>. Figure de la bande dessin\u00e9e alternative aux Pays-Bas, il a particip\u00e9 \u00e0 toutes sortes de projets collectifs et publi\u00e9 plusieurs albums sous son nom, notamment <em>Het Tuitel Complex<\/em> (2015), <em>1000 Pinguins<\/em> (2018) et r\u00e9cemment <em>The Book of trees<\/em> (2024).<\/p>\n<p style=\"font-weight: 400;\">Influenc\u00e9 par un Steinberg ou un Mariscal (mais certaines de ses planches citent Mondrian ou Herg\u00e9), il \u00e9labore des pages minimalistes o\u00f9 la bande dessin\u00e9e n\u2019a plus pour ambition de raconter mais se ram\u00e8ne \u00e0 un jeu de cadres, de lignes, de formes, de couleurs. Avec, toutefois, des personnages, tels Tuitel, petit bonhomme qui, avec son chapeau pointu, ressemble vaguement \u00e0 un magicien, et son chien Phiwi. Il entre beaucoup d\u2019inventivit\u00e9 formelle et de po\u00e9sie dans le travail de ce sp\u00e9cialiste des techniques d\u2019impressions et particuli\u00e8rement de la risographie, qui a aussi sign\u00e9 un grand nombre d\u2019affiches et de calendriers.<\/p>\n<div id=\"attachment_3479\" style=\"width: 410px\" class=\"wp-caption aligncenter\"><img decoding=\"async\" aria-describedby=\"caption-attachment-3479\" class=\"lazyload wp-image-3479 size-fusion-400\" src=\"https:\/\/www.thierry-groensteen.fr\/wp-content\/uploads\/2025\/02\/wasco_tuitelcomplex-400x564.jpg\" data-orig-src=\"https:\/\/www.thierry-groensteen.fr\/wp-content\/uploads\/2025\/02\/wasco_tuitelcomplex-400x564.jpg\" alt=\"\" width=\"400\" height=\"564\" srcset=\"data:image\/svg+xml,%3Csvg%20xmlns%3D%27http%3A%2F%2Fwww.w3.org%2F2000%2Fsvg%27%20width%3D%27400%27%20height%3D%27564%27%20viewBox%3D%270%200%20400%20564%27%3E%3Crect%20width%3D%27400%27%20height%3D%27564%27%20fill-opacity%3D%220%22%2F%3E%3C%2Fsvg%3E\" data-srcset=\"https:\/\/www.thierry-groensteen.fr\/wp-content\/uploads\/2025\/02\/wasco_tuitelcomplex-200x282.jpg 200w, https:\/\/www.thierry-groensteen.fr\/wp-content\/uploads\/2025\/02\/wasco_tuitelcomplex-213x300.jpg 213w, https:\/\/www.thierry-groensteen.fr\/wp-content\/uploads\/2025\/02\/wasco_tuitelcomplex-400x564.jpg 400w, https:\/\/www.thierry-groensteen.fr\/wp-content\/uploads\/2025\/02\/wasco_tuitelcomplex-600x846.jpg 600w, https:\/\/www.thierry-groensteen.fr\/wp-content\/uploads\/2025\/02\/wasco_tuitelcomplex-726x1024.jpg 726w, https:\/\/www.thierry-groensteen.fr\/wp-content\/uploads\/2025\/02\/wasco_tuitelcomplex-768x1083.jpg 768w, https:\/\/www.thierry-groensteen.fr\/wp-content\/uploads\/2025\/02\/wasco_tuitelcomplex.jpg 800w\" data-sizes=\"auto\" data-orig-sizes=\"(max-width: 400px) 100vw, 400px\" \/><p id=\"caption-attachment-3479\" class=\"wp-caption-text\">Wasco, page extraite de \u00ab Het Tuitle Complex \u00bb \u2013 Scratch Books<\/p><\/div>\n<p style=\"font-weight: 400;\">L\u2019\u00e9diteur de <em>Het Tuitel Complex<\/em> \u00e9tait Scratch Books, \u00e0 Amsterdam, une maison dirig\u00e9e depuis 2014 par Wiebe Mokken, avec Joost Swarte dans le r\u00f4le de l\u2019\u00e9minence grise. Ce dernier \u00e9tait m\u00eame le r\u00e9dacteur en chef d\u2019une somptueuse revue intitul\u00e9e <em>Scratches<\/em>, qui n\u2019a malheureusement connu que deux num\u00e9ros (en plus d&rsquo;un n\u00b0 0), le premier en 2016, le second en 2018, de 120 pages chacun. Au sommaire de <em>Scratches <\/em>(litt\u00e9ralement\u00a0: \u00ab \u00c9gratignures \u00bb), les contributeurs n\u00e9erlandais et flamands (Ben Gijsemans, Herr Seele, Milan Hulsing, Brecht Evens, Tobias Schalken, Ever Meulen, Judith Vanistendael et Brecht Vandenbroucke, pour n\u2019en citer que quelques-uns, et d\u00e9j\u00e0 Wasco) voisinaient avec des noms prestigieux de la sc\u00e8ne am\u00e9ricaine (Crumb, Spiegelman, Burns, Ware) et internationale (David B, Fran\u00e7ois Ayroles, Max ou Samplerman), le tout en anglais.<\/p>\n<div id=\"attachment_3480\" style=\"width: 222px\" class=\"wp-caption alignleft\"><img decoding=\"async\" aria-describedby=\"caption-attachment-3480\" class=\"lazyload wp-image-3480 size-medium\" src=\"https:\/\/www.thierry-groensteen.fr\/wp-content\/uploads\/2025\/02\/Scratches0-212x300.jpg\" data-orig-src=\"https:\/\/www.thierry-groensteen.fr\/wp-content\/uploads\/2025\/02\/Scratches0-212x300.jpg\" alt=\"\" width=\"212\" height=\"300\" srcset=\"data:image\/svg+xml,%3Csvg%20xmlns%3D%27http%3A%2F%2Fwww.w3.org%2F2000%2Fsvg%27%20width%3D%27212%27%20height%3D%27300%27%20viewBox%3D%270%200%20212%20300%27%3E%3Crect%20width%3D%27212%27%20height%3D%27300%27%20fill-opacity%3D%220%22%2F%3E%3C%2Fsvg%3E\" data-srcset=\"https:\/\/www.thierry-groensteen.fr\/wp-content\/uploads\/2025\/02\/Scratches0-200x283.jpg 200w, https:\/\/www.thierry-groensteen.fr\/wp-content\/uploads\/2025\/02\/Scratches0-212x300.jpg 212w, https:\/\/www.thierry-groensteen.fr\/wp-content\/uploads\/2025\/02\/Scratches0-400x567.jpg 400w, https:\/\/www.thierry-groensteen.fr\/wp-content\/uploads\/2025\/02\/Scratches0-600x850.jpg 600w, https:\/\/www.thierry-groensteen.fr\/wp-content\/uploads\/2025\/02\/Scratches0.jpg 706w\" data-sizes=\"auto\" data-orig-sizes=\"(max-width: 212px) 100vw, 212px\" \/><p id=\"caption-attachment-3480\" class=\"wp-caption-text\">Scratches n\u00b0 0 (couverture Joost Swarte)<\/p><\/div>\n<div id=\"attachment_3481\" style=\"width: 219px\" class=\"wp-caption alignleft\"><img decoding=\"async\" aria-describedby=\"caption-attachment-3481\" class=\"lazyload wp-image-3481 size-medium\" src=\"https:\/\/www.thierry-groensteen.fr\/wp-content\/uploads\/2025\/02\/Scratches1-209x300.jpg\" data-orig-src=\"https:\/\/www.thierry-groensteen.fr\/wp-content\/uploads\/2025\/02\/Scratches1-209x300.jpg\" alt=\"\" width=\"209\" height=\"300\" srcset=\"data:image\/svg+xml,%3Csvg%20xmlns%3D%27http%3A%2F%2Fwww.w3.org%2F2000%2Fsvg%27%20width%3D%27209%27%20height%3D%27300%27%20viewBox%3D%270%200%20209%20300%27%3E%3Crect%20width%3D%27209%27%20height%3D%27300%27%20fill-opacity%3D%220%22%2F%3E%3C%2Fsvg%3E\" data-srcset=\"https:\/\/www.thierry-groensteen.fr\/wp-content\/uploads\/2025\/02\/Scratches1-200x287.jpg 200w, https:\/\/www.thierry-groensteen.fr\/wp-content\/uploads\/2025\/02\/Scratches1-209x300.jpg 209w, https:\/\/www.thierry-groensteen.fr\/wp-content\/uploads\/2025\/02\/Scratches1-400x575.jpg 400w, https:\/\/www.thierry-groensteen.fr\/wp-content\/uploads\/2025\/02\/Scratches1.jpg 557w\" data-sizes=\"auto\" data-orig-sizes=\"(max-width: 209px) 100vw, 209px\" \/><p id=\"caption-attachment-3481\" class=\"wp-caption-text\">Scratches n\u00b0 1 (couverture Daan Botlek)<\/p><\/div>\n<p style=\"font-weight: 400;\">Sans doute trop luxueuse, trop \u00e9litiste, mal distribu\u00e9e, insuffisamment r\u00e9guli\u00e8re et trop ch\u00e8re (35 \u20ac), <em>Scratches <\/em>ne s\u2019est pas install\u00e9 dans la dur\u00e9e et on peut le regretter. Il est assez \u00e9vident pour moi qu\u2019<em>Aline<\/em> en constitue une version plus modeste, qui a adopt\u00e9 un format identique (33 x 23 cm) et qui, forte de ses 8 num\u00e9ros ainsi que de la reconnaissance gagn\u00e9e \u00e0 Angoul\u00eame, ne demande \u00e0 pr\u00e9sent qu\u2019\u00e0 se d\u00e9velopper et \u00e0 attirer de nouveaux talents.<\/p>\n<p style=\"font-weight: 400;\">[ <em>Aline peut \u00eatre command\u00e9e via l\u2019adresse <a href=\"mailto:info@ikbenaline.eu\">info@ikbenaline.eu<\/a>. Le prix du n\u00b0 8 es<\/em>t de 18,95 \u20ac, frais de port non compris. ISBN 978-90-830329-7-9 ]<\/p>\n","protected":false},"excerpt":{"rendered":"<p>Aline n\u2019est plus seulement le titre d\u2019une chanson de Christophe et d\u2019un film de Val\u00e9rie Lemercier, c\u2019est aussi celui d\u2019une revue de bande dessin\u00e9e de grand format publi\u00e9e irr\u00e9guli\u00e8rement \u00e0 Amsterdam depuis 2019. Elle avait \u00e9t\u00e9 lanc\u00e9e gr\u00e2ce \u00e0 une campagne de crowfunding et a connu la cons\u00e9cration \u00e0 Angoul\u00eame en janvier 2024 en [&hellip;]<\/p>\n","protected":false},"author":1,"featured_media":3477,"comment_status":"open","ping_status":"open","sticky":false,"template":"","format":"standard","meta":{"footnotes":""},"categories":[70],"tags":[],"class_list":["post-3474","post","type-post","status-publish","format-standard","has-post-thumbnail","hentry","category-mon-blog"],"acf":[],"yoast_head":"<!-- This site is optimized with the Yoast SEO plugin v27.5 - https:\/\/yoast.com\/product\/yoast-seo-wordpress\/ -->\n<title>Les nouvelles ambitions d\u2019\u00ab Aline \u00bb - le site de Thierry Groensteen<\/title>\n<meta name=\"robots\" content=\"index, follow, max-snippet:-1, max-image-preview:large, max-video-preview:-1\" \/>\n<link rel=\"canonical\" href=\"https:\/\/www.thierry-groensteen.fr\/index.php\/2025\/02\/24\/les-nouvelles-ambitions-daline\/\" \/>\n<meta property=\"og:locale\" content=\"fr_FR\" \/>\n<meta property=\"og:type\" content=\"article\" \/>\n<meta property=\"og:title\" content=\"Les nouvelles ambitions d\u2019\u00ab Aline \u00bb - le site de Thierry Groensteen\" \/>\n<meta property=\"og:description\" content=\"Aline n\u2019est plus seulement le titre d\u2019une chanson de Christophe et d\u2019un film de Val\u00e9rie Lemercier, c\u2019est aussi celui d\u2019une revue de bande dessin\u00e9e de grand format publi\u00e9e irr\u00e9guli\u00e8rement \u00e0 Amsterdam depuis 2019. Elle avait \u00e9t\u00e9 lanc\u00e9e gr\u00e2ce \u00e0 une campagne de crowfunding et a connu la cons\u00e9cration \u00e0 Angoul\u00eame en janvier 2024 en [&hellip;]\" \/>\n<meta property=\"og:url\" content=\"https:\/\/www.thierry-groensteen.fr\/index.php\/2025\/02\/24\/les-nouvelles-ambitions-daline\/\" \/>\n<meta property=\"og:site_name\" content=\"le site de Thierry Groensteen\" \/>\n<meta property=\"article:published_time\" content=\"2025-02-23T23:05:01+00:00\" \/>\n<meta property=\"og:image\" content=\"https:\/\/www.thierry-groensteen.fr\/wp-content\/uploads\/2025\/02\/Aline-8-Birds-e1740127684507.jpg\" \/>\n\t<meta property=\"og:image:width\" content=\"1810\" \/>\n\t<meta property=\"og:image:height\" content=\"828\" \/>\n\t<meta property=\"og:image:type\" content=\"image\/jpeg\" \/>\n<meta name=\"author\" content=\"TG\" \/>\n<meta name=\"twitter:card\" content=\"summary_large_image\" \/>\n<meta name=\"twitter:label1\" content=\"\u00c9crit par\" \/>\n\t<meta name=\"twitter:data1\" content=\"TG\" \/>\n\t<meta name=\"twitter:label2\" content=\"Dur\u00e9e de lecture estim\u00e9e\" \/>\n\t<meta name=\"twitter:data2\" content=\"4 minutes\" \/>\n<script type=\"application\/ld+json\" class=\"yoast-schema-graph\">{\"@context\":\"https:\\\/\\\/schema.org\",\"@graph\":[{\"@type\":\"Article\",\"@id\":\"https:\\\/\\\/www.thierry-groensteen.fr\\\/index.php\\\/2025\\\/02\\\/24\\\/les-nouvelles-ambitions-daline\\\/#article\",\"isPartOf\":{\"@id\":\"https:\\\/\\\/www.thierry-groensteen.fr\\\/index.php\\\/2025\\\/02\\\/24\\\/les-nouvelles-ambitions-daline\\\/\"},\"author\":{\"name\":\"TG\",\"@id\":\"https:\\\/\\\/www.thierry-groensteen.fr\\\/#\\\/schema\\\/person\\\/3695d4890604be69f280ebbb549210b5\"},\"headline\":\"Les nouvelles ambitions d\u2019\u00ab Aline \u00bb\",\"datePublished\":\"2025-02-23T23:05:01+00:00\",\"mainEntityOfPage\":{\"@id\":\"https:\\\/\\\/www.thierry-groensteen.fr\\\/index.php\\\/2025\\\/02\\\/24\\\/les-nouvelles-ambitions-daline\\\/\"},\"wordCount\":788,\"commentCount\":0,\"publisher\":{\"@id\":\"https:\\\/\\\/www.thierry-groensteen.fr\\\/#\\\/schema\\\/person\\\/3695d4890604be69f280ebbb549210b5\"},\"image\":{\"@id\":\"https:\\\/\\\/www.thierry-groensteen.fr\\\/index.php\\\/2025\\\/02\\\/24\\\/les-nouvelles-ambitions-daline\\\/#primaryimage\"},\"thumbnailUrl\":\"https:\\\/\\\/www.thierry-groensteen.fr\\\/wp-content\\\/uploads\\\/2025\\\/02\\\/Aline-8-Birds-e1740127684507.jpg\",\"articleSection\":[\"mon Blog\"],\"inLanguage\":\"fr-FR\",\"potentialAction\":[{\"@type\":\"CommentAction\",\"name\":\"Comment\",\"target\":[\"https:\\\/\\\/www.thierry-groensteen.fr\\\/index.php\\\/2025\\\/02\\\/24\\\/les-nouvelles-ambitions-daline\\\/#respond\"]}]},{\"@type\":\"WebPage\",\"@id\":\"https:\\\/\\\/www.thierry-groensteen.fr\\\/index.php\\\/2025\\\/02\\\/24\\\/les-nouvelles-ambitions-daline\\\/\",\"url\":\"https:\\\/\\\/www.thierry-groensteen.fr\\\/index.php\\\/2025\\\/02\\\/24\\\/les-nouvelles-ambitions-daline\\\/\",\"name\":\"Les nouvelles ambitions d\u2019\u00ab Aline \u00bb - le site de Thierry Groensteen\",\"isPartOf\":{\"@id\":\"https:\\\/\\\/www.thierry-groensteen.fr\\\/#website\"},\"primaryImageOfPage\":{\"@id\":\"https:\\\/\\\/www.thierry-groensteen.fr\\\/index.php\\\/2025\\\/02\\\/24\\\/les-nouvelles-ambitions-daline\\\/#primaryimage\"},\"image\":{\"@id\":\"https:\\\/\\\/www.thierry-groensteen.fr\\\/index.php\\\/2025\\\/02\\\/24\\\/les-nouvelles-ambitions-daline\\\/#primaryimage\"},\"thumbnailUrl\":\"https:\\\/\\\/www.thierry-groensteen.fr\\\/wp-content\\\/uploads\\\/2025\\\/02\\\/Aline-8-Birds-e1740127684507.jpg\",\"datePublished\":\"2025-02-23T23:05:01+00:00\",\"breadcrumb\":{\"@id\":\"https:\\\/\\\/www.thierry-groensteen.fr\\\/index.php\\\/2025\\\/02\\\/24\\\/les-nouvelles-ambitions-daline\\\/#breadcrumb\"},\"inLanguage\":\"fr-FR\",\"potentialAction\":[{\"@type\":\"ReadAction\",\"target\":[\"https:\\\/\\\/www.thierry-groensteen.fr\\\/index.php\\\/2025\\\/02\\\/24\\\/les-nouvelles-ambitions-daline\\\/\"]}]},{\"@type\":\"ImageObject\",\"inLanguage\":\"fr-FR\",\"@id\":\"https:\\\/\\\/www.thierry-groensteen.fr\\\/index.php\\\/2025\\\/02\\\/24\\\/les-nouvelles-ambitions-daline\\\/#primaryimage\",\"url\":\"https:\\\/\\\/www.thierry-groensteen.fr\\\/wp-content\\\/uploads\\\/2025\\\/02\\\/Aline-8-Birds-e1740127684507.jpg\",\"contentUrl\":\"https:\\\/\\\/www.thierry-groensteen.fr\\\/wp-content\\\/uploads\\\/2025\\\/02\\\/Aline-8-Birds-e1740127684507.jpg\",\"width\":1810,\"height\":828},{\"@type\":\"BreadcrumbList\",\"@id\":\"https:\\\/\\\/www.thierry-groensteen.fr\\\/index.php\\\/2025\\\/02\\\/24\\\/les-nouvelles-ambitions-daline\\\/#breadcrumb\",\"itemListElement\":[{\"@type\":\"ListItem\",\"position\":1,\"name\":\"Accueil\",\"item\":\"https:\\\/\\\/www.thierry-groensteen.fr\\\/\"},{\"@type\":\"ListItem\",\"position\":2,\"name\":\"Les nouvelles ambitions d\u2019\u00ab Aline \u00bb\"}]},{\"@type\":\"WebSite\",\"@id\":\"https:\\\/\\\/www.thierry-groensteen.fr\\\/#website\",\"url\":\"https:\\\/\\\/www.thierry-groensteen.fr\\\/\",\"name\":\"le site de Thierry Groensteen\",\"description\":\"site officiel\",\"publisher\":{\"@id\":\"https:\\\/\\\/www.thierry-groensteen.fr\\\/#\\\/schema\\\/person\\\/3695d4890604be69f280ebbb549210b5\"},\"potentialAction\":[{\"@type\":\"SearchAction\",\"target\":{\"@type\":\"EntryPoint\",\"urlTemplate\":\"https:\\\/\\\/www.thierry-groensteen.fr\\\/?s={search_term_string}\"},\"query-input\":{\"@type\":\"PropertyValueSpecification\",\"valueRequired\":true,\"valueName\":\"search_term_string\"}}],\"inLanguage\":\"fr-FR\"},{\"@type\":[\"Person\",\"Organization\"],\"@id\":\"https:\\\/\\\/www.thierry-groensteen.fr\\\/#\\\/schema\\\/person\\\/3695d4890604be69f280ebbb549210b5\",\"name\":\"TG\",\"image\":{\"@type\":\"ImageObject\",\"inLanguage\":\"fr-FR\",\"@id\":\"https:\\\/\\\/www.thierry-groensteen.fr\\\/wp-content\\\/uploads\\\/2023\\\/09\\\/logo_ThierryGroensteen_header.png\",\"url\":\"https:\\\/\\\/www.thierry-groensteen.fr\\\/wp-content\\\/uploads\\\/2023\\\/09\\\/logo_ThierryGroensteen_header.png\",\"contentUrl\":\"https:\\\/\\\/www.thierry-groensteen.fr\\\/wp-content\\\/uploads\\\/2023\\\/09\\\/logo_ThierryGroensteen_header.png\",\"width\":620,\"height\":240,\"caption\":\"TG\"},\"logo\":{\"@id\":\"https:\\\/\\\/www.thierry-groensteen.fr\\\/wp-content\\\/uploads\\\/2023\\\/09\\\/logo_ThierryGroensteen_header.png\"},\"sameAs\":[\"https:\\\/\\\/www.thierry-groensteen.fr\"],\"url\":\"https:\\\/\\\/www.thierry-groensteen.fr\\\/index.php\\\/author\\\/admin5797\\\/\"}]}<\/script>\n<!-- \/ Yoast SEO plugin. -->","yoast_head_json":{"title":"Les nouvelles ambitions d\u2019\u00ab Aline \u00bb - le site de Thierry Groensteen","robots":{"index":"index","follow":"follow","max-snippet":"max-snippet:-1","max-image-preview":"max-image-preview:large","max-video-preview":"max-video-preview:-1"},"canonical":"https:\/\/www.thierry-groensteen.fr\/index.php\/2025\/02\/24\/les-nouvelles-ambitions-daline\/","og_locale":"fr_FR","og_type":"article","og_title":"Les nouvelles ambitions d\u2019\u00ab Aline \u00bb - le site de Thierry Groensteen","og_description":"Aline n\u2019est plus seulement le titre d\u2019une chanson de Christophe et d\u2019un film de Val\u00e9rie Lemercier, c\u2019est aussi celui d\u2019une revue de bande dessin\u00e9e de grand format publi\u00e9e irr\u00e9guli\u00e8rement \u00e0 Amsterdam depuis 2019. Elle avait \u00e9t\u00e9 lanc\u00e9e gr\u00e2ce \u00e0 une campagne de crowfunding et a connu la cons\u00e9cration \u00e0 Angoul\u00eame en janvier 2024 en [&hellip;]","og_url":"https:\/\/www.thierry-groensteen.fr\/index.php\/2025\/02\/24\/les-nouvelles-ambitions-daline\/","og_site_name":"le site de Thierry Groensteen","article_published_time":"2025-02-23T23:05:01+00:00","og_image":[{"width":1810,"height":828,"url":"https:\/\/www.thierry-groensteen.fr\/wp-content\/uploads\/2025\/02\/Aline-8-Birds-e1740127684507.jpg","type":"image\/jpeg"}],"author":"TG","twitter_card":"summary_large_image","twitter_misc":{"\u00c9crit par":"TG","Dur\u00e9e de lecture estim\u00e9e":"4 minutes"},"schema":{"@context":"https:\/\/schema.org","@graph":[{"@type":"Article","@id":"https:\/\/www.thierry-groensteen.fr\/index.php\/2025\/02\/24\/les-nouvelles-ambitions-daline\/#article","isPartOf":{"@id":"https:\/\/www.thierry-groensteen.fr\/index.php\/2025\/02\/24\/les-nouvelles-ambitions-daline\/"},"author":{"name":"TG","@id":"https:\/\/www.thierry-groensteen.fr\/#\/schema\/person\/3695d4890604be69f280ebbb549210b5"},"headline":"Les nouvelles ambitions d\u2019\u00ab Aline \u00bb","datePublished":"2025-02-23T23:05:01+00:00","mainEntityOfPage":{"@id":"https:\/\/www.thierry-groensteen.fr\/index.php\/2025\/02\/24\/les-nouvelles-ambitions-daline\/"},"wordCount":788,"commentCount":0,"publisher":{"@id":"https:\/\/www.thierry-groensteen.fr\/#\/schema\/person\/3695d4890604be69f280ebbb549210b5"},"image":{"@id":"https:\/\/www.thierry-groensteen.fr\/index.php\/2025\/02\/24\/les-nouvelles-ambitions-daline\/#primaryimage"},"thumbnailUrl":"https:\/\/www.thierry-groensteen.fr\/wp-content\/uploads\/2025\/02\/Aline-8-Birds-e1740127684507.jpg","articleSection":["mon Blog"],"inLanguage":"fr-FR","potentialAction":[{"@type":"CommentAction","name":"Comment","target":["https:\/\/www.thierry-groensteen.fr\/index.php\/2025\/02\/24\/les-nouvelles-ambitions-daline\/#respond"]}]},{"@type":"WebPage","@id":"https:\/\/www.thierry-groensteen.fr\/index.php\/2025\/02\/24\/les-nouvelles-ambitions-daline\/","url":"https:\/\/www.thierry-groensteen.fr\/index.php\/2025\/02\/24\/les-nouvelles-ambitions-daline\/","name":"Les nouvelles ambitions d\u2019\u00ab Aline \u00bb - le site de Thierry Groensteen","isPartOf":{"@id":"https:\/\/www.thierry-groensteen.fr\/#website"},"primaryImageOfPage":{"@id":"https:\/\/www.thierry-groensteen.fr\/index.php\/2025\/02\/24\/les-nouvelles-ambitions-daline\/#primaryimage"},"image":{"@id":"https:\/\/www.thierry-groensteen.fr\/index.php\/2025\/02\/24\/les-nouvelles-ambitions-daline\/#primaryimage"},"thumbnailUrl":"https:\/\/www.thierry-groensteen.fr\/wp-content\/uploads\/2025\/02\/Aline-8-Birds-e1740127684507.jpg","datePublished":"2025-02-23T23:05:01+00:00","breadcrumb":{"@id":"https:\/\/www.thierry-groensteen.fr\/index.php\/2025\/02\/24\/les-nouvelles-ambitions-daline\/#breadcrumb"},"inLanguage":"fr-FR","potentialAction":[{"@type":"ReadAction","target":["https:\/\/www.thierry-groensteen.fr\/index.php\/2025\/02\/24\/les-nouvelles-ambitions-daline\/"]}]},{"@type":"ImageObject","inLanguage":"fr-FR","@id":"https:\/\/www.thierry-groensteen.fr\/index.php\/2025\/02\/24\/les-nouvelles-ambitions-daline\/#primaryimage","url":"https:\/\/www.thierry-groensteen.fr\/wp-content\/uploads\/2025\/02\/Aline-8-Birds-e1740127684507.jpg","contentUrl":"https:\/\/www.thierry-groensteen.fr\/wp-content\/uploads\/2025\/02\/Aline-8-Birds-e1740127684507.jpg","width":1810,"height":828},{"@type":"BreadcrumbList","@id":"https:\/\/www.thierry-groensteen.fr\/index.php\/2025\/02\/24\/les-nouvelles-ambitions-daline\/#breadcrumb","itemListElement":[{"@type":"ListItem","position":1,"name":"Accueil","item":"https:\/\/www.thierry-groensteen.fr\/"},{"@type":"ListItem","position":2,"name":"Les nouvelles ambitions d\u2019\u00ab Aline \u00bb"}]},{"@type":"WebSite","@id":"https:\/\/www.thierry-groensteen.fr\/#website","url":"https:\/\/www.thierry-groensteen.fr\/","name":"le site de Thierry Groensteen","description":"site officiel","publisher":{"@id":"https:\/\/www.thierry-groensteen.fr\/#\/schema\/person\/3695d4890604be69f280ebbb549210b5"},"potentialAction":[{"@type":"SearchAction","target":{"@type":"EntryPoint","urlTemplate":"https:\/\/www.thierry-groensteen.fr\/?s={search_term_string}"},"query-input":{"@type":"PropertyValueSpecification","valueRequired":true,"valueName":"search_term_string"}}],"inLanguage":"fr-FR"},{"@type":["Person","Organization"],"@id":"https:\/\/www.thierry-groensteen.fr\/#\/schema\/person\/3695d4890604be69f280ebbb549210b5","name":"TG","image":{"@type":"ImageObject","inLanguage":"fr-FR","@id":"https:\/\/www.thierry-groensteen.fr\/wp-content\/uploads\/2023\/09\/logo_ThierryGroensteen_header.png","url":"https:\/\/www.thierry-groensteen.fr\/wp-content\/uploads\/2023\/09\/logo_ThierryGroensteen_header.png","contentUrl":"https:\/\/www.thierry-groensteen.fr\/wp-content\/uploads\/2023\/09\/logo_ThierryGroensteen_header.png","width":620,"height":240,"caption":"TG"},"logo":{"@id":"https:\/\/www.thierry-groensteen.fr\/wp-content\/uploads\/2023\/09\/logo_ThierryGroensteen_header.png"},"sameAs":["https:\/\/www.thierry-groensteen.fr"],"url":"https:\/\/www.thierry-groensteen.fr\/index.php\/author\/admin5797\/"}]}},"_links":{"self":[{"href":"https:\/\/www.thierry-groensteen.fr\/index.php\/wp-json\/wp\/v2\/posts\/3474","targetHints":{"allow":["GET"]}}],"collection":[{"href":"https:\/\/www.thierry-groensteen.fr\/index.php\/wp-json\/wp\/v2\/posts"}],"about":[{"href":"https:\/\/www.thierry-groensteen.fr\/index.php\/wp-json\/wp\/v2\/types\/post"}],"author":[{"embeddable":true,"href":"https:\/\/www.thierry-groensteen.fr\/index.php\/wp-json\/wp\/v2\/users\/1"}],"replies":[{"embeddable":true,"href":"https:\/\/www.thierry-groensteen.fr\/index.php\/wp-json\/wp\/v2\/comments?post=3474"}],"version-history":[{"count":4,"href":"https:\/\/www.thierry-groensteen.fr\/index.php\/wp-json\/wp\/v2\/posts\/3474\/revisions"}],"predecessor-version":[{"id":3482,"href":"https:\/\/www.thierry-groensteen.fr\/index.php\/wp-json\/wp\/v2\/posts\/3474\/revisions\/3482"}],"wp:featuredmedia":[{"embeddable":true,"href":"https:\/\/www.thierry-groensteen.fr\/index.php\/wp-json\/wp\/v2\/media\/3477"}],"wp:attachment":[{"href":"https:\/\/www.thierry-groensteen.fr\/index.php\/wp-json\/wp\/v2\/media?parent=3474"}],"wp:term":[{"taxonomy":"category","embeddable":true,"href":"https:\/\/www.thierry-groensteen.fr\/index.php\/wp-json\/wp\/v2\/categories?post=3474"},{"taxonomy":"post_tag","embeddable":true,"href":"https:\/\/www.thierry-groensteen.fr\/index.php\/wp-json\/wp\/v2\/tags?post=3474"}],"curies":[{"name":"wp","href":"https:\/\/api.w.org\/{rel}","templated":true}]}}