{"id":3411,"date":"2025-01-18T00:05:40","date_gmt":"2025-01-17T23:05:40","guid":{"rendered":"https:\/\/www.thierry-groensteen.fr\/?p=3411"},"modified":"2025-01-17T17:05:27","modified_gmt":"2025-01-17T16:05:27","slug":"la-bande-dessinee-connait-elle-le-style-tardif-2","status":"publish","type":"post","link":"https:\/\/www.thierry-groensteen.fr\/index.php\/2025\/01\/18\/la-bande-dessinee-connait-elle-le-style-tardif-2\/","title":{"rendered":"La bande dessin\u00e9e conna\u00eet-elle le style tardif ? (2)"},"content":{"rendered":"<p>Le style plus \u00ab rel\u00e2ch\u00e9 \u00bb des albums tardifs de Pratt et Tardi est passible de deux interpr\u00e9tations. Les uns y verront un sympt\u00f4me de d\u00e9cadence, les autres une \u00e9volution d\u00e9lib\u00e9r\u00e9e vers une forme de d\u00e9pouillement, d\u2019\u00e9pure, l\u2019acc\u00e8s \u00e0 un style \u00ab quintessentiel \u00bb. Pour d\u2019autres dessinateurs, le doute n\u2019est pas permis\u00a0: le temps a bel et bien abim\u00e9 leur trait. Ainsi, il est notoire que dans les ann\u00e9es 1990 (derni\u00e8re d\u00e9cennie d\u2019existence de l\u2019admirable s\u00e9rie <em>Peanuts<\/em>), celui de Charles Schulz \u2013 atteint de la maladie de Parkinson \u2013 avait perdu toute fermet\u00e9, devenant de plus en plus trembl\u00e9.<\/p>\n<p>Dans un tout autre registre graphique, la m\u00eame d\u00e9cennie (qui s\u2019acheva pour lui par son adaptation du <em>Proc\u00e8s <\/em>de Kafka) a \u00e9galement vu Guido Crepax glisser vers une esth\u00e9tique diff\u00e9rente de celle qui avait fait sa r\u00e9putation, comme une version affaiblie. J\u2019ai sous les yeux l\u2019\u00e9pisode <em>Valentina alla ricerca dei vestiti perduti<\/em> (1995), l\u2019une des ultimes apparitions de sa c\u00e9l\u00e8bre h\u00e9ro\u00efne, et en regardant ces planches je me demande si sa vision \u00e9tait alt\u00e9r\u00e9e ou si c\u2019est seulement sa main qui ne lui ob\u00e9issait plus. Les personnages paraissent souvent comme anamorphos\u00e9s, ou bien en d\u00e9s\u00e9quilibre\u00a0; il semble qu\u2019ils n\u2019appartiennent plus au m\u00eame espace. Les d\u00e9cors sont, eux, r\u00e9duits \u00e0 leur plus simple expression, Crepax les a d\u00e9pouill\u00e9s de tous ces objets qu\u2019il se plaisait auparavant \u00e0 d\u00e9tailler avec un soin maniaque. Et les pages se sont consid\u00e9rablement a\u00e9r\u00e9es. Elles ne comptent plus que six images au plus. Stup\u00e9fiant quand on se souvient que le Milanais \u00e9tait le champion de l\u2019hyperfragmentation de l\u2019espace paginal\u00a0! L\u2019artiste demeure reconnaissable mais il ne propose plus qu\u2019une version de son art \u00e0 tous \u00e9gards d\u00e9valu\u00e9e.<\/p>\n<p><img decoding=\"async\" class=\"lazyload aligncenter wp-image-3417 size-fusion-600\" src=\"https:\/\/www.thierry-groensteen.fr\/wp-content\/uploads\/2025\/01\/Valentina-tardif-600x730.jpg\" data-orig-src=\"https:\/\/www.thierry-groensteen.fr\/wp-content\/uploads\/2025\/01\/Valentina-tardif-600x730.jpg\" alt=\"Guido Crepax, Valentina tardif\" width=\"600\" height=\"730\" srcset=\"data:image\/svg+xml,%3Csvg%20xmlns%3D%27http%3A%2F%2Fwww.w3.org%2F2000%2Fsvg%27%20width%3D%27600%27%20height%3D%27730%27%20viewBox%3D%270%200%20600%20730%27%3E%3Crect%20width%3D%27600%27%20height%3D%27730%27%20fill-opacity%3D%220%22%2F%3E%3C%2Fsvg%3E\" data-srcset=\"https:\/\/www.thierry-groensteen.fr\/wp-content\/uploads\/2025\/01\/Valentina-tardif-200x243.jpg 200w, https:\/\/www.thierry-groensteen.fr\/wp-content\/uploads\/2025\/01\/Valentina-tardif-247x300.jpg 247w, https:\/\/www.thierry-groensteen.fr\/wp-content\/uploads\/2025\/01\/Valentina-tardif-400x486.jpg 400w, https:\/\/www.thierry-groensteen.fr\/wp-content\/uploads\/2025\/01\/Valentina-tardif-600x730.jpg 600w, https:\/\/www.thierry-groensteen.fr\/wp-content\/uploads\/2025\/01\/Valentina-tardif-768x934.jpg 768w, https:\/\/www.thierry-groensteen.fr\/wp-content\/uploads\/2025\/01\/Valentina-tardif-800x973.jpg 800w, https:\/\/www.thierry-groensteen.fr\/wp-content\/uploads\/2025\/01\/Valentina-tardif-842x1024.jpg 842w, https:\/\/www.thierry-groensteen.fr\/wp-content\/uploads\/2025\/01\/Valentina-tardif-1200x1459.jpg 1200w, https:\/\/www.thierry-groensteen.fr\/wp-content\/uploads\/2025\/01\/Valentina-tardif-1263x1536.jpg 1263w, https:\/\/www.thierry-groensteen.fr\/wp-content\/uploads\/2025\/01\/Valentina-tardif.jpg 1389w\" data-sizes=\"auto\" data-orig-sizes=\"(max-width: 600px) 100vw, 600px\" \/><\/p>\n<p>Trajectoire inverse pour le dernier Jack Kirby. Dans <em>Captain Victory<\/em> (13 n\u00b0s de 1981 \u00e0 1984\u00a0; il s\u2019agit de sa derni\u00e8re cr\u00e9ation avec <em>Destroyer Duck<\/em>), non seulement \u00ab le dessin se d\u00e9grade d\u00e8s le troisi\u00e8me fascicule \u00bb, mais Kirby \u00ab met beaucoup plus de dessins par page qu\u2019il n\u2019a coutume de le faire. Dans un tel dispositif, le dessin, par ailleurs h\u00e2tif, appara\u00eet morcel\u00e9, et la page semble faites de fragments agrandis de cases de Kirby \u00bb. Je cite ici l\u2019\u00e9tude de Harry Morgan et Manuel Hirtz, <em>Les Apocalypses de Jack Kirby<\/em> (Les Moutons \u00e9lectriques, 2009), p. 70.<\/p>\n<p>Tous les grands de la bande dessin\u00e9e n\u2019ont pas connu de phase de d\u00e9g\u00e9n\u00e9rescence stylistique. Chez Tezuka (qui mourut \u00e0 l\u2019\u00e2ge de soixante ans, il est vrai), on ne constate aucune d\u00e9perdition d\u2019\u00e9nergie ou de cr\u00e9ativit\u00e9 dans ses derni\u00e8res \u0153uvres.<\/p>\n<p>Rares sont ceux qui, dans leur derni\u00e8re p\u00e9riode, ont su s\u2019inventer un style nouveau, montrer un aspect de leur talent qu\u2019on ne leur connaissait pas encore, exprimer une nouvelle facette d\u2019eux-m\u00eames. Jij\u00e9 fut de ceux-l\u00e0. Celui qui avait \u00e9t\u00e9 une figure centrale du journal <em>Spirou<\/em> allait, \u00e0 la faveur de l\u2019\u00e9ph\u00e9m\u00e8re \u00e9dition belge de <em>Pilote<\/em> qui fut publi\u00e9e sous la direction d\u2019Henri Desclez en 1972-1973, se r\u00e9v\u00e9ler un dessinateur satirique redoutable, au trait incisif, avec des contributions m\u00e9morables telles que \u00ab Eddy 1<sup>er<\/sup> roi des belges \u00bb (sur Eddy Merckx) et \u00ab French Connection \u00bb, page magistrale restituant, en pantomime, le contenu d\u2019une entrevue entre Andr\u00e9 Malraux et Richard Nixon (inspir\u00e9e par un reportage photographique paru dans <em>Paris Match<\/em> n\u00b0 1190\u00a0: \u00ab \u00c0 l\u2019origine de la rencontre Nixon-Mao, une conversation \u00e0 l\u2019\u00c9lys\u00e9e \u00bb). Ces trop peu nombreuses p\u00e9pites ne peuvent que faire regretter qu\u2019il n\u2019ait pas produit un album entier dans cette veine satirique. Je ne crois pas, cependant, que l\u2019on puisse \u00e9voquer \u00e0 son propos la notion de <em>style tardif<\/em>\u00a0; Jij\u00e9 a toujours eu un talent \u00e0 facettes\u00a0; on avait oubli\u00e9 l\u2019humoriste de <em>Blondin et Cirage<\/em>, on le red\u00e9couvrait tout \u00e0 coup dans une version modernis\u00e9e, nourrie sans doute de l\u2019influence de <em>Mad<\/em>, et \u00e0 travers une confrontation, in\u00e9dite dans sa carri\u00e8re, avec des sujets d\u2019actualit\u00e9.<\/p>\n<p>Il faut s\u2019y r\u00e9soudre\u00a0: je ne vois pas que la bande dessin\u00e9e ait produit un exemple probant de style tardif, au sens d\u00e9fini dans le post pr\u00e9c\u00e9dent. En revanche, quelques rares dessinateurs ont sign\u00e9 des \u0153uvres testamentaires\u00a0et r\u00e9capitulatives : je pense tout particuli\u00e8rement \u00e0 <em>Inside Moebius<\/em> et aux <em>Fleurs de cimeti\u00e8re<\/em> d\u2019Edmond Baudoin.<\/p>\n<div id=\"attachment_3416\" style=\"width: 610px\" class=\"wp-caption aligncenter\"><img decoding=\"async\" aria-describedby=\"caption-attachment-3416\" class=\"lazyload wp-image-3416 size-fusion-600\" src=\"https:\/\/www.thierry-groensteen.fr\/wp-content\/uploads\/2025\/01\/Jije-que-barbaridad-600x289.jpg\" data-orig-src=\"https:\/\/www.thierry-groensteen.fr\/wp-content\/uploads\/2025\/01\/Jije-que-barbaridad-600x289.jpg\" alt=\"\" width=\"600\" height=\"289\" srcset=\"data:image\/svg+xml,%3Csvg%20xmlns%3D%27http%3A%2F%2Fwww.w3.org%2F2000%2Fsvg%27%20width%3D%27600%27%20height%3D%27289%27%20viewBox%3D%270%200%20600%20289%27%3E%3Crect%20width%3D%27600%27%20height%3D%27289%27%20fill-opacity%3D%220%22%2F%3E%3C%2Fsvg%3E\" data-srcset=\"https:\/\/www.thierry-groensteen.fr\/wp-content\/uploads\/2025\/01\/Jije-que-barbaridad-200x96.jpg 200w, https:\/\/www.thierry-groensteen.fr\/wp-content\/uploads\/2025\/01\/Jije-que-barbaridad-300x144.jpg 300w, https:\/\/www.thierry-groensteen.fr\/wp-content\/uploads\/2025\/01\/Jije-que-barbaridad-400x192.jpg 400w, https:\/\/www.thierry-groensteen.fr\/wp-content\/uploads\/2025\/01\/Jije-que-barbaridad-600x289.jpg 600w, https:\/\/www.thierry-groensteen.fr\/wp-content\/uploads\/2025\/01\/Jije-que-barbaridad-768x369.jpg 768w, https:\/\/www.thierry-groensteen.fr\/wp-content\/uploads\/2025\/01\/Jije-que-barbaridad-800x385.jpg 800w, https:\/\/www.thierry-groensteen.fr\/wp-content\/uploads\/2025\/01\/Jije-que-barbaridad-1024x492.jpg 1024w, https:\/\/www.thierry-groensteen.fr\/wp-content\/uploads\/2025\/01\/Jije-que-barbaridad-1200x577.jpg 1200w, https:\/\/www.thierry-groensteen.fr\/wp-content\/uploads\/2025\/01\/Jije-que-barbaridad-1536x739.jpg 1536w\" data-sizes=\"auto\" data-orig-sizes=\"(max-width: 600px) 100vw, 600px\" \/><p id=\"caption-attachment-3416\" class=\"wp-caption-text\">Pancho dans \u00ab\u00a0Que Barbaridad ! \u00bb \u2013 Tous droits r\u00e9serv\u00e9s<\/p><\/div>\n<p>Jean Giraud avait \u00e9t\u00e9 l\u2019\u00e9l\u00e8ve de Jij\u00e9. D\u2019une certaine mani\u00e8re, avec <em>Inside Moebius<\/em> (6 tomes publi\u00e9s entre 2004 et 2010), il marchait \u00e0 nouveau sur ses traces. En effet, le cr\u00e9ateur de Jerry Spring et son fid\u00e8le second Pancho avait, en 1977 (trois ans avant son d\u00e9c\u00e8s), publi\u00e9 <em>Que Barbaridad\u00a0!<\/em>, une suite de pages dans <em>Le Trombone illustr\u00e9<\/em>, o\u00f9 il caricaturait avec verve ses h\u00e9ros l\u00e9gendaires. De m\u00eame, Moebius allait se moquer de Blueberry, du major Grubert et d\u2019Arzach dans son ultime s\u00e9rie, revisiter la totalit\u00e9 de son \u0153uvre sur le mode de la m\u00e9ditation farcesque et confronter son double graphique \u00e0 ses personnages. Celui que l\u2019on a longtemps qualifi\u00e9 de Janus de la bande dessin\u00e9e r\u00e9alisait l\u00e0 une brillante r\u00e9conciliation entre ses diff\u00e9rents Moi.<\/p>\n<p><img decoding=\"async\" class=\"lazyload size-medium wp-image-3415 alignright\" src=\"https:\/\/www.thierry-groensteen.fr\/wp-content\/uploads\/2025\/01\/couve-Inside-Moebius-3-copie-213x300.jpg\" data-orig-src=\"https:\/\/www.thierry-groensteen.fr\/wp-content\/uploads\/2025\/01\/couve-Inside-Moebius-3-copie-213x300.jpg\" alt=\"\" width=\"213\" height=\"300\" srcset=\"data:image\/svg+xml,%3Csvg%20xmlns%3D%27http%3A%2F%2Fwww.w3.org%2F2000%2Fsvg%27%20width%3D%27213%27%20height%3D%27300%27%20viewBox%3D%270%200%20213%20300%27%3E%3Crect%20width%3D%27213%27%20height%3D%27300%27%20fill-opacity%3D%220%22%2F%3E%3C%2Fsvg%3E\" data-srcset=\"https:\/\/www.thierry-groensteen.fr\/wp-content\/uploads\/2025\/01\/couve-Inside-Moebius-3-copie-200x282.jpg 200w, https:\/\/www.thierry-groensteen.fr\/wp-content\/uploads\/2025\/01\/couve-Inside-Moebius-3-copie-213x300.jpg 213w, https:\/\/www.thierry-groensteen.fr\/wp-content\/uploads\/2025\/01\/couve-Inside-Moebius-3-copie-400x563.jpg 400w, https:\/\/www.thierry-groensteen.fr\/wp-content\/uploads\/2025\/01\/couve-Inside-Moebius-3-copie-600x845.jpg 600w, https:\/\/www.thierry-groensteen.fr\/wp-content\/uploads\/2025\/01\/couve-Inside-Moebius-3-copie-727x1024.jpg 727w, https:\/\/www.thierry-groensteen.fr\/wp-content\/uploads\/2025\/01\/couve-Inside-Moebius-3-copie-768x1081.jpg 768w, https:\/\/www.thierry-groensteen.fr\/wp-content\/uploads\/2025\/01\/couve-Inside-Moebius-3-copie-800x1126.jpg 800w, https:\/\/www.thierry-groensteen.fr\/wp-content\/uploads\/2025\/01\/couve-Inside-Moebius-3-copie-1091x1536.jpg 1091w, https:\/\/www.thierry-groensteen.fr\/wp-content\/uploads\/2025\/01\/couve-Inside-Moebius-3-copie-1200x1689.jpg 1200w, https:\/\/www.thierry-groensteen.fr\/wp-content\/uploads\/2025\/01\/couve-Inside-Moebius-3-copie-1455x2048.jpg 1455w, https:\/\/www.thierry-groensteen.fr\/wp-content\/uploads\/2025\/01\/couve-Inside-Moebius-3-copie-scaled.jpg 1819w\" data-sizes=\"auto\" data-orig-sizes=\"(max-width: 213px) 100vw, 213px\" \/><\/p>\n<p>Tout comme Moebius, Baudoin fait partie des auteurs qui s\u2019\u00e9taient de longue date affranchis de toutes formes de conventions. Et de m\u00eame que dans <em>Inside<\/em>\u2026, Moebius se repr\u00e9sente \u00e0 diff\u00e9rents \u00e2ges de sa vie, <em>Les Fleurs de cimeti\u00e8re <\/em>(L\u2019Association, 2021) s\u2019ouvre par une suite de douze autoportraits d\u00e9composant un parcours de vie. Puis le livre, qui compte 280 pages, n\u2019a de cesse d\u2019entrelacer quelques-uns des motifs obs\u00e9dants qui ont nourri les pr\u00e9c\u00e9dents\u00a0: les femmes, les arbres, la cr\u00e9ation, amalgamant des mat\u00e9riaux h\u00e9t\u00e9rog\u00e8nes, dessinant un puzzle \u00e0 jamais et n\u00e9cessairement inachevable.<\/p>\n","protected":false},"excerpt":{"rendered":"<p>Le style plus \u00ab rel\u00e2ch\u00e9 \u00bb des albums tardifs de Pratt et Tardi est passible de deux interpr\u00e9tations. Les uns y verront un sympt\u00f4me de d\u00e9cadence, les autres une \u00e9volution d\u00e9lib\u00e9r\u00e9e vers une forme de d\u00e9pouillement, d\u2019\u00e9pure, l\u2019acc\u00e8s \u00e0 un style \u00ab quintessentiel \u00bb. Pour d\u2019autres dessinateurs, le doute n\u2019est pas permis\u00a0: le temps [&hellip;]<\/p>\n","protected":false},"author":1,"featured_media":3414,"comment_status":"closed","ping_status":"closed","sticky":false,"template":"","format":"standard","meta":{"footnotes":""},"categories":[70],"tags":[],"class_list":["post-3411","post","type-post","status-publish","format-standard","has-post-thumbnail","hentry","category-mon-blog"],"acf":[],"yoast_head":"<!-- This site is optimized with the Yoast SEO plugin v27.5 - https:\/\/yoast.com\/product\/yoast-seo-wordpress\/ -->\n<title>La bande dessin\u00e9e conna\u00eet-elle le style tardif ? (2) - le site de Thierry Groensteen<\/title>\n<meta name=\"robots\" content=\"index, follow, max-snippet:-1, max-image-preview:large, max-video-preview:-1\" \/>\n<link rel=\"canonical\" href=\"https:\/\/www.thierry-groensteen.fr\/index.php\/2025\/01\/18\/la-bande-dessinee-connait-elle-le-style-tardif-2\/\" \/>\n<meta property=\"og:locale\" content=\"fr_FR\" \/>\n<meta property=\"og:type\" content=\"article\" \/>\n<meta property=\"og:title\" content=\"La bande dessin\u00e9e conna\u00eet-elle le style tardif ? (2) - le site de Thierry Groensteen\" \/>\n<meta property=\"og:description\" content=\"Le style plus \u00ab rel\u00e2ch\u00e9 \u00bb des albums tardifs de Pratt et Tardi est passible de deux interpr\u00e9tations. Les uns y verront un sympt\u00f4me de d\u00e9cadence, les autres une \u00e9volution d\u00e9lib\u00e9r\u00e9e vers une forme de d\u00e9pouillement, d\u2019\u00e9pure, l\u2019acc\u00e8s \u00e0 un style \u00ab quintessentiel \u00bb. Pour d\u2019autres dessinateurs, le doute n\u2019est pas permis\u00a0: le temps [&hellip;]\" \/>\n<meta property=\"og:url\" content=\"https:\/\/www.thierry-groensteen.fr\/index.php\/2025\/01\/18\/la-bande-dessinee-connait-elle-le-style-tardif-2\/\" \/>\n<meta property=\"og:site_name\" content=\"le site de Thierry Groensteen\" \/>\n<meta property=\"article:published_time\" content=\"2025-01-17T23:05:40+00:00\" \/>\n<meta property=\"og:image\" content=\"https:\/\/www.thierry-groensteen.fr\/wp-content\/uploads\/2025\/01\/Inside-Moebius-copie-e1736845039262.jpg\" \/>\n\t<meta property=\"og:image:width\" content=\"1820\" \/>\n\t<meta property=\"og:image:height\" content=\"835\" \/>\n\t<meta property=\"og:image:type\" content=\"image\/jpeg\" \/>\n<meta name=\"author\" content=\"TG\" \/>\n<meta name=\"twitter:card\" content=\"summary_large_image\" \/>\n<meta name=\"twitter:label1\" content=\"\u00c9crit par\" \/>\n\t<meta name=\"twitter:data1\" content=\"TG\" \/>\n\t<meta name=\"twitter:label2\" content=\"Dur\u00e9e de lecture estim\u00e9e\" \/>\n\t<meta name=\"twitter:data2\" content=\"5 minutes\" \/>\n<script type=\"application\/ld+json\" class=\"yoast-schema-graph\">{\"@context\":\"https:\\\/\\\/schema.org\",\"@graph\":[{\"@type\":\"Article\",\"@id\":\"https:\\\/\\\/www.thierry-groensteen.fr\\\/index.php\\\/2025\\\/01\\\/18\\\/la-bande-dessinee-connait-elle-le-style-tardif-2\\\/#article\",\"isPartOf\":{\"@id\":\"https:\\\/\\\/www.thierry-groensteen.fr\\\/index.php\\\/2025\\\/01\\\/18\\\/la-bande-dessinee-connait-elle-le-style-tardif-2\\\/\"},\"author\":{\"name\":\"TG\",\"@id\":\"https:\\\/\\\/www.thierry-groensteen.fr\\\/#\\\/schema\\\/person\\\/3695d4890604be69f280ebbb549210b5\"},\"headline\":\"La bande dessin\u00e9e conna\u00eet-elle le style tardif ? (2)\",\"datePublished\":\"2025-01-17T23:05:40+00:00\",\"mainEntityOfPage\":{\"@id\":\"https:\\\/\\\/www.thierry-groensteen.fr\\\/index.php\\\/2025\\\/01\\\/18\\\/la-bande-dessinee-connait-elle-le-style-tardif-2\\\/\"},\"wordCount\":1039,\"publisher\":{\"@id\":\"https:\\\/\\\/www.thierry-groensteen.fr\\\/#\\\/schema\\\/person\\\/3695d4890604be69f280ebbb549210b5\"},\"image\":{\"@id\":\"https:\\\/\\\/www.thierry-groensteen.fr\\\/index.php\\\/2025\\\/01\\\/18\\\/la-bande-dessinee-connait-elle-le-style-tardif-2\\\/#primaryimage\"},\"thumbnailUrl\":\"https:\\\/\\\/www.thierry-groensteen.fr\\\/wp-content\\\/uploads\\\/2025\\\/01\\\/Inside-Moebius-copie-e1736845039262.jpg\",\"articleSection\":[\"mon Blog\"],\"inLanguage\":\"fr-FR\"},{\"@type\":\"WebPage\",\"@id\":\"https:\\\/\\\/www.thierry-groensteen.fr\\\/index.php\\\/2025\\\/01\\\/18\\\/la-bande-dessinee-connait-elle-le-style-tardif-2\\\/\",\"url\":\"https:\\\/\\\/www.thierry-groensteen.fr\\\/index.php\\\/2025\\\/01\\\/18\\\/la-bande-dessinee-connait-elle-le-style-tardif-2\\\/\",\"name\":\"La bande dessin\u00e9e conna\u00eet-elle le style tardif ? (2) - le site de Thierry Groensteen\",\"isPartOf\":{\"@id\":\"https:\\\/\\\/www.thierry-groensteen.fr\\\/#website\"},\"primaryImageOfPage\":{\"@id\":\"https:\\\/\\\/www.thierry-groensteen.fr\\\/index.php\\\/2025\\\/01\\\/18\\\/la-bande-dessinee-connait-elle-le-style-tardif-2\\\/#primaryimage\"},\"image\":{\"@id\":\"https:\\\/\\\/www.thierry-groensteen.fr\\\/index.php\\\/2025\\\/01\\\/18\\\/la-bande-dessinee-connait-elle-le-style-tardif-2\\\/#primaryimage\"},\"thumbnailUrl\":\"https:\\\/\\\/www.thierry-groensteen.fr\\\/wp-content\\\/uploads\\\/2025\\\/01\\\/Inside-Moebius-copie-e1736845039262.jpg\",\"datePublished\":\"2025-01-17T23:05:40+00:00\",\"breadcrumb\":{\"@id\":\"https:\\\/\\\/www.thierry-groensteen.fr\\\/index.php\\\/2025\\\/01\\\/18\\\/la-bande-dessinee-connait-elle-le-style-tardif-2\\\/#breadcrumb\"},\"inLanguage\":\"fr-FR\",\"potentialAction\":[{\"@type\":\"ReadAction\",\"target\":[\"https:\\\/\\\/www.thierry-groensteen.fr\\\/index.php\\\/2025\\\/01\\\/18\\\/la-bande-dessinee-connait-elle-le-style-tardif-2\\\/\"]}]},{\"@type\":\"ImageObject\",\"inLanguage\":\"fr-FR\",\"@id\":\"https:\\\/\\\/www.thierry-groensteen.fr\\\/index.php\\\/2025\\\/01\\\/18\\\/la-bande-dessinee-connait-elle-le-style-tardif-2\\\/#primaryimage\",\"url\":\"https:\\\/\\\/www.thierry-groensteen.fr\\\/wp-content\\\/uploads\\\/2025\\\/01\\\/Inside-Moebius-copie-e1736845039262.jpg\",\"contentUrl\":\"https:\\\/\\\/www.thierry-groensteen.fr\\\/wp-content\\\/uploads\\\/2025\\\/01\\\/Inside-Moebius-copie-e1736845039262.jpg\",\"width\":1820,\"height\":835},{\"@type\":\"BreadcrumbList\",\"@id\":\"https:\\\/\\\/www.thierry-groensteen.fr\\\/index.php\\\/2025\\\/01\\\/18\\\/la-bande-dessinee-connait-elle-le-style-tardif-2\\\/#breadcrumb\",\"itemListElement\":[{\"@type\":\"ListItem\",\"position\":1,\"name\":\"Accueil\",\"item\":\"https:\\\/\\\/www.thierry-groensteen.fr\\\/\"},{\"@type\":\"ListItem\",\"position\":2,\"name\":\"La bande dessin\u00e9e conna\u00eet-elle le style tardif ? (2)\"}]},{\"@type\":\"WebSite\",\"@id\":\"https:\\\/\\\/www.thierry-groensteen.fr\\\/#website\",\"url\":\"https:\\\/\\\/www.thierry-groensteen.fr\\\/\",\"name\":\"le site de Thierry Groensteen\",\"description\":\"site officiel\",\"publisher\":{\"@id\":\"https:\\\/\\\/www.thierry-groensteen.fr\\\/#\\\/schema\\\/person\\\/3695d4890604be69f280ebbb549210b5\"},\"potentialAction\":[{\"@type\":\"SearchAction\",\"target\":{\"@type\":\"EntryPoint\",\"urlTemplate\":\"https:\\\/\\\/www.thierry-groensteen.fr\\\/?s={search_term_string}\"},\"query-input\":{\"@type\":\"PropertyValueSpecification\",\"valueRequired\":true,\"valueName\":\"search_term_string\"}}],\"inLanguage\":\"fr-FR\"},{\"@type\":[\"Person\",\"Organization\"],\"@id\":\"https:\\\/\\\/www.thierry-groensteen.fr\\\/#\\\/schema\\\/person\\\/3695d4890604be69f280ebbb549210b5\",\"name\":\"TG\",\"image\":{\"@type\":\"ImageObject\",\"inLanguage\":\"fr-FR\",\"@id\":\"https:\\\/\\\/www.thierry-groensteen.fr\\\/wp-content\\\/uploads\\\/2023\\\/09\\\/logo_ThierryGroensteen_header.png\",\"url\":\"https:\\\/\\\/www.thierry-groensteen.fr\\\/wp-content\\\/uploads\\\/2023\\\/09\\\/logo_ThierryGroensteen_header.png\",\"contentUrl\":\"https:\\\/\\\/www.thierry-groensteen.fr\\\/wp-content\\\/uploads\\\/2023\\\/09\\\/logo_ThierryGroensteen_header.png\",\"width\":620,\"height\":240,\"caption\":\"TG\"},\"logo\":{\"@id\":\"https:\\\/\\\/www.thierry-groensteen.fr\\\/wp-content\\\/uploads\\\/2023\\\/09\\\/logo_ThierryGroensteen_header.png\"},\"sameAs\":[\"https:\\\/\\\/www.thierry-groensteen.fr\"],\"url\":\"https:\\\/\\\/www.thierry-groensteen.fr\\\/index.php\\\/author\\\/admin5797\\\/\"}]}<\/script>\n<!-- \/ Yoast SEO plugin. -->","yoast_head_json":{"title":"La bande dessin\u00e9e conna\u00eet-elle le style tardif ? (2) - le site de Thierry Groensteen","robots":{"index":"index","follow":"follow","max-snippet":"max-snippet:-1","max-image-preview":"max-image-preview:large","max-video-preview":"max-video-preview:-1"},"canonical":"https:\/\/www.thierry-groensteen.fr\/index.php\/2025\/01\/18\/la-bande-dessinee-connait-elle-le-style-tardif-2\/","og_locale":"fr_FR","og_type":"article","og_title":"La bande dessin\u00e9e conna\u00eet-elle le style tardif ? (2) - le site de Thierry Groensteen","og_description":"Le style plus \u00ab rel\u00e2ch\u00e9 \u00bb des albums tardifs de Pratt et Tardi est passible de deux interpr\u00e9tations. Les uns y verront un sympt\u00f4me de d\u00e9cadence, les autres une \u00e9volution d\u00e9lib\u00e9r\u00e9e vers une forme de d\u00e9pouillement, d\u2019\u00e9pure, l\u2019acc\u00e8s \u00e0 un style \u00ab quintessentiel \u00bb. Pour d\u2019autres dessinateurs, le doute n\u2019est pas permis\u00a0: le temps [&hellip;]","og_url":"https:\/\/www.thierry-groensteen.fr\/index.php\/2025\/01\/18\/la-bande-dessinee-connait-elle-le-style-tardif-2\/","og_site_name":"le site de Thierry Groensteen","article_published_time":"2025-01-17T23:05:40+00:00","og_image":[{"width":1820,"height":835,"url":"https:\/\/www.thierry-groensteen.fr\/wp-content\/uploads\/2025\/01\/Inside-Moebius-copie-e1736845039262.jpg","type":"image\/jpeg"}],"author":"TG","twitter_card":"summary_large_image","twitter_misc":{"\u00c9crit par":"TG","Dur\u00e9e de lecture estim\u00e9e":"5 minutes"},"schema":{"@context":"https:\/\/schema.org","@graph":[{"@type":"Article","@id":"https:\/\/www.thierry-groensteen.fr\/index.php\/2025\/01\/18\/la-bande-dessinee-connait-elle-le-style-tardif-2\/#article","isPartOf":{"@id":"https:\/\/www.thierry-groensteen.fr\/index.php\/2025\/01\/18\/la-bande-dessinee-connait-elle-le-style-tardif-2\/"},"author":{"name":"TG","@id":"https:\/\/www.thierry-groensteen.fr\/#\/schema\/person\/3695d4890604be69f280ebbb549210b5"},"headline":"La bande dessin\u00e9e conna\u00eet-elle le style tardif ? (2)","datePublished":"2025-01-17T23:05:40+00:00","mainEntityOfPage":{"@id":"https:\/\/www.thierry-groensteen.fr\/index.php\/2025\/01\/18\/la-bande-dessinee-connait-elle-le-style-tardif-2\/"},"wordCount":1039,"publisher":{"@id":"https:\/\/www.thierry-groensteen.fr\/#\/schema\/person\/3695d4890604be69f280ebbb549210b5"},"image":{"@id":"https:\/\/www.thierry-groensteen.fr\/index.php\/2025\/01\/18\/la-bande-dessinee-connait-elle-le-style-tardif-2\/#primaryimage"},"thumbnailUrl":"https:\/\/www.thierry-groensteen.fr\/wp-content\/uploads\/2025\/01\/Inside-Moebius-copie-e1736845039262.jpg","articleSection":["mon Blog"],"inLanguage":"fr-FR"},{"@type":"WebPage","@id":"https:\/\/www.thierry-groensteen.fr\/index.php\/2025\/01\/18\/la-bande-dessinee-connait-elle-le-style-tardif-2\/","url":"https:\/\/www.thierry-groensteen.fr\/index.php\/2025\/01\/18\/la-bande-dessinee-connait-elle-le-style-tardif-2\/","name":"La bande dessin\u00e9e conna\u00eet-elle le style tardif ? (2) - le site de Thierry Groensteen","isPartOf":{"@id":"https:\/\/www.thierry-groensteen.fr\/#website"},"primaryImageOfPage":{"@id":"https:\/\/www.thierry-groensteen.fr\/index.php\/2025\/01\/18\/la-bande-dessinee-connait-elle-le-style-tardif-2\/#primaryimage"},"image":{"@id":"https:\/\/www.thierry-groensteen.fr\/index.php\/2025\/01\/18\/la-bande-dessinee-connait-elle-le-style-tardif-2\/#primaryimage"},"thumbnailUrl":"https:\/\/www.thierry-groensteen.fr\/wp-content\/uploads\/2025\/01\/Inside-Moebius-copie-e1736845039262.jpg","datePublished":"2025-01-17T23:05:40+00:00","breadcrumb":{"@id":"https:\/\/www.thierry-groensteen.fr\/index.php\/2025\/01\/18\/la-bande-dessinee-connait-elle-le-style-tardif-2\/#breadcrumb"},"inLanguage":"fr-FR","potentialAction":[{"@type":"ReadAction","target":["https:\/\/www.thierry-groensteen.fr\/index.php\/2025\/01\/18\/la-bande-dessinee-connait-elle-le-style-tardif-2\/"]}]},{"@type":"ImageObject","inLanguage":"fr-FR","@id":"https:\/\/www.thierry-groensteen.fr\/index.php\/2025\/01\/18\/la-bande-dessinee-connait-elle-le-style-tardif-2\/#primaryimage","url":"https:\/\/www.thierry-groensteen.fr\/wp-content\/uploads\/2025\/01\/Inside-Moebius-copie-e1736845039262.jpg","contentUrl":"https:\/\/www.thierry-groensteen.fr\/wp-content\/uploads\/2025\/01\/Inside-Moebius-copie-e1736845039262.jpg","width":1820,"height":835},{"@type":"BreadcrumbList","@id":"https:\/\/www.thierry-groensteen.fr\/index.php\/2025\/01\/18\/la-bande-dessinee-connait-elle-le-style-tardif-2\/#breadcrumb","itemListElement":[{"@type":"ListItem","position":1,"name":"Accueil","item":"https:\/\/www.thierry-groensteen.fr\/"},{"@type":"ListItem","position":2,"name":"La bande dessin\u00e9e conna\u00eet-elle le style tardif ? (2)"}]},{"@type":"WebSite","@id":"https:\/\/www.thierry-groensteen.fr\/#website","url":"https:\/\/www.thierry-groensteen.fr\/","name":"le site de Thierry Groensteen","description":"site officiel","publisher":{"@id":"https:\/\/www.thierry-groensteen.fr\/#\/schema\/person\/3695d4890604be69f280ebbb549210b5"},"potentialAction":[{"@type":"SearchAction","target":{"@type":"EntryPoint","urlTemplate":"https:\/\/www.thierry-groensteen.fr\/?s={search_term_string}"},"query-input":{"@type":"PropertyValueSpecification","valueRequired":true,"valueName":"search_term_string"}}],"inLanguage":"fr-FR"},{"@type":["Person","Organization"],"@id":"https:\/\/www.thierry-groensteen.fr\/#\/schema\/person\/3695d4890604be69f280ebbb549210b5","name":"TG","image":{"@type":"ImageObject","inLanguage":"fr-FR","@id":"https:\/\/www.thierry-groensteen.fr\/wp-content\/uploads\/2023\/09\/logo_ThierryGroensteen_header.png","url":"https:\/\/www.thierry-groensteen.fr\/wp-content\/uploads\/2023\/09\/logo_ThierryGroensteen_header.png","contentUrl":"https:\/\/www.thierry-groensteen.fr\/wp-content\/uploads\/2023\/09\/logo_ThierryGroensteen_header.png","width":620,"height":240,"caption":"TG"},"logo":{"@id":"https:\/\/www.thierry-groensteen.fr\/wp-content\/uploads\/2023\/09\/logo_ThierryGroensteen_header.png"},"sameAs":["https:\/\/www.thierry-groensteen.fr"],"url":"https:\/\/www.thierry-groensteen.fr\/index.php\/author\/admin5797\/"}]}},"_links":{"self":[{"href":"https:\/\/www.thierry-groensteen.fr\/index.php\/wp-json\/wp\/v2\/posts\/3411","targetHints":{"allow":["GET"]}}],"collection":[{"href":"https:\/\/www.thierry-groensteen.fr\/index.php\/wp-json\/wp\/v2\/posts"}],"about":[{"href":"https:\/\/www.thierry-groensteen.fr\/index.php\/wp-json\/wp\/v2\/types\/post"}],"author":[{"embeddable":true,"href":"https:\/\/www.thierry-groensteen.fr\/index.php\/wp-json\/wp\/v2\/users\/1"}],"replies":[{"embeddable":true,"href":"https:\/\/www.thierry-groensteen.fr\/index.php\/wp-json\/wp\/v2\/comments?post=3411"}],"version-history":[{"count":4,"href":"https:\/\/www.thierry-groensteen.fr\/index.php\/wp-json\/wp\/v2\/posts\/3411\/revisions"}],"predecessor-version":[{"id":3419,"href":"https:\/\/www.thierry-groensteen.fr\/index.php\/wp-json\/wp\/v2\/posts\/3411\/revisions\/3419"}],"wp:featuredmedia":[{"embeddable":true,"href":"https:\/\/www.thierry-groensteen.fr\/index.php\/wp-json\/wp\/v2\/media\/3414"}],"wp:attachment":[{"href":"https:\/\/www.thierry-groensteen.fr\/index.php\/wp-json\/wp\/v2\/media?parent=3411"}],"wp:term":[{"taxonomy":"category","embeddable":true,"href":"https:\/\/www.thierry-groensteen.fr\/index.php\/wp-json\/wp\/v2\/categories?post=3411"},{"taxonomy":"post_tag","embeddable":true,"href":"https:\/\/www.thierry-groensteen.fr\/index.php\/wp-json\/wp\/v2\/tags?post=3411"}],"curies":[{"name":"wp","href":"https:\/\/api.w.org\/{rel}","templated":true}]}}