{"id":3359,"date":"2024-12-18T00:05:37","date_gmt":"2024-12-17T23:05:37","guid":{"rendered":"https:\/\/www.thierry-groensteen.fr\/?p=3359"},"modified":"2024-12-17T09:51:21","modified_gmt":"2024-12-17T08:51:21","slug":"le-retour-de-la-collection-30-40","status":"publish","type":"post","link":"https:\/\/www.thierry-groensteen.fr\/index.php\/2024\/12\/18\/le-retour-de-la-collection-30-40\/","title":{"rendered":"Le retour de la collection \u201c30\/40\u201d"},"content":{"rendered":"<p>J\u2019ai d\u00e9j\u00e0 eu l\u2019occasion d\u2019observer ici que le revival se porte bien dans le monde de la bande dessin\u00e9e, qui para\u00eet, plus que d\u2019autres, travaill\u00e9 par la nostalgie. Mais s\u2019il y a une collection que l\u2019on ne s\u2019attendait pas \u00e0 voir rena\u00eetre de ses cendres, c\u2019est bien\u00a0la collection \u00ab\u00a030\/40\u00a0\u00bb qui fut la collection signature des \u00e9ditions Futuropolis, p\u00e9riode Robial-Cestac. La voici pourtant qui revient aux \u00e9ditions de l\u2019Apocalypse, avec un premier volume, annonc\u00e9 pour janvier (mais certains l\u2019auront d\u00e9j\u00e0 d\u00e9couvert en avant-premi\u00e8re au SOBD d\u00e8s ce mois-ci), qui porte en couverture le nom de Menu.<\/p>\n<p><img decoding=\"async\" class=\"lazyload size-medium wp-image-3361 alignright\" src=\"https:\/\/www.thierry-groensteen.fr\/wp-content\/uploads\/2024\/12\/menu_30_40_cover-2152e-225x300.jpg\" data-orig-src=\"https:\/\/www.thierry-groensteen.fr\/wp-content\/uploads\/2024\/12\/menu_30_40_cover-2152e-225x300.jpg\" alt=\"\" width=\"225\" height=\"300\" srcset=\"data:image\/svg+xml,%3Csvg%20xmlns%3D%27http%3A%2F%2Fwww.w3.org%2F2000%2Fsvg%27%20width%3D%27225%27%20height%3D%27300%27%20viewBox%3D%270%200%20225%20300%27%3E%3Crect%20width%3D%27225%27%20height%3D%27300%27%20fill-opacity%3D%220%22%2F%3E%3C%2Fsvg%3E\" data-srcset=\"https:\/\/www.thierry-groensteen.fr\/wp-content\/uploads\/2024\/12\/menu_30_40_cover-2152e-200x267.jpg 200w, https:\/\/www.thierry-groensteen.fr\/wp-content\/uploads\/2024\/12\/menu_30_40_cover-2152e-225x300.jpg 225w, https:\/\/www.thierry-groensteen.fr\/wp-content\/uploads\/2024\/12\/menu_30_40_cover-2152e-400x533.jpg 400w, https:\/\/www.thierry-groensteen.fr\/wp-content\/uploads\/2024\/12\/menu_30_40_cover-2152e-600x800.jpg 600w, https:\/\/www.thierry-groensteen.fr\/wp-content\/uploads\/2024\/12\/menu_30_40_cover-2152e.jpg 700w\" data-sizes=\"auto\" data-orig-sizes=\"(max-width: 225px) 100vw, 225px\" \/><\/p>\n<p>Rappelons aux plus jeunes que ladite collection se distinguait non seulement par son format g\u00e9ant (40 cm de haut, 30 de large) mais par le fait qu\u2019elle ne comportait aucune autre mention en couverture que le nom de l\u2019artiste, en lettres g\u00e9antes elles aussi. Embl\u00e9matique de la politique des auteurs que professaient Etienne Robial et Florence Cestac, les \u00ab\u00a030\/40\u00a0\u00bb n\u2019affichaient aucun titre, aucun h\u00e9ros, ne mettant en avant que le cr\u00e9ateur. Il fallait y aller voir pour d\u00e9couvrir que le <em>Tardi <\/em>et le <em>Baudoin<\/em>, par exemple, consistaient en deux grands r\u00e9cits qui, repris plus tard dans d\u2019autres formats, allaient s\u2019imposer comme des rep\u00e8res majeurs dans la production de ces deux grands auteurs, \u00e0 savoir <em>La V\u00e9ritable Histoire du Soldat inconnu<\/em>, pour le premier et <em>Le Portrait<\/em>, pour le second. Mais il n\u2019en allait pas de m\u00eame pour tous les titres. Le tierc\u00e9 inaugural, en 1974, qui marqua v\u00e9ritablement le d\u00e9but de l\u2019activit\u00e9 de la maison parisienne, revendiquait d\u2019embl\u00e9e l\u2019\u00e9clectisme\u00a0: outre le <em>Tardi <\/em>cit\u00e9 parurent cette ann\u00e9e-l\u00e0 un <em>Gir <\/em>(ni Giraud, ni Moebius\u00a0; on est un an apr\u00e8s la parution de <em>La D\u00e9viation<\/em> dans <em>Pilote<\/em>, un an avant la cr\u00e9ation de <em>M\u00e9tal Hurlant<\/em>, le dessinateur est en phase de transition) consistant en une compilation de dessins et d\u2019histoires courtes \u2013 dont, pr\u00e9cis\u00e9ment, <em>La D\u00e9viation<\/em> \u2013 et un <em>Calvo\u00a0<\/em>patrimonial r\u00e9unissant trois aventures de <em>Patamousse <\/em>et inaugurant une politique de r\u00e9\u00e9ditions qui allaient tirer de l\u2019oubli l\u2019auteur de <em>La B\u00eate est morte<\/em>.<\/p>\n<p>Suivirent 19 autres volumes, jusqu\u2019au <em>Miles Hyman<\/em> conclusif de 1993. \u00ab 30 \/ 40 \u00bb accueillit des Am\u00e9ricains (et \u2013 sauf Crumb et Wrightson \u2013 certes pas les plus connus des amateurs de <em>comics<\/em>, mais Bod\u00e9, Jones, Moscoso\u2026), des outsiders comme Got, Montellier, Bazooka, Masse, Schlingo et Mix Mix, des grands noms de la sc\u00e8ne internationale comme Swarte et Jacovitti, un m\u00e9morable <em>Willem<\/em>. Bref, un casting n\u2019ob\u00e9issant \u00e0 aucune autre r\u00e8gle que le (bon) go\u00fbt des \u00e9diteurs, et assur\u00e9ment \u00e0 aucun souci de rentabilit\u00e9 et, au final, une affiche ayant valeur de manifeste, de d\u00e9fense et illustration d\u2019une certaine id\u00e9e de la bande dessin\u00e9e.<\/p>\n<p><img decoding=\"async\" class=\"lazyload aligncenter wp-image-3364 size-fusion-400\" src=\"https:\/\/www.thierry-groensteen.fr\/wp-content\/uploads\/2024\/12\/Lurie-Ginol-1-400x315.jpg\" data-orig-src=\"https:\/\/www.thierry-groensteen.fr\/wp-content\/uploads\/2024\/12\/Lurie-Ginol-1-400x315.jpg\" alt=\"\" width=\"400\" height=\"315\" srcset=\"data:image\/svg+xml,%3Csvg%20xmlns%3D%27http%3A%2F%2Fwww.w3.org%2F2000%2Fsvg%27%20width%3D%27400%27%20height%3D%27315%27%20viewBox%3D%270%200%20400%20315%27%3E%3Crect%20width%3D%27400%27%20height%3D%27315%27%20fill-opacity%3D%220%22%2F%3E%3C%2Fsvg%3E\" data-srcset=\"https:\/\/www.thierry-groensteen.fr\/wp-content\/uploads\/2024\/12\/Lurie-Ginol-1-200x158.jpg 200w, https:\/\/www.thierry-groensteen.fr\/wp-content\/uploads\/2024\/12\/Lurie-Ginol-1-300x237.jpg 300w, https:\/\/www.thierry-groensteen.fr\/wp-content\/uploads\/2024\/12\/Lurie-Ginol-1-400x315.jpg 400w, https:\/\/www.thierry-groensteen.fr\/wp-content\/uploads\/2024\/12\/Lurie-Ginol-1-600x473.jpg 600w, https:\/\/www.thierry-groensteen.fr\/wp-content\/uploads\/2024\/12\/Lurie-Ginol-1-768x606.jpg 768w, https:\/\/www.thierry-groensteen.fr\/wp-content\/uploads\/2024\/12\/Lurie-Ginol-1-800x631.jpg 800w, https:\/\/www.thierry-groensteen.fr\/wp-content\/uploads\/2024\/12\/Lurie-Ginol-1-1024x808.jpg 1024w, https:\/\/www.thierry-groensteen.fr\/wp-content\/uploads\/2024\/12\/Lurie-Ginol-1-1200x946.jpg 1200w, https:\/\/www.thierry-groensteen.fr\/wp-content\/uploads\/2024\/12\/Lurie-Ginol-1-1536x1211.jpg 1536w, https:\/\/www.thierry-groensteen.fr\/wp-content\/uploads\/2024\/12\/Lurie-Ginol-1.jpg 1704w\" data-sizes=\"auto\" data-orig-sizes=\"(max-width: 400px) 100vw, 400px\" \/><\/p>\n<p>Jean-Christophe Menu avait publi\u00e9 son premier album professionnel chez Futuropolis, dans la collection \u00ab X \u00bb (<em>Le Portrait de Lurie Ginol<\/em>, 1987). Il avait coordonn\u00e9 l\u2019unique num\u00e9ro de la revue <em>Labo<\/em>, qui pr\u00e9figurait l\u2019Association encore \u00e0 na\u00eetre, sous la f\u00e9rule bienveillante de Robial. Et il n\u2019a jamais cach\u00e9 que Futuropolis incarnait pour lui le mod\u00e8le de l\u2019\u00e9diteur avis\u00e9, dissident et intransigeant. Robial, de son c\u00f4t\u00e9, n\u2019a pas davantage dissimul\u00e9 sa satisfaction de voir l\u2019Association se r\u00e9clamer de son travail d\u2019\u00e9diteur et en prolonger l\u2019empreinte. Rien que de logique, donc, si Menu a propos\u00e9 \u00e0 Robial de reprendre seul, sous les couleurs de l\u2019Apocalypse (la maison qu\u2019il a fond\u00e9e en 2011, apr\u00e8s son d\u00e9part de l\u2019Association, et qui, refinanc\u00e9e, a repris son activit\u00e9 au sortir d\u2019un sommeil de plusieurs ann\u00e9es), la direction de la collection \u00ab\u00a030 \/ 40 \u00bb, et si Robial a d\u00e9cid\u00e9 que le volume inaugural de cette deuxi\u00e8me saison ne pouvait \u00eatre consacr\u00e9 \u00e0 nul autre que Menu\u00a0 (\u00ab Je ne m\u2019y attendais pas, je ne me serais pas mis en premier \u00bb, assure ce dernier). On y trouvera des pages autobiographiques (\u00e9voquant notamment la mort de ses parents) et un \u00ab pot-pourri \u00bb des personnages, cr\u00e9ations et recherches que connaissent ses lecteurs.<\/p>\n<p>Le travail de l\u2019\u00e9diteur Menu n\u2019a cess\u00e9 d\u2019\u00eatre exemplaire, comme sont encore venus le confirmer, s\u2019il en \u00e9tait besoin, les livres les plus r\u00e9cents de l\u2019Apocalypse\u00a0: <em>Hanbok <\/em>de Sophie Darcq, <em>Arist\u00e9e\u00a0<\/em>de Vincent Vanoli et <em>Le Copirit (1952-1953)<\/em> de Jean-Claude Forest. La trajectoire du dessinateur Menu, elle, aura connu quelques zig-zags inattendus, si l\u2019on se souvient qu\u2019elle comprend un album chez l\u2019inf\u00e2me \u00ab Darg\u00f4 \u00bb\u00a0(<em>Couacs au Mont-V\u00e9rit\u00e9<\/em>, 2021) et un autre \u00ab 48 CC \u00bb chez Delcourt, en l\u2019esp\u00e8ce un \u00e9pisode de <em>Donjon<\/em> (<em>Le G\u00e9ant qui pleure<\/em>, 2001). Qui mieux que Menu pouvait publier ce \u00ab 30 \/ 40 \u00bb <em>Menu<\/em> qui repr\u00e9sente une forme de cons\u00e9cration symbolique\u00a0?<\/p>\n<p>D\u2019autres dessinateurs sont au travail pour agrandir la \u00ab famille \u00bb, mais Robial n\u2019a pas daign\u00e9 m\u2019en communiquer les noms. \u00ab On les d\u00e9couvrira quand les livres seront pr\u00eats. \u00bb<\/p>\n<div id=\"attachment_3362\" style=\"width: 610px\" class=\"wp-caption aligncenter\"><img decoding=\"async\" aria-describedby=\"caption-attachment-3362\" class=\"lazyload wp-image-3362 size-fusion-600\" src=\"https:\/\/www.thierry-groensteen.fr\/wp-content\/uploads\/2024\/12\/LApocalypse-600x858.jpg\" data-orig-src=\"https:\/\/www.thierry-groensteen.fr\/wp-content\/uploads\/2024\/12\/LApocalypse-600x858.jpg\" alt=\"Cavanna dans l'album de Jean-Christophe Menu, &quot;M\u00e9ta Mune Comix&quot;, 2013\" width=\"600\" height=\"858\" srcset=\"data:image\/svg+xml,%3Csvg%20xmlns%3D%27http%3A%2F%2Fwww.w3.org%2F2000%2Fsvg%27%20width%3D%27600%27%20height%3D%27858%27%20viewBox%3D%270%200%20600%20858%27%3E%3Crect%20width%3D%27600%27%20height%3D%27858%27%20fill-opacity%3D%220%22%2F%3E%3C%2Fsvg%3E\" data-srcset=\"https:\/\/www.thierry-groensteen.fr\/wp-content\/uploads\/2024\/12\/LApocalypse-200x286.jpg 200w, https:\/\/www.thierry-groensteen.fr\/wp-content\/uploads\/2024\/12\/LApocalypse-210x300.jpg 210w, https:\/\/www.thierry-groensteen.fr\/wp-content\/uploads\/2024\/12\/LApocalypse-400x572.jpg 400w, https:\/\/www.thierry-groensteen.fr\/wp-content\/uploads\/2024\/12\/LApocalypse-600x858.jpg 600w, https:\/\/www.thierry-groensteen.fr\/wp-content\/uploads\/2024\/12\/LApocalypse-716x1024.jpg 716w, https:\/\/www.thierry-groensteen.fr\/wp-content\/uploads\/2024\/12\/LApocalypse-768x1098.jpg 768w, https:\/\/www.thierry-groensteen.fr\/wp-content\/uploads\/2024\/12\/LApocalypse-800x1144.jpg 800w, https:\/\/www.thierry-groensteen.fr\/wp-content\/uploads\/2024\/12\/LApocalypse-1074x1536.jpg 1074w, https:\/\/www.thierry-groensteen.fr\/wp-content\/uploads\/2024\/12\/LApocalypse.jpg 1168w\" data-sizes=\"auto\" data-orig-sizes=\"(max-width: 600px) 100vw, 600px\" \/><p id=\"caption-attachment-3362\" class=\"wp-caption-text\">Extrait de \u00ab\u00a0M\u00e9ta Mune Comix\u00a0\u00bb, L&rsquo;Apocalypse, 2013<\/p><\/div>\n","protected":false},"excerpt":{"rendered":"<p>J\u2019ai d\u00e9j\u00e0 eu l\u2019occasion d\u2019observer ici que le revival se porte bien dans le monde de la bande dessin\u00e9e, qui para\u00eet, plus que d\u2019autres, travaill\u00e9 par la nostalgie. Mais s\u2019il y a une collection que l\u2019on ne s\u2019attendait pas \u00e0 voir rena\u00eetre de ses cendres, c\u2019est bien\u00a0la collection \u00ab\u00a030\/40\u00a0\u00bb qui fut la collection signature [&hellip;]<\/p>\n","protected":false},"author":1,"featured_media":3363,"comment_status":"closed","ping_status":"closed","sticky":false,"template":"","format":"standard","meta":{"footnotes":""},"categories":[70],"tags":[],"class_list":["post-3359","post","type-post","status-publish","format-standard","has-post-thumbnail","hentry","category-mon-blog"],"acf":[],"yoast_head":"<!-- This site is optimized with the Yoast SEO plugin v27.5 - https:\/\/yoast.com\/product\/yoast-seo-wordpress\/ -->\n<title>Le retour de la collection \u201c30\/40\u201d - le site de Thierry Groensteen<\/title>\n<meta name=\"robots\" content=\"index, follow, max-snippet:-1, max-image-preview:large, max-video-preview:-1\" \/>\n<link rel=\"canonical\" href=\"https:\/\/www.thierry-groensteen.fr\/index.php\/2024\/12\/18\/le-retour-de-la-collection-30-40\/\" \/>\n<meta property=\"og:locale\" content=\"fr_FR\" \/>\n<meta property=\"og:type\" content=\"article\" \/>\n<meta property=\"og:title\" content=\"Le retour de la collection \u201c30\/40\u201d - le site de Thierry Groensteen\" \/>\n<meta property=\"og:description\" content=\"J\u2019ai d\u00e9j\u00e0 eu l\u2019occasion d\u2019observer ici que le revival se porte bien dans le monde de la bande dessin\u00e9e, qui para\u00eet, plus que d\u2019autres, travaill\u00e9 par la nostalgie. Mais s\u2019il y a une collection que l\u2019on ne s\u2019attendait pas \u00e0 voir rena\u00eetre de ses cendres, c\u2019est bien\u00a0la collection \u00ab\u00a030\/40\u00a0\u00bb qui fut la collection signature [&hellip;]\" \/>\n<meta property=\"og:url\" content=\"https:\/\/www.thierry-groensteen.fr\/index.php\/2024\/12\/18\/le-retour-de-la-collection-30-40\/\" \/>\n<meta property=\"og:site_name\" content=\"le site de Thierry Groensteen\" \/>\n<meta property=\"article:published_time\" content=\"2024-12-17T23:05:37+00:00\" \/>\n<meta property=\"og:image\" content=\"https:\/\/www.thierry-groensteen.fr\/wp-content\/uploads\/2024\/12\/Lurie-Ginol-e1734425157204.jpg\" \/>\n\t<meta property=\"og:image:width\" content=\"1607\" \/>\n\t<meta property=\"og:image:height\" content=\"736\" \/>\n\t<meta property=\"og:image:type\" content=\"image\/jpeg\" \/>\n<meta name=\"author\" content=\"TG\" \/>\n<meta name=\"twitter:card\" content=\"summary_large_image\" \/>\n<meta name=\"twitter:label1\" content=\"\u00c9crit par\" \/>\n\t<meta name=\"twitter:data1\" content=\"TG\" \/>\n\t<meta name=\"twitter:label2\" content=\"Dur\u00e9e de lecture estim\u00e9e\" \/>\n\t<meta name=\"twitter:data2\" content=\"4 minutes\" \/>\n<script type=\"application\/ld+json\" class=\"yoast-schema-graph\">{\"@context\":\"https:\\\/\\\/schema.org\",\"@graph\":[{\"@type\":\"Article\",\"@id\":\"https:\\\/\\\/www.thierry-groensteen.fr\\\/index.php\\\/2024\\\/12\\\/18\\\/le-retour-de-la-collection-30-40\\\/#article\",\"isPartOf\":{\"@id\":\"https:\\\/\\\/www.thierry-groensteen.fr\\\/index.php\\\/2024\\\/12\\\/18\\\/le-retour-de-la-collection-30-40\\\/\"},\"author\":{\"name\":\"TG\",\"@id\":\"https:\\\/\\\/www.thierry-groensteen.fr\\\/#\\\/schema\\\/person\\\/3695d4890604be69f280ebbb549210b5\"},\"headline\":\"Le retour de la collection \u201c30\\\/40\u201d\",\"datePublished\":\"2024-12-17T23:05:37+00:00\",\"mainEntityOfPage\":{\"@id\":\"https:\\\/\\\/www.thierry-groensteen.fr\\\/index.php\\\/2024\\\/12\\\/18\\\/le-retour-de-la-collection-30-40\\\/\"},\"wordCount\":870,\"publisher\":{\"@id\":\"https:\\\/\\\/www.thierry-groensteen.fr\\\/#\\\/schema\\\/person\\\/3695d4890604be69f280ebbb549210b5\"},\"image\":{\"@id\":\"https:\\\/\\\/www.thierry-groensteen.fr\\\/index.php\\\/2024\\\/12\\\/18\\\/le-retour-de-la-collection-30-40\\\/#primaryimage\"},\"thumbnailUrl\":\"https:\\\/\\\/www.thierry-groensteen.fr\\\/wp-content\\\/uploads\\\/2024\\\/12\\\/Lurie-Ginol-e1734425157204.jpg\",\"articleSection\":[\"mon Blog\"],\"inLanguage\":\"fr-FR\"},{\"@type\":\"WebPage\",\"@id\":\"https:\\\/\\\/www.thierry-groensteen.fr\\\/index.php\\\/2024\\\/12\\\/18\\\/le-retour-de-la-collection-30-40\\\/\",\"url\":\"https:\\\/\\\/www.thierry-groensteen.fr\\\/index.php\\\/2024\\\/12\\\/18\\\/le-retour-de-la-collection-30-40\\\/\",\"name\":\"Le retour de la collection \u201c30\\\/40\u201d - le site de Thierry Groensteen\",\"isPartOf\":{\"@id\":\"https:\\\/\\\/www.thierry-groensteen.fr\\\/#website\"},\"primaryImageOfPage\":{\"@id\":\"https:\\\/\\\/www.thierry-groensteen.fr\\\/index.php\\\/2024\\\/12\\\/18\\\/le-retour-de-la-collection-30-40\\\/#primaryimage\"},\"image\":{\"@id\":\"https:\\\/\\\/www.thierry-groensteen.fr\\\/index.php\\\/2024\\\/12\\\/18\\\/le-retour-de-la-collection-30-40\\\/#primaryimage\"},\"thumbnailUrl\":\"https:\\\/\\\/www.thierry-groensteen.fr\\\/wp-content\\\/uploads\\\/2024\\\/12\\\/Lurie-Ginol-e1734425157204.jpg\",\"datePublished\":\"2024-12-17T23:05:37+00:00\",\"breadcrumb\":{\"@id\":\"https:\\\/\\\/www.thierry-groensteen.fr\\\/index.php\\\/2024\\\/12\\\/18\\\/le-retour-de-la-collection-30-40\\\/#breadcrumb\"},\"inLanguage\":\"fr-FR\",\"potentialAction\":[{\"@type\":\"ReadAction\",\"target\":[\"https:\\\/\\\/www.thierry-groensteen.fr\\\/index.php\\\/2024\\\/12\\\/18\\\/le-retour-de-la-collection-30-40\\\/\"]}]},{\"@type\":\"ImageObject\",\"inLanguage\":\"fr-FR\",\"@id\":\"https:\\\/\\\/www.thierry-groensteen.fr\\\/index.php\\\/2024\\\/12\\\/18\\\/le-retour-de-la-collection-30-40\\\/#primaryimage\",\"url\":\"https:\\\/\\\/www.thierry-groensteen.fr\\\/wp-content\\\/uploads\\\/2024\\\/12\\\/Lurie-Ginol-e1734425157204.jpg\",\"contentUrl\":\"https:\\\/\\\/www.thierry-groensteen.fr\\\/wp-content\\\/uploads\\\/2024\\\/12\\\/Lurie-Ginol-e1734425157204.jpg\",\"width\":1607,\"height\":736},{\"@type\":\"BreadcrumbList\",\"@id\":\"https:\\\/\\\/www.thierry-groensteen.fr\\\/index.php\\\/2024\\\/12\\\/18\\\/le-retour-de-la-collection-30-40\\\/#breadcrumb\",\"itemListElement\":[{\"@type\":\"ListItem\",\"position\":1,\"name\":\"Accueil\",\"item\":\"https:\\\/\\\/www.thierry-groensteen.fr\\\/\"},{\"@type\":\"ListItem\",\"position\":2,\"name\":\"Le retour de la collection \u201c30\\\/40\u201d\"}]},{\"@type\":\"WebSite\",\"@id\":\"https:\\\/\\\/www.thierry-groensteen.fr\\\/#website\",\"url\":\"https:\\\/\\\/www.thierry-groensteen.fr\\\/\",\"name\":\"le site de Thierry Groensteen\",\"description\":\"site officiel\",\"publisher\":{\"@id\":\"https:\\\/\\\/www.thierry-groensteen.fr\\\/#\\\/schema\\\/person\\\/3695d4890604be69f280ebbb549210b5\"},\"potentialAction\":[{\"@type\":\"SearchAction\",\"target\":{\"@type\":\"EntryPoint\",\"urlTemplate\":\"https:\\\/\\\/www.thierry-groensteen.fr\\\/?s={search_term_string}\"},\"query-input\":{\"@type\":\"PropertyValueSpecification\",\"valueRequired\":true,\"valueName\":\"search_term_string\"}}],\"inLanguage\":\"fr-FR\"},{\"@type\":[\"Person\",\"Organization\"],\"@id\":\"https:\\\/\\\/www.thierry-groensteen.fr\\\/#\\\/schema\\\/person\\\/3695d4890604be69f280ebbb549210b5\",\"name\":\"TG\",\"image\":{\"@type\":\"ImageObject\",\"inLanguage\":\"fr-FR\",\"@id\":\"https:\\\/\\\/www.thierry-groensteen.fr\\\/wp-content\\\/uploads\\\/2023\\\/09\\\/logo_ThierryGroensteen_header.png\",\"url\":\"https:\\\/\\\/www.thierry-groensteen.fr\\\/wp-content\\\/uploads\\\/2023\\\/09\\\/logo_ThierryGroensteen_header.png\",\"contentUrl\":\"https:\\\/\\\/www.thierry-groensteen.fr\\\/wp-content\\\/uploads\\\/2023\\\/09\\\/logo_ThierryGroensteen_header.png\",\"width\":620,\"height\":240,\"caption\":\"TG\"},\"logo\":{\"@id\":\"https:\\\/\\\/www.thierry-groensteen.fr\\\/wp-content\\\/uploads\\\/2023\\\/09\\\/logo_ThierryGroensteen_header.png\"},\"sameAs\":[\"https:\\\/\\\/www.thierry-groensteen.fr\"],\"url\":\"https:\\\/\\\/www.thierry-groensteen.fr\\\/index.php\\\/author\\\/admin5797\\\/\"}]}<\/script>\n<!-- \/ Yoast SEO plugin. -->","yoast_head_json":{"title":"Le retour de la collection \u201c30\/40\u201d - le site de Thierry Groensteen","robots":{"index":"index","follow":"follow","max-snippet":"max-snippet:-1","max-image-preview":"max-image-preview:large","max-video-preview":"max-video-preview:-1"},"canonical":"https:\/\/www.thierry-groensteen.fr\/index.php\/2024\/12\/18\/le-retour-de-la-collection-30-40\/","og_locale":"fr_FR","og_type":"article","og_title":"Le retour de la collection \u201c30\/40\u201d - le site de Thierry Groensteen","og_description":"J\u2019ai d\u00e9j\u00e0 eu l\u2019occasion d\u2019observer ici que le revival se porte bien dans le monde de la bande dessin\u00e9e, qui para\u00eet, plus que d\u2019autres, travaill\u00e9 par la nostalgie. Mais s\u2019il y a une collection que l\u2019on ne s\u2019attendait pas \u00e0 voir rena\u00eetre de ses cendres, c\u2019est bien\u00a0la collection \u00ab\u00a030\/40\u00a0\u00bb qui fut la collection signature [&hellip;]","og_url":"https:\/\/www.thierry-groensteen.fr\/index.php\/2024\/12\/18\/le-retour-de-la-collection-30-40\/","og_site_name":"le site de Thierry Groensteen","article_published_time":"2024-12-17T23:05:37+00:00","og_image":[{"width":1607,"height":736,"url":"https:\/\/www.thierry-groensteen.fr\/wp-content\/uploads\/2024\/12\/Lurie-Ginol-e1734425157204.jpg","type":"image\/jpeg"}],"author":"TG","twitter_card":"summary_large_image","twitter_misc":{"\u00c9crit par":"TG","Dur\u00e9e de lecture estim\u00e9e":"4 minutes"},"schema":{"@context":"https:\/\/schema.org","@graph":[{"@type":"Article","@id":"https:\/\/www.thierry-groensteen.fr\/index.php\/2024\/12\/18\/le-retour-de-la-collection-30-40\/#article","isPartOf":{"@id":"https:\/\/www.thierry-groensteen.fr\/index.php\/2024\/12\/18\/le-retour-de-la-collection-30-40\/"},"author":{"name":"TG","@id":"https:\/\/www.thierry-groensteen.fr\/#\/schema\/person\/3695d4890604be69f280ebbb549210b5"},"headline":"Le retour de la collection \u201c30\/40\u201d","datePublished":"2024-12-17T23:05:37+00:00","mainEntityOfPage":{"@id":"https:\/\/www.thierry-groensteen.fr\/index.php\/2024\/12\/18\/le-retour-de-la-collection-30-40\/"},"wordCount":870,"publisher":{"@id":"https:\/\/www.thierry-groensteen.fr\/#\/schema\/person\/3695d4890604be69f280ebbb549210b5"},"image":{"@id":"https:\/\/www.thierry-groensteen.fr\/index.php\/2024\/12\/18\/le-retour-de-la-collection-30-40\/#primaryimage"},"thumbnailUrl":"https:\/\/www.thierry-groensteen.fr\/wp-content\/uploads\/2024\/12\/Lurie-Ginol-e1734425157204.jpg","articleSection":["mon Blog"],"inLanguage":"fr-FR"},{"@type":"WebPage","@id":"https:\/\/www.thierry-groensteen.fr\/index.php\/2024\/12\/18\/le-retour-de-la-collection-30-40\/","url":"https:\/\/www.thierry-groensteen.fr\/index.php\/2024\/12\/18\/le-retour-de-la-collection-30-40\/","name":"Le retour de la collection \u201c30\/40\u201d - le site de Thierry Groensteen","isPartOf":{"@id":"https:\/\/www.thierry-groensteen.fr\/#website"},"primaryImageOfPage":{"@id":"https:\/\/www.thierry-groensteen.fr\/index.php\/2024\/12\/18\/le-retour-de-la-collection-30-40\/#primaryimage"},"image":{"@id":"https:\/\/www.thierry-groensteen.fr\/index.php\/2024\/12\/18\/le-retour-de-la-collection-30-40\/#primaryimage"},"thumbnailUrl":"https:\/\/www.thierry-groensteen.fr\/wp-content\/uploads\/2024\/12\/Lurie-Ginol-e1734425157204.jpg","datePublished":"2024-12-17T23:05:37+00:00","breadcrumb":{"@id":"https:\/\/www.thierry-groensteen.fr\/index.php\/2024\/12\/18\/le-retour-de-la-collection-30-40\/#breadcrumb"},"inLanguage":"fr-FR","potentialAction":[{"@type":"ReadAction","target":["https:\/\/www.thierry-groensteen.fr\/index.php\/2024\/12\/18\/le-retour-de-la-collection-30-40\/"]}]},{"@type":"ImageObject","inLanguage":"fr-FR","@id":"https:\/\/www.thierry-groensteen.fr\/index.php\/2024\/12\/18\/le-retour-de-la-collection-30-40\/#primaryimage","url":"https:\/\/www.thierry-groensteen.fr\/wp-content\/uploads\/2024\/12\/Lurie-Ginol-e1734425157204.jpg","contentUrl":"https:\/\/www.thierry-groensteen.fr\/wp-content\/uploads\/2024\/12\/Lurie-Ginol-e1734425157204.jpg","width":1607,"height":736},{"@type":"BreadcrumbList","@id":"https:\/\/www.thierry-groensteen.fr\/index.php\/2024\/12\/18\/le-retour-de-la-collection-30-40\/#breadcrumb","itemListElement":[{"@type":"ListItem","position":1,"name":"Accueil","item":"https:\/\/www.thierry-groensteen.fr\/"},{"@type":"ListItem","position":2,"name":"Le retour de la collection \u201c30\/40\u201d"}]},{"@type":"WebSite","@id":"https:\/\/www.thierry-groensteen.fr\/#website","url":"https:\/\/www.thierry-groensteen.fr\/","name":"le site de Thierry Groensteen","description":"site officiel","publisher":{"@id":"https:\/\/www.thierry-groensteen.fr\/#\/schema\/person\/3695d4890604be69f280ebbb549210b5"},"potentialAction":[{"@type":"SearchAction","target":{"@type":"EntryPoint","urlTemplate":"https:\/\/www.thierry-groensteen.fr\/?s={search_term_string}"},"query-input":{"@type":"PropertyValueSpecification","valueRequired":true,"valueName":"search_term_string"}}],"inLanguage":"fr-FR"},{"@type":["Person","Organization"],"@id":"https:\/\/www.thierry-groensteen.fr\/#\/schema\/person\/3695d4890604be69f280ebbb549210b5","name":"TG","image":{"@type":"ImageObject","inLanguage":"fr-FR","@id":"https:\/\/www.thierry-groensteen.fr\/wp-content\/uploads\/2023\/09\/logo_ThierryGroensteen_header.png","url":"https:\/\/www.thierry-groensteen.fr\/wp-content\/uploads\/2023\/09\/logo_ThierryGroensteen_header.png","contentUrl":"https:\/\/www.thierry-groensteen.fr\/wp-content\/uploads\/2023\/09\/logo_ThierryGroensteen_header.png","width":620,"height":240,"caption":"TG"},"logo":{"@id":"https:\/\/www.thierry-groensteen.fr\/wp-content\/uploads\/2023\/09\/logo_ThierryGroensteen_header.png"},"sameAs":["https:\/\/www.thierry-groensteen.fr"],"url":"https:\/\/www.thierry-groensteen.fr\/index.php\/author\/admin5797\/"}]}},"_links":{"self":[{"href":"https:\/\/www.thierry-groensteen.fr\/index.php\/wp-json\/wp\/v2\/posts\/3359","targetHints":{"allow":["GET"]}}],"collection":[{"href":"https:\/\/www.thierry-groensteen.fr\/index.php\/wp-json\/wp\/v2\/posts"}],"about":[{"href":"https:\/\/www.thierry-groensteen.fr\/index.php\/wp-json\/wp\/v2\/types\/post"}],"author":[{"embeddable":true,"href":"https:\/\/www.thierry-groensteen.fr\/index.php\/wp-json\/wp\/v2\/users\/1"}],"replies":[{"embeddable":true,"href":"https:\/\/www.thierry-groensteen.fr\/index.php\/wp-json\/wp\/v2\/comments?post=3359"}],"version-history":[{"count":3,"href":"https:\/\/www.thierry-groensteen.fr\/index.php\/wp-json\/wp\/v2\/posts\/3359\/revisions"}],"predecessor-version":[{"id":3367,"href":"https:\/\/www.thierry-groensteen.fr\/index.php\/wp-json\/wp\/v2\/posts\/3359\/revisions\/3367"}],"wp:featuredmedia":[{"embeddable":true,"href":"https:\/\/www.thierry-groensteen.fr\/index.php\/wp-json\/wp\/v2\/media\/3363"}],"wp:attachment":[{"href":"https:\/\/www.thierry-groensteen.fr\/index.php\/wp-json\/wp\/v2\/media?parent=3359"}],"wp:term":[{"taxonomy":"category","embeddable":true,"href":"https:\/\/www.thierry-groensteen.fr\/index.php\/wp-json\/wp\/v2\/categories?post=3359"},{"taxonomy":"post_tag","embeddable":true,"href":"https:\/\/www.thierry-groensteen.fr\/index.php\/wp-json\/wp\/v2\/tags?post=3359"}],"curies":[{"name":"wp","href":"https:\/\/api.w.org\/{rel}","templated":true}]}}