{"id":3335,"date":"2024-12-06T00:05:38","date_gmt":"2024-12-05T23:05:38","guid":{"rendered":"https:\/\/www.thierry-groensteen.fr\/?p=3335"},"modified":"2024-12-16T15:01:42","modified_gmt":"2024-12-16T14:01:42","slug":"noyon-entretient-la-memoire-des-freres-pinchon","status":"publish","type":"post","link":"https:\/\/www.thierry-groensteen.fr\/index.php\/2024\/12\/06\/noyon-entretient-la-memoire-des-freres-pinchon\/","title":{"rendered":"Noyon entretient la m\u00e9moire des fr\u00e8res Pinchon"},"content":{"rendered":"<p>Les dessinateurs de la Belle \u00c9poque, que j\u2019ai \u00e9tudi\u00e9s et, pour certains, ressuscit\u00e9s dans mon livre <em>La Bande dessin\u00e9e en France \u00e0 la Belle Epoque (1880-1914)<\/em>, aux Impressions nouvelles, paraissent loin de nous et, pour beaucoup, sont tomb\u00e9s dans l\u2019oubli. Pourtant leur souvenir est souvent rest\u00e9 vivace dans les r\u00e9gions o\u00f9 ils sont n\u00e9s ou se sont implant\u00e9s. Ainsi, en ce moment m\u00eame (et jusqu\u2019au 31 d\u00e9cembre), la ville de Manosque c\u00e9l\u00e8bre, au Centre Carzou, Valv\u00e9rane, un enfant du pays (de son vrai nom Louis Denis), dont les dessins, plus r\u00e9alistes que ceux de ses confr\u00e8res, firent les beaux jours de <em>La Jeunesse illustr\u00e9e<\/em>, du <em>Petit Fran\u00e7ais illustr\u00e9<\/em>, du <em>Rire<\/em> et de la <em>Chronique amusante<\/em>.<\/p>\n<p>J\u2019ai le souvenir d\u2019avoir jadis particip\u00e9 \u00e0 une journ\u00e9e d\u2019\u00e9tudes rendant hommage \u00e0 Christophe, dans sa ville natale de Lure. Le soir, au d\u00eener, plusieurs vieux messieurs dont le vin avait d\u00e9li\u00e9 la langue s\u2019\u00e9taient lev\u00e9 et avaient r\u00e9cit\u00e9 par c\u0153ur des pages enti\u00e8res de la <em>Famille Fenouillard<\/em> et du <em>Sapeur Camember<\/em>.<\/p>\n<p>J\u2019\u00e9tais ce 26 novembre \u00e0 Noyon, pour une conf\u00e9rence, et j\u2019ai pu constater que l\u2019on y entretient le souvenir de Joseph-Porphyre Pinchon, le dessinateur de <em>B\u00e9cassine<\/em>, mais \u00e9galement de son fr\u00e8re \u00c9mile. Deuxi\u00e8me et troisi\u00e8me fils d\u2019une fratrie comptant sept gar\u00e7ons et une fille, ils \u00e9taient n\u00e9s \u00e0 Amiens, respectivement le 17 avril 1871 et le 2 d\u00e9cembre 1872, mais la famille s\u2019\u00e9tait install\u00e9e \u00e0 Noyon lorsque le p\u00e8re y avait repris la direction d\u2019une tannerie (d\u00e9truite par les Allemands en mars 1917). Le mus\u00e9e du Noyonnais, qui conserve surtout des \u0153uvres d\u2019\u00c9mile, a par deux fois entretenu la m\u00e9moire\u00a0des artistes du cru : une premi\u00e8re exposition intitul\u00e9e <em>J.P. Pinchon peintre et dessinateur<\/em> y fut pr\u00e9sent\u00e9e en 1988, une seconde, <em>Dans l\u2019ombre de B\u00e9cassine\u00a0: l\u2019\u0152uvre m\u00e9connu de Joseph Porphyre &amp; \u00c9mile Pinchon<\/em>, en 2007-2008. (Le catalogue de cette exposition, fort bien r\u00e9alis\u00e9, peut toujours \u00eatre command\u00e9 aupr\u00e8s du mus\u00e9e, au prix de 15 \u20ac. Il compl\u00e8te utilement le r\u00e9cent <em>J.P. Pinchon par l\u2019image<\/em> de R\u00e9mi Duvert, dont j\u2019ai parl\u00e9 ici-m\u00eame\u00a0en mai dernier : <a href=\"https:\/\/www.thierry-groensteen.fr\/index.php\/2024\/05\/11\/pinchon-bien-au-dela-de-becassine\/\">https:\/\/www.thierry-groensteen.fr\/index.php\/2024\/05\/11\/pinchon-bien-au-dela-de-becassine\/<\/a>)<\/p>\n<p>De Joseph Pinchon, la mairie conserve, accroch\u00e9 dans l\u2019escalier d\u2019honneur qui conduit \u00e0 la salle des mariages, un tableau peint en 1943\u00a0: <em>La Remise de la L\u00e9gion d\u2019Honneur \u00e0 la ville de Noyon le 11 juillet 1920<\/em> (celle-ci fut remise par le Mar\u00e9chal Joffre, au pied des ruines de l\u2019h\u00f4tel de ville, en reconnaissance des immenses souffrances endur\u00e9es et des nombreux Noyonnais tomb\u00e9s au champ d\u2019honneur lors du premier conflit mondial).<\/p>\n<div id=\"attachment_3339\" style=\"width: 610px\" class=\"wp-caption aligncenter\"><img decoding=\"async\" aria-describedby=\"caption-attachment-3339\" class=\"lazyload wp-image-3339 size-fusion-600\" src=\"https:\/\/www.thierry-groensteen.fr\/wp-content\/uploads\/2024\/11\/remise-de-la-Legion-dhonneur-600x664.jpg\" data-orig-src=\"https:\/\/www.thierry-groensteen.fr\/wp-content\/uploads\/2024\/11\/remise-de-la-Legion-dhonneur-600x664.jpg\" alt=\"\" width=\"600\" height=\"664\" srcset=\"data:image\/svg+xml,%3Csvg%20xmlns%3D%27http%3A%2F%2Fwww.w3.org%2F2000%2Fsvg%27%20width%3D%27600%27%20height%3D%27664%27%20viewBox%3D%270%200%20600%20664%27%3E%3Crect%20width%3D%27600%27%20height%3D%27664%27%20fill-opacity%3D%220%22%2F%3E%3C%2Fsvg%3E\" data-srcset=\"https:\/\/www.thierry-groensteen.fr\/wp-content\/uploads\/2024\/11\/remise-de-la-Legion-dhonneur-200x221.jpg 200w, https:\/\/www.thierry-groensteen.fr\/wp-content\/uploads\/2024\/11\/remise-de-la-Legion-dhonneur-271x300.jpg 271w, https:\/\/www.thierry-groensteen.fr\/wp-content\/uploads\/2024\/11\/remise-de-la-Legion-dhonneur-400x443.jpg 400w, https:\/\/www.thierry-groensteen.fr\/wp-content\/uploads\/2024\/11\/remise-de-la-Legion-dhonneur-600x664.jpg 600w, https:\/\/www.thierry-groensteen.fr\/wp-content\/uploads\/2024\/11\/remise-de-la-Legion-dhonneur-768x850.jpg 768w, https:\/\/www.thierry-groensteen.fr\/wp-content\/uploads\/2024\/11\/remise-de-la-Legion-dhonneur-800x886.jpg 800w, https:\/\/www.thierry-groensteen.fr\/wp-content\/uploads\/2024\/11\/remise-de-la-Legion-dhonneur-925x1024.jpg 925w, https:\/\/www.thierry-groensteen.fr\/wp-content\/uploads\/2024\/11\/remise-de-la-Legion-dhonneur.jpg 1121w\" data-sizes=\"auto\" data-orig-sizes=\"(max-width: 600px) 100vw, 600px\" \/><p id=\"caption-attachment-3339\" class=\"wp-caption-text\">(photo Thierry Groensteen)<\/p><\/div>\n<p>Les \u0153uvres de son fr\u00e8re \u00c9mile, sculpteur autodidacte, anim\u00e9 comme son a\u00een\u00e9 d\u2019une passion pour les chevaux, sont plus nombreuses. Citons les bas-reliefs ornant le monument aux morts de la ville et le groupe comm\u00e9morant la r\u00e9habilitation de Jeanne d\u2019Arc, sculpt\u00e9 dans le pl\u00e2tre \u00e0 l\u2019occasion des f\u00eates johanniques de 1909, install\u00e9 trois ans plus tard dans la cath\u00e9drale o\u00f9 il se trouve encore. La mairie a r\u00e9cup\u00e9r\u00e9, pour son hall d\u2019entr\u00e9e, deux des quarante-deux bas-reliefs qu&rsquo;il avait ex\u00e9cut\u00e9s pour l\u2019Exposition coloniale de 1933. Et le mus\u00e9e pr\u00e9sente plusieurs autres de ses \u0153uvres, parmi lesquelles ma pr\u00e9f\u00e9rence va \u00e0 ce couple, <em>Petite fille et poney<\/em>, qui se tient \u00e9paule contre \u00e9paule (voir le bandeau de cet article). \u00c9mile avait d\u00e9j\u00e0 pr\u00e9sent\u00e9 une <em>Petite \u00c9cuy\u00e8re<\/em> au Salon de 1911.<\/p>\n<div id=\"attachment_3338\" style=\"width: 610px\" class=\"wp-caption aligncenter\"><img decoding=\"async\" aria-describedby=\"caption-attachment-3338\" class=\"lazyload wp-image-3338 size-fusion-600\" src=\"https:\/\/www.thierry-groensteen.fr\/wp-content\/uploads\/2024\/11\/Rehabilitation-Jeanne-dArc-600x701.jpg\" data-orig-src=\"https:\/\/www.thierry-groensteen.fr\/wp-content\/uploads\/2024\/11\/Rehabilitation-Jeanne-dArc-600x701.jpg\" alt=\"\" width=\"600\" height=\"701\" srcset=\"data:image\/svg+xml,%3Csvg%20xmlns%3D%27http%3A%2F%2Fwww.w3.org%2F2000%2Fsvg%27%20width%3D%27600%27%20height%3D%27701%27%20viewBox%3D%270%200%20600%20701%27%3E%3Crect%20width%3D%27600%27%20height%3D%27701%27%20fill-opacity%3D%220%22%2F%3E%3C%2Fsvg%3E\" data-srcset=\"https:\/\/www.thierry-groensteen.fr\/wp-content\/uploads\/2024\/11\/Rehabilitation-Jeanne-dArc-200x234.jpg 200w, https:\/\/www.thierry-groensteen.fr\/wp-content\/uploads\/2024\/11\/Rehabilitation-Jeanne-dArc-257x300.jpg 257w, https:\/\/www.thierry-groensteen.fr\/wp-content\/uploads\/2024\/11\/Rehabilitation-Jeanne-dArc-400x468.jpg 400w, https:\/\/www.thierry-groensteen.fr\/wp-content\/uploads\/2024\/11\/Rehabilitation-Jeanne-dArc-600x701.jpg 600w, https:\/\/www.thierry-groensteen.fr\/wp-content\/uploads\/2024\/11\/Rehabilitation-Jeanne-dArc-768x898.jpg 768w, https:\/\/www.thierry-groensteen.fr\/wp-content\/uploads\/2024\/11\/Rehabilitation-Jeanne-dArc-800x935.jpg 800w, https:\/\/www.thierry-groensteen.fr\/wp-content\/uploads\/2024\/11\/Rehabilitation-Jeanne-dArc-876x1024.jpg 876w, https:\/\/www.thierry-groensteen.fr\/wp-content\/uploads\/2024\/11\/Rehabilitation-Jeanne-dArc.jpg 1124w\" data-sizes=\"auto\" data-orig-sizes=\"(max-width: 600px) 100vw, 600px\" \/><p id=\"caption-attachment-3338\" class=\"wp-caption-text\">(photo Thierry Groensteen)<\/p><\/div>\n<p>Les Pinchon \u00e9taient de fervents catholiques. Joseph Porphyre avait fait ses classes \u00e0 Saint-Ignace, institution parisienne dirig\u00e9e par les j\u00e9suites. Il y c\u00f4toya Raymond de la N\u00e9zi\u00e8re et Henri Avelot, qui deviendront ses coll\u00e8gues dans les journaux pour enfants.<\/p>\n","protected":false},"excerpt":{"rendered":"<p>Les dessinateurs de la Belle \u00c9poque, que j\u2019ai \u00e9tudi\u00e9s et, pour certains, ressuscit\u00e9s dans mon livre La Bande dessin\u00e9e en France \u00e0 la Belle Epoque (1880-1914), aux Impressions nouvelles, paraissent loin de nous et, pour beaucoup, sont tomb\u00e9s dans l\u2019oubli. Pourtant leur souvenir est souvent rest\u00e9 vivace dans les r\u00e9gions o\u00f9 ils sont n\u00e9s [&hellip;]<\/p>\n","protected":false},"author":1,"featured_media":3337,"comment_status":"closed","ping_status":"closed","sticky":false,"template":"","format":"standard","meta":{"footnotes":""},"categories":[70],"tags":[],"class_list":["post-3335","post","type-post","status-publish","format-standard","has-post-thumbnail","hentry","category-mon-blog"],"acf":[],"yoast_head":"<!-- This site is optimized with the Yoast SEO plugin v27.5 - https:\/\/yoast.com\/product\/yoast-seo-wordpress\/ -->\n<title>Noyon entretient la m\u00e9moire des fr\u00e8res Pinchon - le site de Thierry Groensteen<\/title>\n<meta name=\"robots\" content=\"index, follow, max-snippet:-1, max-image-preview:large, max-video-preview:-1\" \/>\n<link rel=\"canonical\" href=\"https:\/\/www.thierry-groensteen.fr\/index.php\/2024\/12\/06\/noyon-entretient-la-memoire-des-freres-pinchon\/\" \/>\n<meta property=\"og:locale\" content=\"fr_FR\" \/>\n<meta property=\"og:type\" content=\"article\" \/>\n<meta property=\"og:title\" content=\"Noyon entretient la m\u00e9moire des fr\u00e8res Pinchon - le site de Thierry Groensteen\" \/>\n<meta property=\"og:description\" content=\"Les dessinateurs de la Belle \u00c9poque, que j\u2019ai \u00e9tudi\u00e9s et, pour certains, ressuscit\u00e9s dans mon livre La Bande dessin\u00e9e en France \u00e0 la Belle Epoque (1880-1914), aux Impressions nouvelles, paraissent loin de nous et, pour beaucoup, sont tomb\u00e9s dans l\u2019oubli. Pourtant leur souvenir est souvent rest\u00e9 vivace dans les r\u00e9gions o\u00f9 ils sont n\u00e9s [&hellip;]\" \/>\n<meta property=\"og:url\" content=\"https:\/\/www.thierry-groensteen.fr\/index.php\/2024\/12\/06\/noyon-entretient-la-memoire-des-freres-pinchon\/\" \/>\n<meta property=\"og:site_name\" content=\"le site de Thierry Groensteen\" \/>\n<meta property=\"article:published_time\" content=\"2024-12-05T23:05:38+00:00\" \/>\n<meta property=\"article:modified_time\" content=\"2024-12-16T14:01:42+00:00\" \/>\n<meta property=\"og:image\" content=\"https:\/\/www.thierry-groensteen.fr\/wp-content\/uploads\/2024\/11\/Petite-fille-et-poney-reduit.jpg\" \/>\n\t<meta property=\"og:image:width\" content=\"1632\" \/>\n\t<meta property=\"og:image:height\" content=\"1224\" \/>\n\t<meta property=\"og:image:type\" content=\"image\/jpeg\" \/>\n<meta name=\"author\" content=\"TG\" \/>\n<meta name=\"twitter:card\" content=\"summary_large_image\" \/>\n<meta name=\"twitter:label1\" content=\"\u00c9crit par\" \/>\n\t<meta name=\"twitter:data1\" content=\"TG\" \/>\n\t<meta name=\"twitter:label2\" content=\"Dur\u00e9e de lecture estim\u00e9e\" \/>\n\t<meta name=\"twitter:data2\" content=\"3 minutes\" \/>\n<script type=\"application\/ld+json\" class=\"yoast-schema-graph\">{\"@context\":\"https:\\\/\\\/schema.org\",\"@graph\":[{\"@type\":\"Article\",\"@id\":\"https:\\\/\\\/www.thierry-groensteen.fr\\\/index.php\\\/2024\\\/12\\\/06\\\/noyon-entretient-la-memoire-des-freres-pinchon\\\/#article\",\"isPartOf\":{\"@id\":\"https:\\\/\\\/www.thierry-groensteen.fr\\\/index.php\\\/2024\\\/12\\\/06\\\/noyon-entretient-la-memoire-des-freres-pinchon\\\/\"},\"author\":{\"name\":\"TG\",\"@id\":\"https:\\\/\\\/www.thierry-groensteen.fr\\\/#\\\/schema\\\/person\\\/3695d4890604be69f280ebbb549210b5\"},\"headline\":\"Noyon entretient la m\u00e9moire des fr\u00e8res Pinchon\",\"datePublished\":\"2024-12-05T23:05:38+00:00\",\"dateModified\":\"2024-12-16T14:01:42+00:00\",\"mainEntityOfPage\":{\"@id\":\"https:\\\/\\\/www.thierry-groensteen.fr\\\/index.php\\\/2024\\\/12\\\/06\\\/noyon-entretient-la-memoire-des-freres-pinchon\\\/\"},\"wordCount\":695,\"publisher\":{\"@id\":\"https:\\\/\\\/www.thierry-groensteen.fr\\\/#\\\/schema\\\/person\\\/3695d4890604be69f280ebbb549210b5\"},\"image\":{\"@id\":\"https:\\\/\\\/www.thierry-groensteen.fr\\\/index.php\\\/2024\\\/12\\\/06\\\/noyon-entretient-la-memoire-des-freres-pinchon\\\/#primaryimage\"},\"thumbnailUrl\":\"https:\\\/\\\/www.thierry-groensteen.fr\\\/wp-content\\\/uploads\\\/2024\\\/11\\\/Petite-fille-et-poney-reduit.jpg\",\"articleSection\":[\"mon Blog\"],\"inLanguage\":\"fr-FR\"},{\"@type\":\"WebPage\",\"@id\":\"https:\\\/\\\/www.thierry-groensteen.fr\\\/index.php\\\/2024\\\/12\\\/06\\\/noyon-entretient-la-memoire-des-freres-pinchon\\\/\",\"url\":\"https:\\\/\\\/www.thierry-groensteen.fr\\\/index.php\\\/2024\\\/12\\\/06\\\/noyon-entretient-la-memoire-des-freres-pinchon\\\/\",\"name\":\"Noyon entretient la m\u00e9moire des fr\u00e8res Pinchon - le site de Thierry Groensteen\",\"isPartOf\":{\"@id\":\"https:\\\/\\\/www.thierry-groensteen.fr\\\/#website\"},\"primaryImageOfPage\":{\"@id\":\"https:\\\/\\\/www.thierry-groensteen.fr\\\/index.php\\\/2024\\\/12\\\/06\\\/noyon-entretient-la-memoire-des-freres-pinchon\\\/#primaryimage\"},\"image\":{\"@id\":\"https:\\\/\\\/www.thierry-groensteen.fr\\\/index.php\\\/2024\\\/12\\\/06\\\/noyon-entretient-la-memoire-des-freres-pinchon\\\/#primaryimage\"},\"thumbnailUrl\":\"https:\\\/\\\/www.thierry-groensteen.fr\\\/wp-content\\\/uploads\\\/2024\\\/11\\\/Petite-fille-et-poney-reduit.jpg\",\"datePublished\":\"2024-12-05T23:05:38+00:00\",\"dateModified\":\"2024-12-16T14:01:42+00:00\",\"breadcrumb\":{\"@id\":\"https:\\\/\\\/www.thierry-groensteen.fr\\\/index.php\\\/2024\\\/12\\\/06\\\/noyon-entretient-la-memoire-des-freres-pinchon\\\/#breadcrumb\"},\"inLanguage\":\"fr-FR\",\"potentialAction\":[{\"@type\":\"ReadAction\",\"target\":[\"https:\\\/\\\/www.thierry-groensteen.fr\\\/index.php\\\/2024\\\/12\\\/06\\\/noyon-entretient-la-memoire-des-freres-pinchon\\\/\"]}]},{\"@type\":\"ImageObject\",\"inLanguage\":\"fr-FR\",\"@id\":\"https:\\\/\\\/www.thierry-groensteen.fr\\\/index.php\\\/2024\\\/12\\\/06\\\/noyon-entretient-la-memoire-des-freres-pinchon\\\/#primaryimage\",\"url\":\"https:\\\/\\\/www.thierry-groensteen.fr\\\/wp-content\\\/uploads\\\/2024\\\/11\\\/Petite-fille-et-poney-reduit.jpg\",\"contentUrl\":\"https:\\\/\\\/www.thierry-groensteen.fr\\\/wp-content\\\/uploads\\\/2024\\\/11\\\/Petite-fille-et-poney-reduit.jpg\",\"width\":1632,\"height\":1224,\"caption\":\"Petite fille et poney, sculpture d'\u00c9mile Pinchon, d\u00e9tail\"},{\"@type\":\"BreadcrumbList\",\"@id\":\"https:\\\/\\\/www.thierry-groensteen.fr\\\/index.php\\\/2024\\\/12\\\/06\\\/noyon-entretient-la-memoire-des-freres-pinchon\\\/#breadcrumb\",\"itemListElement\":[{\"@type\":\"ListItem\",\"position\":1,\"name\":\"Accueil\",\"item\":\"https:\\\/\\\/www.thierry-groensteen.fr\\\/\"},{\"@type\":\"ListItem\",\"position\":2,\"name\":\"Noyon entretient la m\u00e9moire des fr\u00e8res Pinchon\"}]},{\"@type\":\"WebSite\",\"@id\":\"https:\\\/\\\/www.thierry-groensteen.fr\\\/#website\",\"url\":\"https:\\\/\\\/www.thierry-groensteen.fr\\\/\",\"name\":\"le site de Thierry Groensteen\",\"description\":\"site officiel\",\"publisher\":{\"@id\":\"https:\\\/\\\/www.thierry-groensteen.fr\\\/#\\\/schema\\\/person\\\/3695d4890604be69f280ebbb549210b5\"},\"potentialAction\":[{\"@type\":\"SearchAction\",\"target\":{\"@type\":\"EntryPoint\",\"urlTemplate\":\"https:\\\/\\\/www.thierry-groensteen.fr\\\/?s={search_term_string}\"},\"query-input\":{\"@type\":\"PropertyValueSpecification\",\"valueRequired\":true,\"valueName\":\"search_term_string\"}}],\"inLanguage\":\"fr-FR\"},{\"@type\":[\"Person\",\"Organization\"],\"@id\":\"https:\\\/\\\/www.thierry-groensteen.fr\\\/#\\\/schema\\\/person\\\/3695d4890604be69f280ebbb549210b5\",\"name\":\"TG\",\"image\":{\"@type\":\"ImageObject\",\"inLanguage\":\"fr-FR\",\"@id\":\"https:\\\/\\\/www.thierry-groensteen.fr\\\/wp-content\\\/uploads\\\/2023\\\/09\\\/logo_ThierryGroensteen_header.png\",\"url\":\"https:\\\/\\\/www.thierry-groensteen.fr\\\/wp-content\\\/uploads\\\/2023\\\/09\\\/logo_ThierryGroensteen_header.png\",\"contentUrl\":\"https:\\\/\\\/www.thierry-groensteen.fr\\\/wp-content\\\/uploads\\\/2023\\\/09\\\/logo_ThierryGroensteen_header.png\",\"width\":620,\"height\":240,\"caption\":\"TG\"},\"logo\":{\"@id\":\"https:\\\/\\\/www.thierry-groensteen.fr\\\/wp-content\\\/uploads\\\/2023\\\/09\\\/logo_ThierryGroensteen_header.png\"},\"sameAs\":[\"https:\\\/\\\/www.thierry-groensteen.fr\"],\"url\":\"https:\\\/\\\/www.thierry-groensteen.fr\\\/index.php\\\/author\\\/admin5797\\\/\"}]}<\/script>\n<!-- \/ Yoast SEO plugin. -->","yoast_head_json":{"title":"Noyon entretient la m\u00e9moire des fr\u00e8res Pinchon - le site de Thierry Groensteen","robots":{"index":"index","follow":"follow","max-snippet":"max-snippet:-1","max-image-preview":"max-image-preview:large","max-video-preview":"max-video-preview:-1"},"canonical":"https:\/\/www.thierry-groensteen.fr\/index.php\/2024\/12\/06\/noyon-entretient-la-memoire-des-freres-pinchon\/","og_locale":"fr_FR","og_type":"article","og_title":"Noyon entretient la m\u00e9moire des fr\u00e8res Pinchon - le site de Thierry Groensteen","og_description":"Les dessinateurs de la Belle \u00c9poque, que j\u2019ai \u00e9tudi\u00e9s et, pour certains, ressuscit\u00e9s dans mon livre La Bande dessin\u00e9e en France \u00e0 la Belle Epoque (1880-1914), aux Impressions nouvelles, paraissent loin de nous et, pour beaucoup, sont tomb\u00e9s dans l\u2019oubli. Pourtant leur souvenir est souvent rest\u00e9 vivace dans les r\u00e9gions o\u00f9 ils sont n\u00e9s [&hellip;]","og_url":"https:\/\/www.thierry-groensteen.fr\/index.php\/2024\/12\/06\/noyon-entretient-la-memoire-des-freres-pinchon\/","og_site_name":"le site de Thierry Groensteen","article_published_time":"2024-12-05T23:05:38+00:00","article_modified_time":"2024-12-16T14:01:42+00:00","og_image":[{"width":1632,"height":1224,"url":"https:\/\/www.thierry-groensteen.fr\/wp-content\/uploads\/2024\/11\/Petite-fille-et-poney-reduit.jpg","type":"image\/jpeg"}],"author":"TG","twitter_card":"summary_large_image","twitter_misc":{"\u00c9crit par":"TG","Dur\u00e9e de lecture estim\u00e9e":"3 minutes"},"schema":{"@context":"https:\/\/schema.org","@graph":[{"@type":"Article","@id":"https:\/\/www.thierry-groensteen.fr\/index.php\/2024\/12\/06\/noyon-entretient-la-memoire-des-freres-pinchon\/#article","isPartOf":{"@id":"https:\/\/www.thierry-groensteen.fr\/index.php\/2024\/12\/06\/noyon-entretient-la-memoire-des-freres-pinchon\/"},"author":{"name":"TG","@id":"https:\/\/www.thierry-groensteen.fr\/#\/schema\/person\/3695d4890604be69f280ebbb549210b5"},"headline":"Noyon entretient la m\u00e9moire des fr\u00e8res Pinchon","datePublished":"2024-12-05T23:05:38+00:00","dateModified":"2024-12-16T14:01:42+00:00","mainEntityOfPage":{"@id":"https:\/\/www.thierry-groensteen.fr\/index.php\/2024\/12\/06\/noyon-entretient-la-memoire-des-freres-pinchon\/"},"wordCount":695,"publisher":{"@id":"https:\/\/www.thierry-groensteen.fr\/#\/schema\/person\/3695d4890604be69f280ebbb549210b5"},"image":{"@id":"https:\/\/www.thierry-groensteen.fr\/index.php\/2024\/12\/06\/noyon-entretient-la-memoire-des-freres-pinchon\/#primaryimage"},"thumbnailUrl":"https:\/\/www.thierry-groensteen.fr\/wp-content\/uploads\/2024\/11\/Petite-fille-et-poney-reduit.jpg","articleSection":["mon Blog"],"inLanguage":"fr-FR"},{"@type":"WebPage","@id":"https:\/\/www.thierry-groensteen.fr\/index.php\/2024\/12\/06\/noyon-entretient-la-memoire-des-freres-pinchon\/","url":"https:\/\/www.thierry-groensteen.fr\/index.php\/2024\/12\/06\/noyon-entretient-la-memoire-des-freres-pinchon\/","name":"Noyon entretient la m\u00e9moire des fr\u00e8res Pinchon - le site de Thierry Groensteen","isPartOf":{"@id":"https:\/\/www.thierry-groensteen.fr\/#website"},"primaryImageOfPage":{"@id":"https:\/\/www.thierry-groensteen.fr\/index.php\/2024\/12\/06\/noyon-entretient-la-memoire-des-freres-pinchon\/#primaryimage"},"image":{"@id":"https:\/\/www.thierry-groensteen.fr\/index.php\/2024\/12\/06\/noyon-entretient-la-memoire-des-freres-pinchon\/#primaryimage"},"thumbnailUrl":"https:\/\/www.thierry-groensteen.fr\/wp-content\/uploads\/2024\/11\/Petite-fille-et-poney-reduit.jpg","datePublished":"2024-12-05T23:05:38+00:00","dateModified":"2024-12-16T14:01:42+00:00","breadcrumb":{"@id":"https:\/\/www.thierry-groensteen.fr\/index.php\/2024\/12\/06\/noyon-entretient-la-memoire-des-freres-pinchon\/#breadcrumb"},"inLanguage":"fr-FR","potentialAction":[{"@type":"ReadAction","target":["https:\/\/www.thierry-groensteen.fr\/index.php\/2024\/12\/06\/noyon-entretient-la-memoire-des-freres-pinchon\/"]}]},{"@type":"ImageObject","inLanguage":"fr-FR","@id":"https:\/\/www.thierry-groensteen.fr\/index.php\/2024\/12\/06\/noyon-entretient-la-memoire-des-freres-pinchon\/#primaryimage","url":"https:\/\/www.thierry-groensteen.fr\/wp-content\/uploads\/2024\/11\/Petite-fille-et-poney-reduit.jpg","contentUrl":"https:\/\/www.thierry-groensteen.fr\/wp-content\/uploads\/2024\/11\/Petite-fille-et-poney-reduit.jpg","width":1632,"height":1224,"caption":"Petite fille et poney, sculpture d'\u00c9mile Pinchon, d\u00e9tail"},{"@type":"BreadcrumbList","@id":"https:\/\/www.thierry-groensteen.fr\/index.php\/2024\/12\/06\/noyon-entretient-la-memoire-des-freres-pinchon\/#breadcrumb","itemListElement":[{"@type":"ListItem","position":1,"name":"Accueil","item":"https:\/\/www.thierry-groensteen.fr\/"},{"@type":"ListItem","position":2,"name":"Noyon entretient la m\u00e9moire des fr\u00e8res Pinchon"}]},{"@type":"WebSite","@id":"https:\/\/www.thierry-groensteen.fr\/#website","url":"https:\/\/www.thierry-groensteen.fr\/","name":"le site de Thierry Groensteen","description":"site officiel","publisher":{"@id":"https:\/\/www.thierry-groensteen.fr\/#\/schema\/person\/3695d4890604be69f280ebbb549210b5"},"potentialAction":[{"@type":"SearchAction","target":{"@type":"EntryPoint","urlTemplate":"https:\/\/www.thierry-groensteen.fr\/?s={search_term_string}"},"query-input":{"@type":"PropertyValueSpecification","valueRequired":true,"valueName":"search_term_string"}}],"inLanguage":"fr-FR"},{"@type":["Person","Organization"],"@id":"https:\/\/www.thierry-groensteen.fr\/#\/schema\/person\/3695d4890604be69f280ebbb549210b5","name":"TG","image":{"@type":"ImageObject","inLanguage":"fr-FR","@id":"https:\/\/www.thierry-groensteen.fr\/wp-content\/uploads\/2023\/09\/logo_ThierryGroensteen_header.png","url":"https:\/\/www.thierry-groensteen.fr\/wp-content\/uploads\/2023\/09\/logo_ThierryGroensteen_header.png","contentUrl":"https:\/\/www.thierry-groensteen.fr\/wp-content\/uploads\/2023\/09\/logo_ThierryGroensteen_header.png","width":620,"height":240,"caption":"TG"},"logo":{"@id":"https:\/\/www.thierry-groensteen.fr\/wp-content\/uploads\/2023\/09\/logo_ThierryGroensteen_header.png"},"sameAs":["https:\/\/www.thierry-groensteen.fr"],"url":"https:\/\/www.thierry-groensteen.fr\/index.php\/author\/admin5797\/"}]}},"_links":{"self":[{"href":"https:\/\/www.thierry-groensteen.fr\/index.php\/wp-json\/wp\/v2\/posts\/3335","targetHints":{"allow":["GET"]}}],"collection":[{"href":"https:\/\/www.thierry-groensteen.fr\/index.php\/wp-json\/wp\/v2\/posts"}],"about":[{"href":"https:\/\/www.thierry-groensteen.fr\/index.php\/wp-json\/wp\/v2\/types\/post"}],"author":[{"embeddable":true,"href":"https:\/\/www.thierry-groensteen.fr\/index.php\/wp-json\/wp\/v2\/users\/1"}],"replies":[{"embeddable":true,"href":"https:\/\/www.thierry-groensteen.fr\/index.php\/wp-json\/wp\/v2\/comments?post=3335"}],"version-history":[{"count":4,"href":"https:\/\/www.thierry-groensteen.fr\/index.php\/wp-json\/wp\/v2\/posts\/3335\/revisions"}],"predecessor-version":[{"id":3358,"href":"https:\/\/www.thierry-groensteen.fr\/index.php\/wp-json\/wp\/v2\/posts\/3335\/revisions\/3358"}],"wp:featuredmedia":[{"embeddable":true,"href":"https:\/\/www.thierry-groensteen.fr\/index.php\/wp-json\/wp\/v2\/media\/3337"}],"wp:attachment":[{"href":"https:\/\/www.thierry-groensteen.fr\/index.php\/wp-json\/wp\/v2\/media?parent=3335"}],"wp:term":[{"taxonomy":"category","embeddable":true,"href":"https:\/\/www.thierry-groensteen.fr\/index.php\/wp-json\/wp\/v2\/categories?post=3335"},{"taxonomy":"post_tag","embeddable":true,"href":"https:\/\/www.thierry-groensteen.fr\/index.php\/wp-json\/wp\/v2\/tags?post=3335"}],"curies":[{"name":"wp","href":"https:\/\/api.w.org\/{rel}","templated":true}]}}