{"id":3217,"date":"2024-10-02T00:05:41","date_gmt":"2024-10-01T22:05:41","guid":{"rendered":"https:\/\/www.thierry-groensteen.fr\/?p=3217"},"modified":"2024-09-25T10:02:27","modified_gmt":"2024-09-25T08:02:27","slug":"coup-daccelerateur-sur-la-patrimonialisation-de-la-bd","status":"publish","type":"post","link":"https:\/\/www.thierry-groensteen.fr\/index.php\/2024\/10\/02\/coup-daccelerateur-sur-la-patrimonialisation-de-la-bd\/","title":{"rendered":"Coup d\u2019acc\u00e9l\u00e9rateur sur la patrimonialisation de la BD"},"content":{"rendered":"<p>La Biblioth\u00e8que nationale de France a lanc\u00e9 un appel aux dons pour l\u2019aider \u00e0 acqu\u00e9rir, aupr\u00e8s des ayant-droits de l\u2019artiste, les 77 planches originales de <em>La B\u00eate est morte<\/em>, le chef-d\u2019\u0153uvre de Calvo (sur un sc\u00e9nario de Victor Dancette), paru \u00e0 la Lib\u00e9ration (tome 1 en ao\u00fbt 1944, tome 2 en juin 1945) et dont Gallimard assure la disponibilit\u00e9 en librairie depuis pr\u00e8s d\u2019un demi-si\u00e8cle (r\u00e9\u00e9ditions en 1977, 1984, 1995 et 2007).<\/p>\n<p>Consid\u00e9r\u00e9e comme un chef-d\u2019\u0153uvre du XXe si\u00e8cle, <em>La B\u00eate est morte<\/em> pr\u00e9sente un tr\u00e8s haut int\u00e9r\u00eat tant historique (par le t\u00e9moignage qu\u2019elle constitue sur la Seconde Guerre mondiale) qu\u2019artistique. Ce serait un achat de premi\u00e8re importance, et la premi\u00e8re fois que la BnF (qui a re\u00e7u des dons importants d\u2019Uderzo, Schuiten, Wolinski, Willem ainsi que des planches de F\u2019Murr par dation) ferait un gros effort financier pour acqu\u00e9rir une \u0153uvre de bande dessin\u00e9e.<\/p>\n<p><img decoding=\"async\" class=\"lazyload aligncenter wp-image-3224 size-fusion-400\" src=\"https:\/\/www.thierry-groensteen.fr\/wp-content\/uploads\/2024\/09\/LaBeteEstMorte_01-1-400x544.jpg\" data-orig-src=\"https:\/\/www.thierry-groensteen.fr\/wp-content\/uploads\/2024\/09\/LaBeteEstMorte_01-1-400x544.jpg\" alt=\"Calvo, La B\u00eate est morte\" width=\"400\" height=\"544\" srcset=\"data:image\/svg+xml,%3Csvg%20xmlns%3D%27http%3A%2F%2Fwww.w3.org%2F2000%2Fsvg%27%20width%3D%27400%27%20height%3D%27544%27%20viewBox%3D%270%200%20400%20544%27%3E%3Crect%20width%3D%27400%27%20height%3D%27544%27%20fill-opacity%3D%220%22%2F%3E%3C%2Fsvg%3E\" data-srcset=\"https:\/\/www.thierry-groensteen.fr\/wp-content\/uploads\/2024\/09\/LaBeteEstMorte_01-1-200x272.jpg 200w, https:\/\/www.thierry-groensteen.fr\/wp-content\/uploads\/2024\/09\/LaBeteEstMorte_01-1-220x300.jpg 220w, https:\/\/www.thierry-groensteen.fr\/wp-content\/uploads\/2024\/09\/LaBeteEstMorte_01-1-400x544.jpg 400w, https:\/\/www.thierry-groensteen.fr\/wp-content\/uploads\/2024\/09\/LaBeteEstMorte_01-1.jpg 490w\" data-sizes=\"auto\" data-orig-sizes=\"(max-width: 400px) 100vw, 400px\" \/><\/p>\n<p>Calvo est d\u00e9j\u00e0 fort bien repr\u00e9sent\u00e9 dans les collections du mus\u00e9e de la Bande dessin\u00e9e d\u2019Angoul\u00eame, qui poss\u00e8de, en particulier, <em>Rosalie<\/em>, <em>Anatomies atomiques<\/em>, <em>Patamousse<\/em> ainsi que <em>Moustache et Trottinette<\/em>. Avec l\u2019entr\u00e9e de <em>La B\u00eate est morte<\/em> dans les collections publiques, c\u2019est donc l\u2019essentiel de l\u2019\u0153uvre du g\u00e9ant normand (1892-1957) qui serait pr\u00e9serv\u00e9.<\/p>\n<p>La Biblioth\u00e8que n\u2019en fait myst\u00e8re\u00a0: le fait d\u2019avoir vu une tr\u00e8s belle s\u00e9lection de 16 des planches en question expos\u00e9e au 5<sup>e<\/sup> \u00e9tage du Centre Pompidou (o\u00f9 l\u2019on peut encore les admirer jusqu\u2019au 4 novembre) a d\u00e9clench\u00e9 ce projet d\u2019achat. Preuve, s\u2019il en fallait, que les expositions, au-del\u00e0 de la d\u00e9lectation procur\u00e9e aux visiteurs, peuvent avoir des retomb\u00e9es tr\u00e8s concr\u00e8tes.<\/p>\n<p>Le Centre Pompidou, justement, a communiqu\u00e9, de son c\u00f4t\u00e9, sur l\u2019entr\u00e9e dans ses collections, voici quelques semaines, d\u2019\u0153uvres de dix dessinateurs\u00a0: David B, Edmond Baudoin, Blutch, Nicolas de Cr\u00e9cy, Emmanuel Guibert, Beno\u00eet Jacques, \u00c9ric Lamb\u00e9, Lorenzo Mattotti, Catherine Meurisse et Fanny Micha\u00eblis, pour un total de 59 planches, illustrations et carnets.<\/p>\n<p>Ces deux annonces presque simultan\u00e9es, faites par deux des plus prestigieuses institutions culturelles de notre pays, sont un \u00e9ni\u00e8me gage de la reconnaissance dont b\u00e9n\u00e9ficie \u00e0 pr\u00e9sent le \u00ab neuvi\u00e8me art \u00bb. Elles confortent une tendance qui demandait encore \u00e0 \u00eatre renforc\u00e9e, celle de la pr\u00e9servation des \u0153uvres et de la constitution d&rsquo;un patrimoine.<\/p>\n<p><img decoding=\"async\" class=\"lazyload aligncenter wp-image-3225 size-fusion-400\" src=\"https:\/\/www.thierry-groensteen.fr\/wp-content\/uploads\/2024\/09\/LaBeteEstMorte_02-400x547.jpg\" data-orig-src=\"https:\/\/www.thierry-groensteen.fr\/wp-content\/uploads\/2024\/09\/LaBeteEstMorte_02-400x547.jpg\" alt=\"Calvo et Dancette, &quot;La B\u00eate est morte&quot;\" width=\"400\" height=\"547\" srcset=\"data:image\/svg+xml,%3Csvg%20xmlns%3D%27http%3A%2F%2Fwww.w3.org%2F2000%2Fsvg%27%20width%3D%27400%27%20height%3D%27547%27%20viewBox%3D%270%200%20400%20547%27%3E%3Crect%20width%3D%27400%27%20height%3D%27547%27%20fill-opacity%3D%220%22%2F%3E%3C%2Fsvg%3E\" data-srcset=\"https:\/\/www.thierry-groensteen.fr\/wp-content\/uploads\/2024\/09\/LaBeteEstMorte_02-200x274.jpg 200w, https:\/\/www.thierry-groensteen.fr\/wp-content\/uploads\/2024\/09\/LaBeteEstMorte_02-219x300.jpg 219w, https:\/\/www.thierry-groensteen.fr\/wp-content\/uploads\/2024\/09\/LaBeteEstMorte_02-400x547.jpg 400w, https:\/\/www.thierry-groensteen.fr\/wp-content\/uploads\/2024\/09\/LaBeteEstMorte_02.jpg 500w\" data-sizes=\"auto\" data-orig-sizes=\"(max-width: 400px) 100vw, 400px\" \/><\/p>\n<p>Angoul\u00eame avait en la mati\u00e8re plus qu\u2019une longueur d\u2019avance\u00a0: la Cit\u00e9 de la BD jouissait encore r\u00e9cemment d\u2019un quasi monopole. En d\u00e9pit de l\u2019insignifiance de ses budgets d\u2019acquisition, elle continue \u00e0 accro\u00eetre ses collections gr\u00e2ce \u00e0 des dons importants (r\u00e9cemment Baudoin, Boilet, Bourgeon, Goetzinger, une autre partie de la dation F\u2019Murr).<\/p>\n<p>Le Cartoon Museum de B\u00e2le, lui, qui ach\u00e8te principalement des \u0153uvres en lien avec ses expositions temporaires mais poss\u00e8de une collection permanente tr\u00e8s significative (o\u00f9 l\u2019on remarque notamment un tr\u00e8s bel ensemble de couvertures du <em>New Yorker<\/em>), quoique non accessible au public, a r\u00e9cemment obtenu de la Fondation auquel il est adoss\u00e9 un doublement de ses cr\u00e9dits d\u2019acquisition.<\/p>\n<p>La bande dessin\u00e9e au mus\u00e9e\u00a0: c\u2019est d\u00e9sormais une r\u00e9alit\u00e9\u00a0!<\/p>\n","protected":false},"excerpt":{"rendered":"<p>La Biblioth\u00e8que nationale de France a lanc\u00e9 un appel aux dons pour l\u2019aider \u00e0 acqu\u00e9rir, aupr\u00e8s des ayant-droits de l\u2019artiste, les 77 planches originales de La B\u00eate est morte, le chef-d\u2019\u0153uvre de Calvo (sur un sc\u00e9nario de Victor Dancette), paru \u00e0 la Lib\u00e9ration (tome 1 en ao\u00fbt 1944, tome 2 en juin 1945) et [&hellip;]<\/p>\n","protected":false},"author":1,"featured_media":3227,"comment_status":"closed","ping_status":"closed","sticky":false,"template":"","format":"standard","meta":{"footnotes":""},"categories":[70],"tags":[],"class_list":["post-3217","post","type-post","status-publish","format-standard","has-post-thumbnail","hentry","category-mon-blog"],"acf":[],"yoast_head":"<!-- This site is optimized with the Yoast SEO plugin v27.5 - https:\/\/yoast.com\/product\/yoast-seo-wordpress\/ -->\n<title>Coup d\u2019acc\u00e9l\u00e9rateur sur la patrimonialisation de la BD - le site de Thierry Groensteen<\/title>\n<meta name=\"robots\" content=\"index, follow, max-snippet:-1, max-image-preview:large, max-video-preview:-1\" \/>\n<link rel=\"canonical\" href=\"https:\/\/www.thierry-groensteen.fr\/index.php\/2024\/10\/02\/coup-daccelerateur-sur-la-patrimonialisation-de-la-bd\/\" \/>\n<meta property=\"og:locale\" content=\"fr_FR\" \/>\n<meta property=\"og:type\" content=\"article\" \/>\n<meta property=\"og:title\" content=\"Coup d\u2019acc\u00e9l\u00e9rateur sur la patrimonialisation de la BD - le site de Thierry Groensteen\" \/>\n<meta property=\"og:description\" content=\"La Biblioth\u00e8que nationale de France a lanc\u00e9 un appel aux dons pour l\u2019aider \u00e0 acqu\u00e9rir, aupr\u00e8s des ayant-droits de l\u2019artiste, les 77 planches originales de La B\u00eate est morte, le chef-d\u2019\u0153uvre de Calvo (sur un sc\u00e9nario de Victor Dancette), paru \u00e0 la Lib\u00e9ration (tome 1 en ao\u00fbt 1944, tome 2 en juin 1945) et [&hellip;]\" \/>\n<meta property=\"og:url\" content=\"https:\/\/www.thierry-groensteen.fr\/index.php\/2024\/10\/02\/coup-daccelerateur-sur-la-patrimonialisation-de-la-bd\/\" \/>\n<meta property=\"og:site_name\" content=\"le site de Thierry Groensteen\" \/>\n<meta property=\"article:published_time\" content=\"2024-10-01T22:05:41+00:00\" \/>\n<meta property=\"og:image\" content=\"https:\/\/www.thierry-groensteen.fr\/wp-content\/uploads\/2024\/09\/detail-couve-Bete-est-morte-e1727251220678.jpg\" \/>\n\t<meta property=\"og:image:width\" content=\"2299\" \/>\n\t<meta property=\"og:image:height\" content=\"1053\" \/>\n\t<meta property=\"og:image:type\" content=\"image\/jpeg\" \/>\n<meta name=\"author\" content=\"TG\" \/>\n<meta name=\"twitter:card\" content=\"summary_large_image\" \/>\n<meta name=\"twitter:label1\" content=\"\u00c9crit par\" \/>\n\t<meta name=\"twitter:data1\" content=\"TG\" \/>\n\t<meta name=\"twitter:label2\" content=\"Dur\u00e9e de lecture estim\u00e9e\" \/>\n\t<meta name=\"twitter:data2\" content=\"3 minutes\" \/>\n<script type=\"application\/ld+json\" class=\"yoast-schema-graph\">{\"@context\":\"https:\\\/\\\/schema.org\",\"@graph\":[{\"@type\":\"Article\",\"@id\":\"https:\\\/\\\/www.thierry-groensteen.fr\\\/index.php\\\/2024\\\/10\\\/02\\\/coup-daccelerateur-sur-la-patrimonialisation-de-la-bd\\\/#article\",\"isPartOf\":{\"@id\":\"https:\\\/\\\/www.thierry-groensteen.fr\\\/index.php\\\/2024\\\/10\\\/02\\\/coup-daccelerateur-sur-la-patrimonialisation-de-la-bd\\\/\"},\"author\":{\"name\":\"TG\",\"@id\":\"https:\\\/\\\/www.thierry-groensteen.fr\\\/#\\\/schema\\\/person\\\/3695d4890604be69f280ebbb549210b5\"},\"headline\":\"Coup d\u2019acc\u00e9l\u00e9rateur sur la patrimonialisation de la BD\",\"datePublished\":\"2024-10-01T22:05:41+00:00\",\"mainEntityOfPage\":{\"@id\":\"https:\\\/\\\/www.thierry-groensteen.fr\\\/index.php\\\/2024\\\/10\\\/02\\\/coup-daccelerateur-sur-la-patrimonialisation-de-la-bd\\\/\"},\"wordCount\":578,\"publisher\":{\"@id\":\"https:\\\/\\\/www.thierry-groensteen.fr\\\/#\\\/schema\\\/person\\\/3695d4890604be69f280ebbb549210b5\"},\"image\":{\"@id\":\"https:\\\/\\\/www.thierry-groensteen.fr\\\/index.php\\\/2024\\\/10\\\/02\\\/coup-daccelerateur-sur-la-patrimonialisation-de-la-bd\\\/#primaryimage\"},\"thumbnailUrl\":\"https:\\\/\\\/www.thierry-groensteen.fr\\\/wp-content\\\/uploads\\\/2024\\\/09\\\/detail-couve-Bete-est-morte-e1727251220678.jpg\",\"articleSection\":[\"mon Blog\"],\"inLanguage\":\"fr-FR\"},{\"@type\":\"WebPage\",\"@id\":\"https:\\\/\\\/www.thierry-groensteen.fr\\\/index.php\\\/2024\\\/10\\\/02\\\/coup-daccelerateur-sur-la-patrimonialisation-de-la-bd\\\/\",\"url\":\"https:\\\/\\\/www.thierry-groensteen.fr\\\/index.php\\\/2024\\\/10\\\/02\\\/coup-daccelerateur-sur-la-patrimonialisation-de-la-bd\\\/\",\"name\":\"Coup d\u2019acc\u00e9l\u00e9rateur sur la patrimonialisation de la BD - le site de Thierry Groensteen\",\"isPartOf\":{\"@id\":\"https:\\\/\\\/www.thierry-groensteen.fr\\\/#website\"},\"primaryImageOfPage\":{\"@id\":\"https:\\\/\\\/www.thierry-groensteen.fr\\\/index.php\\\/2024\\\/10\\\/02\\\/coup-daccelerateur-sur-la-patrimonialisation-de-la-bd\\\/#primaryimage\"},\"image\":{\"@id\":\"https:\\\/\\\/www.thierry-groensteen.fr\\\/index.php\\\/2024\\\/10\\\/02\\\/coup-daccelerateur-sur-la-patrimonialisation-de-la-bd\\\/#primaryimage\"},\"thumbnailUrl\":\"https:\\\/\\\/www.thierry-groensteen.fr\\\/wp-content\\\/uploads\\\/2024\\\/09\\\/detail-couve-Bete-est-morte-e1727251220678.jpg\",\"datePublished\":\"2024-10-01T22:05:41+00:00\",\"breadcrumb\":{\"@id\":\"https:\\\/\\\/www.thierry-groensteen.fr\\\/index.php\\\/2024\\\/10\\\/02\\\/coup-daccelerateur-sur-la-patrimonialisation-de-la-bd\\\/#breadcrumb\"},\"inLanguage\":\"fr-FR\",\"potentialAction\":[{\"@type\":\"ReadAction\",\"target\":[\"https:\\\/\\\/www.thierry-groensteen.fr\\\/index.php\\\/2024\\\/10\\\/02\\\/coup-daccelerateur-sur-la-patrimonialisation-de-la-bd\\\/\"]}]},{\"@type\":\"ImageObject\",\"inLanguage\":\"fr-FR\",\"@id\":\"https:\\\/\\\/www.thierry-groensteen.fr\\\/index.php\\\/2024\\\/10\\\/02\\\/coup-daccelerateur-sur-la-patrimonialisation-de-la-bd\\\/#primaryimage\",\"url\":\"https:\\\/\\\/www.thierry-groensteen.fr\\\/wp-content\\\/uploads\\\/2024\\\/09\\\/detail-couve-Bete-est-morte-e1727251220678.jpg\",\"contentUrl\":\"https:\\\/\\\/www.thierry-groensteen.fr\\\/wp-content\\\/uploads\\\/2024\\\/09\\\/detail-couve-Bete-est-morte-e1727251220678.jpg\",\"width\":2299,\"height\":1053,\"caption\":\"d\u00e9tail de la couverture de \\\"La B\u00eate est morte\\\" de Calvo\"},{\"@type\":\"BreadcrumbList\",\"@id\":\"https:\\\/\\\/www.thierry-groensteen.fr\\\/index.php\\\/2024\\\/10\\\/02\\\/coup-daccelerateur-sur-la-patrimonialisation-de-la-bd\\\/#breadcrumb\",\"itemListElement\":[{\"@type\":\"ListItem\",\"position\":1,\"name\":\"Accueil\",\"item\":\"https:\\\/\\\/www.thierry-groensteen.fr\\\/\"},{\"@type\":\"ListItem\",\"position\":2,\"name\":\"Coup d\u2019acc\u00e9l\u00e9rateur sur la patrimonialisation de la BD\"}]},{\"@type\":\"WebSite\",\"@id\":\"https:\\\/\\\/www.thierry-groensteen.fr\\\/#website\",\"url\":\"https:\\\/\\\/www.thierry-groensteen.fr\\\/\",\"name\":\"le site de Thierry Groensteen\",\"description\":\"site officiel\",\"publisher\":{\"@id\":\"https:\\\/\\\/www.thierry-groensteen.fr\\\/#\\\/schema\\\/person\\\/3695d4890604be69f280ebbb549210b5\"},\"potentialAction\":[{\"@type\":\"SearchAction\",\"target\":{\"@type\":\"EntryPoint\",\"urlTemplate\":\"https:\\\/\\\/www.thierry-groensteen.fr\\\/?s={search_term_string}\"},\"query-input\":{\"@type\":\"PropertyValueSpecification\",\"valueRequired\":true,\"valueName\":\"search_term_string\"}}],\"inLanguage\":\"fr-FR\"},{\"@type\":[\"Person\",\"Organization\"],\"@id\":\"https:\\\/\\\/www.thierry-groensteen.fr\\\/#\\\/schema\\\/person\\\/3695d4890604be69f280ebbb549210b5\",\"name\":\"TG\",\"image\":{\"@type\":\"ImageObject\",\"inLanguage\":\"fr-FR\",\"@id\":\"https:\\\/\\\/www.thierry-groensteen.fr\\\/wp-content\\\/uploads\\\/2023\\\/09\\\/logo_ThierryGroensteen_header.png\",\"url\":\"https:\\\/\\\/www.thierry-groensteen.fr\\\/wp-content\\\/uploads\\\/2023\\\/09\\\/logo_ThierryGroensteen_header.png\",\"contentUrl\":\"https:\\\/\\\/www.thierry-groensteen.fr\\\/wp-content\\\/uploads\\\/2023\\\/09\\\/logo_ThierryGroensteen_header.png\",\"width\":620,\"height\":240,\"caption\":\"TG\"},\"logo\":{\"@id\":\"https:\\\/\\\/www.thierry-groensteen.fr\\\/wp-content\\\/uploads\\\/2023\\\/09\\\/logo_ThierryGroensteen_header.png\"},\"sameAs\":[\"https:\\\/\\\/www.thierry-groensteen.fr\"]},{\"@type\":\"Person\",\"@id\":\"https:\\\/\\\/www.thierry-groensteen.fr\\\/#\\\/schema\\\/person\\\/3695d4890604be69f280ebbb549210b5\",\"name\":\"TG\",\"image\":{\"@type\":\"ImageObject\",\"inLanguage\":\"fr-FR\",\"@id\":\"https:\\\/\\\/www.thierry-groensteen.fr\\\/wp-content\\\/uploads\\\/2023\\\/09\\\/logo_ThierryGroensteen_header.png\",\"url\":\"https:\\\/\\\/www.thierry-groensteen.fr\\\/wp-content\\\/uploads\\\/2023\\\/09\\\/logo_ThierryGroensteen_header.png\",\"contentUrl\":\"https:\\\/\\\/www.thierry-groensteen.fr\\\/wp-content\\\/uploads\\\/2023\\\/09\\\/logo_ThierryGroensteen_header.png\",\"width\":620,\"height\":240,\"caption\":\"TG\"},\"sameAs\":[\"https:\\\/\\\/www.thierry-groensteen.fr\"],\"url\":\"https:\\\/\\\/www.thierry-groensteen.fr\\\/index.php\\\/author\\\/admin5797\\\/\"}]}<\/script>\n<!-- \/ Yoast SEO plugin. -->","yoast_head_json":{"title":"Coup d\u2019acc\u00e9l\u00e9rateur sur la patrimonialisation de la BD - le site de Thierry Groensteen","robots":{"index":"index","follow":"follow","max-snippet":"max-snippet:-1","max-image-preview":"max-image-preview:large","max-video-preview":"max-video-preview:-1"},"canonical":"https:\/\/www.thierry-groensteen.fr\/index.php\/2024\/10\/02\/coup-daccelerateur-sur-la-patrimonialisation-de-la-bd\/","og_locale":"fr_FR","og_type":"article","og_title":"Coup d\u2019acc\u00e9l\u00e9rateur sur la patrimonialisation de la BD - le site de Thierry Groensteen","og_description":"La Biblioth\u00e8que nationale de France a lanc\u00e9 un appel aux dons pour l\u2019aider \u00e0 acqu\u00e9rir, aupr\u00e8s des ayant-droits de l\u2019artiste, les 77 planches originales de La B\u00eate est morte, le chef-d\u2019\u0153uvre de Calvo (sur un sc\u00e9nario de Victor Dancette), paru \u00e0 la Lib\u00e9ration (tome 1 en ao\u00fbt 1944, tome 2 en juin 1945) et [&hellip;]","og_url":"https:\/\/www.thierry-groensteen.fr\/index.php\/2024\/10\/02\/coup-daccelerateur-sur-la-patrimonialisation-de-la-bd\/","og_site_name":"le site de Thierry Groensteen","article_published_time":"2024-10-01T22:05:41+00:00","og_image":[{"width":2299,"height":1053,"url":"https:\/\/www.thierry-groensteen.fr\/wp-content\/uploads\/2024\/09\/detail-couve-Bete-est-morte-e1727251220678.jpg","type":"image\/jpeg"}],"author":"TG","twitter_card":"summary_large_image","twitter_misc":{"\u00c9crit par":"TG","Dur\u00e9e de lecture estim\u00e9e":"3 minutes"},"schema":{"@context":"https:\/\/schema.org","@graph":[{"@type":"Article","@id":"https:\/\/www.thierry-groensteen.fr\/index.php\/2024\/10\/02\/coup-daccelerateur-sur-la-patrimonialisation-de-la-bd\/#article","isPartOf":{"@id":"https:\/\/www.thierry-groensteen.fr\/index.php\/2024\/10\/02\/coup-daccelerateur-sur-la-patrimonialisation-de-la-bd\/"},"author":{"name":"TG","@id":"https:\/\/www.thierry-groensteen.fr\/#\/schema\/person\/3695d4890604be69f280ebbb549210b5"},"headline":"Coup d\u2019acc\u00e9l\u00e9rateur sur la patrimonialisation de la BD","datePublished":"2024-10-01T22:05:41+00:00","mainEntityOfPage":{"@id":"https:\/\/www.thierry-groensteen.fr\/index.php\/2024\/10\/02\/coup-daccelerateur-sur-la-patrimonialisation-de-la-bd\/"},"wordCount":578,"publisher":{"@id":"https:\/\/www.thierry-groensteen.fr\/#\/schema\/person\/3695d4890604be69f280ebbb549210b5"},"image":{"@id":"https:\/\/www.thierry-groensteen.fr\/index.php\/2024\/10\/02\/coup-daccelerateur-sur-la-patrimonialisation-de-la-bd\/#primaryimage"},"thumbnailUrl":"https:\/\/www.thierry-groensteen.fr\/wp-content\/uploads\/2024\/09\/detail-couve-Bete-est-morte-e1727251220678.jpg","articleSection":["mon Blog"],"inLanguage":"fr-FR"},{"@type":"WebPage","@id":"https:\/\/www.thierry-groensteen.fr\/index.php\/2024\/10\/02\/coup-daccelerateur-sur-la-patrimonialisation-de-la-bd\/","url":"https:\/\/www.thierry-groensteen.fr\/index.php\/2024\/10\/02\/coup-daccelerateur-sur-la-patrimonialisation-de-la-bd\/","name":"Coup d\u2019acc\u00e9l\u00e9rateur sur la patrimonialisation de la BD - le site de Thierry Groensteen","isPartOf":{"@id":"https:\/\/www.thierry-groensteen.fr\/#website"},"primaryImageOfPage":{"@id":"https:\/\/www.thierry-groensteen.fr\/index.php\/2024\/10\/02\/coup-daccelerateur-sur-la-patrimonialisation-de-la-bd\/#primaryimage"},"image":{"@id":"https:\/\/www.thierry-groensteen.fr\/index.php\/2024\/10\/02\/coup-daccelerateur-sur-la-patrimonialisation-de-la-bd\/#primaryimage"},"thumbnailUrl":"https:\/\/www.thierry-groensteen.fr\/wp-content\/uploads\/2024\/09\/detail-couve-Bete-est-morte-e1727251220678.jpg","datePublished":"2024-10-01T22:05:41+00:00","breadcrumb":{"@id":"https:\/\/www.thierry-groensteen.fr\/index.php\/2024\/10\/02\/coup-daccelerateur-sur-la-patrimonialisation-de-la-bd\/#breadcrumb"},"inLanguage":"fr-FR","potentialAction":[{"@type":"ReadAction","target":["https:\/\/www.thierry-groensteen.fr\/index.php\/2024\/10\/02\/coup-daccelerateur-sur-la-patrimonialisation-de-la-bd\/"]}]},{"@type":"ImageObject","inLanguage":"fr-FR","@id":"https:\/\/www.thierry-groensteen.fr\/index.php\/2024\/10\/02\/coup-daccelerateur-sur-la-patrimonialisation-de-la-bd\/#primaryimage","url":"https:\/\/www.thierry-groensteen.fr\/wp-content\/uploads\/2024\/09\/detail-couve-Bete-est-morte-e1727251220678.jpg","contentUrl":"https:\/\/www.thierry-groensteen.fr\/wp-content\/uploads\/2024\/09\/detail-couve-Bete-est-morte-e1727251220678.jpg","width":2299,"height":1053,"caption":"d\u00e9tail de la couverture de \"La B\u00eate est morte\" de Calvo"},{"@type":"BreadcrumbList","@id":"https:\/\/www.thierry-groensteen.fr\/index.php\/2024\/10\/02\/coup-daccelerateur-sur-la-patrimonialisation-de-la-bd\/#breadcrumb","itemListElement":[{"@type":"ListItem","position":1,"name":"Accueil","item":"https:\/\/www.thierry-groensteen.fr\/"},{"@type":"ListItem","position":2,"name":"Coup d\u2019acc\u00e9l\u00e9rateur sur la patrimonialisation de la BD"}]},{"@type":"WebSite","@id":"https:\/\/www.thierry-groensteen.fr\/#website","url":"https:\/\/www.thierry-groensteen.fr\/","name":"le site de Thierry Groensteen","description":"site officiel","publisher":{"@id":"https:\/\/www.thierry-groensteen.fr\/#\/schema\/person\/3695d4890604be69f280ebbb549210b5"},"potentialAction":[{"@type":"SearchAction","target":{"@type":"EntryPoint","urlTemplate":"https:\/\/www.thierry-groensteen.fr\/?s={search_term_string}"},"query-input":{"@type":"PropertyValueSpecification","valueRequired":true,"valueName":"search_term_string"}}],"inLanguage":"fr-FR"},{"@type":["Person","Organization"],"@id":"https:\/\/www.thierry-groensteen.fr\/#\/schema\/person\/3695d4890604be69f280ebbb549210b5","name":"TG","image":{"@type":"ImageObject","inLanguage":"fr-FR","@id":"https:\/\/www.thierry-groensteen.fr\/wp-content\/uploads\/2023\/09\/logo_ThierryGroensteen_header.png","url":"https:\/\/www.thierry-groensteen.fr\/wp-content\/uploads\/2023\/09\/logo_ThierryGroensteen_header.png","contentUrl":"https:\/\/www.thierry-groensteen.fr\/wp-content\/uploads\/2023\/09\/logo_ThierryGroensteen_header.png","width":620,"height":240,"caption":"TG"},"logo":{"@id":"https:\/\/www.thierry-groensteen.fr\/wp-content\/uploads\/2023\/09\/logo_ThierryGroensteen_header.png"},"sameAs":["https:\/\/www.thierry-groensteen.fr"]},{"@type":"Person","@id":"https:\/\/www.thierry-groensteen.fr\/#\/schema\/person\/3695d4890604be69f280ebbb549210b5","name":"TG","image":{"@type":"ImageObject","inLanguage":"fr-FR","@id":"https:\/\/www.thierry-groensteen.fr\/wp-content\/uploads\/2023\/09\/logo_ThierryGroensteen_header.png","url":"https:\/\/www.thierry-groensteen.fr\/wp-content\/uploads\/2023\/09\/logo_ThierryGroensteen_header.png","contentUrl":"https:\/\/www.thierry-groensteen.fr\/wp-content\/uploads\/2023\/09\/logo_ThierryGroensteen_header.png","width":620,"height":240,"caption":"TG"},"sameAs":["https:\/\/www.thierry-groensteen.fr"],"url":"https:\/\/www.thierry-groensteen.fr\/index.php\/author\/admin5797\/"}]}},"_links":{"self":[{"href":"https:\/\/www.thierry-groensteen.fr\/index.php\/wp-json\/wp\/v2\/posts\/3217","targetHints":{"allow":["GET"]}}],"collection":[{"href":"https:\/\/www.thierry-groensteen.fr\/index.php\/wp-json\/wp\/v2\/posts"}],"about":[{"href":"https:\/\/www.thierry-groensteen.fr\/index.php\/wp-json\/wp\/v2\/types\/post"}],"author":[{"embeddable":true,"href":"https:\/\/www.thierry-groensteen.fr\/index.php\/wp-json\/wp\/v2\/users\/1"}],"replies":[{"embeddable":true,"href":"https:\/\/www.thierry-groensteen.fr\/index.php\/wp-json\/wp\/v2\/comments?post=3217"}],"version-history":[{"count":4,"href":"https:\/\/www.thierry-groensteen.fr\/index.php\/wp-json\/wp\/v2\/posts\/3217\/revisions"}],"predecessor-version":[{"id":3228,"href":"https:\/\/www.thierry-groensteen.fr\/index.php\/wp-json\/wp\/v2\/posts\/3217\/revisions\/3228"}],"wp:featuredmedia":[{"embeddable":true,"href":"https:\/\/www.thierry-groensteen.fr\/index.php\/wp-json\/wp\/v2\/media\/3227"}],"wp:attachment":[{"href":"https:\/\/www.thierry-groensteen.fr\/index.php\/wp-json\/wp\/v2\/media?parent=3217"}],"wp:term":[{"taxonomy":"category","embeddable":true,"href":"https:\/\/www.thierry-groensteen.fr\/index.php\/wp-json\/wp\/v2\/categories?post=3217"},{"taxonomy":"post_tag","embeddable":true,"href":"https:\/\/www.thierry-groensteen.fr\/index.php\/wp-json\/wp\/v2\/tags?post=3217"}],"curies":[{"name":"wp","href":"https:\/\/api.w.org\/{rel}","templated":true}]}}