{"id":3078,"date":"2024-07-06T00:05:50","date_gmt":"2024-07-05T22:05:50","guid":{"rendered":"https:\/\/www.thierry-groensteen.fr\/?p=3078"},"modified":"2024-07-24T10:20:58","modified_gmt":"2024-07-24T08:20:58","slug":"feuilleton-de-lete-lile-deserte-et-son-naufrage","status":"publish","type":"post","link":"https:\/\/www.thierry-groensteen.fr\/index.php\/2024\/07\/06\/feuilleton-de-lete-lile-deserte-et-son-naufrage\/","title":{"rendered":"Feuilleton de l\u2019\u00e9t\u00e9 : l\u2019\u00eele d\u00e9serte et son naufrag\u00e9"},"content":{"rendered":"<p><span style=\"font-size: 20px;\">(1)\u00a0<em>Il n\u2019est pas bon que l\u2019homme soit seul<\/em><\/span><\/p>\n<p>Le motif du naufrag\u00e9 sur son \u00eele d\u00e9serte, le plus souvent r\u00e9duite \u00e0 un rocher ou une petite \u00e9minence sableuse surmont\u00e9.e d\u2019un unique palmier, est de ceux que les dessinateurs d\u2019humour ne se lassent pas de reprendre pour broder de nouvelles variations. Il para\u00eet in\u00e9puisable, et cette f\u00e9condit\u00e9 m\u00eame ne laisse pas d\u2019\u00eatre surprenante. En effet, il n\u2019y a rien qui paraisse plus mince a priori que ce sujet-l\u00e0\u00a0: que peut-il arriver \u00e0 un personnage solitaire, assign\u00e9 \u00e0 r\u00e9sidence, sans possibilit\u00e9 d\u2019action ni, moins encore, d\u2019interaction\u00a0? Toute l\u2019ing\u00e9niosit\u00e9 des humoristes du crayon sera de transformer cette situation bloqu\u00e9e en une amorce de r\u00e9cit, d\u2019y introduire de l\u2019inattendu et de la dramaturgie.<\/p>\n<p>J\u2019entreprends ici un feuilleton estival au cours duquel j\u2019examinerai comment s\u2019y sont pris quelques-uns d\u2019entre eux parmi les plus inspir\u00e9s. Apr\u00e8s tout, l\u2019oc\u00e9an et le palmier \u00e9tant associ\u00e9s \u00e0 l\u2019id\u00e9e de vacances, l\u2019\u00eele d\u00e9serte est un sujet de saison.<\/p>\n<div id=\"attachment_3080\" style=\"width: 490px\" class=\"wp-caption aligncenter\"><img decoding=\"async\" aria-describedby=\"caption-attachment-3080\" class=\"lazyload wp-image-3080\" src=\"https:\/\/www.thierry-groensteen.fr\/wp-content\/uploads\/2024\/06\/img059_annees-90-400x258.jpg\" data-orig-src=\"https:\/\/www.thierry-groensteen.fr\/wp-content\/uploads\/2024\/06\/img059_annees-90-400x258.jpg\" alt=\"\" width=\"480\" height=\"310\" srcset=\"data:image\/svg+xml,%3Csvg%20xmlns%3D%27http%3A%2F%2Fwww.w3.org%2F2000%2Fsvg%27%20width%3D%27480%27%20height%3D%27310%27%20viewBox%3D%270%200%20480%20310%27%3E%3Crect%20width%3D%27480%27%20height%3D%27310%27%20fill-opacity%3D%220%22%2F%3E%3C%2Fsvg%3E\" data-srcset=\"https:\/\/www.thierry-groensteen.fr\/wp-content\/uploads\/2024\/06\/img059_annees-90-200x129.jpg 200w, https:\/\/www.thierry-groensteen.fr\/wp-content\/uploads\/2024\/06\/img059_annees-90-300x194.jpg 300w, https:\/\/www.thierry-groensteen.fr\/wp-content\/uploads\/2024\/06\/img059_annees-90-400x258.jpg 400w, https:\/\/www.thierry-groensteen.fr\/wp-content\/uploads\/2024\/06\/img059_annees-90.jpg 576w\" data-sizes=\"auto\" data-orig-sizes=\"(max-width: 480px) 100vw, 480px\" \/><p id=\"caption-attachment-3080\" class=\"wp-caption-text\">Dessin trouv\u00e9 sur internet<\/p><\/div>\n<p>Commen\u00e7ons par observer que le naufrag\u00e9 se d\u00e9cline presque toujours au masculin. Doit-on penser que le masculin, comme il l\u2019a longtemps fait dans notre grammaire, vaut ici comme genre non marqu\u00e9, comme neutre, et repr\u00e9sente l\u2019humaine condition ? Je crois plut\u00f4t \u00e0 d\u2019autres raisons. Il y a d\u2019abord le fait que les artistes que j\u2019\u00e9voquerai sont eux-m\u00eames tous des hommes, de sorte qu\u2019il leur est peut-\u00eatre plus naturel, intuitivement, de projeter un individu de leur propre sexe dans la condition de naufrag\u00e9. Le poids de la tradition litt\u00e9raire, avec ses naufrag\u00e9s c\u00e9l\u00e8bres, de <em>Robinson Cruso\u00e9<\/em> aux protagonistes de <em>L\u2019\u00cele myst\u00e9rieuse<\/em>, n\u2019est sans doute pas non plus \u00e0 n\u00e9gliger. Enfin, notre naufrag\u00e9 sera plus souvent qu\u2019\u00e0 son tour confront\u00e9 \u00e0 deux th\u00e8mes majeurs et r\u00e9currents\u00a0: son ing\u00e9niosit\u00e9 technique et son habilet\u00e9 manuelle, en un mot son industrie, d\u2019une part, la solitude et l\u2019abstinence sexuelle, d\u2019autre part \u2013 deux th\u00e8mes que les dessinateurs, \u00e0 tort ou \u00e0 raison, ont sans doute tendance \u00e0 se repr\u00e9senter comme renvoyant plus naturellement \u00e0 la condition masculine.<\/p>\n<p>Mais en v\u00e9rit\u00e9, \u00e0 rebours de l\u2019id\u00e9e re\u00e7ue, dans le monde du <em>cartoon<\/em> le naufrag\u00e9 est souvent accompagn\u00e9, rejoint voire harcel\u00e9 par une ou plusieurs personnes du beau sexe (comme on disait nagu\u00e8re).<\/p>\n<p>Cette page parue dans le mensuel <em>Blagues<\/em> en f\u00e9vrier 1954 en fait foi, en m\u00eame temps qu\u2019elle t\u00e9moigne de l\u2019empreinte de notre motif sur les revues humoristiques de cette \u00e9poque, qui n\u2019h\u00e9sitaient pas \u00e0 lui consacrer des pages enti\u00e8res (\u00e0 l\u2019\u00eele d\u00e9serte ou \u00e0 cette autre d\u00e9clinaison d\u2019une situation finalement tr\u00e8s semblable\u00a0: le radeau).<\/p>\n<p><img decoding=\"async\" class=\"lazyload aligncenter wp-image-3083 size-fusion-600\" src=\"https:\/\/www.thierry-groensteen.fr\/wp-content\/uploads\/2024\/06\/mensuel-Blagues-fevrier-1954-reduit-600x921.jpg\" data-orig-src=\"https:\/\/www.thierry-groensteen.fr\/wp-content\/uploads\/2024\/06\/mensuel-Blagues-fevrier-1954-reduit-600x921.jpg\" alt=\"\" width=\"600\" height=\"921\" srcset=\"data:image\/svg+xml,%3Csvg%20xmlns%3D%27http%3A%2F%2Fwww.w3.org%2F2000%2Fsvg%27%20width%3D%27600%27%20height%3D%27921%27%20viewBox%3D%270%200%20600%20921%27%3E%3Crect%20width%3D%27600%27%20height%3D%27921%27%20fill-opacity%3D%220%22%2F%3E%3C%2Fsvg%3E\" data-srcset=\"https:\/\/www.thierry-groensteen.fr\/wp-content\/uploads\/2024\/06\/mensuel-Blagues-fevrier-1954-reduit-196x300.jpg 196w, https:\/\/www.thierry-groensteen.fr\/wp-content\/uploads\/2024\/06\/mensuel-Blagues-fevrier-1954-reduit-200x307.jpg 200w, https:\/\/www.thierry-groensteen.fr\/wp-content\/uploads\/2024\/06\/mensuel-Blagues-fevrier-1954-reduit-400x614.jpg 400w, https:\/\/www.thierry-groensteen.fr\/wp-content\/uploads\/2024\/06\/mensuel-Blagues-fevrier-1954-reduit-600x921.jpg 600w, https:\/\/www.thierry-groensteen.fr\/wp-content\/uploads\/2024\/06\/mensuel-Blagues-fevrier-1954-reduit-667x1024.jpg 667w, https:\/\/www.thierry-groensteen.fr\/wp-content\/uploads\/2024\/06\/mensuel-Blagues-fevrier-1954-reduit-768x1178.jpg 768w, https:\/\/www.thierry-groensteen.fr\/wp-content\/uploads\/2024\/06\/mensuel-Blagues-fevrier-1954-reduit-800x1228.jpg 800w, https:\/\/www.thierry-groensteen.fr\/wp-content\/uploads\/2024\/06\/mensuel-Blagues-fevrier-1954-reduit-1001x1536.jpg 1001w, https:\/\/www.thierry-groensteen.fr\/wp-content\/uploads\/2024\/06\/mensuel-Blagues-fevrier-1954-reduit-1200x1841.jpg 1200w, https:\/\/www.thierry-groensteen.fr\/wp-content\/uploads\/2024\/06\/mensuel-Blagues-fevrier-1954-reduit-1335x2048.jpg 1335w, https:\/\/www.thierry-groensteen.fr\/wp-content\/uploads\/2024\/06\/mensuel-Blagues-fevrier-1954-reduit-scaled.jpg 1668w\" data-sizes=\"auto\" data-orig-sizes=\"(max-width: 600px) 100vw, 600px\" \/><\/p>\n<p>Dans ces m\u00eames ann\u00e9es cinquante, Mose repr\u00e9sente un couple qui se tient cach\u00e9 derri\u00e8re son palmier, pour \u00e9viter d\u2019\u00eatre vu depuis le navire qui passe non loin. Manifestement cet homme et cette femme ne souhaitent pas \u00eatre recueillis, et l\u2019on comprend que ce rocher d\u00e9sertique leur est un paradis, car ils y sont tous les deux ensemble.<\/p>\n<div id=\"attachment_3128\" style=\"width: 610px\" class=\"wp-caption aligncenter\"><img decoding=\"async\" aria-describedby=\"caption-attachment-3128\" class=\"lazyload wp-image-3128 size-fusion-600\" src=\"https:\/\/www.thierry-groensteen.fr\/wp-content\/uploads\/2024\/07\/img604_Mose-A-la-mer-Le-cherche-midi-editeur-1992-600x799.jpg\" data-orig-src=\"https:\/\/www.thierry-groensteen.fr\/wp-content\/uploads\/2024\/07\/img604_Mose-A-la-mer-Le-cherche-midi-editeur-1992-600x799.jpg\" alt=\"Mose, \u00c0 la mer\" width=\"600\" height=\"799\" srcset=\"data:image\/svg+xml,%3Csvg%20xmlns%3D%27http%3A%2F%2Fwww.w3.org%2F2000%2Fsvg%27%20width%3D%27600%27%20height%3D%27799%27%20viewBox%3D%270%200%20600%20799%27%3E%3Crect%20width%3D%27600%27%20height%3D%27799%27%20fill-opacity%3D%220%22%2F%3E%3C%2Fsvg%3E\" data-srcset=\"https:\/\/www.thierry-groensteen.fr\/wp-content\/uploads\/2024\/07\/img604_Mose-A-la-mer-Le-cherche-midi-editeur-1992-200x266.jpg 200w, https:\/\/www.thierry-groensteen.fr\/wp-content\/uploads\/2024\/07\/img604_Mose-A-la-mer-Le-cherche-midi-editeur-1992-225x300.jpg 225w, https:\/\/www.thierry-groensteen.fr\/wp-content\/uploads\/2024\/07\/img604_Mose-A-la-mer-Le-cherche-midi-editeur-1992-400x533.jpg 400w, https:\/\/www.thierry-groensteen.fr\/wp-content\/uploads\/2024\/07\/img604_Mose-A-la-mer-Le-cherche-midi-editeur-1992-600x799.jpg 600w, https:\/\/www.thierry-groensteen.fr\/wp-content\/uploads\/2024\/07\/img604_Mose-A-la-mer-Le-cherche-midi-editeur-1992-768x1022.jpg 768w, https:\/\/www.thierry-groensteen.fr\/wp-content\/uploads\/2024\/07\/img604_Mose-A-la-mer-Le-cherche-midi-editeur-1992-769x1024.jpg 769w, https:\/\/www.thierry-groensteen.fr\/wp-content\/uploads\/2024\/07\/img604_Mose-A-la-mer-Le-cherche-midi-editeur-1992-800x1065.jpg 800w, https:\/\/www.thierry-groensteen.fr\/wp-content\/uploads\/2024\/07\/img604_Mose-A-la-mer-Le-cherche-midi-editeur-1992-1154x1536.jpg 1154w, https:\/\/www.thierry-groensteen.fr\/wp-content\/uploads\/2024\/07\/img604_Mose-A-la-mer-Le-cherche-midi-editeur-1992.jpg 1171w\" data-sizes=\"auto\" data-orig-sizes=\"(max-width: 600px) 100vw, 600px\" \/><p id=\"caption-attachment-3128\" class=\"wp-caption-text\">Reprise du dessin \u00e9voqu\u00e9, en couleur, dans le recueil \u00ab\u00a0\u00c0 la mer\u00a0\u00bb (Le Cherche-Midi, 1992).<\/p><\/div>\n<p>&nbsp;<\/p>\n<p>Nous verrons d\u2019autres exemples de couples et de rapports de s\u00e9duction entre homme et femme. Reste que, le plus souvent, le naufrag\u00e9 est seul, et il n\u2019esp\u00e8re qu\u2019une chose, c\u2019est de ne pas le rester.<\/p>\n<p>Chaval a dessin\u00e9 un naufrag\u00e9 qui, seul sur un talus fleuri, s\u2019est confectionn\u00e9 un bouquet, et qui scrute l\u2019horizon en esp\u00e9rant en voir surgir la belle \u00e0 laquelle il pourra l\u2019offrir en cadeau de bienvenue.<\/p>\n<p>Tandis qu\u2019un autre dessin de Mose (\u00e9galement dans\u00a0<em>\u00c0 la mer<\/em>) montre un de ses \u00ab coll\u00e8gues \u00bb ayant, entre son palmier et une pagaie plant\u00e9e \u00e0 la verticale, d\u00e9ploy\u00e9 une banderole d\u00e9clinant un message de bienvenue en plusieurs langues. La mer d\u2019huile qui s\u2019\u00e9tend de tous c\u00f4t\u00e9s autour de lui rend pourtant l\u2019hypoth\u00e8se d\u2019un visiteur ou d\u2019une visiteuse bien hypoth\u00e9tique.<\/p>\n<div id=\"attachment_3082\" style=\"width: 410px\" class=\"wp-caption aligncenter\"><img decoding=\"async\" aria-describedby=\"caption-attachment-3082\" class=\"lazyload wp-image-3082 size-fusion-400\" src=\"https:\/\/www.thierry-groensteen.fr\/wp-content\/uploads\/2024\/06\/Mose-A-la-mer-Le-cherche-midi-editeur-1992-400x530.jpg\" data-orig-src=\"https:\/\/www.thierry-groensteen.fr\/wp-content\/uploads\/2024\/06\/Mose-A-la-mer-Le-cherche-midi-editeur-1992-400x530.jpg\" alt=\"\" width=\"400\" height=\"530\" srcset=\"data:image\/svg+xml,%3Csvg%20xmlns%3D%27http%3A%2F%2Fwww.w3.org%2F2000%2Fsvg%27%20width%3D%27400%27%20height%3D%27530%27%20viewBox%3D%270%200%20400%20530%27%3E%3Crect%20width%3D%27400%27%20height%3D%27530%27%20fill-opacity%3D%220%22%2F%3E%3C%2Fsvg%3E\" data-srcset=\"https:\/\/www.thierry-groensteen.fr\/wp-content\/uploads\/2024\/06\/Mose-A-la-mer-Le-cherche-midi-editeur-1992-200x265.jpg 200w, https:\/\/www.thierry-groensteen.fr\/wp-content\/uploads\/2024\/06\/Mose-A-la-mer-Le-cherche-midi-editeur-1992-227x300.jpg 227w, https:\/\/www.thierry-groensteen.fr\/wp-content\/uploads\/2024\/06\/Mose-A-la-mer-Le-cherche-midi-editeur-1992-400x530.jpg 400w, https:\/\/www.thierry-groensteen.fr\/wp-content\/uploads\/2024\/06\/Mose-A-la-mer-Le-cherche-midi-editeur-1992-600x794.jpg 600w, https:\/\/www.thierry-groensteen.fr\/wp-content\/uploads\/2024\/06\/Mose-A-la-mer-Le-cherche-midi-editeur-1992-768x1017.jpg 768w, https:\/\/www.thierry-groensteen.fr\/wp-content\/uploads\/2024\/06\/Mose-A-la-mer-Le-cherche-midi-editeur-1992-773x1024.jpg 773w, https:\/\/www.thierry-groensteen.fr\/wp-content\/uploads\/2024\/06\/Mose-A-la-mer-Le-cherche-midi-editeur-1992-800x1059.jpg 800w, https:\/\/www.thierry-groensteen.fr\/wp-content\/uploads\/2024\/06\/Mose-A-la-mer-Le-cherche-midi-editeur-1992.jpg 1102w\" data-sizes=\"auto\" data-orig-sizes=\"(max-width: 400px) 100vw, 400px\" \/><p id=\"caption-attachment-3082\" class=\"wp-caption-text\">Dessin de Mose<\/p><\/div>\n<p>On le voit, si, chez Defoe, Robinson avait d\u2019abord appel\u00e9 son \u00eele <em>Despair Island<\/em>, nos naufrag\u00e9s graphiques s\u2019abandonnent rarement \u00e0 la d\u00e9sesp\u00e9rance et, s\u2019il y a une chose qui, contre toute raison, semble les tenir en vie, c\u2019est bien une forme d\u2019optimisme ind\u00e9crottable.<\/p>\n<p>(\u00e0 suivre)<\/p>\n","protected":false},"excerpt":{"rendered":"<p>(1)\u00a0Il n\u2019est pas bon que l\u2019homme soit seul Le motif du naufrag\u00e9 sur son \u00eele d\u00e9serte, le plus souvent r\u00e9duite \u00e0 un rocher ou une petite \u00e9minence sableuse surmont\u00e9.e d\u2019un unique palmier, est de ceux que les dessinateurs d\u2019humour ne se lassent pas de reprendre pour broder de nouvelles variations. Il para\u00eet in\u00e9puisable, et [&hellip;]<\/p>\n","protected":false},"author":1,"featured_media":3087,"comment_status":"closed","ping_status":"closed","sticky":false,"template":"","format":"standard","meta":{"footnotes":""},"categories":[70],"tags":[],"class_list":["post-3078","post","type-post","status-publish","format-standard","has-post-thumbnail","hentry","category-mon-blog"],"acf":[],"yoast_head":"<!-- This site is optimized with the Yoast SEO plugin v27.5 - https:\/\/yoast.com\/product\/yoast-seo-wordpress\/ -->\n<title>Feuilleton de l\u2019\u00e9t\u00e9 : l\u2019\u00eele d\u00e9serte et son naufrag\u00e9 - le site de Thierry Groensteen<\/title>\n<meta name=\"robots\" content=\"index, follow, max-snippet:-1, max-image-preview:large, max-video-preview:-1\" \/>\n<link rel=\"canonical\" href=\"https:\/\/www.thierry-groensteen.fr\/index.php\/2024\/07\/06\/feuilleton-de-lete-lile-deserte-et-son-naufrage\/\" \/>\n<meta property=\"og:locale\" content=\"fr_FR\" \/>\n<meta property=\"og:type\" content=\"article\" \/>\n<meta property=\"og:title\" content=\"Feuilleton de l\u2019\u00e9t\u00e9 : l\u2019\u00eele d\u00e9serte et son naufrag\u00e9 - le site de Thierry Groensteen\" \/>\n<meta property=\"og:description\" content=\"(1)\u00a0Il n\u2019est pas bon que l\u2019homme soit seul Le motif du naufrag\u00e9 sur son \u00eele d\u00e9serte, le plus souvent r\u00e9duite \u00e0 un rocher ou une petite \u00e9minence sableuse surmont\u00e9.e d\u2019un unique palmier, est de ceux que les dessinateurs d\u2019humour ne se lassent pas de reprendre pour broder de nouvelles variations. Il para\u00eet in\u00e9puisable, et [&hellip;]\" \/>\n<meta property=\"og:url\" content=\"https:\/\/www.thierry-groensteen.fr\/index.php\/2024\/07\/06\/feuilleton-de-lete-lile-deserte-et-son-naufrage\/\" \/>\n<meta property=\"og:site_name\" content=\"le site de Thierry Groensteen\" \/>\n<meta property=\"article:published_time\" content=\"2024-07-05T22:05:50+00:00\" \/>\n<meta property=\"article:modified_time\" content=\"2024-07-24T08:20:58+00:00\" \/>\n<meta property=\"og:image\" content=\"https:\/\/www.thierry-groensteen.fr\/wp-content\/uploads\/2024\/06\/crusoe-e1719755114276.jpg\" \/>\n\t<meta property=\"og:image:width\" content=\"800\" \/>\n\t<meta property=\"og:image:height\" content=\"366\" \/>\n\t<meta property=\"og:image:type\" content=\"image\/jpeg\" \/>\n<meta name=\"author\" content=\"TG\" \/>\n<meta name=\"twitter:card\" content=\"summary_large_image\" \/>\n<meta name=\"twitter:label1\" content=\"\u00c9crit par\" \/>\n\t<meta name=\"twitter:data1\" content=\"TG\" \/>\n\t<meta name=\"twitter:label2\" content=\"Dur\u00e9e de lecture estim\u00e9e\" \/>\n\t<meta name=\"twitter:data2\" content=\"4 minutes\" \/>\n<script type=\"application\/ld+json\" class=\"yoast-schema-graph\">{\"@context\":\"https:\\\/\\\/schema.org\",\"@graph\":[{\"@type\":\"Article\",\"@id\":\"https:\\\/\\\/www.thierry-groensteen.fr\\\/index.php\\\/2024\\\/07\\\/06\\\/feuilleton-de-lete-lile-deserte-et-son-naufrage\\\/#article\",\"isPartOf\":{\"@id\":\"https:\\\/\\\/www.thierry-groensteen.fr\\\/index.php\\\/2024\\\/07\\\/06\\\/feuilleton-de-lete-lile-deserte-et-son-naufrage\\\/\"},\"author\":{\"name\":\"TG\",\"@id\":\"https:\\\/\\\/www.thierry-groensteen.fr\\\/#\\\/schema\\\/person\\\/3695d4890604be69f280ebbb549210b5\"},\"headline\":\"Feuilleton de l\u2019\u00e9t\u00e9 : l\u2019\u00eele d\u00e9serte et son naufrag\u00e9\",\"datePublished\":\"2024-07-05T22:05:50+00:00\",\"dateModified\":\"2024-07-24T08:20:58+00:00\",\"mainEntityOfPage\":{\"@id\":\"https:\\\/\\\/www.thierry-groensteen.fr\\\/index.php\\\/2024\\\/07\\\/06\\\/feuilleton-de-lete-lile-deserte-et-son-naufrage\\\/\"},\"wordCount\":798,\"publisher\":{\"@id\":\"https:\\\/\\\/www.thierry-groensteen.fr\\\/#\\\/schema\\\/person\\\/3695d4890604be69f280ebbb549210b5\"},\"image\":{\"@id\":\"https:\\\/\\\/www.thierry-groensteen.fr\\\/index.php\\\/2024\\\/07\\\/06\\\/feuilleton-de-lete-lile-deserte-et-son-naufrage\\\/#primaryimage\"},\"thumbnailUrl\":\"https:\\\/\\\/www.thierry-groensteen.fr\\\/wp-content\\\/uploads\\\/2024\\\/06\\\/crusoe-e1719755114276.jpg\",\"articleSection\":[\"mon Blog\"],\"inLanguage\":\"fr-FR\"},{\"@type\":\"WebPage\",\"@id\":\"https:\\\/\\\/www.thierry-groensteen.fr\\\/index.php\\\/2024\\\/07\\\/06\\\/feuilleton-de-lete-lile-deserte-et-son-naufrage\\\/\",\"url\":\"https:\\\/\\\/www.thierry-groensteen.fr\\\/index.php\\\/2024\\\/07\\\/06\\\/feuilleton-de-lete-lile-deserte-et-son-naufrage\\\/\",\"name\":\"Feuilleton de l\u2019\u00e9t\u00e9 : l\u2019\u00eele d\u00e9serte et son naufrag\u00e9 - le site de Thierry Groensteen\",\"isPartOf\":{\"@id\":\"https:\\\/\\\/www.thierry-groensteen.fr\\\/#website\"},\"primaryImageOfPage\":{\"@id\":\"https:\\\/\\\/www.thierry-groensteen.fr\\\/index.php\\\/2024\\\/07\\\/06\\\/feuilleton-de-lete-lile-deserte-et-son-naufrage\\\/#primaryimage\"},\"image\":{\"@id\":\"https:\\\/\\\/www.thierry-groensteen.fr\\\/index.php\\\/2024\\\/07\\\/06\\\/feuilleton-de-lete-lile-deserte-et-son-naufrage\\\/#primaryimage\"},\"thumbnailUrl\":\"https:\\\/\\\/www.thierry-groensteen.fr\\\/wp-content\\\/uploads\\\/2024\\\/06\\\/crusoe-e1719755114276.jpg\",\"datePublished\":\"2024-07-05T22:05:50+00:00\",\"dateModified\":\"2024-07-24T08:20:58+00:00\",\"breadcrumb\":{\"@id\":\"https:\\\/\\\/www.thierry-groensteen.fr\\\/index.php\\\/2024\\\/07\\\/06\\\/feuilleton-de-lete-lile-deserte-et-son-naufrage\\\/#breadcrumb\"},\"inLanguage\":\"fr-FR\",\"potentialAction\":[{\"@type\":\"ReadAction\",\"target\":[\"https:\\\/\\\/www.thierry-groensteen.fr\\\/index.php\\\/2024\\\/07\\\/06\\\/feuilleton-de-lete-lile-deserte-et-son-naufrage\\\/\"]}]},{\"@type\":\"ImageObject\",\"inLanguage\":\"fr-FR\",\"@id\":\"https:\\\/\\\/www.thierry-groensteen.fr\\\/index.php\\\/2024\\\/07\\\/06\\\/feuilleton-de-lete-lile-deserte-et-son-naufrage\\\/#primaryimage\",\"url\":\"https:\\\/\\\/www.thierry-groensteen.fr\\\/wp-content\\\/uploads\\\/2024\\\/06\\\/crusoe-e1719755114276.jpg\",\"contentUrl\":\"https:\\\/\\\/www.thierry-groensteen.fr\\\/wp-content\\\/uploads\\\/2024\\\/06\\\/crusoe-e1719755114276.jpg\",\"width\":800,\"height\":366},{\"@type\":\"BreadcrumbList\",\"@id\":\"https:\\\/\\\/www.thierry-groensteen.fr\\\/index.php\\\/2024\\\/07\\\/06\\\/feuilleton-de-lete-lile-deserte-et-son-naufrage\\\/#breadcrumb\",\"itemListElement\":[{\"@type\":\"ListItem\",\"position\":1,\"name\":\"Accueil\",\"item\":\"https:\\\/\\\/www.thierry-groensteen.fr\\\/\"},{\"@type\":\"ListItem\",\"position\":2,\"name\":\"Feuilleton de l\u2019\u00e9t\u00e9 : l\u2019\u00eele d\u00e9serte et son naufrag\u00e9\"}]},{\"@type\":\"WebSite\",\"@id\":\"https:\\\/\\\/www.thierry-groensteen.fr\\\/#website\",\"url\":\"https:\\\/\\\/www.thierry-groensteen.fr\\\/\",\"name\":\"le site de Thierry Groensteen\",\"description\":\"site officiel\",\"publisher\":{\"@id\":\"https:\\\/\\\/www.thierry-groensteen.fr\\\/#\\\/schema\\\/person\\\/3695d4890604be69f280ebbb549210b5\"},\"potentialAction\":[{\"@type\":\"SearchAction\",\"target\":{\"@type\":\"EntryPoint\",\"urlTemplate\":\"https:\\\/\\\/www.thierry-groensteen.fr\\\/?s={search_term_string}\"},\"query-input\":{\"@type\":\"PropertyValueSpecification\",\"valueRequired\":true,\"valueName\":\"search_term_string\"}}],\"inLanguage\":\"fr-FR\"},{\"@type\":[\"Person\",\"Organization\"],\"@id\":\"https:\\\/\\\/www.thierry-groensteen.fr\\\/#\\\/schema\\\/person\\\/3695d4890604be69f280ebbb549210b5\",\"name\":\"TG\",\"image\":{\"@type\":\"ImageObject\",\"inLanguage\":\"fr-FR\",\"@id\":\"https:\\\/\\\/www.thierry-groensteen.fr\\\/wp-content\\\/uploads\\\/2023\\\/09\\\/logo_ThierryGroensteen_header.png\",\"url\":\"https:\\\/\\\/www.thierry-groensteen.fr\\\/wp-content\\\/uploads\\\/2023\\\/09\\\/logo_ThierryGroensteen_header.png\",\"contentUrl\":\"https:\\\/\\\/www.thierry-groensteen.fr\\\/wp-content\\\/uploads\\\/2023\\\/09\\\/logo_ThierryGroensteen_header.png\",\"width\":620,\"height\":240,\"caption\":\"TG\"},\"logo\":{\"@id\":\"https:\\\/\\\/www.thierry-groensteen.fr\\\/wp-content\\\/uploads\\\/2023\\\/09\\\/logo_ThierryGroensteen_header.png\"},\"sameAs\":[\"https:\\\/\\\/www.thierry-groensteen.fr\"]},{\"@type\":\"Person\",\"@id\":\"https:\\\/\\\/www.thierry-groensteen.fr\\\/#\\\/schema\\\/person\\\/3695d4890604be69f280ebbb549210b5\",\"name\":\"TG\",\"image\":{\"@type\":\"ImageObject\",\"inLanguage\":\"fr-FR\",\"@id\":\"https:\\\/\\\/www.thierry-groensteen.fr\\\/wp-content\\\/uploads\\\/2023\\\/09\\\/logo_ThierryGroensteen_header.png\",\"url\":\"https:\\\/\\\/www.thierry-groensteen.fr\\\/wp-content\\\/uploads\\\/2023\\\/09\\\/logo_ThierryGroensteen_header.png\",\"contentUrl\":\"https:\\\/\\\/www.thierry-groensteen.fr\\\/wp-content\\\/uploads\\\/2023\\\/09\\\/logo_ThierryGroensteen_header.png\",\"width\":620,\"height\":240,\"caption\":\"TG\"},\"sameAs\":[\"https:\\\/\\\/www.thierry-groensteen.fr\"],\"url\":\"https:\\\/\\\/www.thierry-groensteen.fr\\\/index.php\\\/author\\\/admin5797\\\/\"}]}<\/script>\n<!-- \/ Yoast SEO plugin. -->","yoast_head_json":{"title":"Feuilleton de l\u2019\u00e9t\u00e9 : l\u2019\u00eele d\u00e9serte et son naufrag\u00e9 - le site de Thierry Groensteen","robots":{"index":"index","follow":"follow","max-snippet":"max-snippet:-1","max-image-preview":"max-image-preview:large","max-video-preview":"max-video-preview:-1"},"canonical":"https:\/\/www.thierry-groensteen.fr\/index.php\/2024\/07\/06\/feuilleton-de-lete-lile-deserte-et-son-naufrage\/","og_locale":"fr_FR","og_type":"article","og_title":"Feuilleton de l\u2019\u00e9t\u00e9 : l\u2019\u00eele d\u00e9serte et son naufrag\u00e9 - le site de Thierry Groensteen","og_description":"(1)\u00a0Il n\u2019est pas bon que l\u2019homme soit seul Le motif du naufrag\u00e9 sur son \u00eele d\u00e9serte, le plus souvent r\u00e9duite \u00e0 un rocher ou une petite \u00e9minence sableuse surmont\u00e9.e d\u2019un unique palmier, est de ceux que les dessinateurs d\u2019humour ne se lassent pas de reprendre pour broder de nouvelles variations. Il para\u00eet in\u00e9puisable, et [&hellip;]","og_url":"https:\/\/www.thierry-groensteen.fr\/index.php\/2024\/07\/06\/feuilleton-de-lete-lile-deserte-et-son-naufrage\/","og_site_name":"le site de Thierry Groensteen","article_published_time":"2024-07-05T22:05:50+00:00","article_modified_time":"2024-07-24T08:20:58+00:00","og_image":[{"width":800,"height":366,"url":"https:\/\/www.thierry-groensteen.fr\/wp-content\/uploads\/2024\/06\/crusoe-e1719755114276.jpg","type":"image\/jpeg"}],"author":"TG","twitter_card":"summary_large_image","twitter_misc":{"\u00c9crit par":"TG","Dur\u00e9e de lecture estim\u00e9e":"4 minutes"},"schema":{"@context":"https:\/\/schema.org","@graph":[{"@type":"Article","@id":"https:\/\/www.thierry-groensteen.fr\/index.php\/2024\/07\/06\/feuilleton-de-lete-lile-deserte-et-son-naufrage\/#article","isPartOf":{"@id":"https:\/\/www.thierry-groensteen.fr\/index.php\/2024\/07\/06\/feuilleton-de-lete-lile-deserte-et-son-naufrage\/"},"author":{"name":"TG","@id":"https:\/\/www.thierry-groensteen.fr\/#\/schema\/person\/3695d4890604be69f280ebbb549210b5"},"headline":"Feuilleton de l\u2019\u00e9t\u00e9 : l\u2019\u00eele d\u00e9serte et son naufrag\u00e9","datePublished":"2024-07-05T22:05:50+00:00","dateModified":"2024-07-24T08:20:58+00:00","mainEntityOfPage":{"@id":"https:\/\/www.thierry-groensteen.fr\/index.php\/2024\/07\/06\/feuilleton-de-lete-lile-deserte-et-son-naufrage\/"},"wordCount":798,"publisher":{"@id":"https:\/\/www.thierry-groensteen.fr\/#\/schema\/person\/3695d4890604be69f280ebbb549210b5"},"image":{"@id":"https:\/\/www.thierry-groensteen.fr\/index.php\/2024\/07\/06\/feuilleton-de-lete-lile-deserte-et-son-naufrage\/#primaryimage"},"thumbnailUrl":"https:\/\/www.thierry-groensteen.fr\/wp-content\/uploads\/2024\/06\/crusoe-e1719755114276.jpg","articleSection":["mon Blog"],"inLanguage":"fr-FR"},{"@type":"WebPage","@id":"https:\/\/www.thierry-groensteen.fr\/index.php\/2024\/07\/06\/feuilleton-de-lete-lile-deserte-et-son-naufrage\/","url":"https:\/\/www.thierry-groensteen.fr\/index.php\/2024\/07\/06\/feuilleton-de-lete-lile-deserte-et-son-naufrage\/","name":"Feuilleton de l\u2019\u00e9t\u00e9 : l\u2019\u00eele d\u00e9serte et son naufrag\u00e9 - le site de Thierry Groensteen","isPartOf":{"@id":"https:\/\/www.thierry-groensteen.fr\/#website"},"primaryImageOfPage":{"@id":"https:\/\/www.thierry-groensteen.fr\/index.php\/2024\/07\/06\/feuilleton-de-lete-lile-deserte-et-son-naufrage\/#primaryimage"},"image":{"@id":"https:\/\/www.thierry-groensteen.fr\/index.php\/2024\/07\/06\/feuilleton-de-lete-lile-deserte-et-son-naufrage\/#primaryimage"},"thumbnailUrl":"https:\/\/www.thierry-groensteen.fr\/wp-content\/uploads\/2024\/06\/crusoe-e1719755114276.jpg","datePublished":"2024-07-05T22:05:50+00:00","dateModified":"2024-07-24T08:20:58+00:00","breadcrumb":{"@id":"https:\/\/www.thierry-groensteen.fr\/index.php\/2024\/07\/06\/feuilleton-de-lete-lile-deserte-et-son-naufrage\/#breadcrumb"},"inLanguage":"fr-FR","potentialAction":[{"@type":"ReadAction","target":["https:\/\/www.thierry-groensteen.fr\/index.php\/2024\/07\/06\/feuilleton-de-lete-lile-deserte-et-son-naufrage\/"]}]},{"@type":"ImageObject","inLanguage":"fr-FR","@id":"https:\/\/www.thierry-groensteen.fr\/index.php\/2024\/07\/06\/feuilleton-de-lete-lile-deserte-et-son-naufrage\/#primaryimage","url":"https:\/\/www.thierry-groensteen.fr\/wp-content\/uploads\/2024\/06\/crusoe-e1719755114276.jpg","contentUrl":"https:\/\/www.thierry-groensteen.fr\/wp-content\/uploads\/2024\/06\/crusoe-e1719755114276.jpg","width":800,"height":366},{"@type":"BreadcrumbList","@id":"https:\/\/www.thierry-groensteen.fr\/index.php\/2024\/07\/06\/feuilleton-de-lete-lile-deserte-et-son-naufrage\/#breadcrumb","itemListElement":[{"@type":"ListItem","position":1,"name":"Accueil","item":"https:\/\/www.thierry-groensteen.fr\/"},{"@type":"ListItem","position":2,"name":"Feuilleton de l\u2019\u00e9t\u00e9 : l\u2019\u00eele d\u00e9serte et son naufrag\u00e9"}]},{"@type":"WebSite","@id":"https:\/\/www.thierry-groensteen.fr\/#website","url":"https:\/\/www.thierry-groensteen.fr\/","name":"le site de Thierry Groensteen","description":"site officiel","publisher":{"@id":"https:\/\/www.thierry-groensteen.fr\/#\/schema\/person\/3695d4890604be69f280ebbb549210b5"},"potentialAction":[{"@type":"SearchAction","target":{"@type":"EntryPoint","urlTemplate":"https:\/\/www.thierry-groensteen.fr\/?s={search_term_string}"},"query-input":{"@type":"PropertyValueSpecification","valueRequired":true,"valueName":"search_term_string"}}],"inLanguage":"fr-FR"},{"@type":["Person","Organization"],"@id":"https:\/\/www.thierry-groensteen.fr\/#\/schema\/person\/3695d4890604be69f280ebbb549210b5","name":"TG","image":{"@type":"ImageObject","inLanguage":"fr-FR","@id":"https:\/\/www.thierry-groensteen.fr\/wp-content\/uploads\/2023\/09\/logo_ThierryGroensteen_header.png","url":"https:\/\/www.thierry-groensteen.fr\/wp-content\/uploads\/2023\/09\/logo_ThierryGroensteen_header.png","contentUrl":"https:\/\/www.thierry-groensteen.fr\/wp-content\/uploads\/2023\/09\/logo_ThierryGroensteen_header.png","width":620,"height":240,"caption":"TG"},"logo":{"@id":"https:\/\/www.thierry-groensteen.fr\/wp-content\/uploads\/2023\/09\/logo_ThierryGroensteen_header.png"},"sameAs":["https:\/\/www.thierry-groensteen.fr"]},{"@type":"Person","@id":"https:\/\/www.thierry-groensteen.fr\/#\/schema\/person\/3695d4890604be69f280ebbb549210b5","name":"TG","image":{"@type":"ImageObject","inLanguage":"fr-FR","@id":"https:\/\/www.thierry-groensteen.fr\/wp-content\/uploads\/2023\/09\/logo_ThierryGroensteen_header.png","url":"https:\/\/www.thierry-groensteen.fr\/wp-content\/uploads\/2023\/09\/logo_ThierryGroensteen_header.png","contentUrl":"https:\/\/www.thierry-groensteen.fr\/wp-content\/uploads\/2023\/09\/logo_ThierryGroensteen_header.png","width":620,"height":240,"caption":"TG"},"sameAs":["https:\/\/www.thierry-groensteen.fr"],"url":"https:\/\/www.thierry-groensteen.fr\/index.php\/author\/admin5797\/"}]}},"_links":{"self":[{"href":"https:\/\/www.thierry-groensteen.fr\/index.php\/wp-json\/wp\/v2\/posts\/3078","targetHints":{"allow":["GET"]}}],"collection":[{"href":"https:\/\/www.thierry-groensteen.fr\/index.php\/wp-json\/wp\/v2\/posts"}],"about":[{"href":"https:\/\/www.thierry-groensteen.fr\/index.php\/wp-json\/wp\/v2\/types\/post"}],"author":[{"embeddable":true,"href":"https:\/\/www.thierry-groensteen.fr\/index.php\/wp-json\/wp\/v2\/users\/1"}],"replies":[{"embeddable":true,"href":"https:\/\/www.thierry-groensteen.fr\/index.php\/wp-json\/wp\/v2\/comments?post=3078"}],"version-history":[{"count":8,"href":"https:\/\/www.thierry-groensteen.fr\/index.php\/wp-json\/wp\/v2\/posts\/3078\/revisions"}],"predecessor-version":[{"id":3140,"href":"https:\/\/www.thierry-groensteen.fr\/index.php\/wp-json\/wp\/v2\/posts\/3078\/revisions\/3140"}],"wp:featuredmedia":[{"embeddable":true,"href":"https:\/\/www.thierry-groensteen.fr\/index.php\/wp-json\/wp\/v2\/media\/3087"}],"wp:attachment":[{"href":"https:\/\/www.thierry-groensteen.fr\/index.php\/wp-json\/wp\/v2\/media?parent=3078"}],"wp:term":[{"taxonomy":"category","embeddable":true,"href":"https:\/\/www.thierry-groensteen.fr\/index.php\/wp-json\/wp\/v2\/categories?post=3078"},{"taxonomy":"post_tag","embeddable":true,"href":"https:\/\/www.thierry-groensteen.fr\/index.php\/wp-json\/wp\/v2\/tags?post=3078"}],"curies":[{"name":"wp","href":"https:\/\/api.w.org\/{rel}","templated":true}]}}