{"id":2982,"date":"2024-05-16T00:05:28","date_gmt":"2024-05-15T22:05:28","guid":{"rendered":"https:\/\/www.thierry-groensteen.fr\/?p=2982"},"modified":"2024-05-16T07:31:11","modified_gmt":"2024-05-16T05:31:11","slug":"le-sacre-de-nancy","status":"publish","type":"post","link":"https:\/\/www.thierry-groensteen.fr\/index.php\/2024\/05\/16\/le-sacre-de-nancy\/","title":{"rendered":"Le sacre de Nancy"},"content":{"rendered":"<p>Nancy a sa place au panth\u00e9on des personnages de comics, aux c\u00f4t\u00e9s de Charlie Brown, de Krazy Kat et de Little Nemo. Ce n\u2019est pas moi qui le dis mais Bill Griffith (<em>Zippy the Pinhead<\/em>), qui vient de consacrer un roman graphique \u00e0 la figure de Ernie Bushmiller (1905-1982), le cr\u00e9ateur de la c\u00e9l\u00e8bre fillette, sous le titre <em>Three Rocks<\/em>. Je ne me le suis pas encore procur\u00e9 et j\u2019y reviendrai peut-\u00eatre ult\u00e9rieurement. Ce qui, pour aujourd\u2019hui, m\u2019int\u00e9resse, c\u2019est le fait que cet ouvrage s\u2019inscrit dans un ensemble d\u2019initiatives visant \u00e0 c\u00e9l\u00e9brer et, disons-le, canoniser d\u00e9finitivement ce personnage, qui ne b\u00e9n\u00e9ficie pas du tout de la m\u00eame aura sur notre sol qu\u2019en terre am\u00e9ricaine.<\/p>\n<p>Rappelons que Bushmiller reprit en 1925 un <em>comic strip<\/em> paraissant depuis 1922, dont l\u2019h\u00e9ro\u00efne en titre \u00e9tait Fritzi Ritz, starlette \u00e0 Hollywood. Qu\u2019il lui adjoignit une ni\u00e8ce, Nancy, en 1933, qui ne tarda pas \u00e0 devenir le personnage principal, le strip prenant officiellement, cinq ans plus tard, le titre de <em>Nancy<\/em>. Fritzi Ritz, qui a la charge de son \u00e9ducation, ne disparut pas pour autant. Avec le jeune Sluggo, voisin et meilleur copain, ils formeront un trio autour de la fillette de 8 ans, et Bushmiller leur restera d\u00e9vou\u00e9 jusqu\u2019\u00e0 sa mort, pendant pr\u00e8s d\u2019un demi-si\u00e8cle donc. <em>Nancy<\/em> paraissait alors quotidiennement dans pr\u00e8s de 900 journaux\u00a0; elle continue de tenir sa place dans la page des comics, sous d\u2019autres signatures. (En France, Sluggo et Nancy devinrent <em>Arthur et Zo\u00e9<\/em>, qu\u2019on put d\u2019abord suivre dans <em>L\u2019Intr\u00e9pide<\/em> et qui eurent ensuite leur propre titre chez Del Duca.)<\/p>\n<p>Selon Bill Griffith, \u00ab \u00e0 la diff\u00e9rence de <em>Peanuts<\/em>,\u00a0<em>Nancy<\/em> ne vous explique pas ce que c\u2019est que d\u2019\u00eatre un enfant. <em>Nancy<\/em> vous explique ce que c\u2019est que d\u2019\u00eatre un comic strip. \u00bb Cette heureuse formule exprime le fait que <em>Nancy <\/em>appara\u00eet, pour nombre de dessinateurs et critiques am\u00e9ricains, comme la quintessence m\u00eame du <em>comic strip<\/em>, avec son dessin d\u2019une lisibilit\u00e9 optimale et ses gags d\u00e9sarmants de simplicit\u00e9 (au point que certains qualifient Bushmiller de ma\u00eetre zen !) mais dont beaucoup s&rsquo;offrent \u00e0 une autre lecture, plus sophistiqu\u00e9e. Car l&rsquo;auteur ne cesse de jouer avec les lois de la figuration, de la ressemblance, de l&rsquo;illusion d&rsquo;optique, et avec les codes m\u00eames du dessin. Rien d&rsquo;\u00e9tonnant, donc, si les artistes et les intellectuels (de Andy Warhol \u00e0 Art Spiegelman en passant par Joe Brainard) ont exprim\u00e9 leur admiration pour cette \u0153uvre, devenue totalement culte. De quoi faire mentir son auteur pour lequel <em>Nancy<\/em> s\u2019adressait aux \u00ab m\u00e2cheurs de chewing-gum \u00bb et non aux \u00ab\u00a0mangeurs de caviar \u00bb.<\/p>\n<p><img decoding=\"async\" class=\"lazyload aligncenter wp-image-2985 size-fusion-400\" src=\"https:\/\/www.thierry-groensteen.fr\/wp-content\/uploads\/2024\/05\/NANCY_couvesite-400x430.jpg\" data-orig-src=\"https:\/\/www.thierry-groensteen.fr\/wp-content\/uploads\/2024\/05\/NANCY_couvesite-400x430.jpg\" alt=\"\" width=\"400\" height=\"430\" srcset=\"data:image\/svg+xml,%3Csvg%20xmlns%3D%27http%3A%2F%2Fwww.w3.org%2F2000%2Fsvg%27%20width%3D%27400%27%20height%3D%27430%27%20viewBox%3D%270%200%20400%20430%27%3E%3Crect%20width%3D%27400%27%20height%3D%27430%27%20fill-opacity%3D%220%22%2F%3E%3C%2Fsvg%3E\" data-srcset=\"https:\/\/www.thierry-groensteen.fr\/wp-content\/uploads\/2024\/05\/NANCY_couvesite-200x215.jpg 200w, https:\/\/www.thierry-groensteen.fr\/wp-content\/uploads\/2024\/05\/NANCY_couvesite-279x300.jpg 279w, https:\/\/www.thierry-groensteen.fr\/wp-content\/uploads\/2024\/05\/NANCY_couvesite-400x430.jpg 400w, https:\/\/www.thierry-groensteen.fr\/wp-content\/uploads\/2024\/05\/NANCY_couvesite-600x645.jpg 600w, https:\/\/www.thierry-groensteen.fr\/wp-content\/uploads\/2024\/05\/NANCY_couvesite-768x826.jpg 768w, https:\/\/www.thierry-groensteen.fr\/wp-content\/uploads\/2024\/05\/NANCY_couvesite-800x860.jpg 800w, https:\/\/www.thierry-groensteen.fr\/wp-content\/uploads\/2024\/05\/NANCY_couvesite-952x1024.jpg 952w, https:\/\/www.thierry-groensteen.fr\/wp-content\/uploads\/2024\/05\/NANCY_couvesite-1200x1291.jpg 1200w, https:\/\/www.thierry-groensteen.fr\/wp-content\/uploads\/2024\/05\/NANCY_couvesite-1428x1536.jpg 1428w, https:\/\/www.thierry-groensteen.fr\/wp-content\/uploads\/2024\/05\/NANCY_couvesite-1904x2048.jpg 1904w\" data-sizes=\"auto\" data-orig-sizes=\"(max-width: 400px) 100vw, 400px\" \/><\/p>\n<p>J\u2019avais moi-m\u00eame publi\u00e9, en 2013, un recueil du strip dans les ann\u00e9es 1943-1945 (qui, en plus de briller par les qualit\u00e9s habituelles de la s\u00e9rie, pr\u00e9sentaient l\u2019int\u00e9r\u00eat additionnel de refl\u00e9ter le contexte particulier de la guerre : restrictions, tickets de rationnement, mobilisation des enfants, etc.), mais le public fran\u00e7ais n\u2019adh\u00e9ra pas et il s\u2019en vendit moins de mille exemplaires.<\/p>\n<p>En 2017, Fantagraphics a publi\u00e9 <em>How to read Nancy. <\/em><em>The Elements of Comics in Three Easy Panels<\/em>, de Paul Karasik et Mark Newgarden, un livre impressionnant par ses dimensions et sa r\u00e9alisation, dans lequel les deux auteurs diss\u00e9quaient avec une rare minutie tous les \u00e9l\u00e9ments rep\u00e9rables dans le strip du 8 ao\u00fbt 1959 (qui ne pr\u00e9sente pas de caract\u00e8re saillant ou remarquable et qui a \u00e9t\u00e9 choisi pour ainsi dire au hasard).<\/p>\n<p>Le 22 mai, c\u2019est-\u00e0-dire dans quelques jours, le Billy Ireland Cartoon Library and Museum (institution adoss\u00e9e \u00e0 l\u2019universit\u00e9 de l\u2019Ohio, et qui d\u00e9tient la plus vaste collection de bandes dessin\u00e9es au monde) ouvrira l\u2019exposition <em>The Nancy Show\u00a0: Bushmiller and Beyond<\/em>, qui restera visible jusqu\u2019au 3 Novembre. Con\u00e7ue par Brian Walter (le fils du cr\u00e9ateur de Beetle Bailey, elle r\u00e9unira des originaux, des pages imprim\u00e9es, des photos et des objets d\u00e9clinant la figure de Nancy, ainsi qu\u2019un grand nombre d\u2019\u0153uvres cr\u00e9\u00e9es par toutes sortes d\u2019artistes (des fanzines, des peintures, des parodies) pour la d\u00e9tourner ou lui rendre hommage.<\/p>\n<div id=\"attachment_2986\" style=\"width: 610px\" class=\"wp-caption aligncenter\"><img decoding=\"async\" aria-describedby=\"caption-attachment-2986\" class=\"lazyload wp-image-2986 size-fusion-600\" src=\"https:\/\/www.thierry-groensteen.fr\/wp-content\/uploads\/2024\/05\/NANCY-600x600.jpg\" data-orig-src=\"https:\/\/www.thierry-groensteen.fr\/wp-content\/uploads\/2024\/05\/NANCY-600x600.jpg\" alt=\"\" width=\"600\" height=\"600\" srcset=\"data:image\/svg+xml,%3Csvg%20xmlns%3D%27http%3A%2F%2Fwww.w3.org%2F2000%2Fsvg%27%20width%3D%27600%27%20height%3D%27600%27%20viewBox%3D%270%200%20600%20600%27%3E%3Crect%20width%3D%27600%27%20height%3D%27600%27%20fill-opacity%3D%220%22%2F%3E%3C%2Fsvg%3E\" data-srcset=\"https:\/\/www.thierry-groensteen.fr\/wp-content\/uploads\/2024\/05\/NANCY-66x66.jpg 66w, https:\/\/www.thierry-groensteen.fr\/wp-content\/uploads\/2024\/05\/NANCY-150x150.jpg 150w, https:\/\/www.thierry-groensteen.fr\/wp-content\/uploads\/2024\/05\/NANCY-200x200.jpg 200w, https:\/\/www.thierry-groensteen.fr\/wp-content\/uploads\/2024\/05\/NANCY-300x300.jpg 300w, https:\/\/www.thierry-groensteen.fr\/wp-content\/uploads\/2024\/05\/NANCY-400x400.jpg 400w, https:\/\/www.thierry-groensteen.fr\/wp-content\/uploads\/2024\/05\/NANCY-600x600.jpg 600w, https:\/\/www.thierry-groensteen.fr\/wp-content\/uploads\/2024\/05\/NANCY-768x768.jpg 768w, https:\/\/www.thierry-groensteen.fr\/wp-content\/uploads\/2024\/05\/NANCY-800x800.jpg 800w, https:\/\/www.thierry-groensteen.fr\/wp-content\/uploads\/2024\/05\/NANCY-1024x1024.jpg 1024w, https:\/\/www.thierry-groensteen.fr\/wp-content\/uploads\/2024\/05\/NANCY-1200x1200.jpg 1200w, https:\/\/www.thierry-groensteen.fr\/wp-content\/uploads\/2024\/05\/NANCY-1536x1536.jpg 1536w\" data-sizes=\"auto\" data-orig-sizes=\"(max-width: 600px) 100vw, 600px\" \/><p id=\"caption-attachment-2986\" class=\"wp-caption-text\">Les trois premiers strips de l&rsquo;ann\u00e9e 1943. \u00a9 Actes Sud<\/p><\/div>\n<p>Il faudra attendre le 9 juillet pour d\u00e9couvrir le catalogue, con\u00e7u par Brian Walker et Peter Maresca avec des contributions de plusieurs aficionados parmi lesquels Bill Griffith, Patrick McDonnell et Ivan Brunetti. Dans l\u2019intervalle, le 25 mai, la Ernie Bushmiller Society, une nouvelle soci\u00e9t\u00e9 savante, aura tenu sa premi\u00e8re r\u00e9union.<\/p>\n<p>[Bandeau titre : d\u00e9tail d&rsquo;un autoportrait de Bushmiller interrogeant Fritzi Ritz, Nancy et Sluggo. Dessin de 1942.]<\/p>\n","protected":false},"excerpt":{"rendered":"<p>Nancy a sa place au panth\u00e9on des personnages de comics, aux c\u00f4t\u00e9s de Charlie Brown, de Krazy Kat et de Little Nemo. Ce n\u2019est pas moi qui le dis mais Bill Griffith (Zippy the Pinhead), qui vient de consacrer un roman graphique \u00e0 la figure de Ernie Bushmiller (1905-1982), le cr\u00e9ateur de la c\u00e9l\u00e8bre [&hellip;]<\/p>\n","protected":false},"author":1,"featured_media":2984,"comment_status":"closed","ping_status":"closed","sticky":false,"template":"","format":"standard","meta":{"footnotes":""},"categories":[70],"tags":[],"class_list":["post-2982","post","type-post","status-publish","format-standard","has-post-thumbnail","hentry","category-mon-blog"],"acf":[],"yoast_head":"<!-- This site is optimized with the Yoast SEO plugin v27.5 - https:\/\/yoast.com\/product\/yoast-seo-wordpress\/ -->\n<title>Le sacre de Nancy - le site de Thierry Groensteen<\/title>\n<meta name=\"robots\" content=\"index, follow, max-snippet:-1, max-image-preview:large, max-video-preview:-1\" \/>\n<link rel=\"canonical\" href=\"https:\/\/www.thierry-groensteen.fr\/index.php\/2024\/05\/16\/le-sacre-de-nancy\/\" \/>\n<meta property=\"og:locale\" content=\"fr_FR\" \/>\n<meta property=\"og:type\" content=\"article\" \/>\n<meta property=\"og:title\" content=\"Le sacre de Nancy - le site de Thierry Groensteen\" \/>\n<meta property=\"og:description\" content=\"Nancy a sa place au panth\u00e9on des personnages de comics, aux c\u00f4t\u00e9s de Charlie Brown, de Krazy Kat et de Little Nemo. Ce n\u2019est pas moi qui le dis mais Bill Griffith (Zippy the Pinhead), qui vient de consacrer un roman graphique \u00e0 la figure de Ernie Bushmiller (1905-1982), le cr\u00e9ateur de la c\u00e9l\u00e8bre [&hellip;]\" \/>\n<meta property=\"og:url\" content=\"https:\/\/www.thierry-groensteen.fr\/index.php\/2024\/05\/16\/le-sacre-de-nancy\/\" \/>\n<meta property=\"og:site_name\" content=\"le site de Thierry Groensteen\" \/>\n<meta property=\"article:published_time\" content=\"2024-05-15T22:05:28+00:00\" \/>\n<meta property=\"article:modified_time\" content=\"2024-05-16T05:31:11+00:00\" \/>\n<meta property=\"og:image\" content=\"https:\/\/www.thierry-groensteen.fr\/wp-content\/uploads\/2024\/05\/NANCY.1942.Cropped-624x565-1-e1714831142570.png\" \/>\n\t<meta property=\"og:image:width\" content=\"624\" \/>\n\t<meta property=\"og:image:height\" content=\"286\" \/>\n\t<meta property=\"og:image:type\" content=\"image\/png\" \/>\n<meta name=\"author\" content=\"TG\" \/>\n<meta name=\"twitter:card\" content=\"summary_large_image\" \/>\n<meta name=\"twitter:label1\" content=\"\u00c9crit par\" \/>\n\t<meta name=\"twitter:data1\" content=\"TG\" \/>\n\t<meta name=\"twitter:label2\" content=\"Dur\u00e9e de lecture estim\u00e9e\" \/>\n\t<meta name=\"twitter:data2\" content=\"4 minutes\" \/>\n<script type=\"application\/ld+json\" class=\"yoast-schema-graph\">{\"@context\":\"https:\\\/\\\/schema.org\",\"@graph\":[{\"@type\":\"Article\",\"@id\":\"https:\\\/\\\/www.thierry-groensteen.fr\\\/index.php\\\/2024\\\/05\\\/16\\\/le-sacre-de-nancy\\\/#article\",\"isPartOf\":{\"@id\":\"https:\\\/\\\/www.thierry-groensteen.fr\\\/index.php\\\/2024\\\/05\\\/16\\\/le-sacre-de-nancy\\\/\"},\"author\":{\"name\":\"TG\",\"@id\":\"https:\\\/\\\/www.thierry-groensteen.fr\\\/#\\\/schema\\\/person\\\/3695d4890604be69f280ebbb549210b5\"},\"headline\":\"Le sacre de Nancy\",\"datePublished\":\"2024-05-15T22:05:28+00:00\",\"dateModified\":\"2024-05-16T05:31:11+00:00\",\"mainEntityOfPage\":{\"@id\":\"https:\\\/\\\/www.thierry-groensteen.fr\\\/index.php\\\/2024\\\/05\\\/16\\\/le-sacre-de-nancy\\\/\"},\"wordCount\":812,\"publisher\":{\"@id\":\"https:\\\/\\\/www.thierry-groensteen.fr\\\/#\\\/schema\\\/person\\\/3695d4890604be69f280ebbb549210b5\"},\"image\":{\"@id\":\"https:\\\/\\\/www.thierry-groensteen.fr\\\/index.php\\\/2024\\\/05\\\/16\\\/le-sacre-de-nancy\\\/#primaryimage\"},\"thumbnailUrl\":\"https:\\\/\\\/www.thierry-groensteen.fr\\\/wp-content\\\/uploads\\\/2024\\\/05\\\/NANCY.1942.Cropped-624x565-1-e1714831142570.png\",\"articleSection\":[\"mon Blog\"],\"inLanguage\":\"fr-FR\"},{\"@type\":\"WebPage\",\"@id\":\"https:\\\/\\\/www.thierry-groensteen.fr\\\/index.php\\\/2024\\\/05\\\/16\\\/le-sacre-de-nancy\\\/\",\"url\":\"https:\\\/\\\/www.thierry-groensteen.fr\\\/index.php\\\/2024\\\/05\\\/16\\\/le-sacre-de-nancy\\\/\",\"name\":\"Le sacre de Nancy - le site de Thierry Groensteen\",\"isPartOf\":{\"@id\":\"https:\\\/\\\/www.thierry-groensteen.fr\\\/#website\"},\"primaryImageOfPage\":{\"@id\":\"https:\\\/\\\/www.thierry-groensteen.fr\\\/index.php\\\/2024\\\/05\\\/16\\\/le-sacre-de-nancy\\\/#primaryimage\"},\"image\":{\"@id\":\"https:\\\/\\\/www.thierry-groensteen.fr\\\/index.php\\\/2024\\\/05\\\/16\\\/le-sacre-de-nancy\\\/#primaryimage\"},\"thumbnailUrl\":\"https:\\\/\\\/www.thierry-groensteen.fr\\\/wp-content\\\/uploads\\\/2024\\\/05\\\/NANCY.1942.Cropped-624x565-1-e1714831142570.png\",\"datePublished\":\"2024-05-15T22:05:28+00:00\",\"dateModified\":\"2024-05-16T05:31:11+00:00\",\"breadcrumb\":{\"@id\":\"https:\\\/\\\/www.thierry-groensteen.fr\\\/index.php\\\/2024\\\/05\\\/16\\\/le-sacre-de-nancy\\\/#breadcrumb\"},\"inLanguage\":\"fr-FR\",\"potentialAction\":[{\"@type\":\"ReadAction\",\"target\":[\"https:\\\/\\\/www.thierry-groensteen.fr\\\/index.php\\\/2024\\\/05\\\/16\\\/le-sacre-de-nancy\\\/\"]}]},{\"@type\":\"ImageObject\",\"inLanguage\":\"fr-FR\",\"@id\":\"https:\\\/\\\/www.thierry-groensteen.fr\\\/index.php\\\/2024\\\/05\\\/16\\\/le-sacre-de-nancy\\\/#primaryimage\",\"url\":\"https:\\\/\\\/www.thierry-groensteen.fr\\\/wp-content\\\/uploads\\\/2024\\\/05\\\/NANCY.1942.Cropped-624x565-1-e1714831142570.png\",\"contentUrl\":\"https:\\\/\\\/www.thierry-groensteen.fr\\\/wp-content\\\/uploads\\\/2024\\\/05\\\/NANCY.1942.Cropped-624x565-1-e1714831142570.png\",\"width\":624,\"height\":286},{\"@type\":\"BreadcrumbList\",\"@id\":\"https:\\\/\\\/www.thierry-groensteen.fr\\\/index.php\\\/2024\\\/05\\\/16\\\/le-sacre-de-nancy\\\/#breadcrumb\",\"itemListElement\":[{\"@type\":\"ListItem\",\"position\":1,\"name\":\"Accueil\",\"item\":\"https:\\\/\\\/www.thierry-groensteen.fr\\\/\"},{\"@type\":\"ListItem\",\"position\":2,\"name\":\"Le sacre de Nancy\"}]},{\"@type\":\"WebSite\",\"@id\":\"https:\\\/\\\/www.thierry-groensteen.fr\\\/#website\",\"url\":\"https:\\\/\\\/www.thierry-groensteen.fr\\\/\",\"name\":\"le site de Thierry Groensteen\",\"description\":\"site officiel\",\"publisher\":{\"@id\":\"https:\\\/\\\/www.thierry-groensteen.fr\\\/#\\\/schema\\\/person\\\/3695d4890604be69f280ebbb549210b5\"},\"potentialAction\":[{\"@type\":\"SearchAction\",\"target\":{\"@type\":\"EntryPoint\",\"urlTemplate\":\"https:\\\/\\\/www.thierry-groensteen.fr\\\/?s={search_term_string}\"},\"query-input\":{\"@type\":\"PropertyValueSpecification\",\"valueRequired\":true,\"valueName\":\"search_term_string\"}}],\"inLanguage\":\"fr-FR\"},{\"@type\":[\"Person\",\"Organization\"],\"@id\":\"https:\\\/\\\/www.thierry-groensteen.fr\\\/#\\\/schema\\\/person\\\/3695d4890604be69f280ebbb549210b5\",\"name\":\"TG\",\"image\":{\"@type\":\"ImageObject\",\"inLanguage\":\"fr-FR\",\"@id\":\"https:\\\/\\\/www.thierry-groensteen.fr\\\/wp-content\\\/uploads\\\/2023\\\/09\\\/logo_ThierryGroensteen_header.png\",\"url\":\"https:\\\/\\\/www.thierry-groensteen.fr\\\/wp-content\\\/uploads\\\/2023\\\/09\\\/logo_ThierryGroensteen_header.png\",\"contentUrl\":\"https:\\\/\\\/www.thierry-groensteen.fr\\\/wp-content\\\/uploads\\\/2023\\\/09\\\/logo_ThierryGroensteen_header.png\",\"width\":620,\"height\":240,\"caption\":\"TG\"},\"logo\":{\"@id\":\"https:\\\/\\\/www.thierry-groensteen.fr\\\/wp-content\\\/uploads\\\/2023\\\/09\\\/logo_ThierryGroensteen_header.png\"},\"sameAs\":[\"https:\\\/\\\/www.thierry-groensteen.fr\"]},{\"@type\":\"Person\",\"@id\":\"https:\\\/\\\/www.thierry-groensteen.fr\\\/#\\\/schema\\\/person\\\/3695d4890604be69f280ebbb549210b5\",\"name\":\"TG\",\"image\":{\"@type\":\"ImageObject\",\"inLanguage\":\"fr-FR\",\"@id\":\"https:\\\/\\\/www.thierry-groensteen.fr\\\/wp-content\\\/uploads\\\/2023\\\/09\\\/logo_ThierryGroensteen_header.png\",\"url\":\"https:\\\/\\\/www.thierry-groensteen.fr\\\/wp-content\\\/uploads\\\/2023\\\/09\\\/logo_ThierryGroensteen_header.png\",\"contentUrl\":\"https:\\\/\\\/www.thierry-groensteen.fr\\\/wp-content\\\/uploads\\\/2023\\\/09\\\/logo_ThierryGroensteen_header.png\",\"width\":620,\"height\":240,\"caption\":\"TG\"},\"sameAs\":[\"https:\\\/\\\/www.thierry-groensteen.fr\"],\"url\":\"https:\\\/\\\/www.thierry-groensteen.fr\\\/index.php\\\/author\\\/admin5797\\\/\"}]}<\/script>\n<!-- \/ Yoast SEO plugin. -->","yoast_head_json":{"title":"Le sacre de Nancy - le site de Thierry Groensteen","robots":{"index":"index","follow":"follow","max-snippet":"max-snippet:-1","max-image-preview":"max-image-preview:large","max-video-preview":"max-video-preview:-1"},"canonical":"https:\/\/www.thierry-groensteen.fr\/index.php\/2024\/05\/16\/le-sacre-de-nancy\/","og_locale":"fr_FR","og_type":"article","og_title":"Le sacre de Nancy - le site de Thierry Groensteen","og_description":"Nancy a sa place au panth\u00e9on des personnages de comics, aux c\u00f4t\u00e9s de Charlie Brown, de Krazy Kat et de Little Nemo. Ce n\u2019est pas moi qui le dis mais Bill Griffith (Zippy the Pinhead), qui vient de consacrer un roman graphique \u00e0 la figure de Ernie Bushmiller (1905-1982), le cr\u00e9ateur de la c\u00e9l\u00e8bre [&hellip;]","og_url":"https:\/\/www.thierry-groensteen.fr\/index.php\/2024\/05\/16\/le-sacre-de-nancy\/","og_site_name":"le site de Thierry Groensteen","article_published_time":"2024-05-15T22:05:28+00:00","article_modified_time":"2024-05-16T05:31:11+00:00","og_image":[{"width":624,"height":286,"url":"https:\/\/www.thierry-groensteen.fr\/wp-content\/uploads\/2024\/05\/NANCY.1942.Cropped-624x565-1-e1714831142570.png","type":"image\/png"}],"author":"TG","twitter_card":"summary_large_image","twitter_misc":{"\u00c9crit par":"TG","Dur\u00e9e de lecture estim\u00e9e":"4 minutes"},"schema":{"@context":"https:\/\/schema.org","@graph":[{"@type":"Article","@id":"https:\/\/www.thierry-groensteen.fr\/index.php\/2024\/05\/16\/le-sacre-de-nancy\/#article","isPartOf":{"@id":"https:\/\/www.thierry-groensteen.fr\/index.php\/2024\/05\/16\/le-sacre-de-nancy\/"},"author":{"name":"TG","@id":"https:\/\/www.thierry-groensteen.fr\/#\/schema\/person\/3695d4890604be69f280ebbb549210b5"},"headline":"Le sacre de Nancy","datePublished":"2024-05-15T22:05:28+00:00","dateModified":"2024-05-16T05:31:11+00:00","mainEntityOfPage":{"@id":"https:\/\/www.thierry-groensteen.fr\/index.php\/2024\/05\/16\/le-sacre-de-nancy\/"},"wordCount":812,"publisher":{"@id":"https:\/\/www.thierry-groensteen.fr\/#\/schema\/person\/3695d4890604be69f280ebbb549210b5"},"image":{"@id":"https:\/\/www.thierry-groensteen.fr\/index.php\/2024\/05\/16\/le-sacre-de-nancy\/#primaryimage"},"thumbnailUrl":"https:\/\/www.thierry-groensteen.fr\/wp-content\/uploads\/2024\/05\/NANCY.1942.Cropped-624x565-1-e1714831142570.png","articleSection":["mon Blog"],"inLanguage":"fr-FR"},{"@type":"WebPage","@id":"https:\/\/www.thierry-groensteen.fr\/index.php\/2024\/05\/16\/le-sacre-de-nancy\/","url":"https:\/\/www.thierry-groensteen.fr\/index.php\/2024\/05\/16\/le-sacre-de-nancy\/","name":"Le sacre de Nancy - le site de Thierry Groensteen","isPartOf":{"@id":"https:\/\/www.thierry-groensteen.fr\/#website"},"primaryImageOfPage":{"@id":"https:\/\/www.thierry-groensteen.fr\/index.php\/2024\/05\/16\/le-sacre-de-nancy\/#primaryimage"},"image":{"@id":"https:\/\/www.thierry-groensteen.fr\/index.php\/2024\/05\/16\/le-sacre-de-nancy\/#primaryimage"},"thumbnailUrl":"https:\/\/www.thierry-groensteen.fr\/wp-content\/uploads\/2024\/05\/NANCY.1942.Cropped-624x565-1-e1714831142570.png","datePublished":"2024-05-15T22:05:28+00:00","dateModified":"2024-05-16T05:31:11+00:00","breadcrumb":{"@id":"https:\/\/www.thierry-groensteen.fr\/index.php\/2024\/05\/16\/le-sacre-de-nancy\/#breadcrumb"},"inLanguage":"fr-FR","potentialAction":[{"@type":"ReadAction","target":["https:\/\/www.thierry-groensteen.fr\/index.php\/2024\/05\/16\/le-sacre-de-nancy\/"]}]},{"@type":"ImageObject","inLanguage":"fr-FR","@id":"https:\/\/www.thierry-groensteen.fr\/index.php\/2024\/05\/16\/le-sacre-de-nancy\/#primaryimage","url":"https:\/\/www.thierry-groensteen.fr\/wp-content\/uploads\/2024\/05\/NANCY.1942.Cropped-624x565-1-e1714831142570.png","contentUrl":"https:\/\/www.thierry-groensteen.fr\/wp-content\/uploads\/2024\/05\/NANCY.1942.Cropped-624x565-1-e1714831142570.png","width":624,"height":286},{"@type":"BreadcrumbList","@id":"https:\/\/www.thierry-groensteen.fr\/index.php\/2024\/05\/16\/le-sacre-de-nancy\/#breadcrumb","itemListElement":[{"@type":"ListItem","position":1,"name":"Accueil","item":"https:\/\/www.thierry-groensteen.fr\/"},{"@type":"ListItem","position":2,"name":"Le sacre de Nancy"}]},{"@type":"WebSite","@id":"https:\/\/www.thierry-groensteen.fr\/#website","url":"https:\/\/www.thierry-groensteen.fr\/","name":"le site de Thierry Groensteen","description":"site officiel","publisher":{"@id":"https:\/\/www.thierry-groensteen.fr\/#\/schema\/person\/3695d4890604be69f280ebbb549210b5"},"potentialAction":[{"@type":"SearchAction","target":{"@type":"EntryPoint","urlTemplate":"https:\/\/www.thierry-groensteen.fr\/?s={search_term_string}"},"query-input":{"@type":"PropertyValueSpecification","valueRequired":true,"valueName":"search_term_string"}}],"inLanguage":"fr-FR"},{"@type":["Person","Organization"],"@id":"https:\/\/www.thierry-groensteen.fr\/#\/schema\/person\/3695d4890604be69f280ebbb549210b5","name":"TG","image":{"@type":"ImageObject","inLanguage":"fr-FR","@id":"https:\/\/www.thierry-groensteen.fr\/wp-content\/uploads\/2023\/09\/logo_ThierryGroensteen_header.png","url":"https:\/\/www.thierry-groensteen.fr\/wp-content\/uploads\/2023\/09\/logo_ThierryGroensteen_header.png","contentUrl":"https:\/\/www.thierry-groensteen.fr\/wp-content\/uploads\/2023\/09\/logo_ThierryGroensteen_header.png","width":620,"height":240,"caption":"TG"},"logo":{"@id":"https:\/\/www.thierry-groensteen.fr\/wp-content\/uploads\/2023\/09\/logo_ThierryGroensteen_header.png"},"sameAs":["https:\/\/www.thierry-groensteen.fr"]},{"@type":"Person","@id":"https:\/\/www.thierry-groensteen.fr\/#\/schema\/person\/3695d4890604be69f280ebbb549210b5","name":"TG","image":{"@type":"ImageObject","inLanguage":"fr-FR","@id":"https:\/\/www.thierry-groensteen.fr\/wp-content\/uploads\/2023\/09\/logo_ThierryGroensteen_header.png","url":"https:\/\/www.thierry-groensteen.fr\/wp-content\/uploads\/2023\/09\/logo_ThierryGroensteen_header.png","contentUrl":"https:\/\/www.thierry-groensteen.fr\/wp-content\/uploads\/2023\/09\/logo_ThierryGroensteen_header.png","width":620,"height":240,"caption":"TG"},"sameAs":["https:\/\/www.thierry-groensteen.fr"],"url":"https:\/\/www.thierry-groensteen.fr\/index.php\/author\/admin5797\/"}]}},"_links":{"self":[{"href":"https:\/\/www.thierry-groensteen.fr\/index.php\/wp-json\/wp\/v2\/posts\/2982","targetHints":{"allow":["GET"]}}],"collection":[{"href":"https:\/\/www.thierry-groensteen.fr\/index.php\/wp-json\/wp\/v2\/posts"}],"about":[{"href":"https:\/\/www.thierry-groensteen.fr\/index.php\/wp-json\/wp\/v2\/types\/post"}],"author":[{"embeddable":true,"href":"https:\/\/www.thierry-groensteen.fr\/index.php\/wp-json\/wp\/v2\/users\/1"}],"replies":[{"embeddable":true,"href":"https:\/\/www.thierry-groensteen.fr\/index.php\/wp-json\/wp\/v2\/comments?post=2982"}],"version-history":[{"count":4,"href":"https:\/\/www.thierry-groensteen.fr\/index.php\/wp-json\/wp\/v2\/posts\/2982\/revisions"}],"predecessor-version":[{"id":2999,"href":"https:\/\/www.thierry-groensteen.fr\/index.php\/wp-json\/wp\/v2\/posts\/2982\/revisions\/2999"}],"wp:featuredmedia":[{"embeddable":true,"href":"https:\/\/www.thierry-groensteen.fr\/index.php\/wp-json\/wp\/v2\/media\/2984"}],"wp:attachment":[{"href":"https:\/\/www.thierry-groensteen.fr\/index.php\/wp-json\/wp\/v2\/media?parent=2982"}],"wp:term":[{"taxonomy":"category","embeddable":true,"href":"https:\/\/www.thierry-groensteen.fr\/index.php\/wp-json\/wp\/v2\/categories?post=2982"},{"taxonomy":"post_tag","embeddable":true,"href":"https:\/\/www.thierry-groensteen.fr\/index.php\/wp-json\/wp\/v2\/tags?post=2982"}],"curies":[{"name":"wp","href":"https:\/\/api.w.org\/{rel}","templated":true}]}}