{"id":2928,"date":"2024-04-11T00:05:04","date_gmt":"2024-04-10T22:05:04","guid":{"rendered":"https:\/\/www.thierry-groensteen.fr\/?p=2928"},"modified":"2024-03-30T15:16:14","modified_gmt":"2024-03-30T14:16:14","slug":"zoe-thorogood-ou-le-partage-du-trauma","status":"publish","type":"post","link":"https:\/\/www.thierry-groensteen.fr\/index.php\/2024\/04\/11\/zoe-thorogood-ou-le-partage-du-trauma\/","title":{"rendered":"Zoe Thorogood ou le partage du trauma"},"content":{"rendered":"<p>Lisant l\u2019album de la Britannique Zoe Thorogood<em> It\u2019s lonely at the Centre of the Earth <\/em>(l\u2019\u00e9dition fran\u00e7aise, \u00e9dit\u00e9e par HiComics, a conserv\u00e9 le titre anglais), je me suis dit qu\u2019un titre alternatif pour ce \u00ab roman autobio-graphique \u00bb aurait pu \u00eatre <em>Le Miroir des \u00e2mes simples et an\u00e9anties et qui seulement demeurent en vouloir et d\u00e9sir. <\/em>Marguerite Porete a \u00e9crit ce livre en 1295 et elle fut br\u00fbl\u00e9e vive avec son \u0153uvre pour h\u00e9r\u00e9sie. Zoe Thorogood ne risque pas le m\u00eame sort mais la mort n\u2019en plane pas moins sur ses pages puisque son r\u00e9cit s\u2019ouvre sur la tentation du suicide.<\/p>\n<p>\u00ab On se sent bien seul au centre de la Terre \u00bb est une sorte de journal de bord tenu pendant six mois, alors que la jeune dessinatrice britannique avait vingt-trois ans et que son nom commen\u00e7ait \u00e0 circuler dans les milieux sp\u00e9cialis\u00e9s (qualifi\u00e9e un peu partout de <em>rising star<\/em>, elle est per\u00e7ue comme \u00ab l\u2019avenir des comics \u00bb, selon une formule ironiquement r\u00e9p\u00e9t\u00e9e \u00e0 plusieurs reprises). Elle en a vingt-cinq aujourd\u2019hui.<\/p>\n<p><img decoding=\"async\" class=\"lazyload aligncenter wp-image-2930 size-fusion-400\" src=\"https:\/\/www.thierry-groensteen.fr\/wp-content\/uploads\/2024\/03\/couve-Zoe-Thorogood-400x622.jpg\" data-orig-src=\"https:\/\/www.thierry-groensteen.fr\/wp-content\/uploads\/2024\/03\/couve-Zoe-Thorogood-400x622.jpg\" alt=\"Couverture de l'album de Zoe Thorogood &quot;It's lonely at the centre of the earth&quot;\" width=\"400\" height=\"622\" srcset=\"data:image\/svg+xml,%3Csvg%20xmlns%3D%27http%3A%2F%2Fwww.w3.org%2F2000%2Fsvg%27%20width%3D%27400%27%20height%3D%27622%27%20viewBox%3D%270%200%20400%20622%27%3E%3Crect%20width%3D%27400%27%20height%3D%27622%27%20fill-opacity%3D%220%22%2F%3E%3C%2Fsvg%3E\" data-srcset=\"https:\/\/www.thierry-groensteen.fr\/wp-content\/uploads\/2024\/03\/couve-Zoe-Thorogood-193x300.jpg 193w, https:\/\/www.thierry-groensteen.fr\/wp-content\/uploads\/2024\/03\/couve-Zoe-Thorogood-200x311.jpg 200w, https:\/\/www.thierry-groensteen.fr\/wp-content\/uploads\/2024\/03\/couve-Zoe-Thorogood-400x622.jpg 400w, https:\/\/www.thierry-groensteen.fr\/wp-content\/uploads\/2024\/03\/couve-Zoe-Thorogood-600x933.jpg 600w, https:\/\/www.thierry-groensteen.fr\/wp-content\/uploads\/2024\/03\/couve-Zoe-Thorogood-658x1024.jpg 658w, https:\/\/www.thierry-groensteen.fr\/wp-content\/uploads\/2024\/03\/couve-Zoe-Thorogood-768x1195.jpg 768w, https:\/\/www.thierry-groensteen.fr\/wp-content\/uploads\/2024\/03\/couve-Zoe-Thorogood-800x1244.jpg 800w, https:\/\/www.thierry-groensteen.fr\/wp-content\/uploads\/2024\/03\/couve-Zoe-Thorogood-988x1536.jpg 988w, https:\/\/www.thierry-groensteen.fr\/wp-content\/uploads\/2024\/03\/couve-Zoe-Thorogood-1200x1866.jpg 1200w, https:\/\/www.thierry-groensteen.fr\/wp-content\/uploads\/2024\/03\/couve-Zoe-Thorogood-1317x2048.jpg 1317w, https:\/\/www.thierry-groensteen.fr\/wp-content\/uploads\/2024\/03\/couve-Zoe-Thorogood.jpg 1336w\" data-sizes=\"auto\" data-orig-sizes=\"(max-width: 400px) 100vw, 400px\" \/><\/p>\n<p>D\u00e9pressive depuis l\u2019adolescence, souffrant d\u2019une difficult\u00e9 chronique \u00e0 communiquer avec autrui (un th\u00e8me que l\u2019on retrouve dans <i>Au-dedans,\u00a0<\/i>le r\u00e9cent album de son compatriote Will McPhail), Zoe tient pendant six mois le journal de son mal-\u00eatre. Elle use de deux proc\u00e9d\u00e9s pour le mettre en sc\u00e8ne\u00a0: la multiplication des incarnations graphiques repr\u00e9sentant son Moi, et la personnification de certaines instances psychiques\u00a0; sa D\u00e9pression est une sorte de grand fant\u00f4me noir qui s\u2019accroche \u00e0 ses pas,\u00a0arbore un sourire fig\u00e9 emprunt\u00e9 au chat du Cheshire et r\u00e9pond, par antiphrase, au nom de Happy. Elle utilise aussi le zoomorphisme pour les personnages secondaires (sa meilleure amie a une t\u00eate de pigeon). Enfin, elle emploie diff\u00e9rents r\u00e9gimes graphiques, du r\u00e9alisme \u00e0 la caricature et du noir et blanc \u00e0 la couleur, et elle multiplie les interpellations aux lecteurs. M\u00e9langez tout cela dans un shaker, secouez, et vous obtenez une bande dessin\u00e9e affranchie, culott\u00e9e, pleine d&rsquo;invention, qui peut lasser quand le r\u00e9cit patine et donne le sentiment de tourner \u00e0 vide, mais qui nous cueille r\u00e9guli\u00e8rement par une page \u00e9mouvante, un accent de v\u00e9rit\u00e9, une trouvaille dans la conduite de la narration. Navigant entre sinc\u00e9rit\u00e9 et mise \u00e0 distance, gravit\u00e9 et fac\u00e9tie, profondeur et surjeu, la jeune autrice s\u2019autorise tout avec un culot qui force l\u2019adh\u00e9sion. Elle apprendra sans doute \u00e0 canaliser son consid\u00e9rable talent et \u00e0 concentrer son propos sans l\u2019assortir d\u2019un catalogue d\u2019effets d\u00e9monstratifs.<\/p>\n<div id=\"attachment_2932\" style=\"width: 610px\" class=\"wp-caption aligncenter\"><img decoding=\"async\" aria-describedby=\"caption-attachment-2932\" class=\"lazyload wp-image-2932 size-fusion-600\" src=\"https:\/\/www.thierry-groensteen.fr\/wp-content\/uploads\/2024\/03\/Zoe-Thorogood-2-600x581.jpg\" data-orig-src=\"https:\/\/www.thierry-groensteen.fr\/wp-content\/uploads\/2024\/03\/Zoe-Thorogood-2-600x581.jpg\" alt=\"\" width=\"600\" height=\"581\" srcset=\"data:image\/svg+xml,%3Csvg%20xmlns%3D%27http%3A%2F%2Fwww.w3.org%2F2000%2Fsvg%27%20width%3D%27600%27%20height%3D%27581%27%20viewBox%3D%270%200%20600%20581%27%3E%3Crect%20width%3D%27600%27%20height%3D%27581%27%20fill-opacity%3D%220%22%2F%3E%3C%2Fsvg%3E\" data-srcset=\"https:\/\/www.thierry-groensteen.fr\/wp-content\/uploads\/2024\/03\/Zoe-Thorogood-2-200x194.jpg 200w, https:\/\/www.thierry-groensteen.fr\/wp-content\/uploads\/2024\/03\/Zoe-Thorogood-2-300x291.jpg 300w, https:\/\/www.thierry-groensteen.fr\/wp-content\/uploads\/2024\/03\/Zoe-Thorogood-2-400x388.jpg 400w, https:\/\/www.thierry-groensteen.fr\/wp-content\/uploads\/2024\/03\/Zoe-Thorogood-2-600x581.jpg 600w, https:\/\/www.thierry-groensteen.fr\/wp-content\/uploads\/2024\/03\/Zoe-Thorogood-2-768x744.jpg 768w, https:\/\/www.thierry-groensteen.fr\/wp-content\/uploads\/2024\/03\/Zoe-Thorogood-2-800x775.jpg 800w, https:\/\/www.thierry-groensteen.fr\/wp-content\/uploads\/2024\/03\/Zoe-Thorogood-2-1024x992.jpg 1024w, https:\/\/www.thierry-groensteen.fr\/wp-content\/uploads\/2024\/03\/Zoe-Thorogood-2-1200x1163.jpg 1200w, https:\/\/www.thierry-groensteen.fr\/wp-content\/uploads\/2024\/03\/Zoe-Thorogood-2.jpg 1260w\" data-sizes=\"auto\" data-orig-sizes=\"(max-width: 600px) 100vw, 600px\" \/><p id=\"caption-attachment-2932\" class=\"wp-caption-text\">\u00a9 Zoe Thorogood et Bragelonne<\/p><\/div>\n<p>Son premier roman graphique, <em>Dans les yeux de Billie Scott<\/em>, avait paru en France chez Bubble \u00e9ditions en 2022. Il s\u2019agissait d\u2019une autofiction inspir\u00e9e par ses probl\u00e8mes ophtalmiques (d\u00e9chirures de la r\u00e9tine pouvant, \u00e0 terme, entra\u00eener la c\u00e9cit\u00e9\u00a0; sans doute la pire des perspectives pour une dessinatrice). Je ne l\u2019ai pas lu. Ce que je sais, c\u2019est que dessiner un trauma n&rsquo;est pas n\u00e9cessairement cathartique, th\u00e9rapeutique, que \u00e7a peut \u00eatre douloureux, surtout quand on n\u2019a aucune distance temporelle par rapport aux \u00e9v\u00e9nements rapport\u00e9s.<\/p>\n<p>La carri\u00e8re de Zoe Thorogood est assur\u00e9ment \u00e0 suivre de pr\u00e8s.<\/p>\n","protected":false},"excerpt":{"rendered":"<p>Lisant l\u2019album de la Britannique Zoe Thorogood It\u2019s lonely at the Centre of the Earth (l\u2019\u00e9dition fran\u00e7aise, \u00e9dit\u00e9e par HiComics, a conserv\u00e9 le titre anglais), je me suis dit qu\u2019un titre alternatif pour ce \u00ab roman autobio-graphique \u00bb aurait pu \u00eatre Le Miroir des \u00e2mes simples et an\u00e9anties et qui seulement demeurent en vouloir [&hellip;]<\/p>\n","protected":false},"author":1,"featured_media":2931,"comment_status":"closed","ping_status":"closed","sticky":false,"template":"","format":"standard","meta":{"footnotes":""},"categories":[70],"tags":[],"class_list":["post-2928","post","type-post","status-publish","format-standard","has-post-thumbnail","hentry","category-mon-blog"],"acf":[],"yoast_head":"<!-- This site is optimized with the Yoast SEO plugin v27.5 - https:\/\/yoast.com\/product\/yoast-seo-wordpress\/ -->\n<title>Zoe Thorogood ou le partage du trauma - le site de Thierry Groensteen<\/title>\n<meta name=\"robots\" content=\"index, follow, max-snippet:-1, max-image-preview:large, max-video-preview:-1\" \/>\n<link rel=\"canonical\" href=\"https:\/\/www.thierry-groensteen.fr\/index.php\/2024\/04\/11\/zoe-thorogood-ou-le-partage-du-trauma\/\" \/>\n<meta property=\"og:locale\" content=\"fr_FR\" \/>\n<meta property=\"og:type\" content=\"article\" \/>\n<meta property=\"og:title\" content=\"Zoe Thorogood ou le partage du trauma - le site de Thierry Groensteen\" \/>\n<meta property=\"og:description\" content=\"Lisant l\u2019album de la Britannique Zoe Thorogood It\u2019s lonely at the Centre of the Earth (l\u2019\u00e9dition fran\u00e7aise, \u00e9dit\u00e9e par HiComics, a conserv\u00e9 le titre anglais), je me suis dit qu\u2019un titre alternatif pour ce \u00ab roman autobio-graphique \u00bb aurait pu \u00eatre Le Miroir des \u00e2mes simples et an\u00e9anties et qui seulement demeurent en vouloir [&hellip;]\" \/>\n<meta property=\"og:url\" content=\"https:\/\/www.thierry-groensteen.fr\/index.php\/2024\/04\/11\/zoe-thorogood-ou-le-partage-du-trauma\/\" \/>\n<meta property=\"og:site_name\" content=\"le site de Thierry Groensteen\" \/>\n<meta property=\"article:published_time\" content=\"2024-04-10T22:05:04+00:00\" \/>\n<meta property=\"og:image\" content=\"https:\/\/www.thierry-groensteen.fr\/wp-content\/uploads\/2024\/03\/Zoe-Thorogood-1-e1711807534119.jpg\" \/>\n\t<meta property=\"og:image:width\" content=\"947\" \/>\n\t<meta property=\"og:image:height\" content=\"434\" \/>\n\t<meta property=\"og:image:type\" content=\"image\/jpeg\" \/>\n<meta name=\"author\" content=\"TG\" \/>\n<meta name=\"twitter:card\" content=\"summary_large_image\" \/>\n<meta name=\"twitter:label1\" content=\"\u00c9crit par\" \/>\n\t<meta name=\"twitter:data1\" content=\"TG\" \/>\n\t<meta name=\"twitter:label2\" content=\"Dur\u00e9e de lecture estim\u00e9e\" \/>\n\t<meta name=\"twitter:data2\" content=\"3 minutes\" \/>\n<script type=\"application\/ld+json\" class=\"yoast-schema-graph\">{\"@context\":\"https:\\\/\\\/schema.org\",\"@graph\":[{\"@type\":\"Article\",\"@id\":\"https:\\\/\\\/www.thierry-groensteen.fr\\\/index.php\\\/2024\\\/04\\\/11\\\/zoe-thorogood-ou-le-partage-du-trauma\\\/#article\",\"isPartOf\":{\"@id\":\"https:\\\/\\\/www.thierry-groensteen.fr\\\/index.php\\\/2024\\\/04\\\/11\\\/zoe-thorogood-ou-le-partage-du-trauma\\\/\"},\"author\":{\"name\":\"TG\",\"@id\":\"https:\\\/\\\/www.thierry-groensteen.fr\\\/#\\\/schema\\\/person\\\/3695d4890604be69f280ebbb549210b5\"},\"headline\":\"Zoe Thorogood ou le partage du trauma\",\"datePublished\":\"2024-04-10T22:05:04+00:00\",\"mainEntityOfPage\":{\"@id\":\"https:\\\/\\\/www.thierry-groensteen.fr\\\/index.php\\\/2024\\\/04\\\/11\\\/zoe-thorogood-ou-le-partage-du-trauma\\\/\"},\"wordCount\":577,\"publisher\":{\"@id\":\"https:\\\/\\\/www.thierry-groensteen.fr\\\/#\\\/schema\\\/person\\\/3695d4890604be69f280ebbb549210b5\"},\"image\":{\"@id\":\"https:\\\/\\\/www.thierry-groensteen.fr\\\/index.php\\\/2024\\\/04\\\/11\\\/zoe-thorogood-ou-le-partage-du-trauma\\\/#primaryimage\"},\"thumbnailUrl\":\"https:\\\/\\\/www.thierry-groensteen.fr\\\/wp-content\\\/uploads\\\/2024\\\/03\\\/Zoe-Thorogood-1-e1711807534119.jpg\",\"articleSection\":[\"mon Blog\"],\"inLanguage\":\"fr-FR\"},{\"@type\":\"WebPage\",\"@id\":\"https:\\\/\\\/www.thierry-groensteen.fr\\\/index.php\\\/2024\\\/04\\\/11\\\/zoe-thorogood-ou-le-partage-du-trauma\\\/\",\"url\":\"https:\\\/\\\/www.thierry-groensteen.fr\\\/index.php\\\/2024\\\/04\\\/11\\\/zoe-thorogood-ou-le-partage-du-trauma\\\/\",\"name\":\"Zoe Thorogood ou le partage du trauma - le site de Thierry Groensteen\",\"isPartOf\":{\"@id\":\"https:\\\/\\\/www.thierry-groensteen.fr\\\/#website\"},\"primaryImageOfPage\":{\"@id\":\"https:\\\/\\\/www.thierry-groensteen.fr\\\/index.php\\\/2024\\\/04\\\/11\\\/zoe-thorogood-ou-le-partage-du-trauma\\\/#primaryimage\"},\"image\":{\"@id\":\"https:\\\/\\\/www.thierry-groensteen.fr\\\/index.php\\\/2024\\\/04\\\/11\\\/zoe-thorogood-ou-le-partage-du-trauma\\\/#primaryimage\"},\"thumbnailUrl\":\"https:\\\/\\\/www.thierry-groensteen.fr\\\/wp-content\\\/uploads\\\/2024\\\/03\\\/Zoe-Thorogood-1-e1711807534119.jpg\",\"datePublished\":\"2024-04-10T22:05:04+00:00\",\"breadcrumb\":{\"@id\":\"https:\\\/\\\/www.thierry-groensteen.fr\\\/index.php\\\/2024\\\/04\\\/11\\\/zoe-thorogood-ou-le-partage-du-trauma\\\/#breadcrumb\"},\"inLanguage\":\"fr-FR\",\"potentialAction\":[{\"@type\":\"ReadAction\",\"target\":[\"https:\\\/\\\/www.thierry-groensteen.fr\\\/index.php\\\/2024\\\/04\\\/11\\\/zoe-thorogood-ou-le-partage-du-trauma\\\/\"]}]},{\"@type\":\"ImageObject\",\"inLanguage\":\"fr-FR\",\"@id\":\"https:\\\/\\\/www.thierry-groensteen.fr\\\/index.php\\\/2024\\\/04\\\/11\\\/zoe-thorogood-ou-le-partage-du-trauma\\\/#primaryimage\",\"url\":\"https:\\\/\\\/www.thierry-groensteen.fr\\\/wp-content\\\/uploads\\\/2024\\\/03\\\/Zoe-Thorogood-1-e1711807534119.jpg\",\"contentUrl\":\"https:\\\/\\\/www.thierry-groensteen.fr\\\/wp-content\\\/uploads\\\/2024\\\/03\\\/Zoe-Thorogood-1-e1711807534119.jpg\",\"width\":947,\"height\":434},{\"@type\":\"BreadcrumbList\",\"@id\":\"https:\\\/\\\/www.thierry-groensteen.fr\\\/index.php\\\/2024\\\/04\\\/11\\\/zoe-thorogood-ou-le-partage-du-trauma\\\/#breadcrumb\",\"itemListElement\":[{\"@type\":\"ListItem\",\"position\":1,\"name\":\"Accueil\",\"item\":\"https:\\\/\\\/www.thierry-groensteen.fr\\\/\"},{\"@type\":\"ListItem\",\"position\":2,\"name\":\"Zoe Thorogood ou le partage du trauma\"}]},{\"@type\":\"WebSite\",\"@id\":\"https:\\\/\\\/www.thierry-groensteen.fr\\\/#website\",\"url\":\"https:\\\/\\\/www.thierry-groensteen.fr\\\/\",\"name\":\"le site de Thierry Groensteen\",\"description\":\"site officiel\",\"publisher\":{\"@id\":\"https:\\\/\\\/www.thierry-groensteen.fr\\\/#\\\/schema\\\/person\\\/3695d4890604be69f280ebbb549210b5\"},\"potentialAction\":[{\"@type\":\"SearchAction\",\"target\":{\"@type\":\"EntryPoint\",\"urlTemplate\":\"https:\\\/\\\/www.thierry-groensteen.fr\\\/?s={search_term_string}\"},\"query-input\":{\"@type\":\"PropertyValueSpecification\",\"valueRequired\":true,\"valueName\":\"search_term_string\"}}],\"inLanguage\":\"fr-FR\"},{\"@type\":[\"Person\",\"Organization\"],\"@id\":\"https:\\\/\\\/www.thierry-groensteen.fr\\\/#\\\/schema\\\/person\\\/3695d4890604be69f280ebbb549210b5\",\"name\":\"TG\",\"image\":{\"@type\":\"ImageObject\",\"inLanguage\":\"fr-FR\",\"@id\":\"https:\\\/\\\/www.thierry-groensteen.fr\\\/wp-content\\\/uploads\\\/2023\\\/09\\\/logo_ThierryGroensteen_header.png\",\"url\":\"https:\\\/\\\/www.thierry-groensteen.fr\\\/wp-content\\\/uploads\\\/2023\\\/09\\\/logo_ThierryGroensteen_header.png\",\"contentUrl\":\"https:\\\/\\\/www.thierry-groensteen.fr\\\/wp-content\\\/uploads\\\/2023\\\/09\\\/logo_ThierryGroensteen_header.png\",\"width\":620,\"height\":240,\"caption\":\"TG\"},\"logo\":{\"@id\":\"https:\\\/\\\/www.thierry-groensteen.fr\\\/wp-content\\\/uploads\\\/2023\\\/09\\\/logo_ThierryGroensteen_header.png\"},\"sameAs\":[\"https:\\\/\\\/www.thierry-groensteen.fr\"]},{\"@type\":\"Person\",\"@id\":\"https:\\\/\\\/www.thierry-groensteen.fr\\\/#\\\/schema\\\/person\\\/3695d4890604be69f280ebbb549210b5\",\"name\":\"TG\",\"image\":{\"@type\":\"ImageObject\",\"inLanguage\":\"fr-FR\",\"@id\":\"https:\\\/\\\/www.thierry-groensteen.fr\\\/wp-content\\\/uploads\\\/2023\\\/09\\\/logo_ThierryGroensteen_header.png\",\"url\":\"https:\\\/\\\/www.thierry-groensteen.fr\\\/wp-content\\\/uploads\\\/2023\\\/09\\\/logo_ThierryGroensteen_header.png\",\"contentUrl\":\"https:\\\/\\\/www.thierry-groensteen.fr\\\/wp-content\\\/uploads\\\/2023\\\/09\\\/logo_ThierryGroensteen_header.png\",\"width\":620,\"height\":240,\"caption\":\"TG\"},\"sameAs\":[\"https:\\\/\\\/www.thierry-groensteen.fr\"],\"url\":\"https:\\\/\\\/www.thierry-groensteen.fr\\\/index.php\\\/author\\\/admin5797\\\/\"}]}<\/script>\n<!-- \/ Yoast SEO plugin. -->","yoast_head_json":{"title":"Zoe Thorogood ou le partage du trauma - le site de Thierry Groensteen","robots":{"index":"index","follow":"follow","max-snippet":"max-snippet:-1","max-image-preview":"max-image-preview:large","max-video-preview":"max-video-preview:-1"},"canonical":"https:\/\/www.thierry-groensteen.fr\/index.php\/2024\/04\/11\/zoe-thorogood-ou-le-partage-du-trauma\/","og_locale":"fr_FR","og_type":"article","og_title":"Zoe Thorogood ou le partage du trauma - le site de Thierry Groensteen","og_description":"Lisant l\u2019album de la Britannique Zoe Thorogood It\u2019s lonely at the Centre of the Earth (l\u2019\u00e9dition fran\u00e7aise, \u00e9dit\u00e9e par HiComics, a conserv\u00e9 le titre anglais), je me suis dit qu\u2019un titre alternatif pour ce \u00ab roman autobio-graphique \u00bb aurait pu \u00eatre Le Miroir des \u00e2mes simples et an\u00e9anties et qui seulement demeurent en vouloir [&hellip;]","og_url":"https:\/\/www.thierry-groensteen.fr\/index.php\/2024\/04\/11\/zoe-thorogood-ou-le-partage-du-trauma\/","og_site_name":"le site de Thierry Groensteen","article_published_time":"2024-04-10T22:05:04+00:00","og_image":[{"width":947,"height":434,"url":"https:\/\/www.thierry-groensteen.fr\/wp-content\/uploads\/2024\/03\/Zoe-Thorogood-1-e1711807534119.jpg","type":"image\/jpeg"}],"author":"TG","twitter_card":"summary_large_image","twitter_misc":{"\u00c9crit par":"TG","Dur\u00e9e de lecture estim\u00e9e":"3 minutes"},"schema":{"@context":"https:\/\/schema.org","@graph":[{"@type":"Article","@id":"https:\/\/www.thierry-groensteen.fr\/index.php\/2024\/04\/11\/zoe-thorogood-ou-le-partage-du-trauma\/#article","isPartOf":{"@id":"https:\/\/www.thierry-groensteen.fr\/index.php\/2024\/04\/11\/zoe-thorogood-ou-le-partage-du-trauma\/"},"author":{"name":"TG","@id":"https:\/\/www.thierry-groensteen.fr\/#\/schema\/person\/3695d4890604be69f280ebbb549210b5"},"headline":"Zoe Thorogood ou le partage du trauma","datePublished":"2024-04-10T22:05:04+00:00","mainEntityOfPage":{"@id":"https:\/\/www.thierry-groensteen.fr\/index.php\/2024\/04\/11\/zoe-thorogood-ou-le-partage-du-trauma\/"},"wordCount":577,"publisher":{"@id":"https:\/\/www.thierry-groensteen.fr\/#\/schema\/person\/3695d4890604be69f280ebbb549210b5"},"image":{"@id":"https:\/\/www.thierry-groensteen.fr\/index.php\/2024\/04\/11\/zoe-thorogood-ou-le-partage-du-trauma\/#primaryimage"},"thumbnailUrl":"https:\/\/www.thierry-groensteen.fr\/wp-content\/uploads\/2024\/03\/Zoe-Thorogood-1-e1711807534119.jpg","articleSection":["mon Blog"],"inLanguage":"fr-FR"},{"@type":"WebPage","@id":"https:\/\/www.thierry-groensteen.fr\/index.php\/2024\/04\/11\/zoe-thorogood-ou-le-partage-du-trauma\/","url":"https:\/\/www.thierry-groensteen.fr\/index.php\/2024\/04\/11\/zoe-thorogood-ou-le-partage-du-trauma\/","name":"Zoe Thorogood ou le partage du trauma - le site de Thierry Groensteen","isPartOf":{"@id":"https:\/\/www.thierry-groensteen.fr\/#website"},"primaryImageOfPage":{"@id":"https:\/\/www.thierry-groensteen.fr\/index.php\/2024\/04\/11\/zoe-thorogood-ou-le-partage-du-trauma\/#primaryimage"},"image":{"@id":"https:\/\/www.thierry-groensteen.fr\/index.php\/2024\/04\/11\/zoe-thorogood-ou-le-partage-du-trauma\/#primaryimage"},"thumbnailUrl":"https:\/\/www.thierry-groensteen.fr\/wp-content\/uploads\/2024\/03\/Zoe-Thorogood-1-e1711807534119.jpg","datePublished":"2024-04-10T22:05:04+00:00","breadcrumb":{"@id":"https:\/\/www.thierry-groensteen.fr\/index.php\/2024\/04\/11\/zoe-thorogood-ou-le-partage-du-trauma\/#breadcrumb"},"inLanguage":"fr-FR","potentialAction":[{"@type":"ReadAction","target":["https:\/\/www.thierry-groensteen.fr\/index.php\/2024\/04\/11\/zoe-thorogood-ou-le-partage-du-trauma\/"]}]},{"@type":"ImageObject","inLanguage":"fr-FR","@id":"https:\/\/www.thierry-groensteen.fr\/index.php\/2024\/04\/11\/zoe-thorogood-ou-le-partage-du-trauma\/#primaryimage","url":"https:\/\/www.thierry-groensteen.fr\/wp-content\/uploads\/2024\/03\/Zoe-Thorogood-1-e1711807534119.jpg","contentUrl":"https:\/\/www.thierry-groensteen.fr\/wp-content\/uploads\/2024\/03\/Zoe-Thorogood-1-e1711807534119.jpg","width":947,"height":434},{"@type":"BreadcrumbList","@id":"https:\/\/www.thierry-groensteen.fr\/index.php\/2024\/04\/11\/zoe-thorogood-ou-le-partage-du-trauma\/#breadcrumb","itemListElement":[{"@type":"ListItem","position":1,"name":"Accueil","item":"https:\/\/www.thierry-groensteen.fr\/"},{"@type":"ListItem","position":2,"name":"Zoe Thorogood ou le partage du trauma"}]},{"@type":"WebSite","@id":"https:\/\/www.thierry-groensteen.fr\/#website","url":"https:\/\/www.thierry-groensteen.fr\/","name":"le site de Thierry Groensteen","description":"site officiel","publisher":{"@id":"https:\/\/www.thierry-groensteen.fr\/#\/schema\/person\/3695d4890604be69f280ebbb549210b5"},"potentialAction":[{"@type":"SearchAction","target":{"@type":"EntryPoint","urlTemplate":"https:\/\/www.thierry-groensteen.fr\/?s={search_term_string}"},"query-input":{"@type":"PropertyValueSpecification","valueRequired":true,"valueName":"search_term_string"}}],"inLanguage":"fr-FR"},{"@type":["Person","Organization"],"@id":"https:\/\/www.thierry-groensteen.fr\/#\/schema\/person\/3695d4890604be69f280ebbb549210b5","name":"TG","image":{"@type":"ImageObject","inLanguage":"fr-FR","@id":"https:\/\/www.thierry-groensteen.fr\/wp-content\/uploads\/2023\/09\/logo_ThierryGroensteen_header.png","url":"https:\/\/www.thierry-groensteen.fr\/wp-content\/uploads\/2023\/09\/logo_ThierryGroensteen_header.png","contentUrl":"https:\/\/www.thierry-groensteen.fr\/wp-content\/uploads\/2023\/09\/logo_ThierryGroensteen_header.png","width":620,"height":240,"caption":"TG"},"logo":{"@id":"https:\/\/www.thierry-groensteen.fr\/wp-content\/uploads\/2023\/09\/logo_ThierryGroensteen_header.png"},"sameAs":["https:\/\/www.thierry-groensteen.fr"]},{"@type":"Person","@id":"https:\/\/www.thierry-groensteen.fr\/#\/schema\/person\/3695d4890604be69f280ebbb549210b5","name":"TG","image":{"@type":"ImageObject","inLanguage":"fr-FR","@id":"https:\/\/www.thierry-groensteen.fr\/wp-content\/uploads\/2023\/09\/logo_ThierryGroensteen_header.png","url":"https:\/\/www.thierry-groensteen.fr\/wp-content\/uploads\/2023\/09\/logo_ThierryGroensteen_header.png","contentUrl":"https:\/\/www.thierry-groensteen.fr\/wp-content\/uploads\/2023\/09\/logo_ThierryGroensteen_header.png","width":620,"height":240,"caption":"TG"},"sameAs":["https:\/\/www.thierry-groensteen.fr"],"url":"https:\/\/www.thierry-groensteen.fr\/index.php\/author\/admin5797\/"}]}},"_links":{"self":[{"href":"https:\/\/www.thierry-groensteen.fr\/index.php\/wp-json\/wp\/v2\/posts\/2928","targetHints":{"allow":["GET"]}}],"collection":[{"href":"https:\/\/www.thierry-groensteen.fr\/index.php\/wp-json\/wp\/v2\/posts"}],"about":[{"href":"https:\/\/www.thierry-groensteen.fr\/index.php\/wp-json\/wp\/v2\/types\/post"}],"author":[{"embeddable":true,"href":"https:\/\/www.thierry-groensteen.fr\/index.php\/wp-json\/wp\/v2\/users\/1"}],"replies":[{"embeddable":true,"href":"https:\/\/www.thierry-groensteen.fr\/index.php\/wp-json\/wp\/v2\/comments?post=2928"}],"version-history":[{"count":3,"href":"https:\/\/www.thierry-groensteen.fr\/index.php\/wp-json\/wp\/v2\/posts\/2928\/revisions"}],"predecessor-version":[{"id":2935,"href":"https:\/\/www.thierry-groensteen.fr\/index.php\/wp-json\/wp\/v2\/posts\/2928\/revisions\/2935"}],"wp:featuredmedia":[{"embeddable":true,"href":"https:\/\/www.thierry-groensteen.fr\/index.php\/wp-json\/wp\/v2\/media\/2931"}],"wp:attachment":[{"href":"https:\/\/www.thierry-groensteen.fr\/index.php\/wp-json\/wp\/v2\/media?parent=2928"}],"wp:term":[{"taxonomy":"category","embeddable":true,"href":"https:\/\/www.thierry-groensteen.fr\/index.php\/wp-json\/wp\/v2\/categories?post=2928"},{"taxonomy":"post_tag","embeddable":true,"href":"https:\/\/www.thierry-groensteen.fr\/index.php\/wp-json\/wp\/v2\/tags?post=2928"}],"curies":[{"name":"wp","href":"https:\/\/api.w.org\/{rel}","templated":true}]}}