{"id":2882,"date":"2024-05-21T00:05:02","date_gmt":"2024-05-20T22:05:02","guid":{"rendered":"https:\/\/www.thierry-groensteen.fr\/?p=2882"},"modified":"2024-05-06T20:31:09","modified_gmt":"2024-05-06T18:31:09","slug":"retour-aux-presses-universitaires-de-france","status":"publish","type":"post","link":"https:\/\/www.thierry-groensteen.fr\/index.php\/2024\/05\/21\/retour-aux-presses-universitaires-de-france\/","title":{"rendered":"Retour aux Presses universitaires de France"},"content":{"rendered":"<p>J\u2019annonce ici, en avant-premi\u00e8re, que, un quart de si\u00e8cle apr\u00e8s sa premi\u00e8re publication, une nouvelle \u00e9dition enti\u00e8rement revue et actualis\u00e9e de mon essai <em>Syst\u00e8me de la bande dessin\u00e9e\u00a0<\/em>para\u00eetra au d\u00e9but de l\u2019ann\u00e9e 2025. Toujours aux Presses universitaires de France, mais hors collection, et non plus dans la collection \u00ab\u00a0Formes s\u00e9miotiques\u00a0\u00bb d\u00e9sormais en sommeil. Ce qui aura pour avantage de permettre \u00e0 certaines illustrations d\u2019\u00eatre reproduites en couleur.<\/p>\n<p>Certains le savent, un deuxi\u00e8me volume avait paru en 2011 sous le titre <em>Bande dessin\u00e9e et narration<\/em>, compl\u00e9tant l\u2019\u00e9difice th\u00e9orique en abordant certaines questions qui avaient \u00e9t\u00e9 laiss\u00e9es de c\u00f4t\u00e9. Et en 2022, j\u2019ai donn\u00e9 aux Presses universitaires Fran\u00e7ois Rabelais un petit essai sur <em>La Bande dessin\u00e9e et le temps<\/em>, qui r\u00e9\u00e9quilibrait la perspective d\u2019ensemble en interrogeant le rapport du r\u00e9cit dessin\u00e9 \u00e0 la temporalit\u00e9 et \u00e0 la dur\u00e9e, quand la premi\u00e8re version du <em>Syst\u00e8me\u00a0<\/em>avait privil\u00e9gi\u00e9 l\u2019\u00e9tude des dispositifs spatiaux.<\/p>\n<p>Des parties enti\u00e8res de ces deux autres ouvrages seront int\u00e9gr\u00e9es \u00e0 la nouvelle \u00e9dition, ainsi que des emprunts \u00e0 quelques articles que j\u2019ai fait para\u00eetre ici ou l\u00e0. Cette refonte compl\u00e8te permettra au <em>Syst\u00e8me de la bande dessin\u00e9e<\/em> de trouver enfin sa compl\u00e9tude et une architecture satisfaisante \u00e0 mes yeux, mais \u00e9galement de tenir compte des \u00e9volutions r\u00e9centes de la bande dessin\u00e9e.<\/p>\n<p><img decoding=\"async\" class=\"lazyload size-medium wp-image-2886 alignright\" src=\"https:\/\/www.thierry-groensteen.fr\/wp-content\/uploads\/2024\/03\/Logo_de_Que_sais-je_-195x300.jpg\" data-orig-src=\"https:\/\/www.thierry-groensteen.fr\/wp-content\/uploads\/2024\/03\/Logo_de_Que_sais-je_-195x300.jpg\" alt=\"\" width=\"195\" height=\"300\" srcset=\"data:image\/svg+xml,%3Csvg%20xmlns%3D%27http%3A%2F%2Fwww.w3.org%2F2000%2Fsvg%27%20width%3D%27195%27%20height%3D%27300%27%20viewBox%3D%270%200%20195%20300%27%3E%3Crect%20width%3D%27195%27%20height%3D%27300%27%20fill-opacity%3D%220%22%2F%3E%3C%2Fsvg%3E\" data-srcset=\"https:\/\/www.thierry-groensteen.fr\/wp-content\/uploads\/2024\/03\/Logo_de_Que_sais-je_-195x300.jpg 195w, https:\/\/www.thierry-groensteen.fr\/wp-content\/uploads\/2024\/03\/Logo_de_Que_sais-je_-200x308.jpg 200w, https:\/\/www.thierry-groensteen.fr\/wp-content\/uploads\/2024\/03\/Logo_de_Que_sais-je_-400x616.jpg 400w, https:\/\/www.thierry-groensteen.fr\/wp-content\/uploads\/2024\/03\/Logo_de_Que_sais-je_-600x924.jpg 600w, https:\/\/www.thierry-groensteen.fr\/wp-content\/uploads\/2024\/03\/Logo_de_Que_sais-je_-665x1024.jpg 665w, https:\/\/www.thierry-groensteen.fr\/wp-content\/uploads\/2024\/03\/Logo_de_Que_sais-je_.jpg 704w\" data-sizes=\"auto\" data-orig-sizes=\"(max-width: 195px) 100vw, 195px\" \/><\/p>\n<p>Par ailleurs, les m\u00eames PUF vont d\u00e9velopper une offre autour de la bande dessin\u00e9e dans la c\u00e9l\u00e8bre collection \u00ab Que Sais-je\u00a0? \u00bb Le volume \u00e9crit nagu\u00e8re par Annie Baron-Carvais, publi\u00e9 en 1985, a connu cinq \u00e9ditions jusqu\u2019\u00e0 la mort de l\u2019autrice, en 2007. Il m\u2019a \u00e9t\u00e9 propos\u00e9 de r\u00e9diger un nouveau \u00ab Que Sais-je\u00a0? \u00bb et j\u2019ai fait valoir qu\u2019il ne me paraissait pas raisonnable de vouloir, aujourd\u2019hui encore, faire tenir en 128 petites pages tout ce qu\u2019il faut savoir sur l\u2019histoire de la bande dessin\u00e9e internationale, ses genres, ses courants, ses grands auteurs, son langage, son esth\u00e9tique et son \u00e9conomie. Qu\u2019une telle gageure ne viendrait m\u00eame pas \u00e0 l\u2019esprit s\u2019agissant de la litt\u00e9rature, du cin\u00e9ma ou de la peinture, et que la bande dessin\u00e9e, elle aussi, m\u00e9rite mieux qu\u2019un traitement sommaire et exp\u00e9ditif. Eh bien\u00a0! ce plaidoyer a \u00e9t\u00e9 entendu et plusieurs auteurs sont en ce moment m\u00eame sollicit\u00e9s, sur ma recommandation, pour traiter de tel ou tel aspect du sujet. \u00ab Que sais-je\u00a0?\u00a0\u00bb sera donc, dans quelque temps, la premi\u00e8re collection encyclop\u00e9dique \u00e0 faire une place, dans son catalogue, \u00e0 une proposition riche \u00e9clairant diff\u00e9rents pans du neuvi\u00e8me art. On me permettra de consid\u00e9rer que c\u2019est une grande victoire symbolique.<\/p>\n<p>Dans les ann\u00e9es 1980 d\u00e9j\u00e0, les \u00e9ph\u00e9m\u00e8res \u00e9ditions M.A. m\u2019avaient pass\u00e9 commande, pour la collection \u00ab\u00a0Le Monde de \u00bb, d\u2019un volume sur <em>LA bande dessin\u00e9e<\/em>, et j\u2019avais r\u00e9ussi \u00e0 obtenir de ne traiter que de la derni\u00e8re d\u00e9cennie \u00e9coul\u00e9e (cf. <em>La Bande dessin\u00e9e depuis 1975<\/em>, M.A., 1985). Quand j\u2019appris que Pierre Marchand, le regrett\u00e9 fondateur de la collection \u00ab D\u00e9couvertes Gallimard \u00bb, longtemps r\u00e9fractaire \u00e0 la bande dessin\u00e9e, \u00e9tait finalement d\u00e9cid\u00e9 \u00e0 l\u2019inclure dans le spectre des sujets abord\u00e9s, je lui avais fait une proposition de partenariat avec le Centre national de la bande dessin\u00e9e et de l&rsquo;image, qui aurait \u00e9t\u00e9 d\u00e9clin\u00e9e en trois volumes (deux d\u00e9coupages \u00e9taient possibles\u00a0: l\u2019un, chronologique\u00a0; l\u2019autre, par zones g\u00e9ographiques\u00a0: Am\u00e9riques, Europe, Asie et reste du monde). Mais il ne donna pas suite, et ce sont finalement Michel Denni, Claude Moliterni et Philippe Mellot qui sign\u00e8rent, en 1996, <em>Les Aventures de la BD<\/em>, ouvrage qui ne marqua pas les m\u00e9moires, en d\u00e9pit des possibilit\u00e9s uniques qu\u2019offrait cette collection \u00e0 la richesse iconographique incomparable.<\/p>\n<p>Gr\u00e2ce \u00e0 l\u2019ouverture d\u2019esprit des PUF, il semblerait que nous entrions enfin dans une \u00e8re o\u00f9 le domaine de la bande dessin\u00e9e va \u00eatre reconnu dans sa richesse et sa diversit\u00e9. Je conclurai en pr\u00e9cisant que, parmi les titres \u00e0 para\u00eetre, j\u2019en signerai moi-m\u00eame un, mais il me semble pr\u00e9matur\u00e9 d\u2019en dire davantage.<\/p>\n","protected":false},"excerpt":{"rendered":"<p>J\u2019annonce ici, en avant-premi\u00e8re, que, un quart de si\u00e8cle apr\u00e8s sa premi\u00e8re publication, une nouvelle \u00e9dition enti\u00e8rement revue et actualis\u00e9e de mon essai Syst\u00e8me de la bande dessin\u00e9e\u00a0para\u00eetra au d\u00e9but de l\u2019ann\u00e9e 2025. Toujours aux Presses universitaires de France, mais hors collection, et non plus dans la collection \u00ab\u00a0Formes s\u00e9miotiques\u00a0\u00bb d\u00e9sormais en sommeil. Ce [&hellip;]<\/p>\n","protected":false},"author":1,"featured_media":2888,"comment_status":"closed","ping_status":"closed","sticky":false,"template":"","format":"standard","meta":{"footnotes":""},"categories":[70],"tags":[],"class_list":["post-2882","post","type-post","status-publish","format-standard","has-post-thumbnail","hentry","category-mon-blog"],"acf":[],"yoast_head":"<!-- This site is optimized with the Yoast SEO plugin v27.5 - https:\/\/yoast.com\/product\/yoast-seo-wordpress\/ -->\n<title>Retour aux Presses universitaires de France - le site de Thierry Groensteen<\/title>\n<meta name=\"robots\" content=\"index, follow, max-snippet:-1, max-image-preview:large, max-video-preview:-1\" \/>\n<link rel=\"canonical\" href=\"https:\/\/www.thierry-groensteen.fr\/index.php\/2024\/05\/21\/retour-aux-presses-universitaires-de-france\/\" \/>\n<meta property=\"og:locale\" content=\"fr_FR\" \/>\n<meta property=\"og:type\" content=\"article\" \/>\n<meta property=\"og:title\" content=\"Retour aux Presses universitaires de France - le site de Thierry Groensteen\" \/>\n<meta property=\"og:description\" content=\"J\u2019annonce ici, en avant-premi\u00e8re, que, un quart de si\u00e8cle apr\u00e8s sa premi\u00e8re publication, une nouvelle \u00e9dition enti\u00e8rement revue et actualis\u00e9e de mon essai Syst\u00e8me de la bande dessin\u00e9e\u00a0para\u00eetra au d\u00e9but de l\u2019ann\u00e9e 2025. Toujours aux Presses universitaires de France, mais hors collection, et non plus dans la collection \u00ab\u00a0Formes s\u00e9miotiques\u00a0\u00bb d\u00e9sormais en sommeil. Ce [&hellip;]\" \/>\n<meta property=\"og:url\" content=\"https:\/\/www.thierry-groensteen.fr\/index.php\/2024\/05\/21\/retour-aux-presses-universitaires-de-france\/\" \/>\n<meta property=\"og:site_name\" content=\"le site de Thierry Groensteen\" \/>\n<meta property=\"article:published_time\" content=\"2024-05-20T22:05:02+00:00\" \/>\n<meta property=\"og:image\" content=\"https:\/\/www.thierry-groensteen.fr\/wp-content\/uploads\/2024\/03\/systeme-de-la-bande-dessinee-1-e1710091897820.jpg\" \/>\n\t<meta property=\"og:image:width\" content=\"800\" \/>\n\t<meta property=\"og:image:height\" content=\"366\" \/>\n\t<meta property=\"og:image:type\" content=\"image\/jpeg\" \/>\n<meta name=\"author\" content=\"TG\" \/>\n<meta name=\"twitter:card\" content=\"summary_large_image\" \/>\n<meta name=\"twitter:label1\" content=\"\u00c9crit par\" \/>\n\t<meta name=\"twitter:data1\" content=\"TG\" \/>\n\t<meta name=\"twitter:label2\" content=\"Dur\u00e9e de lecture estim\u00e9e\" \/>\n\t<meta name=\"twitter:data2\" content=\"4 minutes\" \/>\n<script type=\"application\/ld+json\" class=\"yoast-schema-graph\">{\"@context\":\"https:\\\/\\\/schema.org\",\"@graph\":[{\"@type\":\"Article\",\"@id\":\"https:\\\/\\\/www.thierry-groensteen.fr\\\/index.php\\\/2024\\\/05\\\/21\\\/retour-aux-presses-universitaires-de-france\\\/#article\",\"isPartOf\":{\"@id\":\"https:\\\/\\\/www.thierry-groensteen.fr\\\/index.php\\\/2024\\\/05\\\/21\\\/retour-aux-presses-universitaires-de-france\\\/\"},\"author\":{\"name\":\"TG\",\"@id\":\"https:\\\/\\\/www.thierry-groensteen.fr\\\/#\\\/schema\\\/person\\\/3695d4890604be69f280ebbb549210b5\"},\"headline\":\"Retour aux Presses universitaires de France\",\"datePublished\":\"2024-05-20T22:05:02+00:00\",\"mainEntityOfPage\":{\"@id\":\"https:\\\/\\\/www.thierry-groensteen.fr\\\/index.php\\\/2024\\\/05\\\/21\\\/retour-aux-presses-universitaires-de-france\\\/\"},\"wordCount\":731,\"publisher\":{\"@id\":\"https:\\\/\\\/www.thierry-groensteen.fr\\\/#\\\/schema\\\/person\\\/3695d4890604be69f280ebbb549210b5\"},\"image\":{\"@id\":\"https:\\\/\\\/www.thierry-groensteen.fr\\\/index.php\\\/2024\\\/05\\\/21\\\/retour-aux-presses-universitaires-de-france\\\/#primaryimage\"},\"thumbnailUrl\":\"https:\\\/\\\/www.thierry-groensteen.fr\\\/wp-content\\\/uploads\\\/2024\\\/03\\\/systeme-de-la-bande-dessinee-1-e1710091897820.jpg\",\"articleSection\":[\"mon Blog\"],\"inLanguage\":\"fr-FR\"},{\"@type\":\"WebPage\",\"@id\":\"https:\\\/\\\/www.thierry-groensteen.fr\\\/index.php\\\/2024\\\/05\\\/21\\\/retour-aux-presses-universitaires-de-france\\\/\",\"url\":\"https:\\\/\\\/www.thierry-groensteen.fr\\\/index.php\\\/2024\\\/05\\\/21\\\/retour-aux-presses-universitaires-de-france\\\/\",\"name\":\"Retour aux Presses universitaires de France - le site de Thierry Groensteen\",\"isPartOf\":{\"@id\":\"https:\\\/\\\/www.thierry-groensteen.fr\\\/#website\"},\"primaryImageOfPage\":{\"@id\":\"https:\\\/\\\/www.thierry-groensteen.fr\\\/index.php\\\/2024\\\/05\\\/21\\\/retour-aux-presses-universitaires-de-france\\\/#primaryimage\"},\"image\":{\"@id\":\"https:\\\/\\\/www.thierry-groensteen.fr\\\/index.php\\\/2024\\\/05\\\/21\\\/retour-aux-presses-universitaires-de-france\\\/#primaryimage\"},\"thumbnailUrl\":\"https:\\\/\\\/www.thierry-groensteen.fr\\\/wp-content\\\/uploads\\\/2024\\\/03\\\/systeme-de-la-bande-dessinee-1-e1710091897820.jpg\",\"datePublished\":\"2024-05-20T22:05:02+00:00\",\"breadcrumb\":{\"@id\":\"https:\\\/\\\/www.thierry-groensteen.fr\\\/index.php\\\/2024\\\/05\\\/21\\\/retour-aux-presses-universitaires-de-france\\\/#breadcrumb\"},\"inLanguage\":\"fr-FR\",\"potentialAction\":[{\"@type\":\"ReadAction\",\"target\":[\"https:\\\/\\\/www.thierry-groensteen.fr\\\/index.php\\\/2024\\\/05\\\/21\\\/retour-aux-presses-universitaires-de-france\\\/\"]}]},{\"@type\":\"ImageObject\",\"inLanguage\":\"fr-FR\",\"@id\":\"https:\\\/\\\/www.thierry-groensteen.fr\\\/index.php\\\/2024\\\/05\\\/21\\\/retour-aux-presses-universitaires-de-france\\\/#primaryimage\",\"url\":\"https:\\\/\\\/www.thierry-groensteen.fr\\\/wp-content\\\/uploads\\\/2024\\\/03\\\/systeme-de-la-bande-dessinee-1-e1710091897820.jpg\",\"contentUrl\":\"https:\\\/\\\/www.thierry-groensteen.fr\\\/wp-content\\\/uploads\\\/2024\\\/03\\\/systeme-de-la-bande-dessinee-1-e1710091897820.jpg\",\"width\":800,\"height\":366},{\"@type\":\"BreadcrumbList\",\"@id\":\"https:\\\/\\\/www.thierry-groensteen.fr\\\/index.php\\\/2024\\\/05\\\/21\\\/retour-aux-presses-universitaires-de-france\\\/#breadcrumb\",\"itemListElement\":[{\"@type\":\"ListItem\",\"position\":1,\"name\":\"Accueil\",\"item\":\"https:\\\/\\\/www.thierry-groensteen.fr\\\/\"},{\"@type\":\"ListItem\",\"position\":2,\"name\":\"Retour aux Presses universitaires de France\"}]},{\"@type\":\"WebSite\",\"@id\":\"https:\\\/\\\/www.thierry-groensteen.fr\\\/#website\",\"url\":\"https:\\\/\\\/www.thierry-groensteen.fr\\\/\",\"name\":\"le site de Thierry Groensteen\",\"description\":\"site officiel\",\"publisher\":{\"@id\":\"https:\\\/\\\/www.thierry-groensteen.fr\\\/#\\\/schema\\\/person\\\/3695d4890604be69f280ebbb549210b5\"},\"potentialAction\":[{\"@type\":\"SearchAction\",\"target\":{\"@type\":\"EntryPoint\",\"urlTemplate\":\"https:\\\/\\\/www.thierry-groensteen.fr\\\/?s={search_term_string}\"},\"query-input\":{\"@type\":\"PropertyValueSpecification\",\"valueRequired\":true,\"valueName\":\"search_term_string\"}}],\"inLanguage\":\"fr-FR\"},{\"@type\":[\"Person\",\"Organization\"],\"@id\":\"https:\\\/\\\/www.thierry-groensteen.fr\\\/#\\\/schema\\\/person\\\/3695d4890604be69f280ebbb549210b5\",\"name\":\"TG\",\"image\":{\"@type\":\"ImageObject\",\"inLanguage\":\"fr-FR\",\"@id\":\"https:\\\/\\\/www.thierry-groensteen.fr\\\/wp-content\\\/uploads\\\/2023\\\/09\\\/logo_ThierryGroensteen_header.png\",\"url\":\"https:\\\/\\\/www.thierry-groensteen.fr\\\/wp-content\\\/uploads\\\/2023\\\/09\\\/logo_ThierryGroensteen_header.png\",\"contentUrl\":\"https:\\\/\\\/www.thierry-groensteen.fr\\\/wp-content\\\/uploads\\\/2023\\\/09\\\/logo_ThierryGroensteen_header.png\",\"width\":620,\"height\":240,\"caption\":\"TG\"},\"logo\":{\"@id\":\"https:\\\/\\\/www.thierry-groensteen.fr\\\/wp-content\\\/uploads\\\/2023\\\/09\\\/logo_ThierryGroensteen_header.png\"},\"sameAs\":[\"https:\\\/\\\/www.thierry-groensteen.fr\"]},{\"@type\":\"Person\",\"@id\":\"https:\\\/\\\/www.thierry-groensteen.fr\\\/#\\\/schema\\\/person\\\/3695d4890604be69f280ebbb549210b5\",\"name\":\"TG\",\"image\":{\"@type\":\"ImageObject\",\"inLanguage\":\"fr-FR\",\"@id\":\"https:\\\/\\\/www.thierry-groensteen.fr\\\/wp-content\\\/uploads\\\/2023\\\/09\\\/logo_ThierryGroensteen_header.png\",\"url\":\"https:\\\/\\\/www.thierry-groensteen.fr\\\/wp-content\\\/uploads\\\/2023\\\/09\\\/logo_ThierryGroensteen_header.png\",\"contentUrl\":\"https:\\\/\\\/www.thierry-groensteen.fr\\\/wp-content\\\/uploads\\\/2023\\\/09\\\/logo_ThierryGroensteen_header.png\",\"width\":620,\"height\":240,\"caption\":\"TG\"},\"sameAs\":[\"https:\\\/\\\/www.thierry-groensteen.fr\"],\"url\":\"https:\\\/\\\/www.thierry-groensteen.fr\\\/index.php\\\/author\\\/admin5797\\\/\"}]}<\/script>\n<!-- \/ Yoast SEO plugin. -->","yoast_head_json":{"title":"Retour aux Presses universitaires de France - le site de Thierry Groensteen","robots":{"index":"index","follow":"follow","max-snippet":"max-snippet:-1","max-image-preview":"max-image-preview:large","max-video-preview":"max-video-preview:-1"},"canonical":"https:\/\/www.thierry-groensteen.fr\/index.php\/2024\/05\/21\/retour-aux-presses-universitaires-de-france\/","og_locale":"fr_FR","og_type":"article","og_title":"Retour aux Presses universitaires de France - le site de Thierry Groensteen","og_description":"J\u2019annonce ici, en avant-premi\u00e8re, que, un quart de si\u00e8cle apr\u00e8s sa premi\u00e8re publication, une nouvelle \u00e9dition enti\u00e8rement revue et actualis\u00e9e de mon essai Syst\u00e8me de la bande dessin\u00e9e\u00a0para\u00eetra au d\u00e9but de l\u2019ann\u00e9e 2025. Toujours aux Presses universitaires de France, mais hors collection, et non plus dans la collection \u00ab\u00a0Formes s\u00e9miotiques\u00a0\u00bb d\u00e9sormais en sommeil. Ce [&hellip;]","og_url":"https:\/\/www.thierry-groensteen.fr\/index.php\/2024\/05\/21\/retour-aux-presses-universitaires-de-france\/","og_site_name":"le site de Thierry Groensteen","article_published_time":"2024-05-20T22:05:02+00:00","og_image":[{"width":800,"height":366,"url":"https:\/\/www.thierry-groensteen.fr\/wp-content\/uploads\/2024\/03\/systeme-de-la-bande-dessinee-1-e1710091897820.jpg","type":"image\/jpeg"}],"author":"TG","twitter_card":"summary_large_image","twitter_misc":{"\u00c9crit par":"TG","Dur\u00e9e de lecture estim\u00e9e":"4 minutes"},"schema":{"@context":"https:\/\/schema.org","@graph":[{"@type":"Article","@id":"https:\/\/www.thierry-groensteen.fr\/index.php\/2024\/05\/21\/retour-aux-presses-universitaires-de-france\/#article","isPartOf":{"@id":"https:\/\/www.thierry-groensteen.fr\/index.php\/2024\/05\/21\/retour-aux-presses-universitaires-de-france\/"},"author":{"name":"TG","@id":"https:\/\/www.thierry-groensteen.fr\/#\/schema\/person\/3695d4890604be69f280ebbb549210b5"},"headline":"Retour aux Presses universitaires de France","datePublished":"2024-05-20T22:05:02+00:00","mainEntityOfPage":{"@id":"https:\/\/www.thierry-groensteen.fr\/index.php\/2024\/05\/21\/retour-aux-presses-universitaires-de-france\/"},"wordCount":731,"publisher":{"@id":"https:\/\/www.thierry-groensteen.fr\/#\/schema\/person\/3695d4890604be69f280ebbb549210b5"},"image":{"@id":"https:\/\/www.thierry-groensteen.fr\/index.php\/2024\/05\/21\/retour-aux-presses-universitaires-de-france\/#primaryimage"},"thumbnailUrl":"https:\/\/www.thierry-groensteen.fr\/wp-content\/uploads\/2024\/03\/systeme-de-la-bande-dessinee-1-e1710091897820.jpg","articleSection":["mon Blog"],"inLanguage":"fr-FR"},{"@type":"WebPage","@id":"https:\/\/www.thierry-groensteen.fr\/index.php\/2024\/05\/21\/retour-aux-presses-universitaires-de-france\/","url":"https:\/\/www.thierry-groensteen.fr\/index.php\/2024\/05\/21\/retour-aux-presses-universitaires-de-france\/","name":"Retour aux Presses universitaires de France - le site de Thierry Groensteen","isPartOf":{"@id":"https:\/\/www.thierry-groensteen.fr\/#website"},"primaryImageOfPage":{"@id":"https:\/\/www.thierry-groensteen.fr\/index.php\/2024\/05\/21\/retour-aux-presses-universitaires-de-france\/#primaryimage"},"image":{"@id":"https:\/\/www.thierry-groensteen.fr\/index.php\/2024\/05\/21\/retour-aux-presses-universitaires-de-france\/#primaryimage"},"thumbnailUrl":"https:\/\/www.thierry-groensteen.fr\/wp-content\/uploads\/2024\/03\/systeme-de-la-bande-dessinee-1-e1710091897820.jpg","datePublished":"2024-05-20T22:05:02+00:00","breadcrumb":{"@id":"https:\/\/www.thierry-groensteen.fr\/index.php\/2024\/05\/21\/retour-aux-presses-universitaires-de-france\/#breadcrumb"},"inLanguage":"fr-FR","potentialAction":[{"@type":"ReadAction","target":["https:\/\/www.thierry-groensteen.fr\/index.php\/2024\/05\/21\/retour-aux-presses-universitaires-de-france\/"]}]},{"@type":"ImageObject","inLanguage":"fr-FR","@id":"https:\/\/www.thierry-groensteen.fr\/index.php\/2024\/05\/21\/retour-aux-presses-universitaires-de-france\/#primaryimage","url":"https:\/\/www.thierry-groensteen.fr\/wp-content\/uploads\/2024\/03\/systeme-de-la-bande-dessinee-1-e1710091897820.jpg","contentUrl":"https:\/\/www.thierry-groensteen.fr\/wp-content\/uploads\/2024\/03\/systeme-de-la-bande-dessinee-1-e1710091897820.jpg","width":800,"height":366},{"@type":"BreadcrumbList","@id":"https:\/\/www.thierry-groensteen.fr\/index.php\/2024\/05\/21\/retour-aux-presses-universitaires-de-france\/#breadcrumb","itemListElement":[{"@type":"ListItem","position":1,"name":"Accueil","item":"https:\/\/www.thierry-groensteen.fr\/"},{"@type":"ListItem","position":2,"name":"Retour aux Presses universitaires de France"}]},{"@type":"WebSite","@id":"https:\/\/www.thierry-groensteen.fr\/#website","url":"https:\/\/www.thierry-groensteen.fr\/","name":"le site de Thierry Groensteen","description":"site officiel","publisher":{"@id":"https:\/\/www.thierry-groensteen.fr\/#\/schema\/person\/3695d4890604be69f280ebbb549210b5"},"potentialAction":[{"@type":"SearchAction","target":{"@type":"EntryPoint","urlTemplate":"https:\/\/www.thierry-groensteen.fr\/?s={search_term_string}"},"query-input":{"@type":"PropertyValueSpecification","valueRequired":true,"valueName":"search_term_string"}}],"inLanguage":"fr-FR"},{"@type":["Person","Organization"],"@id":"https:\/\/www.thierry-groensteen.fr\/#\/schema\/person\/3695d4890604be69f280ebbb549210b5","name":"TG","image":{"@type":"ImageObject","inLanguage":"fr-FR","@id":"https:\/\/www.thierry-groensteen.fr\/wp-content\/uploads\/2023\/09\/logo_ThierryGroensteen_header.png","url":"https:\/\/www.thierry-groensteen.fr\/wp-content\/uploads\/2023\/09\/logo_ThierryGroensteen_header.png","contentUrl":"https:\/\/www.thierry-groensteen.fr\/wp-content\/uploads\/2023\/09\/logo_ThierryGroensteen_header.png","width":620,"height":240,"caption":"TG"},"logo":{"@id":"https:\/\/www.thierry-groensteen.fr\/wp-content\/uploads\/2023\/09\/logo_ThierryGroensteen_header.png"},"sameAs":["https:\/\/www.thierry-groensteen.fr"]},{"@type":"Person","@id":"https:\/\/www.thierry-groensteen.fr\/#\/schema\/person\/3695d4890604be69f280ebbb549210b5","name":"TG","image":{"@type":"ImageObject","inLanguage":"fr-FR","@id":"https:\/\/www.thierry-groensteen.fr\/wp-content\/uploads\/2023\/09\/logo_ThierryGroensteen_header.png","url":"https:\/\/www.thierry-groensteen.fr\/wp-content\/uploads\/2023\/09\/logo_ThierryGroensteen_header.png","contentUrl":"https:\/\/www.thierry-groensteen.fr\/wp-content\/uploads\/2023\/09\/logo_ThierryGroensteen_header.png","width":620,"height":240,"caption":"TG"},"sameAs":["https:\/\/www.thierry-groensteen.fr"],"url":"https:\/\/www.thierry-groensteen.fr\/index.php\/author\/admin5797\/"}]}},"_links":{"self":[{"href":"https:\/\/www.thierry-groensteen.fr\/index.php\/wp-json\/wp\/v2\/posts\/2882","targetHints":{"allow":["GET"]}}],"collection":[{"href":"https:\/\/www.thierry-groensteen.fr\/index.php\/wp-json\/wp\/v2\/posts"}],"about":[{"href":"https:\/\/www.thierry-groensteen.fr\/index.php\/wp-json\/wp\/v2\/types\/post"}],"author":[{"embeddable":true,"href":"https:\/\/www.thierry-groensteen.fr\/index.php\/wp-json\/wp\/v2\/users\/1"}],"replies":[{"embeddable":true,"href":"https:\/\/www.thierry-groensteen.fr\/index.php\/wp-json\/wp\/v2\/comments?post=2882"}],"version-history":[{"count":5,"href":"https:\/\/www.thierry-groensteen.fr\/index.php\/wp-json\/wp\/v2\/posts\/2882\/revisions"}],"predecessor-version":[{"id":2945,"href":"https:\/\/www.thierry-groensteen.fr\/index.php\/wp-json\/wp\/v2\/posts\/2882\/revisions\/2945"}],"wp:featuredmedia":[{"embeddable":true,"href":"https:\/\/www.thierry-groensteen.fr\/index.php\/wp-json\/wp\/v2\/media\/2888"}],"wp:attachment":[{"href":"https:\/\/www.thierry-groensteen.fr\/index.php\/wp-json\/wp\/v2\/media?parent=2882"}],"wp:term":[{"taxonomy":"category","embeddable":true,"href":"https:\/\/www.thierry-groensteen.fr\/index.php\/wp-json\/wp\/v2\/categories?post=2882"},{"taxonomy":"post_tag","embeddable":true,"href":"https:\/\/www.thierry-groensteen.fr\/index.php\/wp-json\/wp\/v2\/tags?post=2882"}],"curies":[{"name":"wp","href":"https:\/\/api.w.org\/{rel}","templated":true}]}}