{"id":2853,"date":"2024-03-02T00:05:26","date_gmt":"2024-03-01T23:05:26","guid":{"rendered":"https:\/\/www.thierry-groensteen.fr\/?p=2853"},"modified":"2024-02-23T11:27:23","modified_gmt":"2024-02-23T10:27:23","slug":"une-bande-dessinee-peut-elle-etre-decrite-avec-des-mots","status":"publish","type":"post","link":"https:\/\/www.thierry-groensteen.fr\/index.php\/2024\/03\/02\/une-bande-dessinee-peut-elle-etre-decrite-avec-des-mots\/","title":{"rendered":"Une bande dessin\u00e9e peut-elle \u00eatre d\u00e9crite avec des mots ?"},"content":{"rendered":"<p>Cela fait longtemps que des tentatives ont \u00e9t\u00e9 faites d\u2019adapter le langage de la bande dessin\u00e9e aux aveugles ou aux personnes souffrant d\u2019un d\u00e9ficit visuel. L\u2019on conna\u00eet des bandes dessin\u00e9es en braille (voir par exemple <a href=\"https:\/\/www.lucie-care.org\/bandes-dessinees-braille\/\">https:\/\/www.lucie-care.org\/bandes-dessinees-braille\/<\/a>) ou usant de syst\u00e8mes de relief (gaufrage) et de perforations. Il existe aussi, bien entendu, des adaptations audio, o\u00f9 le plaisir du dessin se perd mais o\u00f9 l\u2019immersion dans le r\u00e9cit est conserv\u00e9e (voir <a href=\"https:\/\/www.cteb.fr\/deficients-visuels-initiez-vous-a-la-bd-avec-laudio\/\">https:\/\/www.cteb.fr\/deficients-visuels-initiez-vous-a-la-bd-avec-laudio\/<\/a>) et des programmes radiophoniques de qualit\u00e9, comme les cinq aventures de Tintin adapt\u00e9es pour France Culture, avec la troupe de la Com\u00e9die fran\u00e7aise (on peut voir ici une vid\u00e9o sur le processus de r\u00e9alisation de ces \u00e9missions\u00a0: <a href=\"https:\/\/www.konbini.com\/videos\/tintin-de-la-bd-au-podcast-de-la-comedie-francaise\/\">https:\/\/www.konbini.com\/videos\/tintin-de-la-bd-au-podcast-de-la-comedie-francaise\/<\/a>).<\/p>\n<p>Mentionnons encore <em>Unseen<\/em>, de l\u2019acteur et producteur am\u00e9ricain Chad Allen, devenu compl\u00e8tement aveugle \u00e0 28 ans, tentative originale de \u00ab bande dessin\u00e9e \u00bb invent\u00e9e pour n\u2019exister que sous la forme sonore\u00a0: l\u2019auteur donne une description de chaque image\u00a0(qui n\u2019existe pas) ; les com\u00e9diens interpr\u00e8tent le texte\u00a0; un son signale le passage d\u2019une case (virtuelle, donc) \u00e0 la suivante. L\u2019h\u00e9ro\u00efne du r\u00e9cit, Afsana, elle-m\u00eame aveugle, est une tueuse d\u2019origine afghane, qui a le pouvoir de se rendre invisible (<a href=\"https:\/\/www.unseencomic.com\/\">https:\/\/www.unseencomic.com<\/a>).<\/p>\n<p>Un autre Am\u00e9ricain, Nick Sousanis, dont j\u2019ai publi\u00e9 en 2016, dans la collection \u00ab Actes Sud \u2013 L\u2019An 2 \u00bb, l\u2019album <em>Le D\u00e9ploiement<\/em> (aujourd\u2019hui \u00e9puis\u00e9, mais qui devrait \u00eatre r\u00e9imprim\u00e9 dans les prochains mois), r\u00e9fl\u00e9chit en ce moment \u00e0 la possibilit\u00e9 d\u2019en r\u00e9aliser une adaptation audio. Et, pour le coup, il s\u2019agirait d\u2019une tout autre paire de manches\u00a0! Il faut rappeler ici que <em>Le D\u00e9ploiement<\/em> n\u2019est rien moins que la premi\u00e8re th\u00e8se (en sciences de l&rsquo;\u00e9ducation) jamais r\u00e9alis\u00e9e sur le sol am\u00e9ricain <em>dans le langage de la bande dessin\u00e9e<\/em>. Sousanis l&rsquo;a soutenue en mai 2014 \u00e0 l&rsquo;universit\u00e9 de Columbia et elle a initialement \u00e9t\u00e9 publi\u00e9e en 2015 aux Presses universitaires de Harvard, sous le titre <em>Unflattening<\/em>. Il s\u2019agit d\u2019un ouvrage scientifique et didactique, entre s\u00e9miotique et \u00e9pist\u00e9mologie, dans lequel l\u2019auteur s&rsquo;int\u00e9resse aux limites de notre syst\u00e8me perceptif, \u00e0 nos conditionnements et aux moyens de nous en lib\u00e9rer pour d\u00e9ployer nos potentialit\u00e9s (multimodalit\u00e9, interdisciplinarit\u00e9, collaboration entre l&rsquo;image et le texte&#8230;). L\u2019album utilise avec une grande inventivit\u00e9 toutes les ressources de la pens\u00e9e visuelle (graphiques, dessin r\u00e9aliste, all\u00e9gories&#8230;).<\/p>\n<p>Comment adapter ce genre d\u2019ouvrage, dont le propos est complexe et dont les images ne sont pas reli\u00e9es les unes aux autres \u00e0 la fa\u00e7on dont une action peut \u00eatre d\u00e9coup\u00e9e\u00a0? Un ouvrage o\u00f9 il n\u2019y a pas de dialogues pouvant \u00eatre confi\u00e9 \u00e0 des com\u00e9diens\u00a0?<\/p>\n<p><img decoding=\"async\" class=\"lazyload aligncenter wp-image-2855 size-fusion-800\" src=\"https:\/\/www.thierry-groensteen.fr\/wp-content\/uploads\/2024\/02\/Sousanis-Comic-Beyond-Sight-800x544.jpg\" data-orig-src=\"https:\/\/www.thierry-groensteen.fr\/wp-content\/uploads\/2024\/02\/Sousanis-Comic-Beyond-Sight-800x544.jpg\" alt=\"Comics Beyond Sight, de Nick Sousanis\" width=\"800\" height=\"544\" srcset=\"data:image\/svg+xml,%3Csvg%20xmlns%3D%27http%3A%2F%2Fwww.w3.org%2F2000%2Fsvg%27%20width%3D%27800%27%20height%3D%27544%27%20viewBox%3D%270%200%20800%20544%27%3E%3Crect%20width%3D%27800%27%20height%3D%27544%27%20fill-opacity%3D%220%22%2F%3E%3C%2Fsvg%3E\" data-srcset=\"https:\/\/www.thierry-groensteen.fr\/wp-content\/uploads\/2024\/02\/Sousanis-Comic-Beyond-Sight-200x136.jpg 200w, https:\/\/www.thierry-groensteen.fr\/wp-content\/uploads\/2024\/02\/Sousanis-Comic-Beyond-Sight-300x204.jpg 300w, https:\/\/www.thierry-groensteen.fr\/wp-content\/uploads\/2024\/02\/Sousanis-Comic-Beyond-Sight-400x272.jpg 400w, https:\/\/www.thierry-groensteen.fr\/wp-content\/uploads\/2024\/02\/Sousanis-Comic-Beyond-Sight-600x408.jpg 600w, https:\/\/www.thierry-groensteen.fr\/wp-content\/uploads\/2024\/02\/Sousanis-Comic-Beyond-Sight-768x522.jpg 768w, https:\/\/www.thierry-groensteen.fr\/wp-content\/uploads\/2024\/02\/Sousanis-Comic-Beyond-Sight-800x544.jpg 800w, https:\/\/www.thierry-groensteen.fr\/wp-content\/uploads\/2024\/02\/Sousanis-Comic-Beyond-Sight.jpg 1024w\" data-sizes=\"auto\" data-orig-sizes=\"(max-width: 800px) 100vw, 800px\" \/><\/p>\n<p>Avec une coautrice, Emily Beitiks, sp\u00e9cialiste du handicap, Sousanis a r\u00e9alis\u00e9 une petite BD en deux pages, <em>Comics Beyond Sight<\/em>, publi\u00e9e en juin 2023 dans la <em>MIT Technology Review<\/em>, qui lui a servi de banc d\u2019essai. On peut voir la BD ici\u00a0: <a href=\"https:\/\/www.technologyreview.com\/2023\/06\/28\/1074341\/comics-beyond-sight\/\">https:\/\/www.technologyreview.com\/2023\/06\/28\/1074341\/comics-beyond-sight\/<\/a>, et \u00e9couter l\u2019adaptation sonore l\u00e0\u00a0: <a href=\"https:\/\/spinweaveandcut.com\/wp-content\/uploads\/2023\/06\/Audio-Comic.mp3\">https:\/\/spinweaveandcut.com\/wp-content\/uploads\/2023\/06\/Audio-Comic.mp3<\/a>. Cette tentative donne lieu aujourd\u2019hui \u00e0 une \u00e9valuation collective. Les questions qu\u2019elle soul\u00e8ve sont notamment\u00a0: quelle est la part de la dimension visuelle qui peut \u00eatre \u00ab rendue \u00bb par les mots \u2013 sur le mode, non d\u2019une interpr\u00e9tation, mais d\u2019une description, et qu\u2019est-ce qui se perd irr\u00e9m\u00e9diablement dans ce processus de traduction\u00a0? Les mots sont-ils capables de rendre justice au travail de l\u2019artiste\u00a0?<\/p>\n<p>Par-del\u00e0 l\u2019enjeu sp\u00e9cifique <em>comment mettre la bande dessin\u00e9e \u00e0 la port\u00e9e des mal voyants\u00a0?<\/em>, ce qui rend l\u2019exercice passionnant, ouvrant sur des horizons th\u00e9oriques que je ne peux d\u00e9velopper ici, est qu\u2019il pose la question d\u2019une <em>ekphrasis<\/em> de la bande dessin\u00e9e, de la possibilit\u00e9 de la rendre visible par le langage, dans toutes ses sp\u00e9cificit\u00e9s formelles.<\/p>\n","protected":false},"excerpt":{"rendered":"<p>Cela fait longtemps que des tentatives ont \u00e9t\u00e9 faites d\u2019adapter le langage de la bande dessin\u00e9e aux aveugles ou aux personnes souffrant d\u2019un d\u00e9ficit visuel. L\u2019on conna\u00eet des bandes dessin\u00e9es en braille (voir par exemple https:\/\/www.lucie-care.org\/bandes-dessinees-braille\/) ou usant de syst\u00e8mes de relief (gaufrage) et de perforations. Il existe aussi, bien entendu, des adaptations audio, [&hellip;]<\/p>\n","protected":false},"author":1,"featured_media":2856,"comment_status":"closed","ping_status":"closed","sticky":false,"template":"","format":"standard","meta":{"footnotes":""},"categories":[70],"tags":[],"class_list":["post-2853","post","type-post","status-publish","format-standard","has-post-thumbnail","hentry","category-mon-blog"],"acf":[],"yoast_head":"<!-- This site is optimized with the Yoast SEO plugin v27.5 - https:\/\/yoast.com\/product\/yoast-seo-wordpress\/ -->\n<title>Une bande dessin\u00e9e peut-elle \u00eatre d\u00e9crite avec des mots ? - le site de Thierry Groensteen<\/title>\n<meta name=\"robots\" content=\"index, follow, max-snippet:-1, max-image-preview:large, max-video-preview:-1\" \/>\n<link rel=\"canonical\" href=\"https:\/\/www.thierry-groensteen.fr\/index.php\/2024\/03\/02\/une-bande-dessinee-peut-elle-etre-decrite-avec-des-mots\/\" \/>\n<meta property=\"og:locale\" content=\"fr_FR\" \/>\n<meta property=\"og:type\" content=\"article\" \/>\n<meta property=\"og:title\" content=\"Une bande dessin\u00e9e peut-elle \u00eatre d\u00e9crite avec des mots ? - le site de Thierry Groensteen\" \/>\n<meta property=\"og:description\" content=\"Cela fait longtemps que des tentatives ont \u00e9t\u00e9 faites d\u2019adapter le langage de la bande dessin\u00e9e aux aveugles ou aux personnes souffrant d\u2019un d\u00e9ficit visuel. L\u2019on conna\u00eet des bandes dessin\u00e9es en braille (voir par exemple https:\/\/www.lucie-care.org\/bandes-dessinees-braille\/) ou usant de syst\u00e8mes de relief (gaufrage) et de perforations. Il existe aussi, bien entendu, des adaptations audio, [&hellip;]\" \/>\n<meta property=\"og:url\" content=\"https:\/\/www.thierry-groensteen.fr\/index.php\/2024\/03\/02\/une-bande-dessinee-peut-elle-etre-decrite-avec-des-mots\/\" \/>\n<meta property=\"og:site_name\" content=\"le site de Thierry Groensteen\" \/>\n<meta property=\"article:published_time\" content=\"2024-03-01T23:05:26+00:00\" \/>\n<meta property=\"og:image\" content=\"https:\/\/www.thierry-groensteen.fr\/wp-content\/uploads\/2024\/02\/Sousanis-Comic-Beyond-Sight-1-e1708682906808.jpg\" \/>\n\t<meta property=\"og:image:width\" content=\"1024\" \/>\n\t<meta property=\"og:image:height\" content=\"469\" \/>\n\t<meta property=\"og:image:type\" content=\"image\/jpeg\" \/>\n<meta name=\"author\" content=\"TG\" \/>\n<meta name=\"twitter:card\" content=\"summary_large_image\" \/>\n<meta name=\"twitter:label1\" content=\"\u00c9crit par\" \/>\n\t<meta name=\"twitter:data1\" content=\"TG\" \/>\n\t<meta name=\"twitter:label2\" content=\"Dur\u00e9e de lecture estim\u00e9e\" \/>\n\t<meta name=\"twitter:data2\" content=\"3 minutes\" \/>\n<script type=\"application\/ld+json\" class=\"yoast-schema-graph\">{\"@context\":\"https:\\\/\\\/schema.org\",\"@graph\":[{\"@type\":\"Article\",\"@id\":\"https:\\\/\\\/www.thierry-groensteen.fr\\\/index.php\\\/2024\\\/03\\\/02\\\/une-bande-dessinee-peut-elle-etre-decrite-avec-des-mots\\\/#article\",\"isPartOf\":{\"@id\":\"https:\\\/\\\/www.thierry-groensteen.fr\\\/index.php\\\/2024\\\/03\\\/02\\\/une-bande-dessinee-peut-elle-etre-decrite-avec-des-mots\\\/\"},\"author\":{\"name\":\"TG\",\"@id\":\"https:\\\/\\\/www.thierry-groensteen.fr\\\/#\\\/schema\\\/person\\\/3695d4890604be69f280ebbb549210b5\"},\"headline\":\"Une bande dessin\u00e9e peut-elle \u00eatre d\u00e9crite avec des mots ?\",\"datePublished\":\"2024-03-01T23:05:26+00:00\",\"mainEntityOfPage\":{\"@id\":\"https:\\\/\\\/www.thierry-groensteen.fr\\\/index.php\\\/2024\\\/03\\\/02\\\/une-bande-dessinee-peut-elle-etre-decrite-avec-des-mots\\\/\"},\"wordCount\":696,\"publisher\":{\"@id\":\"https:\\\/\\\/www.thierry-groensteen.fr\\\/#\\\/schema\\\/person\\\/3695d4890604be69f280ebbb549210b5\"},\"image\":{\"@id\":\"https:\\\/\\\/www.thierry-groensteen.fr\\\/index.php\\\/2024\\\/03\\\/02\\\/une-bande-dessinee-peut-elle-etre-decrite-avec-des-mots\\\/#primaryimage\"},\"thumbnailUrl\":\"https:\\\/\\\/www.thierry-groensteen.fr\\\/wp-content\\\/uploads\\\/2024\\\/02\\\/Sousanis-Comic-Beyond-Sight-1-e1708682906808.jpg\",\"articleSection\":[\"mon Blog\"],\"inLanguage\":\"fr-FR\"},{\"@type\":\"WebPage\",\"@id\":\"https:\\\/\\\/www.thierry-groensteen.fr\\\/index.php\\\/2024\\\/03\\\/02\\\/une-bande-dessinee-peut-elle-etre-decrite-avec-des-mots\\\/\",\"url\":\"https:\\\/\\\/www.thierry-groensteen.fr\\\/index.php\\\/2024\\\/03\\\/02\\\/une-bande-dessinee-peut-elle-etre-decrite-avec-des-mots\\\/\",\"name\":\"Une bande dessin\u00e9e peut-elle \u00eatre d\u00e9crite avec des mots ? - le site de Thierry Groensteen\",\"isPartOf\":{\"@id\":\"https:\\\/\\\/www.thierry-groensteen.fr\\\/#website\"},\"primaryImageOfPage\":{\"@id\":\"https:\\\/\\\/www.thierry-groensteen.fr\\\/index.php\\\/2024\\\/03\\\/02\\\/une-bande-dessinee-peut-elle-etre-decrite-avec-des-mots\\\/#primaryimage\"},\"image\":{\"@id\":\"https:\\\/\\\/www.thierry-groensteen.fr\\\/index.php\\\/2024\\\/03\\\/02\\\/une-bande-dessinee-peut-elle-etre-decrite-avec-des-mots\\\/#primaryimage\"},\"thumbnailUrl\":\"https:\\\/\\\/www.thierry-groensteen.fr\\\/wp-content\\\/uploads\\\/2024\\\/02\\\/Sousanis-Comic-Beyond-Sight-1-e1708682906808.jpg\",\"datePublished\":\"2024-03-01T23:05:26+00:00\",\"breadcrumb\":{\"@id\":\"https:\\\/\\\/www.thierry-groensteen.fr\\\/index.php\\\/2024\\\/03\\\/02\\\/une-bande-dessinee-peut-elle-etre-decrite-avec-des-mots\\\/#breadcrumb\"},\"inLanguage\":\"fr-FR\",\"potentialAction\":[{\"@type\":\"ReadAction\",\"target\":[\"https:\\\/\\\/www.thierry-groensteen.fr\\\/index.php\\\/2024\\\/03\\\/02\\\/une-bande-dessinee-peut-elle-etre-decrite-avec-des-mots\\\/\"]}]},{\"@type\":\"ImageObject\",\"inLanguage\":\"fr-FR\",\"@id\":\"https:\\\/\\\/www.thierry-groensteen.fr\\\/index.php\\\/2024\\\/03\\\/02\\\/une-bande-dessinee-peut-elle-etre-decrite-avec-des-mots\\\/#primaryimage\",\"url\":\"https:\\\/\\\/www.thierry-groensteen.fr\\\/wp-content\\\/uploads\\\/2024\\\/02\\\/Sousanis-Comic-Beyond-Sight-1-e1708682906808.jpg\",\"contentUrl\":\"https:\\\/\\\/www.thierry-groensteen.fr\\\/wp-content\\\/uploads\\\/2024\\\/02\\\/Sousanis-Comic-Beyond-Sight-1-e1708682906808.jpg\",\"width\":1024,\"height\":469,\"caption\":\"d\u00e9tail Comics Beyond Sight de Nick Soudains\"},{\"@type\":\"BreadcrumbList\",\"@id\":\"https:\\\/\\\/www.thierry-groensteen.fr\\\/index.php\\\/2024\\\/03\\\/02\\\/une-bande-dessinee-peut-elle-etre-decrite-avec-des-mots\\\/#breadcrumb\",\"itemListElement\":[{\"@type\":\"ListItem\",\"position\":1,\"name\":\"Accueil\",\"item\":\"https:\\\/\\\/www.thierry-groensteen.fr\\\/\"},{\"@type\":\"ListItem\",\"position\":2,\"name\":\"Une bande dessin\u00e9e peut-elle \u00eatre d\u00e9crite avec des mots ?\"}]},{\"@type\":\"WebSite\",\"@id\":\"https:\\\/\\\/www.thierry-groensteen.fr\\\/#website\",\"url\":\"https:\\\/\\\/www.thierry-groensteen.fr\\\/\",\"name\":\"le site de Thierry Groensteen\",\"description\":\"site officiel\",\"publisher\":{\"@id\":\"https:\\\/\\\/www.thierry-groensteen.fr\\\/#\\\/schema\\\/person\\\/3695d4890604be69f280ebbb549210b5\"},\"potentialAction\":[{\"@type\":\"SearchAction\",\"target\":{\"@type\":\"EntryPoint\",\"urlTemplate\":\"https:\\\/\\\/www.thierry-groensteen.fr\\\/?s={search_term_string}\"},\"query-input\":{\"@type\":\"PropertyValueSpecification\",\"valueRequired\":true,\"valueName\":\"search_term_string\"}}],\"inLanguage\":\"fr-FR\"},{\"@type\":[\"Person\",\"Organization\"],\"@id\":\"https:\\\/\\\/www.thierry-groensteen.fr\\\/#\\\/schema\\\/person\\\/3695d4890604be69f280ebbb549210b5\",\"name\":\"TG\",\"image\":{\"@type\":\"ImageObject\",\"inLanguage\":\"fr-FR\",\"@id\":\"https:\\\/\\\/www.thierry-groensteen.fr\\\/wp-content\\\/uploads\\\/2023\\\/09\\\/logo_ThierryGroensteen_header.png\",\"url\":\"https:\\\/\\\/www.thierry-groensteen.fr\\\/wp-content\\\/uploads\\\/2023\\\/09\\\/logo_ThierryGroensteen_header.png\",\"contentUrl\":\"https:\\\/\\\/www.thierry-groensteen.fr\\\/wp-content\\\/uploads\\\/2023\\\/09\\\/logo_ThierryGroensteen_header.png\",\"width\":620,\"height\":240,\"caption\":\"TG\"},\"logo\":{\"@id\":\"https:\\\/\\\/www.thierry-groensteen.fr\\\/wp-content\\\/uploads\\\/2023\\\/09\\\/logo_ThierryGroensteen_header.png\"},\"sameAs\":[\"https:\\\/\\\/www.thierry-groensteen.fr\"]},{\"@type\":\"Person\",\"@id\":\"https:\\\/\\\/www.thierry-groensteen.fr\\\/#\\\/schema\\\/person\\\/3695d4890604be69f280ebbb549210b5\",\"name\":\"TG\",\"image\":{\"@type\":\"ImageObject\",\"inLanguage\":\"fr-FR\",\"@id\":\"https:\\\/\\\/www.thierry-groensteen.fr\\\/wp-content\\\/uploads\\\/2023\\\/09\\\/logo_ThierryGroensteen_header.png\",\"url\":\"https:\\\/\\\/www.thierry-groensteen.fr\\\/wp-content\\\/uploads\\\/2023\\\/09\\\/logo_ThierryGroensteen_header.png\",\"contentUrl\":\"https:\\\/\\\/www.thierry-groensteen.fr\\\/wp-content\\\/uploads\\\/2023\\\/09\\\/logo_ThierryGroensteen_header.png\",\"width\":620,\"height\":240,\"caption\":\"TG\"},\"sameAs\":[\"https:\\\/\\\/www.thierry-groensteen.fr\"],\"url\":\"https:\\\/\\\/www.thierry-groensteen.fr\\\/index.php\\\/author\\\/admin5797\\\/\"}]}<\/script>\n<!-- \/ Yoast SEO plugin. -->","yoast_head_json":{"title":"Une bande dessin\u00e9e peut-elle \u00eatre d\u00e9crite avec des mots ? - le site de Thierry Groensteen","robots":{"index":"index","follow":"follow","max-snippet":"max-snippet:-1","max-image-preview":"max-image-preview:large","max-video-preview":"max-video-preview:-1"},"canonical":"https:\/\/www.thierry-groensteen.fr\/index.php\/2024\/03\/02\/une-bande-dessinee-peut-elle-etre-decrite-avec-des-mots\/","og_locale":"fr_FR","og_type":"article","og_title":"Une bande dessin\u00e9e peut-elle \u00eatre d\u00e9crite avec des mots ? - le site de Thierry Groensteen","og_description":"Cela fait longtemps que des tentatives ont \u00e9t\u00e9 faites d\u2019adapter le langage de la bande dessin\u00e9e aux aveugles ou aux personnes souffrant d\u2019un d\u00e9ficit visuel. L\u2019on conna\u00eet des bandes dessin\u00e9es en braille (voir par exemple https:\/\/www.lucie-care.org\/bandes-dessinees-braille\/) ou usant de syst\u00e8mes de relief (gaufrage) et de perforations. Il existe aussi, bien entendu, des adaptations audio, [&hellip;]","og_url":"https:\/\/www.thierry-groensteen.fr\/index.php\/2024\/03\/02\/une-bande-dessinee-peut-elle-etre-decrite-avec-des-mots\/","og_site_name":"le site de Thierry Groensteen","article_published_time":"2024-03-01T23:05:26+00:00","og_image":[{"width":1024,"height":469,"url":"https:\/\/www.thierry-groensteen.fr\/wp-content\/uploads\/2024\/02\/Sousanis-Comic-Beyond-Sight-1-e1708682906808.jpg","type":"image\/jpeg"}],"author":"TG","twitter_card":"summary_large_image","twitter_misc":{"\u00c9crit par":"TG","Dur\u00e9e de lecture estim\u00e9e":"3 minutes"},"schema":{"@context":"https:\/\/schema.org","@graph":[{"@type":"Article","@id":"https:\/\/www.thierry-groensteen.fr\/index.php\/2024\/03\/02\/une-bande-dessinee-peut-elle-etre-decrite-avec-des-mots\/#article","isPartOf":{"@id":"https:\/\/www.thierry-groensteen.fr\/index.php\/2024\/03\/02\/une-bande-dessinee-peut-elle-etre-decrite-avec-des-mots\/"},"author":{"name":"TG","@id":"https:\/\/www.thierry-groensteen.fr\/#\/schema\/person\/3695d4890604be69f280ebbb549210b5"},"headline":"Une bande dessin\u00e9e peut-elle \u00eatre d\u00e9crite avec des mots ?","datePublished":"2024-03-01T23:05:26+00:00","mainEntityOfPage":{"@id":"https:\/\/www.thierry-groensteen.fr\/index.php\/2024\/03\/02\/une-bande-dessinee-peut-elle-etre-decrite-avec-des-mots\/"},"wordCount":696,"publisher":{"@id":"https:\/\/www.thierry-groensteen.fr\/#\/schema\/person\/3695d4890604be69f280ebbb549210b5"},"image":{"@id":"https:\/\/www.thierry-groensteen.fr\/index.php\/2024\/03\/02\/une-bande-dessinee-peut-elle-etre-decrite-avec-des-mots\/#primaryimage"},"thumbnailUrl":"https:\/\/www.thierry-groensteen.fr\/wp-content\/uploads\/2024\/02\/Sousanis-Comic-Beyond-Sight-1-e1708682906808.jpg","articleSection":["mon Blog"],"inLanguage":"fr-FR"},{"@type":"WebPage","@id":"https:\/\/www.thierry-groensteen.fr\/index.php\/2024\/03\/02\/une-bande-dessinee-peut-elle-etre-decrite-avec-des-mots\/","url":"https:\/\/www.thierry-groensteen.fr\/index.php\/2024\/03\/02\/une-bande-dessinee-peut-elle-etre-decrite-avec-des-mots\/","name":"Une bande dessin\u00e9e peut-elle \u00eatre d\u00e9crite avec des mots ? - le site de Thierry Groensteen","isPartOf":{"@id":"https:\/\/www.thierry-groensteen.fr\/#website"},"primaryImageOfPage":{"@id":"https:\/\/www.thierry-groensteen.fr\/index.php\/2024\/03\/02\/une-bande-dessinee-peut-elle-etre-decrite-avec-des-mots\/#primaryimage"},"image":{"@id":"https:\/\/www.thierry-groensteen.fr\/index.php\/2024\/03\/02\/une-bande-dessinee-peut-elle-etre-decrite-avec-des-mots\/#primaryimage"},"thumbnailUrl":"https:\/\/www.thierry-groensteen.fr\/wp-content\/uploads\/2024\/02\/Sousanis-Comic-Beyond-Sight-1-e1708682906808.jpg","datePublished":"2024-03-01T23:05:26+00:00","breadcrumb":{"@id":"https:\/\/www.thierry-groensteen.fr\/index.php\/2024\/03\/02\/une-bande-dessinee-peut-elle-etre-decrite-avec-des-mots\/#breadcrumb"},"inLanguage":"fr-FR","potentialAction":[{"@type":"ReadAction","target":["https:\/\/www.thierry-groensteen.fr\/index.php\/2024\/03\/02\/une-bande-dessinee-peut-elle-etre-decrite-avec-des-mots\/"]}]},{"@type":"ImageObject","inLanguage":"fr-FR","@id":"https:\/\/www.thierry-groensteen.fr\/index.php\/2024\/03\/02\/une-bande-dessinee-peut-elle-etre-decrite-avec-des-mots\/#primaryimage","url":"https:\/\/www.thierry-groensteen.fr\/wp-content\/uploads\/2024\/02\/Sousanis-Comic-Beyond-Sight-1-e1708682906808.jpg","contentUrl":"https:\/\/www.thierry-groensteen.fr\/wp-content\/uploads\/2024\/02\/Sousanis-Comic-Beyond-Sight-1-e1708682906808.jpg","width":1024,"height":469,"caption":"d\u00e9tail Comics Beyond Sight de Nick Soudains"},{"@type":"BreadcrumbList","@id":"https:\/\/www.thierry-groensteen.fr\/index.php\/2024\/03\/02\/une-bande-dessinee-peut-elle-etre-decrite-avec-des-mots\/#breadcrumb","itemListElement":[{"@type":"ListItem","position":1,"name":"Accueil","item":"https:\/\/www.thierry-groensteen.fr\/"},{"@type":"ListItem","position":2,"name":"Une bande dessin\u00e9e peut-elle \u00eatre d\u00e9crite avec des mots ?"}]},{"@type":"WebSite","@id":"https:\/\/www.thierry-groensteen.fr\/#website","url":"https:\/\/www.thierry-groensteen.fr\/","name":"le site de Thierry Groensteen","description":"site officiel","publisher":{"@id":"https:\/\/www.thierry-groensteen.fr\/#\/schema\/person\/3695d4890604be69f280ebbb549210b5"},"potentialAction":[{"@type":"SearchAction","target":{"@type":"EntryPoint","urlTemplate":"https:\/\/www.thierry-groensteen.fr\/?s={search_term_string}"},"query-input":{"@type":"PropertyValueSpecification","valueRequired":true,"valueName":"search_term_string"}}],"inLanguage":"fr-FR"},{"@type":["Person","Organization"],"@id":"https:\/\/www.thierry-groensteen.fr\/#\/schema\/person\/3695d4890604be69f280ebbb549210b5","name":"TG","image":{"@type":"ImageObject","inLanguage":"fr-FR","@id":"https:\/\/www.thierry-groensteen.fr\/wp-content\/uploads\/2023\/09\/logo_ThierryGroensteen_header.png","url":"https:\/\/www.thierry-groensteen.fr\/wp-content\/uploads\/2023\/09\/logo_ThierryGroensteen_header.png","contentUrl":"https:\/\/www.thierry-groensteen.fr\/wp-content\/uploads\/2023\/09\/logo_ThierryGroensteen_header.png","width":620,"height":240,"caption":"TG"},"logo":{"@id":"https:\/\/www.thierry-groensteen.fr\/wp-content\/uploads\/2023\/09\/logo_ThierryGroensteen_header.png"},"sameAs":["https:\/\/www.thierry-groensteen.fr"]},{"@type":"Person","@id":"https:\/\/www.thierry-groensteen.fr\/#\/schema\/person\/3695d4890604be69f280ebbb549210b5","name":"TG","image":{"@type":"ImageObject","inLanguage":"fr-FR","@id":"https:\/\/www.thierry-groensteen.fr\/wp-content\/uploads\/2023\/09\/logo_ThierryGroensteen_header.png","url":"https:\/\/www.thierry-groensteen.fr\/wp-content\/uploads\/2023\/09\/logo_ThierryGroensteen_header.png","contentUrl":"https:\/\/www.thierry-groensteen.fr\/wp-content\/uploads\/2023\/09\/logo_ThierryGroensteen_header.png","width":620,"height":240,"caption":"TG"},"sameAs":["https:\/\/www.thierry-groensteen.fr"],"url":"https:\/\/www.thierry-groensteen.fr\/index.php\/author\/admin5797\/"}]}},"_links":{"self":[{"href":"https:\/\/www.thierry-groensteen.fr\/index.php\/wp-json\/wp\/v2\/posts\/2853","targetHints":{"allow":["GET"]}}],"collection":[{"href":"https:\/\/www.thierry-groensteen.fr\/index.php\/wp-json\/wp\/v2\/posts"}],"about":[{"href":"https:\/\/www.thierry-groensteen.fr\/index.php\/wp-json\/wp\/v2\/types\/post"}],"author":[{"embeddable":true,"href":"https:\/\/www.thierry-groensteen.fr\/index.php\/wp-json\/wp\/v2\/users\/1"}],"replies":[{"embeddable":true,"href":"https:\/\/www.thierry-groensteen.fr\/index.php\/wp-json\/wp\/v2\/comments?post=2853"}],"version-history":[{"count":3,"href":"https:\/\/www.thierry-groensteen.fr\/index.php\/wp-json\/wp\/v2\/posts\/2853\/revisions"}],"predecessor-version":[{"id":2858,"href":"https:\/\/www.thierry-groensteen.fr\/index.php\/wp-json\/wp\/v2\/posts\/2853\/revisions\/2858"}],"wp:featuredmedia":[{"embeddable":true,"href":"https:\/\/www.thierry-groensteen.fr\/index.php\/wp-json\/wp\/v2\/media\/2856"}],"wp:attachment":[{"href":"https:\/\/www.thierry-groensteen.fr\/index.php\/wp-json\/wp\/v2\/media?parent=2853"}],"wp:term":[{"taxonomy":"category","embeddable":true,"href":"https:\/\/www.thierry-groensteen.fr\/index.php\/wp-json\/wp\/v2\/categories?post=2853"},{"taxonomy":"post_tag","embeddable":true,"href":"https:\/\/www.thierry-groensteen.fr\/index.php\/wp-json\/wp\/v2\/tags?post=2853"}],"curies":[{"name":"wp","href":"https:\/\/api.w.org\/{rel}","templated":true}]}}