{"id":2668,"date":"2023-12-01T00:05:39","date_gmt":"2023-11-30T23:05:39","guid":{"rendered":"https:\/\/www.thierry-groensteen.fr\/?p=2668"},"modified":"2023-12-01T13:06:58","modified_gmt":"2023-12-01T12:06:58","slug":"le-musee-ideal-de-lart-animalier","status":"publish","type":"post","link":"https:\/\/www.thierry-groensteen.fr\/index.php\/2023\/12\/01\/le-musee-ideal-de-lart-animalier\/","title":{"rendered":"Le mus\u00e9e id\u00e9al de l\u2019art animalier"},"content":{"rendered":"<p>No\u00ebl approchant, je m\u2019autoriserai ici une page d\u2019auto-publicit\u00e9 en informant les internautes \u00e0 la recherche d\u2019un cadeau que j\u2019ai publi\u00e9 cet automne un beau livre consacr\u00e9 \u00e0 l\u2019art animalier, que l\u2019on peut encore trouver (ou commander) dans toutes les bonnes librairies. J\u2019ai racont\u00e9 dans mes m\u00e9moires, <em>Une vie dans les cases<\/em>, comment j\u2019en suis arriv\u00e9 \u00e0 \u00e9crire <em>Belles B\u00eates<\/em>, un ouvrage sortant de ma sp\u00e9cialit\u00e9 habituelle (et qui n&rsquo;\u00e9tait encore alors qu\u2019\u00e0 l\u2019\u00e9tat de projet). Je reprends ici cette explication.<\/p>\n<p>&nbsp;<\/p>\n<p>Mon amour des animaux, exprim\u00e9 dans mon roman <em>Parole de singe<\/em>, m\u2019a conduit de longue date \u00e0 m\u2019int\u00e9resser \u00e0 l\u2019art animalier. Autant que je sache, il n\u2019existe aucun mus\u00e9e dans le monde qui se soit sp\u00e9cialis\u00e9 dans les \u0153uvres \u2013 de toutes natures, de toutes \u00e9poques et de toutes provenances \u2013 mettant en sc\u00e8ne le monde animal. Cela ne laisse pas de m\u2019\u00e9tonner, car je suis persuad\u00e9 qu\u2019un tel \u00e9tablissement serait populaire et tr\u00e8s visit\u00e9. Ce constat m\u2019a inspir\u00e9, en 2013, un projet de s\u00e9rie pour la t\u00e9l\u00e9vision, dont l\u2019action aurait pour cadre une petite ville c\u00e9l\u00e8bre pour poss\u00e9der un remarquable parc zoologique, et qui,\u00a0avec le concours d\u2019un architecte renomm\u00e9, r\u00e9ussirait un coup d\u2019\u00e9clat en ouvrant un tr\u00e8s grand et spectaculaire mus\u00e9e de l\u2019art animalier. J\u2019avais en t\u00eate l\u2019impact formidable qu\u2019a eu, \u00e0 Bilbao, l\u2019ouverture du mus\u00e9e Guggenheim construit par Frank Gehry.<\/p>\n<p>La s\u00e9rie aurait relat\u00e9, dans une premi\u00e8re saison, le processus de d\u00e9cision conduisant \u00e0 l\u2019\u00e9dification du mus\u00e9e, les oppositions et difficult\u00e9s rencontr\u00e9es, la constitution des collections par une \u00e9quipe d\u2019historiens d\u2019art parcourant le monde \u00e0 la recherche de pi\u00e8ces exceptionnelles. Ma double connaissance de l\u2019art animalier et du fonctionnement d\u2019un mus\u00e9e aurait trouv\u00e9 l\u00e0 \u00e0 s\u2019employer. Les saisons suivantes auraient \u00e9t\u00e9 fond\u00e9es sur une mise en parall\u00e8le entre la vie du zoo (les animaux vivants) et celle du mus\u00e9e (leur repr\u00e9sentation), non sans faire r\u00e9f\u00e9rence, en toile de fond, \u00e0 la r\u00e9duction dramatique que conna\u00eet ces derni\u00e8res ann\u00e9es la biodiversit\u00e9 (leur extinction).<\/p>\n<p>Je ne suis pas introduit dans le milieu audiovisuel et je ne pense pas avoir ni l\u2019\u00e9nergie ni les comp\u00e9tences pour faire mes d\u00e9buts de sc\u00e9nariste pour la t\u00e9l\u00e9vision, sur un projet aussi ambitieux. Il est donc demeur\u00e9 \u00e0 l\u2019\u00e9tat de r\u00eaverie, mais bient\u00f4t celle-ci a pris une orientation diff\u00e9rente. L\u2019id\u00e9e d\u2019un tel mus\u00e9e insistait en moi, jusqu\u2019\u00e0 devenir obsessionnelle. Plut\u00f4t que de le faire exister dans la fiction, pourquoi ne pas essayer de le concr\u00e9tiser pour de vrai\u00a0? Cela m\u2019aurait diablement excit\u00e9 de terminer ma vie professionnelle en relevant ce d\u00e9fi\u00a0: porter le projet d\u2019un nouveau mus\u00e9e, en d\u00e9velopper le concept et en r\u00e9unir les collections. Deux conditions apparaissaient d\u2019embl\u00e9e indispensables\u00a0: \u00eatre appuy\u00e9 par une volont\u00e9 politique, et disposer de moyens financiers importants. Il ne doit pas manquer, en France, de villes moyennes sur le d\u00e9clin, qui poss\u00e8dent un patrimoine immobilier laiss\u00e9 en friche, en attente de reconversion, et d\u2019\u00e9lus \u00e0 la recherche de projets innovants qui pourraient apporter \u00e0 leur territoire un regain de notori\u00e9t\u00e9 et d\u2019attractivit\u00e9. Le fait de ne pas savoir \u00e0 quelle porte frapper et la crainte de ne pas \u00eatre pris au s\u00e9rieux m\u2019ont emp\u00each\u00e9 de passer \u00e0 l\u2019acte.<\/p>\n<p>Et c\u2019est ainsi que j\u2019en suis venu \u00e0 \u00e9crire <em>Belles B\u00eates<\/em>, autour de pr\u00e8s de 80 \u0153uvres longuement comment\u00e9es, qui, somme toute, constituent une sorte de mus\u00e9e id\u00e9al de l\u2019art animalier, et que l\u2019on n\u2019aura jamais l\u2019occasion de d\u00e9couvrir c\u00f4te \u00e0 c\u00f4te ailleurs que dans les pages d\u2019un livre.<\/p>\n<p><strong><em>Belles b\u00eates<\/em><\/strong>, Nouvelles \u00c9ditions Scala, 35 \u20ac, 192 pages, 96 illustrations. ISBN\u00a0: 978-2-35988-287-2<\/p>\n","protected":false},"excerpt":{"rendered":"<p>No\u00ebl approchant, je m\u2019autoriserai ici une page d\u2019auto-publicit\u00e9 en informant les internautes \u00e0 la recherche d\u2019un cadeau que j\u2019ai publi\u00e9 cet automne un beau livre consacr\u00e9 \u00e0 l\u2019art animalier, que l\u2019on peut encore trouver (ou commander) dans toutes les bonnes librairies. J\u2019ai racont\u00e9 dans mes m\u00e9moires, Une vie dans les cases, comment j\u2019en suis [&hellip;]<\/p>\n","protected":false},"author":1,"featured_media":2670,"comment_status":"closed","ping_status":"closed","sticky":false,"template":"","format":"standard","meta":{"footnotes":""},"categories":[70],"tags":[],"class_list":["post-2668","post","type-post","status-publish","format-standard","has-post-thumbnail","hentry","category-mon-blog"],"acf":[],"yoast_head":"<!-- This site is optimized with the Yoast SEO plugin v27.5 - https:\/\/yoast.com\/product\/yoast-seo-wordpress\/ -->\n<title>Le mus\u00e9e id\u00e9al de l\u2019art animalier - le site de Thierry Groensteen<\/title>\n<meta name=\"robots\" content=\"index, follow, max-snippet:-1, max-image-preview:large, max-video-preview:-1\" \/>\n<link rel=\"canonical\" href=\"https:\/\/www.thierry-groensteen.fr\/index.php\/2023\/12\/01\/le-musee-ideal-de-lart-animalier\/\" \/>\n<meta property=\"og:locale\" content=\"fr_FR\" \/>\n<meta property=\"og:type\" content=\"article\" \/>\n<meta property=\"og:title\" content=\"Le mus\u00e9e id\u00e9al de l\u2019art animalier - le site de Thierry Groensteen\" \/>\n<meta property=\"og:description\" content=\"No\u00ebl approchant, je m\u2019autoriserai ici une page d\u2019auto-publicit\u00e9 en informant les internautes \u00e0 la recherche d\u2019un cadeau que j\u2019ai publi\u00e9 cet automne un beau livre consacr\u00e9 \u00e0 l\u2019art animalier, que l\u2019on peut encore trouver (ou commander) dans toutes les bonnes librairies. J\u2019ai racont\u00e9 dans mes m\u00e9moires, Une vie dans les cases, comment j\u2019en suis [&hellip;]\" \/>\n<meta property=\"og:url\" content=\"https:\/\/www.thierry-groensteen.fr\/index.php\/2023\/12\/01\/le-musee-ideal-de-lart-animalier\/\" \/>\n<meta property=\"og:site_name\" content=\"le site de Thierry Groensteen\" \/>\n<meta property=\"article:published_time\" content=\"2023-11-30T23:05:39+00:00\" \/>\n<meta property=\"article:modified_time\" content=\"2023-12-01T12:06:58+00:00\" \/>\n<meta property=\"og:image\" content=\"https:\/\/www.thierry-groensteen.fr\/wp-content\/uploads\/2023\/11\/Belles-Betes-e1700576049619.jpg\" \/>\n\t<meta property=\"og:image:width\" content=\"385\" \/>\n\t<meta property=\"og:image:height\" content=\"176\" \/>\n\t<meta property=\"og:image:type\" content=\"image\/jpeg\" \/>\n<meta name=\"author\" content=\"TG\" \/>\n<meta name=\"twitter:card\" content=\"summary_large_image\" \/>\n<meta name=\"twitter:label1\" content=\"\u00c9crit par\" \/>\n\t<meta name=\"twitter:data1\" content=\"TG\" \/>\n\t<meta name=\"twitter:label2\" content=\"Dur\u00e9e de lecture estim\u00e9e\" \/>\n\t<meta name=\"twitter:data2\" content=\"3 minutes\" \/>\n<script type=\"application\/ld+json\" class=\"yoast-schema-graph\">{\"@context\":\"https:\\\/\\\/schema.org\",\"@graph\":[{\"@type\":\"Article\",\"@id\":\"https:\\\/\\\/www.thierry-groensteen.fr\\\/index.php\\\/2023\\\/12\\\/01\\\/le-musee-ideal-de-lart-animalier\\\/#article\",\"isPartOf\":{\"@id\":\"https:\\\/\\\/www.thierry-groensteen.fr\\\/index.php\\\/2023\\\/12\\\/01\\\/le-musee-ideal-de-lart-animalier\\\/\"},\"author\":{\"name\":\"TG\",\"@id\":\"https:\\\/\\\/www.thierry-groensteen.fr\\\/#\\\/schema\\\/person\\\/3695d4890604be69f280ebbb549210b5\"},\"headline\":\"Le mus\u00e9e id\u00e9al de l\u2019art animalier\",\"datePublished\":\"2023-11-30T23:05:39+00:00\",\"dateModified\":\"2023-12-01T12:06:58+00:00\",\"mainEntityOfPage\":{\"@id\":\"https:\\\/\\\/www.thierry-groensteen.fr\\\/index.php\\\/2023\\\/12\\\/01\\\/le-musee-ideal-de-lart-animalier\\\/\"},\"wordCount\":688,\"publisher\":{\"@id\":\"https:\\\/\\\/www.thierry-groensteen.fr\\\/#\\\/schema\\\/person\\\/3695d4890604be69f280ebbb549210b5\"},\"image\":{\"@id\":\"https:\\\/\\\/www.thierry-groensteen.fr\\\/index.php\\\/2023\\\/12\\\/01\\\/le-musee-ideal-de-lart-animalier\\\/#primaryimage\"},\"thumbnailUrl\":\"https:\\\/\\\/www.thierry-groensteen.fr\\\/wp-content\\\/uploads\\\/2023\\\/11\\\/Belles-Betes-e1700576049619.jpg\",\"articleSection\":[\"mon Blog\"],\"inLanguage\":\"fr-FR\"},{\"@type\":\"WebPage\",\"@id\":\"https:\\\/\\\/www.thierry-groensteen.fr\\\/index.php\\\/2023\\\/12\\\/01\\\/le-musee-ideal-de-lart-animalier\\\/\",\"url\":\"https:\\\/\\\/www.thierry-groensteen.fr\\\/index.php\\\/2023\\\/12\\\/01\\\/le-musee-ideal-de-lart-animalier\\\/\",\"name\":\"Le mus\u00e9e id\u00e9al de l\u2019art animalier - le site de Thierry Groensteen\",\"isPartOf\":{\"@id\":\"https:\\\/\\\/www.thierry-groensteen.fr\\\/#website\"},\"primaryImageOfPage\":{\"@id\":\"https:\\\/\\\/www.thierry-groensteen.fr\\\/index.php\\\/2023\\\/12\\\/01\\\/le-musee-ideal-de-lart-animalier\\\/#primaryimage\"},\"image\":{\"@id\":\"https:\\\/\\\/www.thierry-groensteen.fr\\\/index.php\\\/2023\\\/12\\\/01\\\/le-musee-ideal-de-lart-animalier\\\/#primaryimage\"},\"thumbnailUrl\":\"https:\\\/\\\/www.thierry-groensteen.fr\\\/wp-content\\\/uploads\\\/2023\\\/11\\\/Belles-Betes-e1700576049619.jpg\",\"datePublished\":\"2023-11-30T23:05:39+00:00\",\"dateModified\":\"2023-12-01T12:06:58+00:00\",\"breadcrumb\":{\"@id\":\"https:\\\/\\\/www.thierry-groensteen.fr\\\/index.php\\\/2023\\\/12\\\/01\\\/le-musee-ideal-de-lart-animalier\\\/#breadcrumb\"},\"inLanguage\":\"fr-FR\",\"potentialAction\":[{\"@type\":\"ReadAction\",\"target\":[\"https:\\\/\\\/www.thierry-groensteen.fr\\\/index.php\\\/2023\\\/12\\\/01\\\/le-musee-ideal-de-lart-animalier\\\/\"]}]},{\"@type\":\"ImageObject\",\"inLanguage\":\"fr-FR\",\"@id\":\"https:\\\/\\\/www.thierry-groensteen.fr\\\/index.php\\\/2023\\\/12\\\/01\\\/le-musee-ideal-de-lart-animalier\\\/#primaryimage\",\"url\":\"https:\\\/\\\/www.thierry-groensteen.fr\\\/wp-content\\\/uploads\\\/2023\\\/11\\\/Belles-Betes-e1700576049619.jpg\",\"contentUrl\":\"https:\\\/\\\/www.thierry-groensteen.fr\\\/wp-content\\\/uploads\\\/2023\\\/11\\\/Belles-Betes-e1700576049619.jpg\",\"width\":385,\"height\":176},{\"@type\":\"BreadcrumbList\",\"@id\":\"https:\\\/\\\/www.thierry-groensteen.fr\\\/index.php\\\/2023\\\/12\\\/01\\\/le-musee-ideal-de-lart-animalier\\\/#breadcrumb\",\"itemListElement\":[{\"@type\":\"ListItem\",\"position\":1,\"name\":\"Accueil\",\"item\":\"https:\\\/\\\/www.thierry-groensteen.fr\\\/\"},{\"@type\":\"ListItem\",\"position\":2,\"name\":\"Le mus\u00e9e id\u00e9al de l\u2019art animalier\"}]},{\"@type\":\"WebSite\",\"@id\":\"https:\\\/\\\/www.thierry-groensteen.fr\\\/#website\",\"url\":\"https:\\\/\\\/www.thierry-groensteen.fr\\\/\",\"name\":\"le site de Thierry Groensteen\",\"description\":\"site officiel\",\"publisher\":{\"@id\":\"https:\\\/\\\/www.thierry-groensteen.fr\\\/#\\\/schema\\\/person\\\/3695d4890604be69f280ebbb549210b5\"},\"potentialAction\":[{\"@type\":\"SearchAction\",\"target\":{\"@type\":\"EntryPoint\",\"urlTemplate\":\"https:\\\/\\\/www.thierry-groensteen.fr\\\/?s={search_term_string}\"},\"query-input\":{\"@type\":\"PropertyValueSpecification\",\"valueRequired\":true,\"valueName\":\"search_term_string\"}}],\"inLanguage\":\"fr-FR\"},{\"@type\":[\"Person\",\"Organization\"],\"@id\":\"https:\\\/\\\/www.thierry-groensteen.fr\\\/#\\\/schema\\\/person\\\/3695d4890604be69f280ebbb549210b5\",\"name\":\"TG\",\"image\":{\"@type\":\"ImageObject\",\"inLanguage\":\"fr-FR\",\"@id\":\"https:\\\/\\\/www.thierry-groensteen.fr\\\/wp-content\\\/uploads\\\/2023\\\/09\\\/logo_ThierryGroensteen_header.png\",\"url\":\"https:\\\/\\\/www.thierry-groensteen.fr\\\/wp-content\\\/uploads\\\/2023\\\/09\\\/logo_ThierryGroensteen_header.png\",\"contentUrl\":\"https:\\\/\\\/www.thierry-groensteen.fr\\\/wp-content\\\/uploads\\\/2023\\\/09\\\/logo_ThierryGroensteen_header.png\",\"width\":620,\"height\":240,\"caption\":\"TG\"},\"logo\":{\"@id\":\"https:\\\/\\\/www.thierry-groensteen.fr\\\/wp-content\\\/uploads\\\/2023\\\/09\\\/logo_ThierryGroensteen_header.png\"},\"sameAs\":[\"https:\\\/\\\/www.thierry-groensteen.fr\"]},{\"@type\":\"Person\",\"@id\":\"https:\\\/\\\/www.thierry-groensteen.fr\\\/#\\\/schema\\\/person\\\/3695d4890604be69f280ebbb549210b5\",\"name\":\"TG\",\"image\":{\"@type\":\"ImageObject\",\"inLanguage\":\"fr-FR\",\"@id\":\"https:\\\/\\\/www.thierry-groensteen.fr\\\/wp-content\\\/uploads\\\/2023\\\/09\\\/logo_ThierryGroensteen_header.png\",\"url\":\"https:\\\/\\\/www.thierry-groensteen.fr\\\/wp-content\\\/uploads\\\/2023\\\/09\\\/logo_ThierryGroensteen_header.png\",\"contentUrl\":\"https:\\\/\\\/www.thierry-groensteen.fr\\\/wp-content\\\/uploads\\\/2023\\\/09\\\/logo_ThierryGroensteen_header.png\",\"width\":620,\"height\":240,\"caption\":\"TG\"},\"sameAs\":[\"https:\\\/\\\/www.thierry-groensteen.fr\"],\"url\":\"https:\\\/\\\/www.thierry-groensteen.fr\\\/index.php\\\/author\\\/admin5797\\\/\"}]}<\/script>\n<!-- \/ Yoast SEO plugin. -->","yoast_head_json":{"title":"Le mus\u00e9e id\u00e9al de l\u2019art animalier - le site de Thierry Groensteen","robots":{"index":"index","follow":"follow","max-snippet":"max-snippet:-1","max-image-preview":"max-image-preview:large","max-video-preview":"max-video-preview:-1"},"canonical":"https:\/\/www.thierry-groensteen.fr\/index.php\/2023\/12\/01\/le-musee-ideal-de-lart-animalier\/","og_locale":"fr_FR","og_type":"article","og_title":"Le mus\u00e9e id\u00e9al de l\u2019art animalier - le site de Thierry Groensteen","og_description":"No\u00ebl approchant, je m\u2019autoriserai ici une page d\u2019auto-publicit\u00e9 en informant les internautes \u00e0 la recherche d\u2019un cadeau que j\u2019ai publi\u00e9 cet automne un beau livre consacr\u00e9 \u00e0 l\u2019art animalier, que l\u2019on peut encore trouver (ou commander) dans toutes les bonnes librairies. J\u2019ai racont\u00e9 dans mes m\u00e9moires, Une vie dans les cases, comment j\u2019en suis [&hellip;]","og_url":"https:\/\/www.thierry-groensteen.fr\/index.php\/2023\/12\/01\/le-musee-ideal-de-lart-animalier\/","og_site_name":"le site de Thierry Groensteen","article_published_time":"2023-11-30T23:05:39+00:00","article_modified_time":"2023-12-01T12:06:58+00:00","og_image":[{"width":385,"height":176,"url":"https:\/\/www.thierry-groensteen.fr\/wp-content\/uploads\/2023\/11\/Belles-Betes-e1700576049619.jpg","type":"image\/jpeg"}],"author":"TG","twitter_card":"summary_large_image","twitter_misc":{"\u00c9crit par":"TG","Dur\u00e9e de lecture estim\u00e9e":"3 minutes"},"schema":{"@context":"https:\/\/schema.org","@graph":[{"@type":"Article","@id":"https:\/\/www.thierry-groensteen.fr\/index.php\/2023\/12\/01\/le-musee-ideal-de-lart-animalier\/#article","isPartOf":{"@id":"https:\/\/www.thierry-groensteen.fr\/index.php\/2023\/12\/01\/le-musee-ideal-de-lart-animalier\/"},"author":{"name":"TG","@id":"https:\/\/www.thierry-groensteen.fr\/#\/schema\/person\/3695d4890604be69f280ebbb549210b5"},"headline":"Le mus\u00e9e id\u00e9al de l\u2019art animalier","datePublished":"2023-11-30T23:05:39+00:00","dateModified":"2023-12-01T12:06:58+00:00","mainEntityOfPage":{"@id":"https:\/\/www.thierry-groensteen.fr\/index.php\/2023\/12\/01\/le-musee-ideal-de-lart-animalier\/"},"wordCount":688,"publisher":{"@id":"https:\/\/www.thierry-groensteen.fr\/#\/schema\/person\/3695d4890604be69f280ebbb549210b5"},"image":{"@id":"https:\/\/www.thierry-groensteen.fr\/index.php\/2023\/12\/01\/le-musee-ideal-de-lart-animalier\/#primaryimage"},"thumbnailUrl":"https:\/\/www.thierry-groensteen.fr\/wp-content\/uploads\/2023\/11\/Belles-Betes-e1700576049619.jpg","articleSection":["mon Blog"],"inLanguage":"fr-FR"},{"@type":"WebPage","@id":"https:\/\/www.thierry-groensteen.fr\/index.php\/2023\/12\/01\/le-musee-ideal-de-lart-animalier\/","url":"https:\/\/www.thierry-groensteen.fr\/index.php\/2023\/12\/01\/le-musee-ideal-de-lart-animalier\/","name":"Le mus\u00e9e id\u00e9al de l\u2019art animalier - le site de Thierry Groensteen","isPartOf":{"@id":"https:\/\/www.thierry-groensteen.fr\/#website"},"primaryImageOfPage":{"@id":"https:\/\/www.thierry-groensteen.fr\/index.php\/2023\/12\/01\/le-musee-ideal-de-lart-animalier\/#primaryimage"},"image":{"@id":"https:\/\/www.thierry-groensteen.fr\/index.php\/2023\/12\/01\/le-musee-ideal-de-lart-animalier\/#primaryimage"},"thumbnailUrl":"https:\/\/www.thierry-groensteen.fr\/wp-content\/uploads\/2023\/11\/Belles-Betes-e1700576049619.jpg","datePublished":"2023-11-30T23:05:39+00:00","dateModified":"2023-12-01T12:06:58+00:00","breadcrumb":{"@id":"https:\/\/www.thierry-groensteen.fr\/index.php\/2023\/12\/01\/le-musee-ideal-de-lart-animalier\/#breadcrumb"},"inLanguage":"fr-FR","potentialAction":[{"@type":"ReadAction","target":["https:\/\/www.thierry-groensteen.fr\/index.php\/2023\/12\/01\/le-musee-ideal-de-lart-animalier\/"]}]},{"@type":"ImageObject","inLanguage":"fr-FR","@id":"https:\/\/www.thierry-groensteen.fr\/index.php\/2023\/12\/01\/le-musee-ideal-de-lart-animalier\/#primaryimage","url":"https:\/\/www.thierry-groensteen.fr\/wp-content\/uploads\/2023\/11\/Belles-Betes-e1700576049619.jpg","contentUrl":"https:\/\/www.thierry-groensteen.fr\/wp-content\/uploads\/2023\/11\/Belles-Betes-e1700576049619.jpg","width":385,"height":176},{"@type":"BreadcrumbList","@id":"https:\/\/www.thierry-groensteen.fr\/index.php\/2023\/12\/01\/le-musee-ideal-de-lart-animalier\/#breadcrumb","itemListElement":[{"@type":"ListItem","position":1,"name":"Accueil","item":"https:\/\/www.thierry-groensteen.fr\/"},{"@type":"ListItem","position":2,"name":"Le mus\u00e9e id\u00e9al de l\u2019art animalier"}]},{"@type":"WebSite","@id":"https:\/\/www.thierry-groensteen.fr\/#website","url":"https:\/\/www.thierry-groensteen.fr\/","name":"le site de Thierry Groensteen","description":"site officiel","publisher":{"@id":"https:\/\/www.thierry-groensteen.fr\/#\/schema\/person\/3695d4890604be69f280ebbb549210b5"},"potentialAction":[{"@type":"SearchAction","target":{"@type":"EntryPoint","urlTemplate":"https:\/\/www.thierry-groensteen.fr\/?s={search_term_string}"},"query-input":{"@type":"PropertyValueSpecification","valueRequired":true,"valueName":"search_term_string"}}],"inLanguage":"fr-FR"},{"@type":["Person","Organization"],"@id":"https:\/\/www.thierry-groensteen.fr\/#\/schema\/person\/3695d4890604be69f280ebbb549210b5","name":"TG","image":{"@type":"ImageObject","inLanguage":"fr-FR","@id":"https:\/\/www.thierry-groensteen.fr\/wp-content\/uploads\/2023\/09\/logo_ThierryGroensteen_header.png","url":"https:\/\/www.thierry-groensteen.fr\/wp-content\/uploads\/2023\/09\/logo_ThierryGroensteen_header.png","contentUrl":"https:\/\/www.thierry-groensteen.fr\/wp-content\/uploads\/2023\/09\/logo_ThierryGroensteen_header.png","width":620,"height":240,"caption":"TG"},"logo":{"@id":"https:\/\/www.thierry-groensteen.fr\/wp-content\/uploads\/2023\/09\/logo_ThierryGroensteen_header.png"},"sameAs":["https:\/\/www.thierry-groensteen.fr"]},{"@type":"Person","@id":"https:\/\/www.thierry-groensteen.fr\/#\/schema\/person\/3695d4890604be69f280ebbb549210b5","name":"TG","image":{"@type":"ImageObject","inLanguage":"fr-FR","@id":"https:\/\/www.thierry-groensteen.fr\/wp-content\/uploads\/2023\/09\/logo_ThierryGroensteen_header.png","url":"https:\/\/www.thierry-groensteen.fr\/wp-content\/uploads\/2023\/09\/logo_ThierryGroensteen_header.png","contentUrl":"https:\/\/www.thierry-groensteen.fr\/wp-content\/uploads\/2023\/09\/logo_ThierryGroensteen_header.png","width":620,"height":240,"caption":"TG"},"sameAs":["https:\/\/www.thierry-groensteen.fr"],"url":"https:\/\/www.thierry-groensteen.fr\/index.php\/author\/admin5797\/"}]}},"_links":{"self":[{"href":"https:\/\/www.thierry-groensteen.fr\/index.php\/wp-json\/wp\/v2\/posts\/2668","targetHints":{"allow":["GET"]}}],"collection":[{"href":"https:\/\/www.thierry-groensteen.fr\/index.php\/wp-json\/wp\/v2\/posts"}],"about":[{"href":"https:\/\/www.thierry-groensteen.fr\/index.php\/wp-json\/wp\/v2\/types\/post"}],"author":[{"embeddable":true,"href":"https:\/\/www.thierry-groensteen.fr\/index.php\/wp-json\/wp\/v2\/users\/1"}],"replies":[{"embeddable":true,"href":"https:\/\/www.thierry-groensteen.fr\/index.php\/wp-json\/wp\/v2\/comments?post=2668"}],"version-history":[{"count":2,"href":"https:\/\/www.thierry-groensteen.fr\/index.php\/wp-json\/wp\/v2\/posts\/2668\/revisions"}],"predecessor-version":[{"id":2672,"href":"https:\/\/www.thierry-groensteen.fr\/index.php\/wp-json\/wp\/v2\/posts\/2668\/revisions\/2672"}],"wp:featuredmedia":[{"embeddable":true,"href":"https:\/\/www.thierry-groensteen.fr\/index.php\/wp-json\/wp\/v2\/media\/2670"}],"wp:attachment":[{"href":"https:\/\/www.thierry-groensteen.fr\/index.php\/wp-json\/wp\/v2\/media?parent=2668"}],"wp:term":[{"taxonomy":"category","embeddable":true,"href":"https:\/\/www.thierry-groensteen.fr\/index.php\/wp-json\/wp\/v2\/categories?post=2668"},{"taxonomy":"post_tag","embeddable":true,"href":"https:\/\/www.thierry-groensteen.fr\/index.php\/wp-json\/wp\/v2\/tags?post=2668"}],"curies":[{"name":"wp","href":"https:\/\/api.w.org\/{rel}","templated":true}]}}