{"id":2654,"date":"2023-12-07T00:05:10","date_gmt":"2023-12-06T23:05:10","guid":{"rendered":"https:\/\/www.thierry-groensteen.fr\/?p=2654"},"modified":"2023-12-01T13:05:53","modified_gmt":"2023-12-01T12:05:53","slug":"lart-poetique-de-marion-fayolle","status":"publish","type":"post","link":"https:\/\/www.thierry-groensteen.fr\/index.php\/2023\/12\/07\/lart-poetique-de-marion-fayolle\/","title":{"rendered":"L\u2019art po\u00e9tique de Marion Fayolle"},"content":{"rendered":"<p>Je viens seulement de prendre connaissance du petit livre <em>Fond perdu<\/em> (Magnani, 2022), dans lequel Marion Fayolle r\u00e9pond aux questions de son ami historien de l\u2019art Tony C\u00f4me. Elle y \u00e9voque notamment les origines autobiographiques de ses personnages \u00e0 trous, parlant de son p\u00e8re qui avait subi l\u2019ablation d\u2019un poumon et une trach\u00e9otomie. Origine soigneusement dissimul\u00e9e dans l\u2019ouvrage que ces d\u00e9boires m\u00e9dicaux lui avaient inspir\u00e9\u00a0: \u00ab Dans <em>La Tendresse des pierres<\/em>, je ne montre jamais l\u2019h\u00f4pital, la maladie, la vieillesse, alors qu\u2019il n\u2019est question que de \u00e7a \u00bb (p. 10). La repr\u00e9sentation du personnage figurant son p\u00e8re y \u00e9tait instable\u00a0: \u00ab tant\u00f4t immense, tant\u00f4t tout petit, une silhouette \u00e9nigmatique, un rocher, etc. \u00bb<\/p>\n<div id=\"attachment_2663\" style=\"width: 299px\" class=\"wp-caption aligncenter\"><img decoding=\"async\" aria-describedby=\"caption-attachment-2663\" class=\"lazyload wp-image-2663 size-medium\" src=\"https:\/\/www.thierry-groensteen.fr\/wp-content\/uploads\/2023\/11\/Fayolle-Tendresse-289x300.jpg\" data-orig-src=\"https:\/\/www.thierry-groensteen.fr\/wp-content\/uploads\/2023\/11\/Fayolle-Tendresse-289x300.jpg\" alt=\"Marion Fayolle, case tir\u00e9e de La Tendresse des pierres\" width=\"289\" height=\"300\" srcset=\"data:image\/svg+xml,%3Csvg%20xmlns%3D%27http%3A%2F%2Fwww.w3.org%2F2000%2Fsvg%27%20width%3D%27289%27%20height%3D%27300%27%20viewBox%3D%270%200%20289%20300%27%3E%3Crect%20width%3D%27289%27%20height%3D%27300%27%20fill-opacity%3D%220%22%2F%3E%3C%2Fsvg%3E\" data-srcset=\"https:\/\/www.thierry-groensteen.fr\/wp-content\/uploads\/2023\/11\/Fayolle-Tendresse-200x208.jpg 200w, https:\/\/www.thierry-groensteen.fr\/wp-content\/uploads\/2023\/11\/Fayolle-Tendresse-289x300.jpg 289w, https:\/\/www.thierry-groensteen.fr\/wp-content\/uploads\/2023\/11\/Fayolle-Tendresse-400x415.jpg 400w, https:\/\/www.thierry-groensteen.fr\/wp-content\/uploads\/2023\/11\/Fayolle-Tendresse-600x623.jpg 600w, https:\/\/www.thierry-groensteen.fr\/wp-content\/uploads\/2023\/11\/Fayolle-Tendresse-768x797.jpg 768w, https:\/\/www.thierry-groensteen.fr\/wp-content\/uploads\/2023\/11\/Fayolle-Tendresse-800x830.jpg 800w, https:\/\/www.thierry-groensteen.fr\/wp-content\/uploads\/2023\/11\/Fayolle-Tendresse-987x1024.jpg 987w, https:\/\/www.thierry-groensteen.fr\/wp-content\/uploads\/2023\/11\/Fayolle-Tendresse-1200x1245.jpg 1200w, https:\/\/www.thierry-groensteen.fr\/wp-content\/uploads\/2023\/11\/Fayolle-Tendresse.jpg 1271w\" data-sizes=\"auto\" data-orig-sizes=\"(max-width: 289px) 100vw, 289px\" \/><p id=\"caption-attachment-2663\" class=\"wp-caption-text\">Case tir\u00e9e de \u00ab\u00a0La Tendresse des pierres\u00a0\u00bb \u00a9 \u00e9ditions Magnani<\/p><\/div>\n<p>Un autre de ses livres, <em>Les Amours suspendues<\/em> (2017), part moins de l\u2019exp\u00e9rience intime que d\u2019interrogations plus larges\u00a0: \u00ab Il s\u2019agissait de soulever des questions sur la fronti\u00e8re, sur ce qui est autoris\u00e9 ou non, sur les choix que l\u2019on fait et les vies que l\u2019on est forc\u00e9 d\u2019abandonner. \u00bb (p. 16)<\/p>\n<p>Dans un article paru voici quelque temps dans le huiti\u00e8me num\u00e9ro de <em>Closure<\/em>, une revue scientifique en ligne en langue allemande (<a href=\"https:\/\/www.closure.uni-kiel.de\/closure8\/groensteen\">https:\/\/www.closure.uni-kiel.de\/closure8\/groensteen<\/a>), je m\u2019interrogeais sur \u00ab L\u2019en-de\u00e7a du personnage \u00bb en questionnant le travail d\u2019une demi-douzaine d\u2019auteurs et d\u2019autrices, parmi lesquel.le.s Marion Fayolle. J\u2019\u00e9crivais que, dans les deux albums cit\u00e9s plus haut, \u00ab on voit s\u2019\u00e9battre des hommes et des femmes aux prises avec\u00a0la vie, la mort, le d\u00e9sir, le fantasme, des hommes et des femmes engag\u00e9s dans des relations familiales, affectives, amoureuses et sexuelles. Si Marion Fayolle aborde la condition humaine dans toutes ses dimensions, ses figures, d\u00e9pourvues d\u2019identit\u00e9 sociale ou professionnelle, dot\u00e9s d\u2019expressions physionomiques minimalistes, ne semblent pourtant pas remplir les conditions pour acc\u00e9der au rang d\u2019<em>ego exp\u00e9rimentaux<\/em>, de personnages \u00e0 part enti\u00e8re. \u00bb<\/p>\n<p><img decoding=\"async\" class=\"lazyload aligncenter wp-image-2664 size-fusion-400\" src=\"https:\/\/www.thierry-groensteen.fr\/wp-content\/uploads\/2023\/11\/Fayolle-couve_Amours-400x570.jpg\" data-orig-src=\"https:\/\/www.thierry-groensteen.fr\/wp-content\/uploads\/2023\/11\/Fayolle-couve_Amours-400x570.jpg\" alt=\"Marion Fayolle, couverture de &quot;Les Amours suspendues&quot;\" width=\"400\" height=\"570\" srcset=\"data:image\/svg+xml,%3Csvg%20xmlns%3D%27http%3A%2F%2Fwww.w3.org%2F2000%2Fsvg%27%20width%3D%27400%27%20height%3D%27570%27%20viewBox%3D%270%200%20400%20570%27%3E%3Crect%20width%3D%27400%27%20height%3D%27570%27%20fill-opacity%3D%220%22%2F%3E%3C%2Fsvg%3E\" data-srcset=\"https:\/\/www.thierry-groensteen.fr\/wp-content\/uploads\/2023\/11\/Fayolle-couve_Amours-200x285.jpg 200w, https:\/\/www.thierry-groensteen.fr\/wp-content\/uploads\/2023\/11\/Fayolle-couve_Amours-210x300.jpg 210w, https:\/\/www.thierry-groensteen.fr\/wp-content\/uploads\/2023\/11\/Fayolle-couve_Amours-400x570.jpg 400w, https:\/\/www.thierry-groensteen.fr\/wp-content\/uploads\/2023\/11\/Fayolle-couve_Amours-600x855.jpg 600w, https:\/\/www.thierry-groensteen.fr\/wp-content\/uploads\/2023\/11\/Fayolle-couve_Amours-718x1024.jpg 718w, https:\/\/www.thierry-groensteen.fr\/wp-content\/uploads\/2023\/11\/Fayolle-couve_Amours-768x1095.jpg 768w, https:\/\/www.thierry-groensteen.fr\/wp-content\/uploads\/2023\/11\/Fayolle-couve_Amours-800x1141.jpg 800w, https:\/\/www.thierry-groensteen.fr\/wp-content\/uploads\/2023\/11\/Fayolle-couve_Amours-1077x1536.jpg 1077w, https:\/\/www.thierry-groensteen.fr\/wp-content\/uploads\/2023\/11\/Fayolle-couve_Amours-1200x1711.jpg 1200w, https:\/\/www.thierry-groensteen.fr\/wp-content\/uploads\/2023\/11\/Fayolle-couve_Amours-1436x2048.jpg 1436w, https:\/\/www.thierry-groensteen.fr\/wp-content\/uploads\/2023\/11\/Fayolle-couve_Amours-scaled.jpg 1795w\" data-sizes=\"auto\" data-orig-sizes=\"(max-width: 400px) 100vw, 400px\" \/><\/p>\n<p><em>Fond perdu<\/em> comporte maints passages dans lesquels la dessinatrice s\u2019en explique\u00a0: \u00ab Mes personnages sont des sortes de pots, dans lesquels je mets des choses que j\u2019extrais de la vraie vie, qui viennent d\u2019un homme, d\u2019une femme, d\u2019un ressenti personnel, d\u2019une anecdote. (\u2026) Les personnages, ce sont des petits d\u00e9guisements, aussi. Je me fiche un peu des personnages eux-m\u00eames. \u00bb (p. 18) \u00ab Mes personnages peuvent se scinder en deux, s\u2019\u00e9mietter, sans souffrir ni saigner, car ce ne sont pas vraiment des humains, mais plut\u00f4t des enveloppes, des \u00e9crans, des silhouettes th\u00e9oriques. \u00bb (p. 25) Et enfin\u00a0: \u00ab Il y a chez moi cette obsession \u00e0 rendre visible, \u00e0 regarder dans les corps, \u00e0 voir par transparence l\u2019int\u00e9riorit\u00e9 des gens, cette fascination pour l\u2019effeuillage, cette volont\u00e9 de d\u00e9nuder des personnages d\u00e9j\u00e0 nus, de les d\u00e9v\u00eatir m\u00eame de leur peau, de chercher sans cesse leur noyau. \u00bb (p. 80)<\/p>\n<p>Outre un hommage appuy\u00e9 \u00e0 Guillaume D\u00e9g\u00e9, qui fut son professeur aux Arts d\u00e9co de Strasbourg, je retiens enfin de ce dialogue passionnant les lignes suivantes, qui me paraissent concentrer l\u2019art po\u00e9tique de l\u2019autrice de <em>L\u2019Homme en pi\u00e8ces<\/em>\u00a0: \u00ab On se dit toujours qu\u2019avec la bande dessin\u00e9e tout est possible, qu\u2019on peut faire partir les personnages dans l\u2019espace, leur offrir un super d\u00e9cor, que \u00e7a ne co\u00fbte rien. Moi (\u2026), je r\u00e9duis tout comme si je devais faire un film avec un budget tr\u00e8s serr\u00e9. (\u2026) Pas de parole, pas de chaussure, pas de d\u00e9cor, pas de case, pas de pr\u00e9nom, pas de m\u00e9tier, pas d\u2019\u00e2ge, pas de zoom, pas de contre-plong\u00e9e, pas de model\u00e9, pas de perspective, pas de bulle, pas de l\u00e8vre, pas de cil, pas de d\u00e9tail, pas d\u2019organe, pas de sang, pas d\u2019\u00e9poque, pas d\u2019argent. \u00bb (p. 21-22)<\/p>\n<p>Mais du talent et de la sensibilit\u00e9 \u00e0 revendre.<\/p>\n<p>Ayant re\u00e7u carte blanche pour en r\u00e9am\u00e9nager l\u2019espace et concevoir des dispositifs interactifs in\u00e9dits, Marion Fayolle investira dans quelques mois la \u00ab galerie des enfants \u00bb du Centre Pompidou.<\/p>\n","protected":false},"excerpt":{"rendered":"<p>Je viens seulement de prendre connaissance du petit livre Fond perdu (Magnani, 2022), dans lequel Marion Fayolle r\u00e9pond aux questions de son ami historien de l\u2019art Tony C\u00f4me. Elle y \u00e9voque notamment les origines autobiographiques de ses personnages \u00e0 trous, parlant de son p\u00e8re qui avait subi l\u2019ablation d\u2019un poumon et une trach\u00e9otomie. Origine [&hellip;]<\/p>\n","protected":false},"author":1,"featured_media":2666,"comment_status":"closed","ping_status":"closed","sticky":false,"template":"","format":"standard","meta":{"footnotes":""},"categories":[70],"tags":[],"class_list":["post-2654","post","type-post","status-publish","format-standard","has-post-thumbnail","hentry","category-mon-blog"],"acf":[],"yoast_head":"<!-- This site is optimized with the Yoast SEO plugin v27.5 - https:\/\/yoast.com\/product\/yoast-seo-wordpress\/ -->\n<title>L\u2019art po\u00e9tique de Marion Fayolle - le site de Thierry Groensteen<\/title>\n<meta name=\"robots\" content=\"index, follow, max-snippet:-1, max-image-preview:large, max-video-preview:-1\" \/>\n<link rel=\"canonical\" href=\"https:\/\/www.thierry-groensteen.fr\/index.php\/2023\/12\/07\/lart-poetique-de-marion-fayolle\/\" \/>\n<meta property=\"og:locale\" content=\"fr_FR\" \/>\n<meta property=\"og:type\" content=\"article\" \/>\n<meta property=\"og:title\" content=\"L\u2019art po\u00e9tique de Marion Fayolle - le site de Thierry Groensteen\" \/>\n<meta property=\"og:description\" content=\"Je viens seulement de prendre connaissance du petit livre Fond perdu (Magnani, 2022), dans lequel Marion Fayolle r\u00e9pond aux questions de son ami historien de l\u2019art Tony C\u00f4me. Elle y \u00e9voque notamment les origines autobiographiques de ses personnages \u00e0 trous, parlant de son p\u00e8re qui avait subi l\u2019ablation d\u2019un poumon et une trach\u00e9otomie. Origine [&hellip;]\" \/>\n<meta property=\"og:url\" content=\"https:\/\/www.thierry-groensteen.fr\/index.php\/2023\/12\/07\/lart-poetique-de-marion-fayolle\/\" \/>\n<meta property=\"og:site_name\" content=\"le site de Thierry Groensteen\" \/>\n<meta property=\"article:published_time\" content=\"2023-12-06T23:05:10+00:00\" \/>\n<meta property=\"og:image\" content=\"https:\/\/www.thierry-groensteen.fr\/wp-content\/uploads\/2023\/11\/Fayolle-couve_Amours-1-scaled-e1700488298320.jpg\" \/>\n\t<meta property=\"og:image:width\" content=\"1795\" \/>\n\t<meta property=\"og:image:height\" content=\"823\" \/>\n\t<meta property=\"og:image:type\" content=\"image\/jpeg\" \/>\n<meta name=\"author\" content=\"TG\" \/>\n<meta name=\"twitter:card\" content=\"summary_large_image\" \/>\n<meta name=\"twitter:label1\" content=\"\u00c9crit par\" \/>\n\t<meta name=\"twitter:data1\" content=\"TG\" \/>\n\t<meta name=\"twitter:label2\" content=\"Dur\u00e9e de lecture estim\u00e9e\" \/>\n\t<meta name=\"twitter:data2\" content=\"4 minutes\" \/>\n<script type=\"application\/ld+json\" class=\"yoast-schema-graph\">{\"@context\":\"https:\\\/\\\/schema.org\",\"@graph\":[{\"@type\":\"Article\",\"@id\":\"https:\\\/\\\/www.thierry-groensteen.fr\\\/index.php\\\/2023\\\/12\\\/07\\\/lart-poetique-de-marion-fayolle\\\/#article\",\"isPartOf\":{\"@id\":\"https:\\\/\\\/www.thierry-groensteen.fr\\\/index.php\\\/2023\\\/12\\\/07\\\/lart-poetique-de-marion-fayolle\\\/\"},\"author\":{\"name\":\"TG\",\"@id\":\"https:\\\/\\\/www.thierry-groensteen.fr\\\/#\\\/schema\\\/person\\\/3695d4890604be69f280ebbb549210b5\"},\"headline\":\"L\u2019art po\u00e9tique de Marion Fayolle\",\"datePublished\":\"2023-12-06T23:05:10+00:00\",\"mainEntityOfPage\":{\"@id\":\"https:\\\/\\\/www.thierry-groensteen.fr\\\/index.php\\\/2023\\\/12\\\/07\\\/lart-poetique-de-marion-fayolle\\\/\"},\"wordCount\":712,\"publisher\":{\"@id\":\"https:\\\/\\\/www.thierry-groensteen.fr\\\/#\\\/schema\\\/person\\\/3695d4890604be69f280ebbb549210b5\"},\"image\":{\"@id\":\"https:\\\/\\\/www.thierry-groensteen.fr\\\/index.php\\\/2023\\\/12\\\/07\\\/lart-poetique-de-marion-fayolle\\\/#primaryimage\"},\"thumbnailUrl\":\"https:\\\/\\\/www.thierry-groensteen.fr\\\/wp-content\\\/uploads\\\/2023\\\/11\\\/Fayolle-couve_Amours-1-scaled-e1700488298320.jpg\",\"articleSection\":[\"mon Blog\"],\"inLanguage\":\"fr-FR\"},{\"@type\":\"WebPage\",\"@id\":\"https:\\\/\\\/www.thierry-groensteen.fr\\\/index.php\\\/2023\\\/12\\\/07\\\/lart-poetique-de-marion-fayolle\\\/\",\"url\":\"https:\\\/\\\/www.thierry-groensteen.fr\\\/index.php\\\/2023\\\/12\\\/07\\\/lart-poetique-de-marion-fayolle\\\/\",\"name\":\"L\u2019art po\u00e9tique de Marion Fayolle - le site de Thierry Groensteen\",\"isPartOf\":{\"@id\":\"https:\\\/\\\/www.thierry-groensteen.fr\\\/#website\"},\"primaryImageOfPage\":{\"@id\":\"https:\\\/\\\/www.thierry-groensteen.fr\\\/index.php\\\/2023\\\/12\\\/07\\\/lart-poetique-de-marion-fayolle\\\/#primaryimage\"},\"image\":{\"@id\":\"https:\\\/\\\/www.thierry-groensteen.fr\\\/index.php\\\/2023\\\/12\\\/07\\\/lart-poetique-de-marion-fayolle\\\/#primaryimage\"},\"thumbnailUrl\":\"https:\\\/\\\/www.thierry-groensteen.fr\\\/wp-content\\\/uploads\\\/2023\\\/11\\\/Fayolle-couve_Amours-1-scaled-e1700488298320.jpg\",\"datePublished\":\"2023-12-06T23:05:10+00:00\",\"breadcrumb\":{\"@id\":\"https:\\\/\\\/www.thierry-groensteen.fr\\\/index.php\\\/2023\\\/12\\\/07\\\/lart-poetique-de-marion-fayolle\\\/#breadcrumb\"},\"inLanguage\":\"fr-FR\",\"potentialAction\":[{\"@type\":\"ReadAction\",\"target\":[\"https:\\\/\\\/www.thierry-groensteen.fr\\\/index.php\\\/2023\\\/12\\\/07\\\/lart-poetique-de-marion-fayolle\\\/\"]}]},{\"@type\":\"ImageObject\",\"inLanguage\":\"fr-FR\",\"@id\":\"https:\\\/\\\/www.thierry-groensteen.fr\\\/index.php\\\/2023\\\/12\\\/07\\\/lart-poetique-de-marion-fayolle\\\/#primaryimage\",\"url\":\"https:\\\/\\\/www.thierry-groensteen.fr\\\/wp-content\\\/uploads\\\/2023\\\/11\\\/Fayolle-couve_Amours-1-scaled-e1700488298320.jpg\",\"contentUrl\":\"https:\\\/\\\/www.thierry-groensteen.fr\\\/wp-content\\\/uploads\\\/2023\\\/11\\\/Fayolle-couve_Amours-1-scaled-e1700488298320.jpg\",\"width\":1795,\"height\":823},{\"@type\":\"BreadcrumbList\",\"@id\":\"https:\\\/\\\/www.thierry-groensteen.fr\\\/index.php\\\/2023\\\/12\\\/07\\\/lart-poetique-de-marion-fayolle\\\/#breadcrumb\",\"itemListElement\":[{\"@type\":\"ListItem\",\"position\":1,\"name\":\"Accueil\",\"item\":\"https:\\\/\\\/www.thierry-groensteen.fr\\\/\"},{\"@type\":\"ListItem\",\"position\":2,\"name\":\"L\u2019art po\u00e9tique de Marion Fayolle\"}]},{\"@type\":\"WebSite\",\"@id\":\"https:\\\/\\\/www.thierry-groensteen.fr\\\/#website\",\"url\":\"https:\\\/\\\/www.thierry-groensteen.fr\\\/\",\"name\":\"le site de Thierry Groensteen\",\"description\":\"site officiel\",\"publisher\":{\"@id\":\"https:\\\/\\\/www.thierry-groensteen.fr\\\/#\\\/schema\\\/person\\\/3695d4890604be69f280ebbb549210b5\"},\"potentialAction\":[{\"@type\":\"SearchAction\",\"target\":{\"@type\":\"EntryPoint\",\"urlTemplate\":\"https:\\\/\\\/www.thierry-groensteen.fr\\\/?s={search_term_string}\"},\"query-input\":{\"@type\":\"PropertyValueSpecification\",\"valueRequired\":true,\"valueName\":\"search_term_string\"}}],\"inLanguage\":\"fr-FR\"},{\"@type\":[\"Person\",\"Organization\"],\"@id\":\"https:\\\/\\\/www.thierry-groensteen.fr\\\/#\\\/schema\\\/person\\\/3695d4890604be69f280ebbb549210b5\",\"name\":\"TG\",\"image\":{\"@type\":\"ImageObject\",\"inLanguage\":\"fr-FR\",\"@id\":\"https:\\\/\\\/www.thierry-groensteen.fr\\\/wp-content\\\/uploads\\\/2023\\\/09\\\/logo_ThierryGroensteen_header.png\",\"url\":\"https:\\\/\\\/www.thierry-groensteen.fr\\\/wp-content\\\/uploads\\\/2023\\\/09\\\/logo_ThierryGroensteen_header.png\",\"contentUrl\":\"https:\\\/\\\/www.thierry-groensteen.fr\\\/wp-content\\\/uploads\\\/2023\\\/09\\\/logo_ThierryGroensteen_header.png\",\"width\":620,\"height\":240,\"caption\":\"TG\"},\"logo\":{\"@id\":\"https:\\\/\\\/www.thierry-groensteen.fr\\\/wp-content\\\/uploads\\\/2023\\\/09\\\/logo_ThierryGroensteen_header.png\"},\"sameAs\":[\"https:\\\/\\\/www.thierry-groensteen.fr\"]},{\"@type\":\"Person\",\"@id\":\"https:\\\/\\\/www.thierry-groensteen.fr\\\/#\\\/schema\\\/person\\\/3695d4890604be69f280ebbb549210b5\",\"name\":\"TG\",\"image\":{\"@type\":\"ImageObject\",\"inLanguage\":\"fr-FR\",\"@id\":\"https:\\\/\\\/www.thierry-groensteen.fr\\\/wp-content\\\/uploads\\\/2023\\\/09\\\/logo_ThierryGroensteen_header.png\",\"url\":\"https:\\\/\\\/www.thierry-groensteen.fr\\\/wp-content\\\/uploads\\\/2023\\\/09\\\/logo_ThierryGroensteen_header.png\",\"contentUrl\":\"https:\\\/\\\/www.thierry-groensteen.fr\\\/wp-content\\\/uploads\\\/2023\\\/09\\\/logo_ThierryGroensteen_header.png\",\"width\":620,\"height\":240,\"caption\":\"TG\"},\"sameAs\":[\"https:\\\/\\\/www.thierry-groensteen.fr\"],\"url\":\"https:\\\/\\\/www.thierry-groensteen.fr\\\/index.php\\\/author\\\/admin5797\\\/\"}]}<\/script>\n<!-- \/ Yoast SEO plugin. -->","yoast_head_json":{"title":"L\u2019art po\u00e9tique de Marion Fayolle - le site de Thierry Groensteen","robots":{"index":"index","follow":"follow","max-snippet":"max-snippet:-1","max-image-preview":"max-image-preview:large","max-video-preview":"max-video-preview:-1"},"canonical":"https:\/\/www.thierry-groensteen.fr\/index.php\/2023\/12\/07\/lart-poetique-de-marion-fayolle\/","og_locale":"fr_FR","og_type":"article","og_title":"L\u2019art po\u00e9tique de Marion Fayolle - le site de Thierry Groensteen","og_description":"Je viens seulement de prendre connaissance du petit livre Fond perdu (Magnani, 2022), dans lequel Marion Fayolle r\u00e9pond aux questions de son ami historien de l\u2019art Tony C\u00f4me. Elle y \u00e9voque notamment les origines autobiographiques de ses personnages \u00e0 trous, parlant de son p\u00e8re qui avait subi l\u2019ablation d\u2019un poumon et une trach\u00e9otomie. Origine [&hellip;]","og_url":"https:\/\/www.thierry-groensteen.fr\/index.php\/2023\/12\/07\/lart-poetique-de-marion-fayolle\/","og_site_name":"le site de Thierry Groensteen","article_published_time":"2023-12-06T23:05:10+00:00","og_image":[{"width":1795,"height":823,"url":"https:\/\/www.thierry-groensteen.fr\/wp-content\/uploads\/2023\/11\/Fayolle-couve_Amours-1-scaled-e1700488298320.jpg","type":"image\/jpeg"}],"author":"TG","twitter_card":"summary_large_image","twitter_misc":{"\u00c9crit par":"TG","Dur\u00e9e de lecture estim\u00e9e":"4 minutes"},"schema":{"@context":"https:\/\/schema.org","@graph":[{"@type":"Article","@id":"https:\/\/www.thierry-groensteen.fr\/index.php\/2023\/12\/07\/lart-poetique-de-marion-fayolle\/#article","isPartOf":{"@id":"https:\/\/www.thierry-groensteen.fr\/index.php\/2023\/12\/07\/lart-poetique-de-marion-fayolle\/"},"author":{"name":"TG","@id":"https:\/\/www.thierry-groensteen.fr\/#\/schema\/person\/3695d4890604be69f280ebbb549210b5"},"headline":"L\u2019art po\u00e9tique de Marion Fayolle","datePublished":"2023-12-06T23:05:10+00:00","mainEntityOfPage":{"@id":"https:\/\/www.thierry-groensteen.fr\/index.php\/2023\/12\/07\/lart-poetique-de-marion-fayolle\/"},"wordCount":712,"publisher":{"@id":"https:\/\/www.thierry-groensteen.fr\/#\/schema\/person\/3695d4890604be69f280ebbb549210b5"},"image":{"@id":"https:\/\/www.thierry-groensteen.fr\/index.php\/2023\/12\/07\/lart-poetique-de-marion-fayolle\/#primaryimage"},"thumbnailUrl":"https:\/\/www.thierry-groensteen.fr\/wp-content\/uploads\/2023\/11\/Fayolle-couve_Amours-1-scaled-e1700488298320.jpg","articleSection":["mon Blog"],"inLanguage":"fr-FR"},{"@type":"WebPage","@id":"https:\/\/www.thierry-groensteen.fr\/index.php\/2023\/12\/07\/lart-poetique-de-marion-fayolle\/","url":"https:\/\/www.thierry-groensteen.fr\/index.php\/2023\/12\/07\/lart-poetique-de-marion-fayolle\/","name":"L\u2019art po\u00e9tique de Marion Fayolle - le site de Thierry Groensteen","isPartOf":{"@id":"https:\/\/www.thierry-groensteen.fr\/#website"},"primaryImageOfPage":{"@id":"https:\/\/www.thierry-groensteen.fr\/index.php\/2023\/12\/07\/lart-poetique-de-marion-fayolle\/#primaryimage"},"image":{"@id":"https:\/\/www.thierry-groensteen.fr\/index.php\/2023\/12\/07\/lart-poetique-de-marion-fayolle\/#primaryimage"},"thumbnailUrl":"https:\/\/www.thierry-groensteen.fr\/wp-content\/uploads\/2023\/11\/Fayolle-couve_Amours-1-scaled-e1700488298320.jpg","datePublished":"2023-12-06T23:05:10+00:00","breadcrumb":{"@id":"https:\/\/www.thierry-groensteen.fr\/index.php\/2023\/12\/07\/lart-poetique-de-marion-fayolle\/#breadcrumb"},"inLanguage":"fr-FR","potentialAction":[{"@type":"ReadAction","target":["https:\/\/www.thierry-groensteen.fr\/index.php\/2023\/12\/07\/lart-poetique-de-marion-fayolle\/"]}]},{"@type":"ImageObject","inLanguage":"fr-FR","@id":"https:\/\/www.thierry-groensteen.fr\/index.php\/2023\/12\/07\/lart-poetique-de-marion-fayolle\/#primaryimage","url":"https:\/\/www.thierry-groensteen.fr\/wp-content\/uploads\/2023\/11\/Fayolle-couve_Amours-1-scaled-e1700488298320.jpg","contentUrl":"https:\/\/www.thierry-groensteen.fr\/wp-content\/uploads\/2023\/11\/Fayolle-couve_Amours-1-scaled-e1700488298320.jpg","width":1795,"height":823},{"@type":"BreadcrumbList","@id":"https:\/\/www.thierry-groensteen.fr\/index.php\/2023\/12\/07\/lart-poetique-de-marion-fayolle\/#breadcrumb","itemListElement":[{"@type":"ListItem","position":1,"name":"Accueil","item":"https:\/\/www.thierry-groensteen.fr\/"},{"@type":"ListItem","position":2,"name":"L\u2019art po\u00e9tique de Marion Fayolle"}]},{"@type":"WebSite","@id":"https:\/\/www.thierry-groensteen.fr\/#website","url":"https:\/\/www.thierry-groensteen.fr\/","name":"le site de Thierry Groensteen","description":"site officiel","publisher":{"@id":"https:\/\/www.thierry-groensteen.fr\/#\/schema\/person\/3695d4890604be69f280ebbb549210b5"},"potentialAction":[{"@type":"SearchAction","target":{"@type":"EntryPoint","urlTemplate":"https:\/\/www.thierry-groensteen.fr\/?s={search_term_string}"},"query-input":{"@type":"PropertyValueSpecification","valueRequired":true,"valueName":"search_term_string"}}],"inLanguage":"fr-FR"},{"@type":["Person","Organization"],"@id":"https:\/\/www.thierry-groensteen.fr\/#\/schema\/person\/3695d4890604be69f280ebbb549210b5","name":"TG","image":{"@type":"ImageObject","inLanguage":"fr-FR","@id":"https:\/\/www.thierry-groensteen.fr\/wp-content\/uploads\/2023\/09\/logo_ThierryGroensteen_header.png","url":"https:\/\/www.thierry-groensteen.fr\/wp-content\/uploads\/2023\/09\/logo_ThierryGroensteen_header.png","contentUrl":"https:\/\/www.thierry-groensteen.fr\/wp-content\/uploads\/2023\/09\/logo_ThierryGroensteen_header.png","width":620,"height":240,"caption":"TG"},"logo":{"@id":"https:\/\/www.thierry-groensteen.fr\/wp-content\/uploads\/2023\/09\/logo_ThierryGroensteen_header.png"},"sameAs":["https:\/\/www.thierry-groensteen.fr"]},{"@type":"Person","@id":"https:\/\/www.thierry-groensteen.fr\/#\/schema\/person\/3695d4890604be69f280ebbb549210b5","name":"TG","image":{"@type":"ImageObject","inLanguage":"fr-FR","@id":"https:\/\/www.thierry-groensteen.fr\/wp-content\/uploads\/2023\/09\/logo_ThierryGroensteen_header.png","url":"https:\/\/www.thierry-groensteen.fr\/wp-content\/uploads\/2023\/09\/logo_ThierryGroensteen_header.png","contentUrl":"https:\/\/www.thierry-groensteen.fr\/wp-content\/uploads\/2023\/09\/logo_ThierryGroensteen_header.png","width":620,"height":240,"caption":"TG"},"sameAs":["https:\/\/www.thierry-groensteen.fr"],"url":"https:\/\/www.thierry-groensteen.fr\/index.php\/author\/admin5797\/"}]}},"_links":{"self":[{"href":"https:\/\/www.thierry-groensteen.fr\/index.php\/wp-json\/wp\/v2\/posts\/2654","targetHints":{"allow":["GET"]}}],"collection":[{"href":"https:\/\/www.thierry-groensteen.fr\/index.php\/wp-json\/wp\/v2\/posts"}],"about":[{"href":"https:\/\/www.thierry-groensteen.fr\/index.php\/wp-json\/wp\/v2\/types\/post"}],"author":[{"embeddable":true,"href":"https:\/\/www.thierry-groensteen.fr\/index.php\/wp-json\/wp\/v2\/users\/1"}],"replies":[{"embeddable":true,"href":"https:\/\/www.thierry-groensteen.fr\/index.php\/wp-json\/wp\/v2\/comments?post=2654"}],"version-history":[{"count":2,"href":"https:\/\/www.thierry-groensteen.fr\/index.php\/wp-json\/wp\/v2\/posts\/2654\/revisions"}],"predecessor-version":[{"id":2665,"href":"https:\/\/www.thierry-groensteen.fr\/index.php\/wp-json\/wp\/v2\/posts\/2654\/revisions\/2665"}],"wp:featuredmedia":[{"embeddable":true,"href":"https:\/\/www.thierry-groensteen.fr\/index.php\/wp-json\/wp\/v2\/media\/2666"}],"wp:attachment":[{"href":"https:\/\/www.thierry-groensteen.fr\/index.php\/wp-json\/wp\/v2\/media?parent=2654"}],"wp:term":[{"taxonomy":"category","embeddable":true,"href":"https:\/\/www.thierry-groensteen.fr\/index.php\/wp-json\/wp\/v2\/categories?post=2654"},{"taxonomy":"post_tag","embeddable":true,"href":"https:\/\/www.thierry-groensteen.fr\/index.php\/wp-json\/wp\/v2\/tags?post=2654"}],"curies":[{"name":"wp","href":"https:\/\/api.w.org\/{rel}","templated":true}]}}