{"id":2652,"date":"2023-11-25T00:05:58","date_gmt":"2023-11-24T23:05:58","guid":{"rendered":"https:\/\/www.thierry-groensteen.fr\/?p=2652"},"modified":"2023-11-20T14:42:51","modified_gmt":"2023-11-20T13:42:51","slug":"agnes-varda-heroine-de-bd-en1955","status":"publish","type":"post","link":"https:\/\/www.thierry-groensteen.fr\/index.php\/2023\/11\/25\/agnes-varda-heroine-de-bd-en1955\/","title":{"rendered":"Agn\u00e8s Varda h\u00e9ro\u00efne de BD en\u20261955"},"content":{"rendered":"<p>D\u00e9couverte inattendue, lors de la visite de l\u2019exposition <em>Viva Varda\u00a0!<\/em> actuellement pr\u00e9sent\u00e9e \u00e0 la Cin\u00e9math\u00e8que de Paris\u00a0: on peut y voir une petite bande dessin\u00e9e de la main de Chris Marker intitul\u00e9e <em>Little Varda<\/em>. Mill\u00e9sim\u00e9e 1955, elle met malicieusement en sc\u00e8ne la r\u00e9alisatrice de <em>La Pointe courte<\/em>, cam\u00e9ra \u00e0 la main et entour\u00e9e de chats. Dans le second strip, on reconna\u00eet Alain Resnais dans le r\u00f4le du monteur, qui avait effectivement \u00e9t\u00e9 le sien sur le film cit\u00e9.<\/p>\n<p>(La silhouette de \u00ab Little Varda \u00bb n\u2019est pas sans faire un peu songer \u00e0 celle de la <em>Vilaine Lulu<\/em> que Yves Saint-Laurent cr\u00e9era en 1956, mais dont les aventures ne seront publi\u00e9es qu\u2019en 1967.)<\/p>\n<p><img decoding=\"async\" class=\"lazyload aligncenter wp-image-2660 size-fusion-600\" src=\"https:\/\/www.thierry-groensteen.fr\/wp-content\/uploads\/2023\/11\/Little-Varda-1-1-600x450.jpg\" data-orig-src=\"https:\/\/www.thierry-groensteen.fr\/wp-content\/uploads\/2023\/11\/Little-Varda-1-1-600x450.jpg\" alt=\"Agn\u00e8s Varda h\u00e9ro\u00efne de BD chez Chris Marker\" width=\"600\" height=\"450\" srcset=\"data:image\/svg+xml,%3Csvg%20xmlns%3D%27http%3A%2F%2Fwww.w3.org%2F2000%2Fsvg%27%20width%3D%27600%27%20height%3D%27450%27%20viewBox%3D%270%200%20600%20450%27%3E%3Crect%20width%3D%27600%27%20height%3D%27450%27%20fill-opacity%3D%220%22%2F%3E%3C%2Fsvg%3E\" data-srcset=\"https:\/\/www.thierry-groensteen.fr\/wp-content\/uploads\/2023\/11\/Little-Varda-1-1-200x150.jpg 200w, https:\/\/www.thierry-groensteen.fr\/wp-content\/uploads\/2023\/11\/Little-Varda-1-1-300x225.jpg 300w, https:\/\/www.thierry-groensteen.fr\/wp-content\/uploads\/2023\/11\/Little-Varda-1-1-400x300.jpg 400w, https:\/\/www.thierry-groensteen.fr\/wp-content\/uploads\/2023\/11\/Little-Varda-1-1-600x450.jpg 600w, https:\/\/www.thierry-groensteen.fr\/wp-content\/uploads\/2023\/11\/Little-Varda-1-1-768x576.jpg 768w, https:\/\/www.thierry-groensteen.fr\/wp-content\/uploads\/2023\/11\/Little-Varda-1-1-800x600.jpg 800w, https:\/\/www.thierry-groensteen.fr\/wp-content\/uploads\/2023\/11\/Little-Varda-1-1-1024x768.jpg 1024w, https:\/\/www.thierry-groensteen.fr\/wp-content\/uploads\/2023\/11\/Little-Varda-1-1-1200x900.jpg 1200w, https:\/\/www.thierry-groensteen.fr\/wp-content\/uploads\/2023\/11\/Little-Varda-1-1-1536x1152.jpg 1536w, https:\/\/www.thierry-groensteen.fr\/wp-content\/uploads\/2023\/11\/Little-Varda-1-1.jpg 1632w\" data-sizes=\"auto\" data-orig-sizes=\"(max-width: 600px) 100vw, 600px\" \/><\/p>\n<p>Marker avait joint sa bande dessin\u00e9e \u00e0 un courrier adress\u00e9 \u00e0 sa cons\u0153ur et amie. Le catalogue de l\u2019exposition r\u00e9v\u00e8le que \u00ab dans un autre <em>comic strip<\/em>, non dat\u00e9, mais qu\u2019on estime facilement de la m\u00eame p\u00e9riode, Varda est pr\u00e9sent\u00e9e comme la \u00ab <em>Little Varda, the most incredible comic-strip character <\/em>\u00bb. Elle est accompagn\u00e9e, \u00e0 bord d\u2019un vaisseau spatial, du d\u00e9sormais fid\u00e8le \u00ab Allan \u2018Madcap\u2019 Reenay \u00bb\u2026<\/p>\n<p><img decoding=\"async\" class=\"lazyload aligncenter wp-image-2659 size-fusion-400\" src=\"https:\/\/www.thierry-groensteen.fr\/wp-content\/uploads\/2023\/11\/Little-Varda-2-400x533.jpg\" data-orig-src=\"https:\/\/www.thierry-groensteen.fr\/wp-content\/uploads\/2023\/11\/Little-Varda-2-400x533.jpg\" alt=\"Varda et Resnais dessin\u00e9s par Chris Marker\" width=\"400\" height=\"533\" srcset=\"data:image\/svg+xml,%3Csvg%20xmlns%3D%27http%3A%2F%2Fwww.w3.org%2F2000%2Fsvg%27%20width%3D%27400%27%20height%3D%27533%27%20viewBox%3D%270%200%20400%20533%27%3E%3Crect%20width%3D%27400%27%20height%3D%27533%27%20fill-opacity%3D%220%22%2F%3E%3C%2Fsvg%3E\" data-srcset=\"https:\/\/www.thierry-groensteen.fr\/wp-content\/uploads\/2023\/11\/Little-Varda-2-200x267.jpg 200w, https:\/\/www.thierry-groensteen.fr\/wp-content\/uploads\/2023\/11\/Little-Varda-2-225x300.jpg 225w, https:\/\/www.thierry-groensteen.fr\/wp-content\/uploads\/2023\/11\/Little-Varda-2-400x533.jpg 400w, https:\/\/www.thierry-groensteen.fr\/wp-content\/uploads\/2023\/11\/Little-Varda-2-600x800.jpg 600w, https:\/\/www.thierry-groensteen.fr\/wp-content\/uploads\/2023\/11\/Little-Varda-2-768x1024.jpg 768w, https:\/\/www.thierry-groensteen.fr\/wp-content\/uploads\/2023\/11\/Little-Varda-2-800x1067.jpg 800w, https:\/\/www.thierry-groensteen.fr\/wp-content\/uploads\/2023\/11\/Little-Varda-2-1152x1536.jpg 1152w, https:\/\/www.thierry-groensteen.fr\/wp-content\/uploads\/2023\/11\/Little-Varda-2-1200x1600.jpg 1200w, https:\/\/www.thierry-groensteen.fr\/wp-content\/uploads\/2023\/11\/Little-Varda-2.jpg 1224w\" data-sizes=\"auto\" data-orig-sizes=\"(max-width: 400px) 100vw, 400px\" \/><\/p>\n<p>Si Agn\u00e8s Varda n\u2019a jamais, \u00e0 ma connaissance, manifest\u00e9 d\u2019int\u00e9r\u00eat particulier pour la bande dessin\u00e9e (m\u00eame si elle signa, dans <em>Ah\u00a0! Nana<\/em> n\u00b0 3, en 1977, une adaptation en roman-photo de son film <em>L\u2019une chante, l\u2019autre pas<\/em>), il n\u2019en va pas de m\u00eame de Chris Marker, ni d\u2019Alain Resnais. Tous deux membres de la premi\u00e8re heure du Club des bandes dessin\u00e9es (futur CELEG), ils furent l\u2019un et l\u2019autre pressentis pour en prendre la pr\u00e9sidence. Le nom de Marker n\u2019apparut jamais au sommaire du bulletin (puis de la revue) <em>Giff-Wiff,<\/em>\u00a0mais sa collection personnelle fut plus d\u2019une fois mise \u00e0 contribution, et son film <em>La Jet\u00e9e<\/em> r\u00e9guli\u00e8rement cit\u00e9 comme l\u2019un de ceux t\u00e9moignant d\u2019une dette du 7<sup>e<\/sup> Art envers la bande dessin\u00e9e. J\u2019extrais ces informations d\u2019un article en ligne sur \u00ab Chris Marker et les comics \u00bb (<a href=\"https:\/\/chrismarker.ch\/chris-marker-et-les-comics.html\">https:\/\/chrismarker.ch\/chris-marker-et-les-comics.html<\/a>), o\u00f9 l\u2019on peut voir une autre r\u00e9alisation graphique du photographe et cin\u00e9aste\u00a0: trois strips totalisant 18 cases, intitul\u00e9s <em>La Path\u00e9tique et R\u00e9elle Aventure du manuscrit g\u00e9nial<\/em> (1952). Le manuscrit en est apparemment conserv\u00e9 au Fonds municipal d\u2019Art contemporain de Gen\u00e8ve, d\u00e9positaire des archives Marker. Mais l\u2019auteur de l\u2019article, Christophe Chazalon, pour inform\u00e9 qu\u2019il soit, ne conna\u00eet pas <em>Little Varda<\/em>, qui rel\u00e8ve \u00e9videmment de la sph\u00e8re des \u00e9changes priv\u00e9s, et que l\u2019on doit \u00e0 la Cin\u00e9math\u00e8que d\u2019avoir mis au jour.<\/p>\n","protected":false},"excerpt":{"rendered":"<p>D\u00e9couverte inattendue, lors de la visite de l\u2019exposition Viva Varda\u00a0! actuellement pr\u00e9sent\u00e9e \u00e0 la Cin\u00e9math\u00e8que de Paris\u00a0: on peut y voir une petite bande dessin\u00e9e de la main de Chris Marker intitul\u00e9e Little Varda. Mill\u00e9sim\u00e9e 1955, elle met malicieusement en sc\u00e8ne la r\u00e9alisatrice de La Pointe courte, cam\u00e9ra \u00e0 la main et entour\u00e9e de [&hellip;]<\/p>\n","protected":false},"author":1,"featured_media":2658,"comment_status":"open","ping_status":"open","sticky":false,"template":"","format":"standard","meta":{"footnotes":""},"categories":[70],"tags":[],"class_list":["post-2652","post","type-post","status-publish","format-standard","has-post-thumbnail","hentry","category-mon-blog"],"acf":[],"yoast_head":"<!-- This site is optimized with the Yoast SEO plugin v27.5 - https:\/\/yoast.com\/product\/yoast-seo-wordpress\/ -->\n<title>Agn\u00e8s Varda h\u00e9ro\u00efne de BD en\u20261955 - le site de Thierry Groensteen<\/title>\n<meta name=\"robots\" content=\"index, follow, max-snippet:-1, max-image-preview:large, max-video-preview:-1\" \/>\n<link rel=\"canonical\" href=\"https:\/\/www.thierry-groensteen.fr\/index.php\/2023\/11\/25\/agnes-varda-heroine-de-bd-en1955\/\" \/>\n<meta property=\"og:locale\" content=\"fr_FR\" \/>\n<meta property=\"og:type\" content=\"article\" \/>\n<meta property=\"og:title\" content=\"Agn\u00e8s Varda h\u00e9ro\u00efne de BD en\u20261955 - le site de Thierry Groensteen\" \/>\n<meta property=\"og:description\" content=\"D\u00e9couverte inattendue, lors de la visite de l\u2019exposition Viva Varda\u00a0! actuellement pr\u00e9sent\u00e9e \u00e0 la Cin\u00e9math\u00e8que de Paris\u00a0: on peut y voir une petite bande dessin\u00e9e de la main de Chris Marker intitul\u00e9e Little Varda. Mill\u00e9sim\u00e9e 1955, elle met malicieusement en sc\u00e8ne la r\u00e9alisatrice de La Pointe courte, cam\u00e9ra \u00e0 la main et entour\u00e9e de [&hellip;]\" \/>\n<meta property=\"og:url\" content=\"https:\/\/www.thierry-groensteen.fr\/index.php\/2023\/11\/25\/agnes-varda-heroine-de-bd-en1955\/\" \/>\n<meta property=\"og:site_name\" content=\"le site de Thierry Groensteen\" \/>\n<meta property=\"article:published_time\" content=\"2023-11-24T23:05:58+00:00\" \/>\n<meta property=\"og:image\" content=\"https:\/\/www.thierry-groensteen.fr\/wp-content\/uploads\/2023\/11\/Little-Varda-1-e1700487508834.jpg\" \/>\n\t<meta property=\"og:image:width\" content=\"1631\" \/>\n\t<meta property=\"og:image:height\" content=\"747\" \/>\n\t<meta property=\"og:image:type\" content=\"image\/jpeg\" \/>\n<meta name=\"author\" content=\"TG\" \/>\n<meta name=\"twitter:card\" content=\"summary_large_image\" \/>\n<meta name=\"twitter:label1\" content=\"\u00c9crit par\" \/>\n\t<meta name=\"twitter:data1\" content=\"TG\" \/>\n\t<meta name=\"twitter:label2\" content=\"Dur\u00e9e de lecture estim\u00e9e\" \/>\n\t<meta name=\"twitter:data2\" content=\"2 minutes\" \/>\n<script type=\"application\/ld+json\" class=\"yoast-schema-graph\">{\"@context\":\"https:\\\/\\\/schema.org\",\"@graph\":[{\"@type\":\"Article\",\"@id\":\"https:\\\/\\\/www.thierry-groensteen.fr\\\/index.php\\\/2023\\\/11\\\/25\\\/agnes-varda-heroine-de-bd-en1955\\\/#article\",\"isPartOf\":{\"@id\":\"https:\\\/\\\/www.thierry-groensteen.fr\\\/index.php\\\/2023\\\/11\\\/25\\\/agnes-varda-heroine-de-bd-en1955\\\/\"},\"author\":{\"name\":\"TG\",\"@id\":\"https:\\\/\\\/www.thierry-groensteen.fr\\\/#\\\/schema\\\/person\\\/3695d4890604be69f280ebbb549210b5\"},\"headline\":\"Agn\u00e8s Varda h\u00e9ro\u00efne de BD en\u20261955\",\"datePublished\":\"2023-11-24T23:05:58+00:00\",\"mainEntityOfPage\":{\"@id\":\"https:\\\/\\\/www.thierry-groensteen.fr\\\/index.php\\\/2023\\\/11\\\/25\\\/agnes-varda-heroine-de-bd-en1955\\\/\"},\"wordCount\":467,\"commentCount\":0,\"publisher\":{\"@id\":\"https:\\\/\\\/www.thierry-groensteen.fr\\\/#\\\/schema\\\/person\\\/3695d4890604be69f280ebbb549210b5\"},\"image\":{\"@id\":\"https:\\\/\\\/www.thierry-groensteen.fr\\\/index.php\\\/2023\\\/11\\\/25\\\/agnes-varda-heroine-de-bd-en1955\\\/#primaryimage\"},\"thumbnailUrl\":\"https:\\\/\\\/www.thierry-groensteen.fr\\\/wp-content\\\/uploads\\\/2023\\\/11\\\/Little-Varda-1-e1700487508834.jpg\",\"articleSection\":[\"mon Blog\"],\"inLanguage\":\"fr-FR\",\"potentialAction\":[{\"@type\":\"CommentAction\",\"name\":\"Comment\",\"target\":[\"https:\\\/\\\/www.thierry-groensteen.fr\\\/index.php\\\/2023\\\/11\\\/25\\\/agnes-varda-heroine-de-bd-en1955\\\/#respond\"]}]},{\"@type\":\"WebPage\",\"@id\":\"https:\\\/\\\/www.thierry-groensteen.fr\\\/index.php\\\/2023\\\/11\\\/25\\\/agnes-varda-heroine-de-bd-en1955\\\/\",\"url\":\"https:\\\/\\\/www.thierry-groensteen.fr\\\/index.php\\\/2023\\\/11\\\/25\\\/agnes-varda-heroine-de-bd-en1955\\\/\",\"name\":\"Agn\u00e8s Varda h\u00e9ro\u00efne de BD en\u20261955 - le site de Thierry Groensteen\",\"isPartOf\":{\"@id\":\"https:\\\/\\\/www.thierry-groensteen.fr\\\/#website\"},\"primaryImageOfPage\":{\"@id\":\"https:\\\/\\\/www.thierry-groensteen.fr\\\/index.php\\\/2023\\\/11\\\/25\\\/agnes-varda-heroine-de-bd-en1955\\\/#primaryimage\"},\"image\":{\"@id\":\"https:\\\/\\\/www.thierry-groensteen.fr\\\/index.php\\\/2023\\\/11\\\/25\\\/agnes-varda-heroine-de-bd-en1955\\\/#primaryimage\"},\"thumbnailUrl\":\"https:\\\/\\\/www.thierry-groensteen.fr\\\/wp-content\\\/uploads\\\/2023\\\/11\\\/Little-Varda-1-e1700487508834.jpg\",\"datePublished\":\"2023-11-24T23:05:58+00:00\",\"breadcrumb\":{\"@id\":\"https:\\\/\\\/www.thierry-groensteen.fr\\\/index.php\\\/2023\\\/11\\\/25\\\/agnes-varda-heroine-de-bd-en1955\\\/#breadcrumb\"},\"inLanguage\":\"fr-FR\",\"potentialAction\":[{\"@type\":\"ReadAction\",\"target\":[\"https:\\\/\\\/www.thierry-groensteen.fr\\\/index.php\\\/2023\\\/11\\\/25\\\/agnes-varda-heroine-de-bd-en1955\\\/\"]}]},{\"@type\":\"ImageObject\",\"inLanguage\":\"fr-FR\",\"@id\":\"https:\\\/\\\/www.thierry-groensteen.fr\\\/index.php\\\/2023\\\/11\\\/25\\\/agnes-varda-heroine-de-bd-en1955\\\/#primaryimage\",\"url\":\"https:\\\/\\\/www.thierry-groensteen.fr\\\/wp-content\\\/uploads\\\/2023\\\/11\\\/Little-Varda-1-e1700487508834.jpg\",\"contentUrl\":\"https:\\\/\\\/www.thierry-groensteen.fr\\\/wp-content\\\/uploads\\\/2023\\\/11\\\/Little-Varda-1-e1700487508834.jpg\",\"width\":1631,\"height\":747},{\"@type\":\"BreadcrumbList\",\"@id\":\"https:\\\/\\\/www.thierry-groensteen.fr\\\/index.php\\\/2023\\\/11\\\/25\\\/agnes-varda-heroine-de-bd-en1955\\\/#breadcrumb\",\"itemListElement\":[{\"@type\":\"ListItem\",\"position\":1,\"name\":\"Accueil\",\"item\":\"https:\\\/\\\/www.thierry-groensteen.fr\\\/\"},{\"@type\":\"ListItem\",\"position\":2,\"name\":\"Agn\u00e8s Varda h\u00e9ro\u00efne de BD en\u20261955\"}]},{\"@type\":\"WebSite\",\"@id\":\"https:\\\/\\\/www.thierry-groensteen.fr\\\/#website\",\"url\":\"https:\\\/\\\/www.thierry-groensteen.fr\\\/\",\"name\":\"le site de Thierry Groensteen\",\"description\":\"site officiel\",\"publisher\":{\"@id\":\"https:\\\/\\\/www.thierry-groensteen.fr\\\/#\\\/schema\\\/person\\\/3695d4890604be69f280ebbb549210b5\"},\"potentialAction\":[{\"@type\":\"SearchAction\",\"target\":{\"@type\":\"EntryPoint\",\"urlTemplate\":\"https:\\\/\\\/www.thierry-groensteen.fr\\\/?s={search_term_string}\"},\"query-input\":{\"@type\":\"PropertyValueSpecification\",\"valueRequired\":true,\"valueName\":\"search_term_string\"}}],\"inLanguage\":\"fr-FR\"},{\"@type\":[\"Person\",\"Organization\"],\"@id\":\"https:\\\/\\\/www.thierry-groensteen.fr\\\/#\\\/schema\\\/person\\\/3695d4890604be69f280ebbb549210b5\",\"name\":\"TG\",\"image\":{\"@type\":\"ImageObject\",\"inLanguage\":\"fr-FR\",\"@id\":\"https:\\\/\\\/www.thierry-groensteen.fr\\\/wp-content\\\/uploads\\\/2023\\\/09\\\/logo_ThierryGroensteen_header.png\",\"url\":\"https:\\\/\\\/www.thierry-groensteen.fr\\\/wp-content\\\/uploads\\\/2023\\\/09\\\/logo_ThierryGroensteen_header.png\",\"contentUrl\":\"https:\\\/\\\/www.thierry-groensteen.fr\\\/wp-content\\\/uploads\\\/2023\\\/09\\\/logo_ThierryGroensteen_header.png\",\"width\":620,\"height\":240,\"caption\":\"TG\"},\"logo\":{\"@id\":\"https:\\\/\\\/www.thierry-groensteen.fr\\\/wp-content\\\/uploads\\\/2023\\\/09\\\/logo_ThierryGroensteen_header.png\"},\"sameAs\":[\"https:\\\/\\\/www.thierry-groensteen.fr\"]},{\"@type\":\"Person\",\"@id\":\"https:\\\/\\\/www.thierry-groensteen.fr\\\/#\\\/schema\\\/person\\\/3695d4890604be69f280ebbb549210b5\",\"name\":\"TG\",\"image\":{\"@type\":\"ImageObject\",\"inLanguage\":\"fr-FR\",\"@id\":\"https:\\\/\\\/www.thierry-groensteen.fr\\\/wp-content\\\/uploads\\\/2023\\\/09\\\/logo_ThierryGroensteen_header.png\",\"url\":\"https:\\\/\\\/www.thierry-groensteen.fr\\\/wp-content\\\/uploads\\\/2023\\\/09\\\/logo_ThierryGroensteen_header.png\",\"contentUrl\":\"https:\\\/\\\/www.thierry-groensteen.fr\\\/wp-content\\\/uploads\\\/2023\\\/09\\\/logo_ThierryGroensteen_header.png\",\"width\":620,\"height\":240,\"caption\":\"TG\"},\"sameAs\":[\"https:\\\/\\\/www.thierry-groensteen.fr\"],\"url\":\"https:\\\/\\\/www.thierry-groensteen.fr\\\/index.php\\\/author\\\/admin5797\\\/\"}]}<\/script>\n<!-- \/ Yoast SEO plugin. -->","yoast_head_json":{"title":"Agn\u00e8s Varda h\u00e9ro\u00efne de BD en\u20261955 - le site de Thierry Groensteen","robots":{"index":"index","follow":"follow","max-snippet":"max-snippet:-1","max-image-preview":"max-image-preview:large","max-video-preview":"max-video-preview:-1"},"canonical":"https:\/\/www.thierry-groensteen.fr\/index.php\/2023\/11\/25\/agnes-varda-heroine-de-bd-en1955\/","og_locale":"fr_FR","og_type":"article","og_title":"Agn\u00e8s Varda h\u00e9ro\u00efne de BD en\u20261955 - le site de Thierry Groensteen","og_description":"D\u00e9couverte inattendue, lors de la visite de l\u2019exposition Viva Varda\u00a0! actuellement pr\u00e9sent\u00e9e \u00e0 la Cin\u00e9math\u00e8que de Paris\u00a0: on peut y voir une petite bande dessin\u00e9e de la main de Chris Marker intitul\u00e9e Little Varda. Mill\u00e9sim\u00e9e 1955, elle met malicieusement en sc\u00e8ne la r\u00e9alisatrice de La Pointe courte, cam\u00e9ra \u00e0 la main et entour\u00e9e de [&hellip;]","og_url":"https:\/\/www.thierry-groensteen.fr\/index.php\/2023\/11\/25\/agnes-varda-heroine-de-bd-en1955\/","og_site_name":"le site de Thierry Groensteen","article_published_time":"2023-11-24T23:05:58+00:00","og_image":[{"width":1631,"height":747,"url":"https:\/\/www.thierry-groensteen.fr\/wp-content\/uploads\/2023\/11\/Little-Varda-1-e1700487508834.jpg","type":"image\/jpeg"}],"author":"TG","twitter_card":"summary_large_image","twitter_misc":{"\u00c9crit par":"TG","Dur\u00e9e de lecture estim\u00e9e":"2 minutes"},"schema":{"@context":"https:\/\/schema.org","@graph":[{"@type":"Article","@id":"https:\/\/www.thierry-groensteen.fr\/index.php\/2023\/11\/25\/agnes-varda-heroine-de-bd-en1955\/#article","isPartOf":{"@id":"https:\/\/www.thierry-groensteen.fr\/index.php\/2023\/11\/25\/agnes-varda-heroine-de-bd-en1955\/"},"author":{"name":"TG","@id":"https:\/\/www.thierry-groensteen.fr\/#\/schema\/person\/3695d4890604be69f280ebbb549210b5"},"headline":"Agn\u00e8s Varda h\u00e9ro\u00efne de BD en\u20261955","datePublished":"2023-11-24T23:05:58+00:00","mainEntityOfPage":{"@id":"https:\/\/www.thierry-groensteen.fr\/index.php\/2023\/11\/25\/agnes-varda-heroine-de-bd-en1955\/"},"wordCount":467,"commentCount":0,"publisher":{"@id":"https:\/\/www.thierry-groensteen.fr\/#\/schema\/person\/3695d4890604be69f280ebbb549210b5"},"image":{"@id":"https:\/\/www.thierry-groensteen.fr\/index.php\/2023\/11\/25\/agnes-varda-heroine-de-bd-en1955\/#primaryimage"},"thumbnailUrl":"https:\/\/www.thierry-groensteen.fr\/wp-content\/uploads\/2023\/11\/Little-Varda-1-e1700487508834.jpg","articleSection":["mon Blog"],"inLanguage":"fr-FR","potentialAction":[{"@type":"CommentAction","name":"Comment","target":["https:\/\/www.thierry-groensteen.fr\/index.php\/2023\/11\/25\/agnes-varda-heroine-de-bd-en1955\/#respond"]}]},{"@type":"WebPage","@id":"https:\/\/www.thierry-groensteen.fr\/index.php\/2023\/11\/25\/agnes-varda-heroine-de-bd-en1955\/","url":"https:\/\/www.thierry-groensteen.fr\/index.php\/2023\/11\/25\/agnes-varda-heroine-de-bd-en1955\/","name":"Agn\u00e8s Varda h\u00e9ro\u00efne de BD en\u20261955 - le site de Thierry Groensteen","isPartOf":{"@id":"https:\/\/www.thierry-groensteen.fr\/#website"},"primaryImageOfPage":{"@id":"https:\/\/www.thierry-groensteen.fr\/index.php\/2023\/11\/25\/agnes-varda-heroine-de-bd-en1955\/#primaryimage"},"image":{"@id":"https:\/\/www.thierry-groensteen.fr\/index.php\/2023\/11\/25\/agnes-varda-heroine-de-bd-en1955\/#primaryimage"},"thumbnailUrl":"https:\/\/www.thierry-groensteen.fr\/wp-content\/uploads\/2023\/11\/Little-Varda-1-e1700487508834.jpg","datePublished":"2023-11-24T23:05:58+00:00","breadcrumb":{"@id":"https:\/\/www.thierry-groensteen.fr\/index.php\/2023\/11\/25\/agnes-varda-heroine-de-bd-en1955\/#breadcrumb"},"inLanguage":"fr-FR","potentialAction":[{"@type":"ReadAction","target":["https:\/\/www.thierry-groensteen.fr\/index.php\/2023\/11\/25\/agnes-varda-heroine-de-bd-en1955\/"]}]},{"@type":"ImageObject","inLanguage":"fr-FR","@id":"https:\/\/www.thierry-groensteen.fr\/index.php\/2023\/11\/25\/agnes-varda-heroine-de-bd-en1955\/#primaryimage","url":"https:\/\/www.thierry-groensteen.fr\/wp-content\/uploads\/2023\/11\/Little-Varda-1-e1700487508834.jpg","contentUrl":"https:\/\/www.thierry-groensteen.fr\/wp-content\/uploads\/2023\/11\/Little-Varda-1-e1700487508834.jpg","width":1631,"height":747},{"@type":"BreadcrumbList","@id":"https:\/\/www.thierry-groensteen.fr\/index.php\/2023\/11\/25\/agnes-varda-heroine-de-bd-en1955\/#breadcrumb","itemListElement":[{"@type":"ListItem","position":1,"name":"Accueil","item":"https:\/\/www.thierry-groensteen.fr\/"},{"@type":"ListItem","position":2,"name":"Agn\u00e8s Varda h\u00e9ro\u00efne de BD en\u20261955"}]},{"@type":"WebSite","@id":"https:\/\/www.thierry-groensteen.fr\/#website","url":"https:\/\/www.thierry-groensteen.fr\/","name":"le site de Thierry Groensteen","description":"site officiel","publisher":{"@id":"https:\/\/www.thierry-groensteen.fr\/#\/schema\/person\/3695d4890604be69f280ebbb549210b5"},"potentialAction":[{"@type":"SearchAction","target":{"@type":"EntryPoint","urlTemplate":"https:\/\/www.thierry-groensteen.fr\/?s={search_term_string}"},"query-input":{"@type":"PropertyValueSpecification","valueRequired":true,"valueName":"search_term_string"}}],"inLanguage":"fr-FR"},{"@type":["Person","Organization"],"@id":"https:\/\/www.thierry-groensteen.fr\/#\/schema\/person\/3695d4890604be69f280ebbb549210b5","name":"TG","image":{"@type":"ImageObject","inLanguage":"fr-FR","@id":"https:\/\/www.thierry-groensteen.fr\/wp-content\/uploads\/2023\/09\/logo_ThierryGroensteen_header.png","url":"https:\/\/www.thierry-groensteen.fr\/wp-content\/uploads\/2023\/09\/logo_ThierryGroensteen_header.png","contentUrl":"https:\/\/www.thierry-groensteen.fr\/wp-content\/uploads\/2023\/09\/logo_ThierryGroensteen_header.png","width":620,"height":240,"caption":"TG"},"logo":{"@id":"https:\/\/www.thierry-groensteen.fr\/wp-content\/uploads\/2023\/09\/logo_ThierryGroensteen_header.png"},"sameAs":["https:\/\/www.thierry-groensteen.fr"]},{"@type":"Person","@id":"https:\/\/www.thierry-groensteen.fr\/#\/schema\/person\/3695d4890604be69f280ebbb549210b5","name":"TG","image":{"@type":"ImageObject","inLanguage":"fr-FR","@id":"https:\/\/www.thierry-groensteen.fr\/wp-content\/uploads\/2023\/09\/logo_ThierryGroensteen_header.png","url":"https:\/\/www.thierry-groensteen.fr\/wp-content\/uploads\/2023\/09\/logo_ThierryGroensteen_header.png","contentUrl":"https:\/\/www.thierry-groensteen.fr\/wp-content\/uploads\/2023\/09\/logo_ThierryGroensteen_header.png","width":620,"height":240,"caption":"TG"},"sameAs":["https:\/\/www.thierry-groensteen.fr"],"url":"https:\/\/www.thierry-groensteen.fr\/index.php\/author\/admin5797\/"}]}},"_links":{"self":[{"href":"https:\/\/www.thierry-groensteen.fr\/index.php\/wp-json\/wp\/v2\/posts\/2652","targetHints":{"allow":["GET"]}}],"collection":[{"href":"https:\/\/www.thierry-groensteen.fr\/index.php\/wp-json\/wp\/v2\/posts"}],"about":[{"href":"https:\/\/www.thierry-groensteen.fr\/index.php\/wp-json\/wp\/v2\/types\/post"}],"author":[{"embeddable":true,"href":"https:\/\/www.thierry-groensteen.fr\/index.php\/wp-json\/wp\/v2\/users\/1"}],"replies":[{"embeddable":true,"href":"https:\/\/www.thierry-groensteen.fr\/index.php\/wp-json\/wp\/v2\/comments?post=2652"}],"version-history":[{"count":3,"href":"https:\/\/www.thierry-groensteen.fr\/index.php\/wp-json\/wp\/v2\/posts\/2652\/revisions"}],"predecessor-version":[{"id":2662,"href":"https:\/\/www.thierry-groensteen.fr\/index.php\/wp-json\/wp\/v2\/posts\/2652\/revisions\/2662"}],"wp:featuredmedia":[{"embeddable":true,"href":"https:\/\/www.thierry-groensteen.fr\/index.php\/wp-json\/wp\/v2\/media\/2658"}],"wp:attachment":[{"href":"https:\/\/www.thierry-groensteen.fr\/index.php\/wp-json\/wp\/v2\/media?parent=2652"}],"wp:term":[{"taxonomy":"category","embeddable":true,"href":"https:\/\/www.thierry-groensteen.fr\/index.php\/wp-json\/wp\/v2\/categories?post=2652"},{"taxonomy":"post_tag","embeddable":true,"href":"https:\/\/www.thierry-groensteen.fr\/index.php\/wp-json\/wp\/v2\/tags?post=2652"}],"curies":[{"name":"wp","href":"https:\/\/api.w.org\/{rel}","templated":true}]}}